{"id":103,"date":"2025-09-08T18:16:50","date_gmt":"2025-09-08T21:16:50","guid":{"rendered":"https:\/\/newblogs.correiobraziliense.com.br\/ecobraziliense\/?p=103"},"modified":"2025-09-19T11:18:46","modified_gmt":"2025-09-19T14:18:46","slug":"moda-fora-da-cop-o-silencio-conveniente-de-uma-das-industrias-mais-poluentes-do-planeta","status":"publish","type":"post","link":"https:\/\/newblogs.correiobraziliense.com.br\/ecobraziliense\/moda-fora-da-cop-o-silencio-conveniente-de-uma-das-industrias-mais-poluentes-do-planeta\/","title":{"rendered":"Moda fora da COP: o sil\u00eancio conveniente de uma das ind\u00fastrias mais poluentes do planeta"},"content":{"rendered":"\n<p>Apesar de ser uma das ind\u00fastrias mais poluentes do mundo, a moda ainda ocupa um lugar perif\u00e9rico nas negocia\u00e7\u00f5es internacionais sobre clima. Respons\u00e1vel por cerca de 8% das emiss\u00f5es globais de gases de efeito estufa e por 9% dos micropl\u00e1sticos que chegam aos oceanos, o setor ainda \u00e9 pouco lembrado em f\u00f3runs como a COP, confer\u00eancia da ONU sobre mudan\u00e7as clim\u00e1ticas.<\/p>\n\n\n\n<p>Para Carol Rosignoli, fundadora do brech\u00f3 <a href=\"https:\/\/www.instagram.com\/desapegueibonito\/\">Desapeguei Bonito<\/a>, essa aus\u00eancia tem m\u00faltiplas explica\u00e7\u00f5es. \u201cA moda ainda \u00e9 vista muito pelo vi\u00e9s da est\u00e9tica e do consumo, o que a coloca em um lugar de futilidade. Isso faz com que n\u00e3o haja tanta cobran\u00e7a ou visibilidade sobre seus impactos ambientais\u201d, observa.<\/p>\n\n\n\n<p>Al\u00e9m da percep\u00e7\u00e3o p\u00fablica, h\u00e1 tamb\u00e9m fatores estruturais. O setor \u00e9 complexo e fragmentado, com uma cadeia longa que vai do cultivo de fibras ao descarte das pe\u00e7as. \u201cQuando falamos em equilibrar moda e clima, precisamos pensar em responsabilidades compartilhadas: produtores, marcas, consumidores e setor p\u00fablico. N\u00e3o \u00e9 algo que dependa de um \u00fanico ator\u201d, explica Rosignoli.<\/p>\n\n\n\n<p>Apesar da invisibilidade atual, j\u00e1 existem movimentos em busca de maior engajamento. Em 2018, a ONU lan\u00e7ou a <em><a href=\"https:\/\/unfccc.int\/climate-action\/sectoral-engagement-for-climate-action\/fashion-charter\">Carta da Ind\u00fastria da Moda para a A\u00e7\u00e3o Clim\u00e1tica<\/a><\/em>, convidando marcas a assumir compromissos de redu\u00e7\u00e3o de emiss\u00f5es. No entanto, segundo Rosignoli, os avan\u00e7os desde ent\u00e3o foram limitados. \u201cAinda n\u00e3o existe uma bancada de moda forte dentro da COP, que traga dados, compromissos e acompanhamento efetivo\u201d, aponta.<\/p>\n\n\n\n<p>Para ela, a expectativa em torno da <a href=\"https:\/\/www.correiobraziliense.com.br\/brasil\/2025\/05\/7143391-cop30-sera-marcada-pelos-10-anos-do-acordo-de-paris.html\">COP30<\/a>, que ser\u00e1 realizada no Brasil, \u00e9 de que o setor ganhe maior destaque na agenda oficial. \u201cO que precisamos ver \u00e9 transpar\u00eancia: marcas divulgando seus impactos, assumindo compromissos reais e sendo cobradas pelo setor p\u00fablico. O consumidor tem um papel, mas n\u00e3o \u00e9 o respons\u00e1vel central por essa mudan\u00e7a\u201d, afirma.<\/p>\n\n\n\n<p>O desafio, portanto, \u00e9 inserir a moda de forma consistente nas discuss\u00f5es sobre mitiga\u00e7\u00e3o e adapta\u00e7\u00e3o clim\u00e1tica, reconhecendo sua relev\u00e2ncia global. Afinal, trata-se de um setor que movimenta trilh\u00f5es de d\u00f3lares por ano, emprega milh\u00f5es de pessoas e tem peso significativo nas emiss\u00f5es. Sem trazer a moda para a mesa, qualquer pacto clim\u00e1tico global seguir\u00e1 incompleto.<\/p>\n\n\n\n<p>Com mais de dez anos dedicados \u00e0 moda circular no Brasil e no exterior, Carol Rosignoli est\u00e1 confirmada na programa\u00e7\u00e3o da Semana de Inova\u00e7\u00e3o 2025, que ser\u00e1 realizada de 30 de setembro a 2 de outubro, na Escola Nacional de Administra\u00e7\u00e3o P\u00fablica (Enap). Ela conduzir\u00e1 a palestra <em>\u201cCom que roupa eu vou? Um panorama dos impactos da ind\u00fastria t\u00eaxtil nas mudan\u00e7as clim\u00e1ticas\u201d<\/em>.<\/p>\n","protected":false},"excerpt":{"rendered":"<p>A ONU lan\u00e7ou em 2018 a &#8216;Carta da Ind\u00fastria da Moda para a A\u00e7\u00e3o Clim\u00e1tica&#8217;, mas os avan\u00e7os desde ent\u00e3o t\u00eam sido limitados<\/p>\n","protected":false},"author":23,"featured_media":105,"comment_status":"closed","ping_status":"open","sticky":false,"template":"","format":"standard","meta":{"_acf_changed":false,"inline_featured_image":false,"footnotes":""},"categories":[11],"tags":[6,25,55,54,53,16],"class_list":["post-103","post","type-post","status-publish","format-standard","has-post-thumbnail","hentry","category-cop30","tag-cop30","tag-eco-braziliense","tag-economia-circular","tag-industria","tag-moda-sustentavel","tag-mudancas-climaticas"],"acf":[],"yoast_head":"<!-- This site is optimized with the Yoast SEO plugin v27.3 - https:\/\/yoast.com\/product\/yoast-seo-wordpress\/ -->\n<title>Moda fora da COP: o sil\u00eancio conveniente de uma das ind\u00fastrias mais poluentes do planeta | Eco Braziliense<\/title>\n<meta name=\"description\" content=\"A ONU lan\u00e7ou em 2018 a &#039;Carta da Ind\u00fastria da Moda para a A\u00e7\u00e3o Clim\u00e1tica&#039;, mas os avan\u00e7os desde ent\u00e3o t\u00eam sido limitados\" \/>\n<meta name=\"robots\" content=\"index, follow, max-snippet:-1, max-image-preview:large, max-video-preview:-1\" \/>\n<link rel=\"canonical\" href=\"https:\/\/newblogs.correiobraziliense.com.br\/ecobraziliense\/moda-fora-da-cop-o-silencio-conveniente-de-uma-das-industrias-mais-poluentes-do-planeta\/\" \/>\n<meta property=\"og:locale\" content=\"pt_BR\" \/>\n<meta property=\"og:type\" content=\"article\" \/>\n<meta property=\"og:title\" content=\"Moda fora da COP: o sil\u00eancio conveniente de uma das ind\u00fastrias mais poluentes do planeta | Eco Braziliense\" \/>\n<meta property=\"og:description\" content=\"A ONU lan\u00e7ou em 2018 a &#039;Carta da Ind\u00fastria da Moda para a A\u00e7\u00e3o Clim\u00e1tica&#039;, mas os avan\u00e7os desde ent\u00e3o t\u00eam sido limitados\" \/>\n<meta property=\"og:url\" content=\"https:\/\/newblogs.correiobraziliense.com.br\/ecobraziliense\/moda-fora-da-cop-o-silencio-conveniente-de-uma-das-industrias-mais-poluentes-do-planeta\/\" \/>\n<meta property=\"og:site_name\" content=\"Eco Braziliense\" \/>\n<meta property=\"article:published_time\" content=\"2025-09-08T21:16:50+00:00\" \/>\n<meta property=\"article:modified_time\" content=\"2025-09-19T14:18:46+00:00\" \/>\n<meta property=\"og:image\" content=\"https:\/\/newblogs.correiobraziliense.com.br\/ecobraziliense\/wp-content\/uploads\/sites\/7\/2025\/09\/shutterstock_J93IeQr.jpg\" \/>\n\t<meta property=\"og:image:width\" content=\"1292\" \/>\n\t<meta property=\"og:image:height\" content=\"975\" \/>\n\t<meta property=\"og:image:type\" content=\"image\/jpeg\" \/>\n<meta name=\"author\" content=\"Rafaela Gon\u00e7alves\" \/>\n<!-- \/ Yoast SEO plugin. -->","yoast_head_json":{"title":"Moda fora da COP: o sil\u00eancio conveniente de uma das ind\u00fastrias mais poluentes do planeta | Eco Braziliense","description":"A ONU lan\u00e7ou em 2018 a 'Carta da Ind\u00fastria da Moda para a A\u00e7\u00e3o Clim\u00e1tica', mas os avan\u00e7os desde ent\u00e3o t\u00eam sido limitados","robots":{"index":"index","follow":"follow","max-snippet":"max-snippet:-1","max-image-preview":"max-image-preview:large","max-video-preview":"max-video-preview:-1"},"canonical":"https:\/\/newblogs.correiobraziliense.com.br\/ecobraziliense\/moda-fora-da-cop-o-silencio-conveniente-de-uma-das-industrias-mais-poluentes-do-planeta\/","og_locale":"pt_BR","og_type":"article","og_title":"Moda fora da COP: o sil\u00eancio conveniente de uma das ind\u00fastrias mais poluentes do planeta | Eco Braziliense","og_description":"A ONU lan\u00e7ou em 2018 a 'Carta da Ind\u00fastria da Moda para a A\u00e7\u00e3o Clim\u00e1tica', mas os avan\u00e7os desde ent\u00e3o t\u00eam sido limitados","og_url":"https:\/\/newblogs.correiobraziliense.com.br\/ecobraziliense\/moda-fora-da-cop-o-silencio-conveniente-de-uma-das-industrias-mais-poluentes-do-planeta\/","og_site_name":"Eco Braziliense","article_published_time":"2025-09-08T21:16:50+00:00","article_modified_time":"2025-09-19T14:18:46+00:00","og_image":[{"width":1292,"height":975,"url":"https:\/\/newblogs.correiobraziliense.com.br\/ecobraziliense\/wp-content\/uploads\/sites\/7\/2025\/09\/shutterstock_J93IeQr.jpg","type":"image\/jpeg"}],"author":"Rafaela Gon\u00e7alves","schema":{"@context":"https:\/\/schema.org","@graph":[{"@type":"NewsArticle","@id":"https:\/\/newblogs.correiobraziliense.com.br\/ecobraziliense\/moda-fora-da-cop-o-silencio-conveniente-de-uma-das-industrias-mais-poluentes-do-planeta\/#article","isPartOf":{"@id":"https:\/\/newblogs.correiobraziliense.com.br\/ecobraziliense\/moda-fora-da-cop-o-silencio-conveniente-de-uma-das-industrias-mais-poluentes-do-planeta\/"},"author":{"name":"Rafaela Gon\u00e7alves","@id":"https:\/\/newblogs.correiobraziliense.com.br\/ecobraziliense\/#\/schema\/person\/2cae9fb7496bd90af27178d00e4f6683"},"headline":"Moda fora da COP: o sil\u00eancio conveniente de uma das ind\u00fastrias mais poluentes do planeta","datePublished":"2025-09-08T21:16:50+00:00","dateModified":"2025-09-19T14:18:46+00:00","mainEntityOfPage":{"@id":"https:\/\/newblogs.correiobraziliense.com.br\/ecobraziliense\/moda-fora-da-cop-o-silencio-conveniente-de-uma-das-industrias-mais-poluentes-do-planeta\/"},"wordCount":467,"publisher":{"@id":"https:\/\/newblogs.correiobraziliense.com.br\/ecobraziliense\/#organization"},"image":{"@id":"https:\/\/newblogs.correiobraziliense.com.br\/ecobraziliense\/moda-fora-da-cop-o-silencio-conveniente-de-uma-das-industrias-mais-poluentes-do-planeta\/#primaryimage"},"thumbnailUrl":"https:\/\/newblogs.correiobraziliense.com.br\/ecobraziliense\/wp-content\/uploads\/sites\/7\/2025\/09\/shutterstock_J93IeQr.jpg","keywords":["COP30","Eco Braziliense","economia circular","ind\u00fastria","Moda sustent\u00e1vel","mudan\u00e7as clim\u00e1ticas"],"articleSection":["COP30"],"inLanguage":"pt-BR"},{"@type":"WebPage","@id":"https:\/\/newblogs.correiobraziliense.com.br\/ecobraziliense\/moda-fora-da-cop-o-silencio-conveniente-de-uma-das-industrias-mais-poluentes-do-planeta\/","url":"https:\/\/newblogs.correiobraziliense.com.br\/ecobraziliense\/moda-fora-da-cop-o-silencio-conveniente-de-uma-das-industrias-mais-poluentes-do-planeta\/","name":"Moda fora da COP: o sil\u00eancio conveniente de uma das ind\u00fastrias mais poluentes do planeta | Eco Braziliense","isPartOf":{"@id":"https:\/\/newblogs.correiobraziliense.com.br\/ecobraziliense\/#website"},"primaryImageOfPage":{"@id":"https:\/\/newblogs.correiobraziliense.com.br\/ecobraziliense\/moda-fora-da-cop-o-silencio-conveniente-de-uma-das-industrias-mais-poluentes-do-planeta\/#primaryimage"},"image":{"@id":"https:\/\/newblogs.correiobraziliense.com.br\/ecobraziliense\/moda-fora-da-cop-o-silencio-conveniente-de-uma-das-industrias-mais-poluentes-do-planeta\/#primaryimage"},"thumbnailUrl":"https:\/\/newblogs.correiobraziliense.com.br\/ecobraziliense\/wp-content\/uploads\/sites\/7\/2025\/09\/shutterstock_J93IeQr.jpg","datePublished":"2025-09-08T21:16:50+00:00","dateModified":"2025-09-19T14:18:46+00:00","description":"A ONU lan\u00e7ou em 2018 a 'Carta da Ind\u00fastria da Moda para a A\u00e7\u00e3o Clim\u00e1tica', mas os avan\u00e7os desde ent\u00e3o t\u00eam sido limitados","breadcrumb":{"@id":"https:\/\/newblogs.correiobraziliense.com.br\/ecobraziliense\/moda-fora-da-cop-o-silencio-conveniente-de-uma-das-industrias-mais-poluentes-do-planeta\/#breadcrumb"},"inLanguage":"pt-BR","potentialAction":[{"@type":"ReadAction","target":["https:\/\/newblogs.correiobraziliense.com.br\/ecobraziliense\/moda-fora-da-cop-o-silencio-conveniente-de-uma-das-industrias-mais-poluentes-do-planeta\/"]}]},{"@type":"ImageObject","inLanguage":"pt-BR","@id":"https:\/\/newblogs.correiobraziliense.com.br\/ecobraziliense\/moda-fora-da-cop-o-silencio-conveniente-de-uma-das-industrias-mais-poluentes-do-planeta\/#primaryimage","url":"https:\/\/newblogs.correiobraziliense.com.br\/ecobraziliense\/wp-content\/uploads\/sites\/7\/2025\/09\/shutterstock_J93IeQr.jpg","contentUrl":"https:\/\/newblogs.correiobraziliense.com.br\/ecobraziliense\/wp-content\/uploads\/sites\/7\/2025\/09\/shutterstock_J93IeQr.jpg","width":1292,"height":975,"caption":"Ind\u00fastria da moda \u00e9 respons\u00e1vel por cerca de 8% das emiss\u00f5es globais de gases de efeito estufa e por 9% dos micropl\u00e1sticos que chegam aos oceanos. Foto: Shutterstock."},{"@type":"BreadcrumbList","@id":"https:\/\/newblogs.correiobraziliense.com.br\/ecobraziliense\/moda-fora-da-cop-o-silencio-conveniente-de-uma-das-industrias-mais-poluentes-do-planeta\/#breadcrumb","itemListElement":[{"@type":"ListItem","position":1,"name":"In\u00edcio","item":"https:\/\/newblogs.correiobraziliense.com.br\/ecobraziliense\/"},{"@type":"ListItem","position":2,"name":"COP30","item":"https:\/\/newblogs.correiobraziliense.com.br\/ecobraziliense\/cop30\/"},{"@type":"ListItem","position":3,"name":"Moda fora da COP: o sil\u00eancio conveniente de uma das ind\u00fastrias mais poluentes do planeta"}]},{"@type":"WebSite","@id":"https:\/\/newblogs.correiobraziliense.com.br\/ecobraziliense\/#website","url":"https:\/\/newblogs.correiobraziliense.com.br\/ecobraziliense\/","name":"Eco Braziliense","description":"Espa\u00e7o dedicado \u00e0 cobertura da transi\u00e7\u00e3o ecol\u00f3gica no Brasil e no mundo. Reportagens, an\u00e1lises e entrevistas sobre economia verde, transi\u00e7\u00e3o energ\u00e9tica e neg\u00f3cios sustent\u00e1veis.","publisher":{"@id":"https:\/\/newblogs.correiobraziliense.com.br\/ecobraziliense\/#organization"},"potentialAction":[{"@type":"SearchAction","target":{"@type":"EntryPoint","urlTemplate":"https:\/\/newblogs.correiobraziliense.com.br\/ecobraziliense\/?s={search_term_string}"},"query-input":{"@type":"PropertyValueSpecification","valueRequired":true,"valueName":"search_term_string"}}],"inLanguage":"pt-BR"},{"@type":"Organization","@id":"https:\/\/newblogs.correiobraziliense.com.br\/ecobraziliense\/#organization","name":"Correio Braziliense","url":"https:\/\/newblogs.correiobraziliense.com.br\/ecobraziliense\/","logo":{"@type":"ImageObject","inLanguage":"pt-BR","@id":"https:\/\/newblogs.correiobraziliense.com.br\/ecobraziliense\/#\/schema\/logo\/image\/","url":"https:\/\/newblogs.correiobraziliense.com.br\/ecobraziliense\/wp-content\/uploads\/sites\/7\/2025\/08\/cropped-1.png","contentUrl":"https:\/\/newblogs.correiobraziliense.com.br\/ecobraziliense\/wp-content\/uploads\/sites\/7\/2025\/08\/cropped-1.png","width":1000,"height":250,"caption":"Correio Braziliense"},"image":{"@id":"https:\/\/newblogs.correiobraziliense.com.br\/ecobraziliense\/#\/schema\/logo\/image\/"}},{"@type":"Person","@id":"https:\/\/newblogs.correiobraziliense.com.br\/ecobraziliense\/#\/schema\/person\/2cae9fb7496bd90af27178d00e4f6683","name":"Rafaela Gon\u00e7alves","image":{"@type":"ImageObject","inLanguage":"pt-BR","@id":"https:\/\/secure.gravatar.com\/avatar\/576f01ed42806765a18f53a22440885b3e08ed7db0a264f840ec23b34509b8b1?s=96&d=mm&r=g","url":"https:\/\/secure.gravatar.com\/avatar\/576f01ed42806765a18f53a22440885b3e08ed7db0a264f840ec23b34509b8b1?s=96&d=mm&r=g","contentUrl":"https:\/\/secure.gravatar.com\/avatar\/576f01ed42806765a18f53a22440885b3e08ed7db0a264f840ec23b34509b8b1?s=96&d=mm&r=g","caption":"Rafaela Gon\u00e7alves"},"description":"Jornalista formada pela Universidade Cat\u00f3lica de Bras\u00edlia (UCB), com especializa\u00e7\u00e3o em Economia pela Saint Paul Escola de Neg\u00f3cios e atualmente cursando MBA em Gest\u00e3o Ambiental e Sustentabilidade na Universidade de Uberaba (Uniube). Atua na cobertura pol\u00edtica em Bras\u00edlia desde 2018, com foco em temas de impacto socioambiental e econ\u00f4mico.","url":"https:\/\/newblogs.correiobraziliense.com.br\/ecobraziliense\/author\/rafaelagoncalves\/"}]}},"_links":{"self":[{"href":"https:\/\/newblogs.correiobraziliense.com.br\/ecobraziliense\/wp-json\/wp\/v2\/posts\/103","targetHints":{"allow":["GET"]}}],"collection":[{"href":"https:\/\/newblogs.correiobraziliense.com.br\/ecobraziliense\/wp-json\/wp\/v2\/posts"}],"about":[{"href":"https:\/\/newblogs.correiobraziliense.com.br\/ecobraziliense\/wp-json\/wp\/v2\/types\/post"}],"author":[{"embeddable":true,"href":"https:\/\/newblogs.correiobraziliense.com.br\/ecobraziliense\/wp-json\/wp\/v2\/users\/23"}],"replies":[{"embeddable":true,"href":"https:\/\/newblogs.correiobraziliense.com.br\/ecobraziliense\/wp-json\/wp\/v2\/comments?post=103"}],"version-history":[{"count":4,"href":"https:\/\/newblogs.correiobraziliense.com.br\/ecobraziliense\/wp-json\/wp\/v2\/posts\/103\/revisions"}],"predecessor-version":[{"id":131,"href":"https:\/\/newblogs.correiobraziliense.com.br\/ecobraziliense\/wp-json\/wp\/v2\/posts\/103\/revisions\/131"}],"wp:featuredmedia":[{"embeddable":true,"href":"https:\/\/newblogs.correiobraziliense.com.br\/ecobraziliense\/wp-json\/wp\/v2\/media\/105"}],"wp:attachment":[{"href":"https:\/\/newblogs.correiobraziliense.com.br\/ecobraziliense\/wp-json\/wp\/v2\/media?parent=103"}],"wp:term":[{"taxonomy":"category","embeddable":true,"href":"https:\/\/newblogs.correiobraziliense.com.br\/ecobraziliense\/wp-json\/wp\/v2\/categories?post=103"},{"taxonomy":"post_tag","embeddable":true,"href":"https:\/\/newblogs.correiobraziliense.com.br\/ecobraziliense\/wp-json\/wp\/v2\/tags?post=103"}],"curies":[{"name":"wp","href":"https:\/\/api.w.org\/{rel}","templated":true}]}}