{"id":36354,"date":"2026-09-01T11:22:02","date_gmt":"2026-09-01T14:22:02","guid":{"rendered":"https:\/\/newblogs.correiobraziliense.com.br\/blog-da-rosana-hessel\/?p=36354"},"modified":"2026-09-01T21:28:10","modified_gmt":"2026-09-02T00:28:10","slug":"pib-brasileiro-tem-5o-melhor-desempenho-em-ranking-global","status":"publish","type":"post","link":"https:\/\/newblogs.correiobraziliense.com.br\/blog-da-rosana-hessel\/pib-brasileiro-tem-5o-melhor-desempenho-em-ranking-global\/","title":{"rendered":"PIB brasileiro tem 5\u00ba melhor desempenho em ranking global"},"content":{"rendered":"\n<p>Apesar da desacelera\u00e7\u00e3o do Produto Interno Bruto (PIB) no segundo trimestre de 2026 frente ao primeiro trimestre de 2026, a alta de 0,5% da atividade, entre abril e junho, est\u00e1 entre os cinco melhores desempenhos globais, gra\u00e7as \u00e0 expans\u00e3o fiscal do governo, segundo levantamento da Austin Rating junto a 64 economias, divulgado nesta ter\u00e7a-feira (1\u00ba\/09).<\/p>\n\n\n\n<p>O crescimento de 0,5% no PIB brasileiro na margem foi o quinto maior na lista, atr\u00e1s de Irlanda (1%), Indon\u00e9sia (0,9%), Angola (0,7%), e Mal\u00e1sia (0,6%), de acordo com os dados da ag\u00eancia brasileira de classifica\u00e7\u00e3o de risco. O desempenho do Brasil ainda ficou acima m\u00e9dia geral, de 0,2%, e dos pa\u00edses emergentes do Brics &#8212; grupo inicialmente composto por Brasil, R\u00fassia, \u00cdndia, China e \u00c1frica do Sul &#8211;, de 0,3%.<\/p>\n\n\n\n<p>\u201cTodas as economias foram fortemente afetadas pelo conflito no Oriente M\u00e9dio e o Brasil se destacou porque o pa\u00eds continua com a expans\u00e3o fiscal. O crescimento econ\u00f4mico reflete o consumo da administra\u00e7\u00e3o p\u00fablica que avan\u00e7ou 0,4% no trimestre\u201d, explicou o economista-chefe da Austin, Alex Agostini, em entrevista ao <strong>Blog<\/strong>. Ele previu alta de 0,5% na compara\u00e7\u00e3o com o trimestre anterior, n\u00e3o foi surpresa, mas confirma o processo de desacelera\u00e7\u00e3o que dever\u00e1 ser mais forte no segundo semestre do ano.<\/p>\n\n\n\n<p>\u201cNossa equipe tinha exatamente a previs\u00e3o de 0,5% de alta no segundo trimestre na margem, e estava com 1,8%m na compara\u00e7\u00e3o anual, mas veio 2%. Para n\u00f3s, esse resultado est\u00e1 dentro da normalidade, inclusive, temos uma previs\u00e3o de 1,7% de crescimento do PIB para este ano desde o fim do ano passado, enquanto o mercado j\u00e1 teve 2,5% e agora, est\u00e1 1,9%\u201d, comentou Agostini, citando o boletim Focus do Banco Central. Ele manteve em 1,7% a previs\u00e3o de crescimento do PIB deste ano, e em 1,5% para o de 2027.<\/p>\n\n\n\n<p>Na avalia\u00e7\u00e3o de Agostini, o resultado do PIB do segundo trimestre tamb\u00e9m mostra a agropecu\u00e1ria \u201cainda carregando a atividade nas costas\u201d, porque ind\u00fastria e servi\u00e7os est\u00e3o come\u00e7ando a sentir os efeitos dos juros restritivos, apesar de o Banco Central ter iniciado o corte na taxa b\u00e1sica da economia (Selic) em mar\u00e7o. <\/p>\n\n\n\n<p>Atualmente, os juros b\u00e1sicos est\u00e3o em 14% ao ano, mas os juros reais \u2013 descontada a infla\u00e7\u00e3o \u2013 s\u00e3o os maiores do mundo. Logo, esse patamar ainda restritivo da taxa Selic vem surtindo efeito no consumo das fam\u00edlias, que foi negativo no trimestre de maio a junho. \u201cEsse cen\u00e1rio de juros restritivos est\u00e1 impactando o varejo e v\u00e1rias empresas que entraram em recupera\u00e7\u00e3o judicial\u201d, alertou Agostini, que prev\u00ea piora no segundo semestre deste ano. <\/p>\n\n\n\n<p>\u201cHouve um aumento muito forte do endividamento das fam\u00edlias e o consumo das fam\u00edlias caiu no segundo trimestre. Ent\u00e3o, isso \u00e9 um sinal de fraqueza muito forte na atividade, porque o consumo das fam\u00edlias representa 2\/3 do PIB\u201d, acrescentou Agostini. Pelas proje\u00e7\u00f5es dele, o PIB deve ficar estagnado no terceiro trimestre, no \u00faltimo trimestre do ano, \u201cpode apresentar algum crescimento\u201d, porque o governo tamb\u00e9m est\u00e1 perdendo f\u00f4lego na expans\u00e3o fiscal. \u201cN\u00e3o tem muito mais espa\u00e7o para isso\u201d, frisou.<\/p>\n\n\n\n\n\n\n\n<figure class=\"wp-block-image size-large\"><img loading=\"lazy\" decoding=\"async\" width=\"933\" height=\"1024\" src=\"http:\/\/newblogs.correiobraziliense.com.br\/blog-da-rosana-hessel\/wp-content\/uploads\/sites\/5\/2026\/09\/rankingaustin2tri-2-933x1024.png\" alt=\"\" class=\"wp-image-36362\" srcset=\"https:\/\/newblogs.correiobraziliense.com.br\/blog-da-rosana-hessel\/wp-content\/uploads\/sites\/5\/2026\/09\/rankingaustin2tri-2-933x1024.png 933w, https:\/\/newblogs.correiobraziliense.com.br\/blog-da-rosana-hessel\/wp-content\/uploads\/sites\/5\/2026\/09\/rankingaustin2tri-2-273x300.png 273w, https:\/\/newblogs.correiobraziliense.com.br\/blog-da-rosana-hessel\/wp-content\/uploads\/sites\/5\/2026\/09\/rankingaustin2tri-2-768x843.png 768w, https:\/\/newblogs.correiobraziliense.com.br\/blog-da-rosana-hessel\/wp-content\/uploads\/sites\/5\/2026\/09\/rankingaustin2tri-2.png 960w\" sizes=\"auto, (max-width: 933px) 100vw, 933px\" \/><\/figure>\n","protected":false},"excerpt":{"rendered":"<p>Alta de 0,5% no segundo trimestre ficou acima da m\u00e9dia geral, de 0,2%, e dos pa\u00edses do Brics, de 0,3%, gra\u00e7as \u00e0 expans\u00e3o fiscal, segundo Austin Ratings<\/p>\n","protected":false},"author":10,"featured_media":33232,"comment_status":"closed","ping_status":"closed","sticky":false,"template":"","format":"standard","meta":{"_acf_changed":false,"inline_featured_image":false,"footnotes":""},"categories":[1872,1],"tags":[3,1993,2346,39,7,1537],"class_list":["post-36354","post","type-post","status-publish","format-standard","has-post-thumbnail","hentry","category-atividade-economica","category-sem-categoria","tag-atividade-economica","tag-desaceleracao","tag-desempenho","tag-juros","tag-pib","tag-ranking-global"],"acf":[],"yoast_head":"<!-- This site is optimized with the Yoast SEO plugin v28.1 - https:\/\/yoast.com\/product\/yoast-seo-wordpress\/ -->\n<title>PIB brasileiro tem 5\u00ba melhor desempenho em ranking global - Blog da Rosana Hessel<\/title>\n<meta name=\"description\" content=\"Alta de 0,5% no segundo trimestre ficou acima da m\u00e9dia geral, de 0,2%, e dos pa\u00edses do Brics, de 0,3%, gra\u00e7as \u00e0 expans\u00e3o fiscal, segundo Austin Ratings\" \/>\n<meta name=\"robots\" content=\"index, follow, max-snippet:-1, max-image-preview:large, max-video-preview:-1\" \/>\n<link rel=\"canonical\" href=\"https:\/\/newblogs.correiobraziliense.com.br\/blog-da-rosana-hessel\/pib-brasileiro-tem-5o-melhor-desempenho-em-ranking-global\/\" \/>\n<meta property=\"og:locale\" content=\"pt_BR\" \/>\n<meta property=\"og:type\" content=\"article\" \/>\n<meta property=\"og:title\" content=\"PIB brasileiro tem 5\u00ba melhor desempenho em ranking global - Blog da Rosana Hessel\" \/>\n<meta property=\"og:description\" content=\"Alta de 0,5% no segundo trimestre ficou acima da m\u00e9dia geral, de 0,2%, e dos pa\u00edses do Brics, de 0,3%, gra\u00e7as \u00e0 expans\u00e3o fiscal, segundo Austin Ratings\" \/>\n<meta property=\"og:url\" content=\"https:\/\/newblogs.correiobraziliense.com.br\/blog-da-rosana-hessel\/pib-brasileiro-tem-5o-melhor-desempenho-em-ranking-global\/\" \/>\n<meta property=\"og:site_name\" content=\"Blog da Rosana Hessel\" \/>\n<meta property=\"article:published_time\" content=\"2026-09-01T14:22:02+00:00\" \/>\n<meta property=\"article:modified_time\" content=\"2026-09-02T00:28:10+00:00\" \/>\n<meta property=\"og:image\" content=\"http:\/\/newblogs.correiobraziliense.com.br\/blog-da-rosana-hessel\/wp-content\/uploads\/sites\/5\/2025\/06\/iconepib-32947519.jpg\" \/>\n\t<meta property=\"og:image:width\" content=\"1200\" \/>\n\t<meta property=\"og:image:height\" content=\"827\" \/>\n\t<meta property=\"og:image:type\" content=\"image\/jpeg\" \/>\n<meta name=\"author\" content=\"Rosana Hessel\" \/>\n<!-- \/ Yoast SEO plugin. -->","yoast_head_json":{"title":"PIB brasileiro tem 5\u00ba melhor desempenho em ranking global - Blog da Rosana Hessel","description":"Alta de 0,5% no segundo trimestre ficou acima da m\u00e9dia geral, de 0,2%, e dos pa\u00edses do Brics, de 0,3%, gra\u00e7as \u00e0 expans\u00e3o fiscal, segundo Austin Ratings","robots":{"index":"index","follow":"follow","max-snippet":"max-snippet:-1","max-image-preview":"max-image-preview:large","max-video-preview":"max-video-preview:-1"},"canonical":"https:\/\/newblogs.correiobraziliense.com.br\/blog-da-rosana-hessel\/pib-brasileiro-tem-5o-melhor-desempenho-em-ranking-global\/","og_locale":"pt_BR","og_type":"article","og_title":"PIB brasileiro tem 5\u00ba melhor desempenho em ranking global - Blog da Rosana Hessel","og_description":"Alta de 0,5% no segundo trimestre ficou acima da m\u00e9dia geral, de 0,2%, e dos pa\u00edses do Brics, de 0,3%, gra\u00e7as \u00e0 expans\u00e3o fiscal, segundo Austin Ratings","og_url":"https:\/\/newblogs.correiobraziliense.com.br\/blog-da-rosana-hessel\/pib-brasileiro-tem-5o-melhor-desempenho-em-ranking-global\/","og_site_name":"Blog da Rosana Hessel","article_published_time":"2026-09-01T14:22:02+00:00","article_modified_time":"2026-09-02T00:28:10+00:00","og_image":[{"width":1200,"height":827,"url":"http:\/\/newblogs.correiobraziliense.com.br\/blog-da-rosana-hessel\/wp-content\/uploads\/sites\/5\/2025\/06\/iconepib-32947519.jpg","type":"image\/jpeg"}],"author":"Rosana Hessel","schema":{"@context":"https:\/\/schema.org","@graph":[{"@type":"Article","@id":"https:\/\/newblogs.correiobraziliense.com.br\/blog-da-rosana-hessel\/pib-brasileiro-tem-5o-melhor-desempenho-em-ranking-global\/#article","isPartOf":{"@id":"https:\/\/newblogs.correiobraziliense.com.br\/blog-da-rosana-hessel\/pib-brasileiro-tem-5o-melhor-desempenho-em-ranking-global\/"},"author":{"name":"Rosana Hessel","@id":"https:\/\/newblogs.correiobraziliense.com.br\/blog-da-rosana-hessel\/#\/schema\/person\/824cb3c631cf0d4056f75ca02599a930"},"headline":"PIB brasileiro tem 5\u00ba melhor desempenho em ranking global","datePublished":"2026-09-01T14:22:02+00:00","dateModified":"2026-09-02T00:28:10+00:00","mainEntityOfPage":{"@id":"https:\/\/newblogs.correiobraziliense.com.br\/blog-da-rosana-hessel\/pib-brasileiro-tem-5o-melhor-desempenho-em-ranking-global\/"},"wordCount":532,"image":{"@id":"https:\/\/newblogs.correiobraziliense.com.br\/blog-da-rosana-hessel\/pib-brasileiro-tem-5o-melhor-desempenho-em-ranking-global\/#primaryimage"},"thumbnailUrl":"https:\/\/newblogs.correiobraziliense.com.br\/blog-da-rosana-hessel\/wp-content\/uploads\/sites\/5\/2025\/06\/iconepib-32947519.jpg","keywords":["atividade econ\u00f4mica","desacelera\u00e7\u00e3o","desempenho","juros","PIB","ranking global"],"articleSection":["Atividade econ\u00f4mica","Macroeconomia"],"inLanguage":"pt-BR"},{"@type":"WebPage","@id":"https:\/\/newblogs.correiobraziliense.com.br\/blog-da-rosana-hessel\/pib-brasileiro-tem-5o-melhor-desempenho-em-ranking-global\/","url":"https:\/\/newblogs.correiobraziliense.com.br\/blog-da-rosana-hessel\/pib-brasileiro-tem-5o-melhor-desempenho-em-ranking-global\/","name":"PIB brasileiro tem 5\u00ba melhor desempenho em ranking global - Blog da Rosana Hessel","isPartOf":{"@id":"https:\/\/newblogs.correiobraziliense.com.br\/blog-da-rosana-hessel\/#website"},"primaryImageOfPage":{"@id":"https:\/\/newblogs.correiobraziliense.com.br\/blog-da-rosana-hessel\/pib-brasileiro-tem-5o-melhor-desempenho-em-ranking-global\/#primaryimage"},"image":{"@id":"https:\/\/newblogs.correiobraziliense.com.br\/blog-da-rosana-hessel\/pib-brasileiro-tem-5o-melhor-desempenho-em-ranking-global\/#primaryimage"},"thumbnailUrl":"https:\/\/newblogs.correiobraziliense.com.br\/blog-da-rosana-hessel\/wp-content\/uploads\/sites\/5\/2025\/06\/iconepib-32947519.jpg","datePublished":"2026-09-01T14:22:02+00:00","dateModified":"2026-09-02T00:28:10+00:00","author":{"@id":"https:\/\/newblogs.correiobraziliense.com.br\/blog-da-rosana-hessel\/#\/schema\/person\/824cb3c631cf0d4056f75ca02599a930"},"description":"Alta de 0,5% no segundo trimestre ficou acima da m\u00e9dia geral, de 0,2%, e dos pa\u00edses do Brics, de 0,3%, gra\u00e7as \u00e0 expans\u00e3o fiscal, segundo Austin Ratings","breadcrumb":{"@id":"https:\/\/newblogs.correiobraziliense.com.br\/blog-da-rosana-hessel\/pib-brasileiro-tem-5o-melhor-desempenho-em-ranking-global\/#breadcrumb"},"inLanguage":"pt-BR","potentialAction":[{"@type":"ReadAction","target":["https:\/\/newblogs.correiobraziliense.com.br\/blog-da-rosana-hessel\/pib-brasileiro-tem-5o-melhor-desempenho-em-ranking-global\/"]}]},{"@type":"ImageObject","inLanguage":"pt-BR","@id":"https:\/\/newblogs.correiobraziliense.com.br\/blog-da-rosana-hessel\/pib-brasileiro-tem-5o-melhor-desempenho-em-ranking-global\/#primaryimage","url":"https:\/\/newblogs.correiobraziliense.com.br\/blog-da-rosana-hessel\/wp-content\/uploads\/sites\/5\/2025\/06\/iconepib-32947519.jpg","contentUrl":"https:\/\/newblogs.correiobraziliense.com.br\/blog-da-rosana-hessel\/wp-content\/uploads\/sites\/5\/2025\/06\/iconepib-32947519.jpg","width":1200,"height":827,"caption":"icone pib\/Kleber Salles\/DAPress"},{"@type":"BreadcrumbList","@id":"https:\/\/newblogs.correiobraziliense.com.br\/blog-da-rosana-hessel\/pib-brasileiro-tem-5o-melhor-desempenho-em-ranking-global\/#breadcrumb","itemListElement":[{"@type":"ListItem","position":1,"name":"In\u00edcio","item":"https:\/\/newblogs.correiobraziliense.com.br\/blog-da-rosana-hessel\/"},{"@type":"ListItem","position":2,"name":"PIB brasileiro tem 5\u00ba melhor desempenho em ranking global"}]},{"@type":"WebSite","@id":"https:\/\/newblogs.correiobraziliense.com.br\/blog-da-rosana-hessel\/#website","url":"https:\/\/newblogs.correiobraziliense.com.br\/blog-da-rosana-hessel\/","name":"Blog da Rosana Hessel","description":"Not\u00edcias atualizadas e an\u00e1lises sobre economia. Acompanhe-nos para entender as tend\u00eancias e os impactos econ\u00f4micos que influenciam o seu dia a dia, tanto no Brasil quanto no exterior.","potentialAction":[{"@type":"SearchAction","target":{"@type":"EntryPoint","urlTemplate":"https:\/\/newblogs.correiobraziliense.com.br\/blog-da-rosana-hessel\/?s={search_term_string}"},"query-input":{"@type":"PropertyValueSpecification","valueRequired":true,"valueName":"search_term_string"}}],"inLanguage":"pt-BR"},{"@type":"Person","@id":"https:\/\/newblogs.correiobraziliense.com.br\/blog-da-rosana-hessel\/#\/schema\/person\/824cb3c631cf0d4056f75ca02599a930","name":"Rosana Hessel","image":{"@type":"ImageObject","inLanguage":"pt-BR","@id":"https:\/\/secure.gravatar.com\/avatar\/fe780cf1839cf10cd6d682fb080611e0d2a459b64be8a8781778109777fbcfd3?s=96&d=mm&r=g","url":"https:\/\/secure.gravatar.com\/avatar\/fe780cf1839cf10cd6d682fb080611e0d2a459b64be8a8781778109777fbcfd3?s=96&d=mm&r=g","contentUrl":"https:\/\/secure.gravatar.com\/avatar\/fe780cf1839cf10cd6d682fb080611e0d2a459b64be8a8781778109777fbcfd3?s=96&d=mm&r=g","caption":"Rosana Hessel"},"description":"Formada pela Pontif\u00edcia Universidade Cat\u00f3lica de S\u00e3o Paulo (PUC-SP), \u00e9 jornalista de economia desde 1995, quando passou a integrar o time da Gazeta Mercantil. Est\u00e1 sempre atr\u00e1s da boa informa\u00e7\u00e3o. Possui especializa\u00e7\u00e3o em economia pela FGV e MBA em Finan\u00e7as pela FIA-USP. Trabalha no Correio Braziliense desde 2010. Ganhou o Pr\u00eamio Esso de Jornalismo Econ\u00f4mico em 2014 e em 2015 com a equipe do Correio. Foi finalista entre os 50 jornalistas +Admirados da Imprensa de Economia, Neg\u00f3cios e Finan\u00e7as 2024, promovido pela Jornalistas&amp;Cia.","url":"https:\/\/newblogs.correiobraziliense.com.br\/blog-da-rosana-hessel\/author\/rosanahessel\/"}]}},"_links":{"self":[{"href":"https:\/\/newblogs.correiobraziliense.com.br\/blog-da-rosana-hessel\/wp-json\/wp\/v2\/posts\/36354","targetHints":{"allow":["GET"]}}],"collection":[{"href":"https:\/\/newblogs.correiobraziliense.com.br\/blog-da-rosana-hessel\/wp-json\/wp\/v2\/posts"}],"about":[{"href":"https:\/\/newblogs.correiobraziliense.com.br\/blog-da-rosana-hessel\/wp-json\/wp\/v2\/types\/post"}],"author":[{"embeddable":true,"href":"https:\/\/newblogs.correiobraziliense.com.br\/blog-da-rosana-hessel\/wp-json\/wp\/v2\/users\/10"}],"replies":[{"embeddable":true,"href":"https:\/\/newblogs.correiobraziliense.com.br\/blog-da-rosana-hessel\/wp-json\/wp\/v2\/comments?post=36354"}],"version-history":[{"count":11,"href":"https:\/\/newblogs.correiobraziliense.com.br\/blog-da-rosana-hessel\/wp-json\/wp\/v2\/posts\/36354\/revisions"}],"predecessor-version":[{"id":36369,"href":"https:\/\/newblogs.correiobraziliense.com.br\/blog-da-rosana-hessel\/wp-json\/wp\/v2\/posts\/36354\/revisions\/36369"}],"wp:featuredmedia":[{"embeddable":true,"href":"https:\/\/newblogs.correiobraziliense.com.br\/blog-da-rosana-hessel\/wp-json\/wp\/v2\/media\/33232"}],"wp:attachment":[{"href":"https:\/\/newblogs.correiobraziliense.com.br\/blog-da-rosana-hessel\/wp-json\/wp\/v2\/media?parent=36354"}],"wp:term":[{"taxonomy":"category","embeddable":true,"href":"https:\/\/newblogs.correiobraziliense.com.br\/blog-da-rosana-hessel\/wp-json\/wp\/v2\/categories?post=36354"},{"taxonomy":"post_tag","embeddable":true,"href":"https:\/\/newblogs.correiobraziliense.com.br\/blog-da-rosana-hessel\/wp-json\/wp\/v2\/tags?post=36354"}],"curies":[{"name":"wp","href":"https:\/\/api.w.org\/{rel}","templated":true}]}}