{"id":36330,"date":"2026-09-01T09:26:45","date_gmt":"2026-09-01T12:26:45","guid":{"rendered":"https:\/\/newblogs.correiobraziliense.com.br\/blog-da-rosana-hessel\/?p=36330"},"modified":"2026-09-01T11:02:19","modified_gmt":"2026-09-01T14:02:19","slug":"ibge-pib-desacelera-no-2o-tri-para-05-e-soma-r-34-trilhoes","status":"publish","type":"post","link":"https:\/\/newblogs.correiobraziliense.com.br\/blog-da-rosana-hessel\/ibge-pib-desacelera-no-2o-tri-para-05-e-soma-r-34-trilhoes\/","title":{"rendered":"IBGE: PIB desacelera no 2\u00ba tri para 0,5% e soma R$ 3,4 trilh\u00f5es"},"content":{"rendered":"\n<p>O Produto Interno Bruto (PIB) apresentou alta de 0,5% no segundo trimestre de 2026, na compara\u00e7\u00e3o com os tr\u00eas meses anteriores, na s\u00e9rie com ajuste sazonal, conforme dados do Instituto Brasileiro de Geografia e Estat\u00edstica (IBGE) divulgados nesta ter\u00e7a-feira (1\u00ba\/09). <\/p>\n\n\n\n<p>O indicador que mede as riquezas produzidas pelo pa\u00eds apresentou desacelera\u00e7\u00e3o em rela\u00e7\u00e3o \u00e0 alta de 1,1% de janeiro a mar\u00e7o deste ano, sem revis\u00f5es pelo IBGE, e somou R$ 3,4 trilh\u00f5es. <\/p>\n\n\n\n<p>Na an\u00e1lise da produ\u00e7\u00e3o, destaca-se o crescimento de 2,8% na agropecu\u00e1ria em rela\u00e7\u00e3o ao trimestre anterior, ou seja na margem. Servi\u00e7os e ind\u00fastria registraram varia\u00e7\u00f5es positivas de 0,2% e de 0,1%, respectivamente, na mesma base de compara\u00e7\u00e3o.  <\/p>\n\n\n\n<p>Pela \u00f3tica da demanda, a Forma\u00e7\u00e3o Bruta de Capital Fixo (FBCF), indicador dos investimentos, cresceu 1,2% na margem. Enquanto isso, o consumo do governo registrou varia\u00e7\u00e3o de 0,4% e o consumo das fam\u00edlias recuou 0,4%, na mesma base de compara\u00e7\u00e3o. <\/p>\n\n\n\n<p>No setor externo, as exporta\u00e7\u00f5es de bens e servi\u00e7os recuaram 0,8%, enquanto as importa\u00e7\u00f5es avan\u00e7aram 1,8% em rela\u00e7\u00e3o ao primeiro trimestre de 2026. <\/p>\n\n\n\n<p>Na compara\u00e7\u00e3o com o mesmo per\u00edodo de 2025, a alta do PIB foi de 2%, com avan\u00e7o de 6,8% na agropecu\u00e1ria e alta de 1,5%, tanto na ind\u00fastria quanto nos servi\u00e7os. O consumo do governo cresceu 1,4% enquanto o consumo das fam\u00edlias, 0,5%. A Forma\u00e7\u00e3o Bruta de Capital Fixo teve expans\u00e3o de 3,1%.<\/p>\n\n\n\n<p>A taxa de investimento foi de 16,1% do PIB, abaixo dos 16,6% do segundo trimestre de 2025. Enquanto isso, a taxa de poupan\u00e7a foi de 16,6%, superando os 16,5% do mesmo trimestre de 2025.<\/p>\n\n\n\n<p><strong>Acumulado em quatro trimestres<\/strong><\/p>\n\n\n\n<p>No acumulado em quatro trimestres encerrados em junho de 2026, o PIB cresceu 1,9% na compara\u00e7\u00e3o com os quatro trimestres imediatamente anteriores, com altas de 6,2% na agropecu\u00e1ria, de 1,4% na ind\u00fastria e de 1,7% em servi\u00e7os. <\/p>\n\n\n\n<p>Na an\u00e1lise da demanda, o consumo fam\u00edlias e a e o consumo do governo cresceram de 0,9% e 2,8%, respectivamente. Enquanto isso, os investimentos recuaram 0,2% ap\u00f3s v\u00e1rios resultados positivos nos trimestres anteriores. No setor externo, as exporta\u00e7\u00f5es apresentaram alta de 8% e as importa\u00e7\u00f5es avan\u00e7aram 2,1%.<\/p>\n","protected":false},"excerpt":{"rendered":"<p>PIB do segundo trimestre de 2026 perde for\u00e7a frente ao avan\u00e7o de 1,1% entre janeiro e mar\u00e7o e cresce 0,5% entre abril e junho. Na compara\u00e7\u00e3o com o mesmo per\u00edodo de 2025, alta foi de 2%<\/p>\n","protected":false},"author":10,"featured_media":31509,"comment_status":"closed","ping_status":"closed","sticky":false,"template":"","format":"standard","meta":{"_acf_changed":false,"inline_featured_image":false,"footnotes":""},"categories":[1872,1],"tags":[3,1993,5,7],"class_list":["post-36330","post","type-post","status-publish","format-standard","has-post-thumbnail","hentry","category-atividade-economica","category-sem-categoria","tag-atividade-economica","tag-desaceleracao","tag-ibge","tag-pib"],"acf":[],"yoast_head":"<!-- This site is optimized with the Yoast SEO plugin v28.1 - https:\/\/yoast.com\/product\/yoast-seo-wordpress\/ -->\n<title>IBGE: PIB desacelera no 2\u00ba tri para 0,5% e soma R$ 3,4 trilh\u00f5es - Blog da Rosana Hessel<\/title>\n<meta name=\"description\" content=\"PIB do segundo trimestre de 2026 perde for\u00e7a frente ao avan\u00e7o de 1,1% entre janeiro e mar\u00e7o e cresce 0,5% entre abril e junho. Na compara\u00e7\u00e3o com o mesmo per\u00edodo de 2025, alta foi de 2%\" \/>\n<meta name=\"robots\" content=\"index, follow, max-snippet:-1, max-image-preview:large, max-video-preview:-1\" \/>\n<link rel=\"canonical\" href=\"https:\/\/newblogs.correiobraziliense.com.br\/blog-da-rosana-hessel\/ibge-pib-desacelera-no-2o-tri-para-05-e-soma-r-34-trilhoes\/\" \/>\n<meta property=\"og:locale\" content=\"pt_BR\" \/>\n<meta property=\"og:type\" content=\"article\" \/>\n<meta property=\"og:title\" content=\"IBGE: PIB desacelera no 2\u00ba tri para 0,5% e soma R$ 3,4 trilh\u00f5es - Blog da Rosana Hessel\" \/>\n<meta property=\"og:description\" content=\"PIB do segundo trimestre de 2026 perde for\u00e7a frente ao avan\u00e7o de 1,1% entre janeiro e mar\u00e7o e cresce 0,5% entre abril e junho. Na compara\u00e7\u00e3o com o mesmo per\u00edodo de 2025, alta foi de 2%\" \/>\n<meta property=\"og:url\" content=\"https:\/\/newblogs.correiobraziliense.com.br\/blog-da-rosana-hessel\/ibge-pib-desacelera-no-2o-tri-para-05-e-soma-r-34-trilhoes\/\" \/>\n<meta property=\"og:site_name\" content=\"Blog da Rosana Hessel\" \/>\n<meta property=\"article:published_time\" content=\"2026-09-01T12:26:45+00:00\" \/>\n<meta property=\"article:modified_time\" content=\"2026-09-01T14:02:19+00:00\" \/>\n<meta property=\"og:image\" content=\"http:\/\/newblogs.correiobraziliense.com.br\/blog-da-rosana-hessel\/wp-content\/uploads\/sites\/5\/2024\/09\/imagempib1.jpeg\" \/>\n\t<meta property=\"og:image:width\" content=\"299\" \/>\n\t<meta property=\"og:image:height\" content=\"334\" \/>\n\t<meta property=\"og:image:type\" content=\"image\/jpeg\" \/>\n<meta name=\"author\" content=\"Rosana Hessel\" \/>\n<!-- \/ Yoast SEO plugin. -->","yoast_head_json":{"title":"IBGE: PIB desacelera no 2\u00ba tri para 0,5% e soma R$ 3,4 trilh\u00f5es - Blog da Rosana Hessel","description":"PIB do segundo trimestre de 2026 perde for\u00e7a frente ao avan\u00e7o de 1,1% entre janeiro e mar\u00e7o e cresce 0,5% entre abril e junho. Na compara\u00e7\u00e3o com o mesmo per\u00edodo de 2025, alta foi de 2%","robots":{"index":"index","follow":"follow","max-snippet":"max-snippet:-1","max-image-preview":"max-image-preview:large","max-video-preview":"max-video-preview:-1"},"canonical":"https:\/\/newblogs.correiobraziliense.com.br\/blog-da-rosana-hessel\/ibge-pib-desacelera-no-2o-tri-para-05-e-soma-r-34-trilhoes\/","og_locale":"pt_BR","og_type":"article","og_title":"IBGE: PIB desacelera no 2\u00ba tri para 0,5% e soma R$ 3,4 trilh\u00f5es - Blog da Rosana Hessel","og_description":"PIB do segundo trimestre de 2026 perde for\u00e7a frente ao avan\u00e7o de 1,1% entre janeiro e mar\u00e7o e cresce 0,5% entre abril e junho. Na compara\u00e7\u00e3o com o mesmo per\u00edodo de 2025, alta foi de 2%","og_url":"https:\/\/newblogs.correiobraziliense.com.br\/blog-da-rosana-hessel\/ibge-pib-desacelera-no-2o-tri-para-05-e-soma-r-34-trilhoes\/","og_site_name":"Blog da Rosana Hessel","article_published_time":"2026-09-01T12:26:45+00:00","article_modified_time":"2026-09-01T14:02:19+00:00","og_image":[{"width":299,"height":334,"url":"http:\/\/newblogs.correiobraziliense.com.br\/blog-da-rosana-hessel\/wp-content\/uploads\/sites\/5\/2024\/09\/imagempib1.jpeg","type":"image\/jpeg"}],"author":"Rosana Hessel","schema":{"@context":"https:\/\/schema.org","@graph":[{"@type":"Article","@id":"https:\/\/newblogs.correiobraziliense.com.br\/blog-da-rosana-hessel\/ibge-pib-desacelera-no-2o-tri-para-05-e-soma-r-34-trilhoes\/#article","isPartOf":{"@id":"https:\/\/newblogs.correiobraziliense.com.br\/blog-da-rosana-hessel\/ibge-pib-desacelera-no-2o-tri-para-05-e-soma-r-34-trilhoes\/"},"author":{"name":"Rosana Hessel","@id":"https:\/\/newblogs.correiobraziliense.com.br\/blog-da-rosana-hessel\/#\/schema\/person\/824cb3c631cf0d4056f75ca02599a930"},"headline":"IBGE: PIB desacelera no 2\u00ba tri para 0,5% e soma R$ 3,4 trilh\u00f5es","datePublished":"2026-09-01T12:26:45+00:00","dateModified":"2026-09-01T14:02:19+00:00","mainEntityOfPage":{"@id":"https:\/\/newblogs.correiobraziliense.com.br\/blog-da-rosana-hessel\/ibge-pib-desacelera-no-2o-tri-para-05-e-soma-r-34-trilhoes\/"},"wordCount":369,"image":{"@id":"https:\/\/newblogs.correiobraziliense.com.br\/blog-da-rosana-hessel\/ibge-pib-desacelera-no-2o-tri-para-05-e-soma-r-34-trilhoes\/#primaryimage"},"thumbnailUrl":"https:\/\/newblogs.correiobraziliense.com.br\/blog-da-rosana-hessel\/wp-content\/uploads\/sites\/5\/2024\/09\/imagempib1.jpeg","keywords":["atividade econ\u00f4mica","desacelera\u00e7\u00e3o","IBGE","PIB"],"articleSection":["Atividade econ\u00f4mica","Macroeconomia"],"inLanguage":"pt-BR"},{"@type":"WebPage","@id":"https:\/\/newblogs.correiobraziliense.com.br\/blog-da-rosana-hessel\/ibge-pib-desacelera-no-2o-tri-para-05-e-soma-r-34-trilhoes\/","url":"https:\/\/newblogs.correiobraziliense.com.br\/blog-da-rosana-hessel\/ibge-pib-desacelera-no-2o-tri-para-05-e-soma-r-34-trilhoes\/","name":"IBGE: PIB desacelera no 2\u00ba tri para 0,5% e soma R$ 3,4 trilh\u00f5es - Blog da Rosana Hessel","isPartOf":{"@id":"https:\/\/newblogs.correiobraziliense.com.br\/blog-da-rosana-hessel\/#website"},"primaryImageOfPage":{"@id":"https:\/\/newblogs.correiobraziliense.com.br\/blog-da-rosana-hessel\/ibge-pib-desacelera-no-2o-tri-para-05-e-soma-r-34-trilhoes\/#primaryimage"},"image":{"@id":"https:\/\/newblogs.correiobraziliense.com.br\/blog-da-rosana-hessel\/ibge-pib-desacelera-no-2o-tri-para-05-e-soma-r-34-trilhoes\/#primaryimage"},"thumbnailUrl":"https:\/\/newblogs.correiobraziliense.com.br\/blog-da-rosana-hessel\/wp-content\/uploads\/sites\/5\/2024\/09\/imagempib1.jpeg","datePublished":"2026-09-01T12:26:45+00:00","dateModified":"2026-09-01T14:02:19+00:00","author":{"@id":"https:\/\/newblogs.correiobraziliense.com.br\/blog-da-rosana-hessel\/#\/schema\/person\/824cb3c631cf0d4056f75ca02599a930"},"description":"PIB do segundo trimestre de 2026 perde for\u00e7a frente ao avan\u00e7o de 1,1% entre janeiro e mar\u00e7o e cresce 0,5% entre abril e junho. Na compara\u00e7\u00e3o com o mesmo per\u00edodo de 2025, alta foi de 2%","breadcrumb":{"@id":"https:\/\/newblogs.correiobraziliense.com.br\/blog-da-rosana-hessel\/ibge-pib-desacelera-no-2o-tri-para-05-e-soma-r-34-trilhoes\/#breadcrumb"},"inLanguage":"pt-BR","potentialAction":[{"@type":"ReadAction","target":["https:\/\/newblogs.correiobraziliense.com.br\/blog-da-rosana-hessel\/ibge-pib-desacelera-no-2o-tri-para-05-e-soma-r-34-trilhoes\/"]}]},{"@type":"ImageObject","inLanguage":"pt-BR","@id":"https:\/\/newblogs.correiobraziliense.com.br\/blog-da-rosana-hessel\/ibge-pib-desacelera-no-2o-tri-para-05-e-soma-r-34-trilhoes\/#primaryimage","url":"https:\/\/newblogs.correiobraziliense.com.br\/blog-da-rosana-hessel\/wp-content\/uploads\/sites\/5\/2024\/09\/imagempib1.jpeg","contentUrl":"https:\/\/newblogs.correiobraziliense.com.br\/blog-da-rosana-hessel\/wp-content\/uploads\/sites\/5\/2024\/09\/imagempib1.jpeg","width":299,"height":334},{"@type":"BreadcrumbList","@id":"https:\/\/newblogs.correiobraziliense.com.br\/blog-da-rosana-hessel\/ibge-pib-desacelera-no-2o-tri-para-05-e-soma-r-34-trilhoes\/#breadcrumb","itemListElement":[{"@type":"ListItem","position":1,"name":"In\u00edcio","item":"https:\/\/newblogs.correiobraziliense.com.br\/blog-da-rosana-hessel\/"},{"@type":"ListItem","position":2,"name":"IBGE: PIB desacelera no 2\u00ba tri para 0,5% e soma R$ 3,4 trilh\u00f5es"}]},{"@type":"WebSite","@id":"https:\/\/newblogs.correiobraziliense.com.br\/blog-da-rosana-hessel\/#website","url":"https:\/\/newblogs.correiobraziliense.com.br\/blog-da-rosana-hessel\/","name":"Blog da Rosana Hessel","description":"Not\u00edcias atualizadas e an\u00e1lises sobre economia. Acompanhe-nos para entender as tend\u00eancias e os impactos econ\u00f4micos que influenciam o seu dia a dia, tanto no Brasil quanto no exterior.","potentialAction":[{"@type":"SearchAction","target":{"@type":"EntryPoint","urlTemplate":"https:\/\/newblogs.correiobraziliense.com.br\/blog-da-rosana-hessel\/?s={search_term_string}"},"query-input":{"@type":"PropertyValueSpecification","valueRequired":true,"valueName":"search_term_string"}}],"inLanguage":"pt-BR"},{"@type":"Person","@id":"https:\/\/newblogs.correiobraziliense.com.br\/blog-da-rosana-hessel\/#\/schema\/person\/824cb3c631cf0d4056f75ca02599a930","name":"Rosana Hessel","image":{"@type":"ImageObject","inLanguage":"pt-BR","@id":"https:\/\/secure.gravatar.com\/avatar\/fe780cf1839cf10cd6d682fb080611e0d2a459b64be8a8781778109777fbcfd3?s=96&d=mm&r=g","url":"https:\/\/secure.gravatar.com\/avatar\/fe780cf1839cf10cd6d682fb080611e0d2a459b64be8a8781778109777fbcfd3?s=96&d=mm&r=g","contentUrl":"https:\/\/secure.gravatar.com\/avatar\/fe780cf1839cf10cd6d682fb080611e0d2a459b64be8a8781778109777fbcfd3?s=96&d=mm&r=g","caption":"Rosana Hessel"},"description":"Formada pela Pontif\u00edcia Universidade Cat\u00f3lica de S\u00e3o Paulo (PUC-SP), \u00e9 jornalista de economia desde 1995, quando passou a integrar o time da Gazeta Mercantil. Est\u00e1 sempre atr\u00e1s da boa informa\u00e7\u00e3o. Possui especializa\u00e7\u00e3o em economia pela FGV e MBA em Finan\u00e7as pela FIA-USP. Trabalha no Correio Braziliense desde 2010. Ganhou o Pr\u00eamio Esso de Jornalismo Econ\u00f4mico em 2014 e em 2015 com a equipe do Correio. Foi finalista entre os 50 jornalistas +Admirados da Imprensa de Economia, Neg\u00f3cios e Finan\u00e7as 2024, promovido pela Jornalistas&amp;Cia.","url":"https:\/\/newblogs.correiobraziliense.com.br\/blog-da-rosana-hessel\/author\/rosanahessel\/"}]}},"_links":{"self":[{"href":"https:\/\/newblogs.correiobraziliense.com.br\/blog-da-rosana-hessel\/wp-json\/wp\/v2\/posts\/36330","targetHints":{"allow":["GET"]}}],"collection":[{"href":"https:\/\/newblogs.correiobraziliense.com.br\/blog-da-rosana-hessel\/wp-json\/wp\/v2\/posts"}],"about":[{"href":"https:\/\/newblogs.correiobraziliense.com.br\/blog-da-rosana-hessel\/wp-json\/wp\/v2\/types\/post"}],"author":[{"embeddable":true,"href":"https:\/\/newblogs.correiobraziliense.com.br\/blog-da-rosana-hessel\/wp-json\/wp\/v2\/users\/10"}],"replies":[{"embeddable":true,"href":"https:\/\/newblogs.correiobraziliense.com.br\/blog-da-rosana-hessel\/wp-json\/wp\/v2\/comments?post=36330"}],"version-history":[{"count":16,"href":"https:\/\/newblogs.correiobraziliense.com.br\/blog-da-rosana-hessel\/wp-json\/wp\/v2\/posts\/36330\/revisions"}],"predecessor-version":[{"id":36353,"href":"https:\/\/newblogs.correiobraziliense.com.br\/blog-da-rosana-hessel\/wp-json\/wp\/v2\/posts\/36330\/revisions\/36353"}],"wp:featuredmedia":[{"embeddable":true,"href":"https:\/\/newblogs.correiobraziliense.com.br\/blog-da-rosana-hessel\/wp-json\/wp\/v2\/media\/31509"}],"wp:attachment":[{"href":"https:\/\/newblogs.correiobraziliense.com.br\/blog-da-rosana-hessel\/wp-json\/wp\/v2\/media?parent=36330"}],"wp:term":[{"taxonomy":"category","embeddable":true,"href":"https:\/\/newblogs.correiobraziliense.com.br\/blog-da-rosana-hessel\/wp-json\/wp\/v2\/categories?post=36330"},{"taxonomy":"post_tag","embeddable":true,"href":"https:\/\/newblogs.correiobraziliense.com.br\/blog-da-rosana-hessel\/wp-json\/wp\/v2\/tags?post=36330"}],"curies":[{"name":"wp","href":"https:\/\/api.w.org\/{rel}","templated":true}]}}