{"id":36246,"date":"2026-08-31T17:56:54","date_gmt":"2026-08-31T20:56:54","guid":{"rendered":"https:\/\/newblogs.correiobraziliense.com.br\/blog-da-rosana-hessel\/?p=36246"},"modified":"2026-09-01T08:52:45","modified_gmt":"2026-09-01T11:52:45","slug":"governo-reduz-projecao-de-pib-no-ploa-de-2027-e-preve-superavit-de-r-186-bi","status":"publish","type":"post","link":"https:\/\/newblogs.correiobraziliense.com.br\/blog-da-rosana-hessel\/governo-reduz-projecao-de-pib-no-ploa-de-2027-e-preve-superavit-de-r-186-bi\/","title":{"rendered":"Governo reduz proje\u00e7\u00e3o de PIB no Ploa de 2027 e prev\u00ea superavit de R$ 18,6 bi"},"content":{"rendered":"\n<p>O Projeto de Lei Or\u00e7ament\u00e1ria Anual (Ploa) de 2027, apresentado nesta segunda-feira (31\/8), pelos ministros da Fazenda, Dario Durigan, e do Planejamento e Or\u00e7amento, Bruno Moretti, reduziu de 2,56% para 2,46% o crescimento do Produto Interno Bruto (PIB) de 2027, e prev\u00ea superavit prim\u00e1rio (economia para o pagamento dos juros da d\u00edvida p\u00fablica) efetivo de R$ 18,6 bilh\u00f5es, o equivalente a 0,13% do PIB.<\/p>\n\n\n\n<p>&#8220;N\u00e3o contamos com nenhuma medida nova e a achamos muito fact\u00edvel entregar um resultado superavit\u00e1rio&#8221;, disse Moretti. Ele minimizou a leve corre\u00e7\u00e3o na previs\u00e3o do PIB, que, segundo ele, segue em torno de 2,5%. O ministro ainda destacou que a equipe econ\u00f4mica trabalha com um cen\u00e1rio &#8220;normal&#8221; para o barril do petr\u00f3leo, em &#8220;torno de US$ 70&#8221;, na perspectiva de estabiliza\u00e7\u00e3o do pre\u00e7o da commodity.<\/p>\n\n\n\n<p>Na compara\u00e7\u00e3o com o PLDO, enviado em abril ao Congresso, a previs\u00e3o para o barril do petr\u00f3leo no Ploa de 2027 passou de US$ 67,69 para US$ 71,03. O Ploa de 2027 ainda prev\u00ea um superavit prim\u00e1rio de R$ 84,3 bilh\u00f5es, considerando os descontos de despesas cont\u00e1beis da meta fiscal, como precat\u00f3rios. <\/p>\n\n\n\n<p>Durigan, por sua vez, afirmou que o objetivo \u00e9 atingir o centro da meta fiscal no pr\u00f3ximo ano. Moretti, por sua vez destacou que \u00e9<strong> <\/strong>&#8220;fact\u00edvel&#8221; o cumprimento dessa meta e, se for necess\u00e1rio, o governo vai utilizar o instrumento do contingenciamento.  &#8220;N\u00e3o temos hip\u00f3teses heroicas e vamos buscar o esfor\u00e7o fiscal de 0,5% do PIB&#8221;, disse.<\/p>\n\n\n\n<p>Apesar das novas proje\u00e7\u00f5es, o governo mant\u00e9m as perspectivas otimistas em rela\u00e7\u00e3o ao mercado, que prev\u00ea alta de 1,5% no PIB do pr\u00f3ximo ano e deficit de pelo menos 0,4% do PIB. Conforme o \u00faltimo boletim Focus, do Banco Central, a mediana das estimativas do PIB de 2027 indicam desacelera\u00e7\u00e3o em rela\u00e7\u00e3o ao deste ano, que passou de 1,95% para 1,92%, nesta semana.<\/p>\n\n\n\n<p>A pe\u00e7a or\u00e7ament\u00e1ria prev\u00ea um limite de despesas prim\u00e1rias de R$ 2,576 trilh\u00f5es, o que implica em um aumento de 7,7% no limite, ou R$ 183,8 bilh\u00f5es, considerando uma corre\u00e7\u00e3o da infla\u00e7\u00e3o oficial de 4,64%, considerando o acumulado em 12 meses at\u00e9 junho, e o crescimento real limitado a 2,5% de aumento real previsto no arcabou\u00e7o fiscal. Contudo, o ministro disse que a proje\u00e7\u00e3o prev\u00ea uma folga de R$ 10,4 bilh\u00f5es em aumento de receita por conta da corre\u00e7\u00e3o na proje\u00e7\u00e3o de infla\u00e7\u00e3o acumulada at\u00e9 dezembro, que dever\u00e1 ficar acima do 4,64%.<\/p>\n\n\n\n<p>O Ploa de 2027 ainda prev\u00ea aumento de R$ 1.741 no sal\u00e1rio m\u00ednimo, conforme havia sido anunciado anteriormente por Durigan. No Projeto de Lei de Diretrizes Or\u00e7ament\u00e1rias (PLDO) de 2027, o piso salarial projetado era de R$ 1.717.<\/p>\n\n\n\n<p>&#8220;Mantido o crescimento real para o sal\u00e1rio m\u00ednimo e esse \u00e9 um compromisso do governo, que \u00e9 preservar pol\u00edticas p\u00fablicas para preservar o poder de compra do trabalhador&#8221;, afirmou Moretti. Mas ele admitiu uma leve queda na receita prim\u00e1ria. &#8220;Temos muita confian\u00e7a de que teremos um cen\u00e1rio fiscal equilibrado&#8221;, acrescentou. <\/p>\n\n\n\n<p>A meta fiscal, de superavit de 0,50% do PIB, prevista no arcabou\u00e7o e no PLDO de 2027, s\u00f3 ser\u00e1 cumprida ap\u00f3s o abatimentos de despesas, como precat\u00f3rios, passando para R$ 83,4 bilh\u00f5es, ou 0,56% do PIB. <\/p>\n\n\n\n<p>O ministro informou tamb\u00e9m que o governo prev\u00ea queda de 17,5% do PIB para 17,3% do PIB por conta de redu\u00e7\u00f5es t\u00edmidas de gastos com pessoal, benef\u00edcios previdenci\u00e1rios, em torno de 0,1 ponto percentual cada, quando as proje\u00e7\u00f5es do mercado indica a necessidade de um superavit acima de 2,5% para iniciar o processo de estabiliza\u00e7\u00e3o da d\u00edvida p\u00fablica bruta que, em julho, conforme dados do Banco Central, chegou a 82,5% do PIB, maior patamar desde abril de 2021. <\/p>\n\n\n\n<p>De acordo com ele, h\u00e1 uma perspectiva de gatilho que limita a despesa com pessoal se houver deficit nas contas p\u00fablicas, at\u00e9 2030, o que n\u00e3o seria acionado no caso de superavit como o projetado para o pr\u00f3ximo ano. Moretti tamb\u00e9m destacou que o governo ainda prev\u00ea economia de R$ 8,9 bilh\u00f5es projetada para 2027, quando a meta fiscal \u00e9 de um superavit de 0,50% do PIB.<\/p>\n\n\n\n<p>O projeto de Or\u00e7amento de 2027, contudo, ainda prev\u00ea repasse de R$ 6 bilh\u00f5es para os Correios, estatal que registrou preju\u00edzo de R$ 5,6 bilh\u00f5es no primeiro semestre de 2026. O valor divulgado, ontem, pelo Minist\u00e9rio da Gest\u00e3o e da Inova\u00e7\u00e3o em Servi\u00e7os P\u00fablicos (MGI) foi confirmado por Moretti que indicou outro aporte de R$ 653 milh\u00f5es para a Eletronuclear.<\/p>\n\n\n\n<p>&#8220;Os outros t\u00eam valores insignificantes. Muito pequenos&#8221;, disse o ministro aos jornalistas. Segundo ele, o piso de investimentos previstos  no Ploa do ano que vem \u00e9 de R$ 88,7 bilh\u00f5es, mas pode chegar a R$ 133,8 bilh\u00f5es, somando as despesas financeiras para a dota\u00e7\u00e3o, como financiamento subsidiado do Minha Casa Minha Vida. Desse montante, R$ 61,5 bilh\u00f5es est\u00e3o previstos para o Programa de Acelera\u00e7\u00e3o do Crescimento (PAC).<\/p>\n\n\n\n<p>O ministro da Fazenda ainda elogiou os gatilhos colocados no Or\u00e7amento, como o que limita a despesa com pessoal no caso de deficit, e garantiu que os par\u00e2metros macroecon\u00f4micos foram &#8220;fortalecidos&#8221;. &#8220;Vamos ganhando em flexibilidade na execu\u00e7\u00e3o do Or\u00e7amento do novo presidente eleito para enfrentar as turbul\u00eancias que a gente vem percebendo no mundo&#8221;, afirmou. Segundo ele, n\u00e3o h\u00e1 &#8220;armadilhas&#8221; e, muito menos, &#8220;despesas sem receita prevista&#8221; na pe\u00e7a or\u00e7ament\u00e1ria de 2027.<\/p>\n\n\n\n<p>A previs\u00e3o or\u00e7ament\u00e1ria para o pr\u00f3ximo presidente a partir de 2027, segundo Durigan, est\u00e1 &#8220;muito melhor&#8221; do que a projetada no Or\u00e7amento recebido, em 2023, que foi elaborado pela gest\u00e3o anterior, do governo Jair Bolsonaro (PL). <\/p>\n\n\n\n<p>&#8220;Vamos come\u00e7ar a registrar superavit a partir de 2027. E, com isso, estamos retomando uma trajet\u00f3ria de superavit que n\u00e3o pode considerar o dado positivo de 2022, porque h\u00e1 uma conta que foi paga em 2023, pelo atual governo&#8221;, afirmou Durigan, citando a pedalada dos precat\u00f3rios do governo anterior.<\/p>\n\n\n\n<p>Os ministros ainda informaram que, para 2027, n\u00e3o h\u00e1 espa\u00e7o para novos reajustes salariais do funcionalismo. Bolsa Fam\u00edlia e programas como P\u00e9 de Meia e Vale G\u00e1s tamb\u00e9m n\u00e3o t\u00eam reajuste previsto. De acordo com eles, o valor para emendas parlamentares impositivas no pr\u00f3ximo ano vai respeitar o reajuste do arcabou\u00e7o de 2,5%, somando R$ 44,8 bilh\u00f5es. Moretti informou ainda que, nesse montante, estar\u00e1 inclu\u00eddo o recurso para o fundo partid\u00e1rio, mas ele n\u00e3o citou as cifras. &#8220;Esse \u00e9 mais um exemplo de despesa que alinhamos ao arcabou\u00e7o&#8221;, disse o titular do MPO. <br \/><\/p>\n\n\n\n\n\n\n\n\n\n\n\n\n","protected":false},"excerpt":{"rendered":"<p>Projeto de Lei Or\u00e7ament\u00e1ria Anual (Ploa) de 2027 prev\u00ea aumento de 7,7% no limite de despesas, para R$ 2,576 trilh\u00f5es, e superavit efetivo de R$ 18,6 bilh\u00f5es. Sal\u00e1rio m\u00ednimo no pr\u00f3ximo ano ser\u00e1 de R$ 1.741 <\/p>\n","protected":false},"author":10,"featured_media":36324,"comment_status":"closed","ping_status":"closed","sticky":false,"template":"","format":"standard","meta":{"_acf_changed":false,"inline_featured_image":false,"footnotes":""},"categories":[1869],"tags":[1816,313,315,2345,1495],"class_list":["post-36246","post","type-post","status-publish","format-standard","has-post-thumbnail","hentry","category-contas-publicas","tag-arcabouco-fiscal","tag-contas-publicas","tag-orcamento","tag-ploa-de-2027","tag-salario-minimo"],"acf":[],"yoast_head":"<!-- This site is optimized with the Yoast SEO plugin v28.1 - https:\/\/yoast.com\/product\/yoast-seo-wordpress\/ -->\n<title>Governo reduz proje\u00e7\u00e3o de PIB no Ploa de 2027 e prev\u00ea superavit de R$ 18,6 bi - Blog da Rosana Hessel<\/title>\n<meta name=\"description\" content=\"Projeto de Lei Or\u00e7ament\u00e1ria Anual (Ploa) de 2027 prev\u00ea aumento de 7,7% no limite de despesas, para R$ 2,576 trilh\u00f5es, e superavit efetivo de R$ 18,6 bilh\u00f5es. Sal\u00e1rio m\u00ednimo no pr\u00f3ximo ano ser\u00e1 de R$ 1.741\" \/>\n<meta name=\"robots\" content=\"index, follow, max-snippet:-1, max-image-preview:large, max-video-preview:-1\" \/>\n<link rel=\"canonical\" href=\"https:\/\/newblogs.correiobraziliense.com.br\/blog-da-rosana-hessel\/governo-reduz-projecao-de-pib-no-ploa-de-2027-e-preve-superavit-de-r-186-bi\/\" \/>\n<meta property=\"og:locale\" content=\"pt_BR\" \/>\n<meta property=\"og:type\" content=\"article\" \/>\n<meta property=\"og:title\" content=\"Governo reduz proje\u00e7\u00e3o de PIB no Ploa de 2027 e prev\u00ea superavit de R$ 18,6 bi - Blog da Rosana Hessel\" \/>\n<meta property=\"og:description\" content=\"Projeto de Lei Or\u00e7ament\u00e1ria Anual (Ploa) de 2027 prev\u00ea aumento de 7,7% no limite de despesas, para R$ 2,576 trilh\u00f5es, e superavit efetivo de R$ 18,6 bilh\u00f5es. Sal\u00e1rio m\u00ednimo no pr\u00f3ximo ano ser\u00e1 de R$ 1.741\" \/>\n<meta property=\"og:url\" content=\"https:\/\/newblogs.correiobraziliense.com.br\/blog-da-rosana-hessel\/governo-reduz-projecao-de-pib-no-ploa-de-2027-e-preve-superavit-de-r-186-bi\/\" \/>\n<meta property=\"og:site_name\" content=\"Blog da Rosana Hessel\" \/>\n<meta property=\"article:published_time\" content=\"2026-08-31T20:56:54+00:00\" \/>\n<meta property=\"article:modified_time\" content=\"2026-09-01T11:52:45+00:00\" \/>\n<meta property=\"og:image\" content=\"http:\/\/newblogs.correiobraziliense.com.br\/blog-da-rosana-hessel\/wp-content\/uploads\/sites\/5\/2026\/08\/PLOA2027COLETIVA-rotated.jpeg\" \/>\n\t<meta property=\"og:image:width\" content=\"480\" \/>\n\t<meta property=\"og:image:height\" content=\"640\" \/>\n\t<meta property=\"og:image:type\" content=\"image\/jpeg\" \/>\n<meta name=\"author\" content=\"Rosana Hessel\" \/>\n<!-- \/ Yoast SEO plugin. -->","yoast_head_json":{"title":"Governo reduz proje\u00e7\u00e3o de PIB no Ploa de 2027 e prev\u00ea superavit de R$ 18,6 bi - Blog da Rosana Hessel","description":"Projeto de Lei Or\u00e7ament\u00e1ria Anual (Ploa) de 2027 prev\u00ea aumento de 7,7% no limite de despesas, para R$ 2,576 trilh\u00f5es, e superavit efetivo de R$ 18,6 bilh\u00f5es. Sal\u00e1rio m\u00ednimo no pr\u00f3ximo ano ser\u00e1 de R$ 1.741","robots":{"index":"index","follow":"follow","max-snippet":"max-snippet:-1","max-image-preview":"max-image-preview:large","max-video-preview":"max-video-preview:-1"},"canonical":"https:\/\/newblogs.correiobraziliense.com.br\/blog-da-rosana-hessel\/governo-reduz-projecao-de-pib-no-ploa-de-2027-e-preve-superavit-de-r-186-bi\/","og_locale":"pt_BR","og_type":"article","og_title":"Governo reduz proje\u00e7\u00e3o de PIB no Ploa de 2027 e prev\u00ea superavit de R$ 18,6 bi - Blog da Rosana Hessel","og_description":"Projeto de Lei Or\u00e7ament\u00e1ria Anual (Ploa) de 2027 prev\u00ea aumento de 7,7% no limite de despesas, para R$ 2,576 trilh\u00f5es, e superavit efetivo de R$ 18,6 bilh\u00f5es. Sal\u00e1rio m\u00ednimo no pr\u00f3ximo ano ser\u00e1 de R$ 1.741","og_url":"https:\/\/newblogs.correiobraziliense.com.br\/blog-da-rosana-hessel\/governo-reduz-projecao-de-pib-no-ploa-de-2027-e-preve-superavit-de-r-186-bi\/","og_site_name":"Blog da Rosana Hessel","article_published_time":"2026-08-31T20:56:54+00:00","article_modified_time":"2026-09-01T11:52:45+00:00","og_image":[{"width":480,"height":640,"url":"http:\/\/newblogs.correiobraziliense.com.br\/blog-da-rosana-hessel\/wp-content\/uploads\/sites\/5\/2026\/08\/PLOA2027COLETIVA-rotated.jpeg","type":"image\/jpeg"}],"author":"Rosana Hessel","schema":{"@context":"https:\/\/schema.org","@graph":[{"@type":"Article","@id":"https:\/\/newblogs.correiobraziliense.com.br\/blog-da-rosana-hessel\/governo-reduz-projecao-de-pib-no-ploa-de-2027-e-preve-superavit-de-r-186-bi\/#article","isPartOf":{"@id":"https:\/\/newblogs.correiobraziliense.com.br\/blog-da-rosana-hessel\/governo-reduz-projecao-de-pib-no-ploa-de-2027-e-preve-superavit-de-r-186-bi\/"},"author":{"name":"Rosana Hessel","@id":"https:\/\/newblogs.correiobraziliense.com.br\/blog-da-rosana-hessel\/#\/schema\/person\/824cb3c631cf0d4056f75ca02599a930"},"headline":"Governo reduz proje\u00e7\u00e3o de PIB no Ploa de 2027 e prev\u00ea superavit de R$ 18,6 bi","datePublished":"2026-08-31T20:56:54+00:00","dateModified":"2026-09-01T11:52:45+00:00","mainEntityOfPage":{"@id":"https:\/\/newblogs.correiobraziliense.com.br\/blog-da-rosana-hessel\/governo-reduz-projecao-de-pib-no-ploa-de-2027-e-preve-superavit-de-r-186-bi\/"},"wordCount":1114,"image":{"@id":"https:\/\/newblogs.correiobraziliense.com.br\/blog-da-rosana-hessel\/governo-reduz-projecao-de-pib-no-ploa-de-2027-e-preve-superavit-de-r-186-bi\/#primaryimage"},"thumbnailUrl":"https:\/\/newblogs.correiobraziliense.com.br\/blog-da-rosana-hessel\/wp-content\/uploads\/sites\/5\/2026\/08\/PLOA2027COLETIVA-rotated.jpeg","keywords":["arcabou\u00e7o fiscal","contas p\u00fablicas","or\u00e7amento","ploa de 2027","sal\u00e1rio m\u00ednimo"],"articleSection":["Contas p\u00fablicas"],"inLanguage":"pt-BR"},{"@type":"WebPage","@id":"https:\/\/newblogs.correiobraziliense.com.br\/blog-da-rosana-hessel\/governo-reduz-projecao-de-pib-no-ploa-de-2027-e-preve-superavit-de-r-186-bi\/","url":"https:\/\/newblogs.correiobraziliense.com.br\/blog-da-rosana-hessel\/governo-reduz-projecao-de-pib-no-ploa-de-2027-e-preve-superavit-de-r-186-bi\/","name":"Governo reduz proje\u00e7\u00e3o de PIB no Ploa de 2027 e prev\u00ea superavit de R$ 18,6 bi - Blog da Rosana Hessel","isPartOf":{"@id":"https:\/\/newblogs.correiobraziliense.com.br\/blog-da-rosana-hessel\/#website"},"primaryImageOfPage":{"@id":"https:\/\/newblogs.correiobraziliense.com.br\/blog-da-rosana-hessel\/governo-reduz-projecao-de-pib-no-ploa-de-2027-e-preve-superavit-de-r-186-bi\/#primaryimage"},"image":{"@id":"https:\/\/newblogs.correiobraziliense.com.br\/blog-da-rosana-hessel\/governo-reduz-projecao-de-pib-no-ploa-de-2027-e-preve-superavit-de-r-186-bi\/#primaryimage"},"thumbnailUrl":"https:\/\/newblogs.correiobraziliense.com.br\/blog-da-rosana-hessel\/wp-content\/uploads\/sites\/5\/2026\/08\/PLOA2027COLETIVA-rotated.jpeg","datePublished":"2026-08-31T20:56:54+00:00","dateModified":"2026-09-01T11:52:45+00:00","author":{"@id":"https:\/\/newblogs.correiobraziliense.com.br\/blog-da-rosana-hessel\/#\/schema\/person\/824cb3c631cf0d4056f75ca02599a930"},"description":"Projeto de Lei Or\u00e7ament\u00e1ria Anual (Ploa) de 2027 prev\u00ea aumento de 7,7% no limite de despesas, para R$ 2,576 trilh\u00f5es, e superavit efetivo de R$ 18,6 bilh\u00f5es. Sal\u00e1rio m\u00ednimo no pr\u00f3ximo ano ser\u00e1 de R$ 1.741","breadcrumb":{"@id":"https:\/\/newblogs.correiobraziliense.com.br\/blog-da-rosana-hessel\/governo-reduz-projecao-de-pib-no-ploa-de-2027-e-preve-superavit-de-r-186-bi\/#breadcrumb"},"inLanguage":"pt-BR","potentialAction":[{"@type":"ReadAction","target":["https:\/\/newblogs.correiobraziliense.com.br\/blog-da-rosana-hessel\/governo-reduz-projecao-de-pib-no-ploa-de-2027-e-preve-superavit-de-r-186-bi\/"]}]},{"@type":"ImageObject","inLanguage":"pt-BR","@id":"https:\/\/newblogs.correiobraziliense.com.br\/blog-da-rosana-hessel\/governo-reduz-projecao-de-pib-no-ploa-de-2027-e-preve-superavit-de-r-186-bi\/#primaryimage","url":"https:\/\/newblogs.correiobraziliense.com.br\/blog-da-rosana-hessel\/wp-content\/uploads\/sites\/5\/2026\/08\/PLOA2027COLETIVA-rotated.jpeg","contentUrl":"https:\/\/newblogs.correiobraziliense.com.br\/blog-da-rosana-hessel\/wp-content\/uploads\/sites\/5\/2026\/08\/PLOA2027COLETIVA-rotated.jpeg","width":480,"height":640},{"@type":"BreadcrumbList","@id":"https:\/\/newblogs.correiobraziliense.com.br\/blog-da-rosana-hessel\/governo-reduz-projecao-de-pib-no-ploa-de-2027-e-preve-superavit-de-r-186-bi\/#breadcrumb","itemListElement":[{"@type":"ListItem","position":1,"name":"In\u00edcio","item":"https:\/\/newblogs.correiobraziliense.com.br\/blog-da-rosana-hessel\/"},{"@type":"ListItem","position":2,"name":"Governo reduz proje\u00e7\u00e3o de PIB no Ploa de 2027 e prev\u00ea superavit de R$ 18,6 bi"}]},{"@type":"WebSite","@id":"https:\/\/newblogs.correiobraziliense.com.br\/blog-da-rosana-hessel\/#website","url":"https:\/\/newblogs.correiobraziliense.com.br\/blog-da-rosana-hessel\/","name":"Blog da Rosana Hessel","description":"Not\u00edcias atualizadas e an\u00e1lises sobre economia. Acompanhe-nos para entender as tend\u00eancias e os impactos econ\u00f4micos que influenciam o seu dia a dia, tanto no Brasil quanto no exterior.","potentialAction":[{"@type":"SearchAction","target":{"@type":"EntryPoint","urlTemplate":"https:\/\/newblogs.correiobraziliense.com.br\/blog-da-rosana-hessel\/?s={search_term_string}"},"query-input":{"@type":"PropertyValueSpecification","valueRequired":true,"valueName":"search_term_string"}}],"inLanguage":"pt-BR"},{"@type":"Person","@id":"https:\/\/newblogs.correiobraziliense.com.br\/blog-da-rosana-hessel\/#\/schema\/person\/824cb3c631cf0d4056f75ca02599a930","name":"Rosana Hessel","image":{"@type":"ImageObject","inLanguage":"pt-BR","@id":"https:\/\/secure.gravatar.com\/avatar\/fe780cf1839cf10cd6d682fb080611e0d2a459b64be8a8781778109777fbcfd3?s=96&d=mm&r=g","url":"https:\/\/secure.gravatar.com\/avatar\/fe780cf1839cf10cd6d682fb080611e0d2a459b64be8a8781778109777fbcfd3?s=96&d=mm&r=g","contentUrl":"https:\/\/secure.gravatar.com\/avatar\/fe780cf1839cf10cd6d682fb080611e0d2a459b64be8a8781778109777fbcfd3?s=96&d=mm&r=g","caption":"Rosana Hessel"},"description":"Formada pela Pontif\u00edcia Universidade Cat\u00f3lica de S\u00e3o Paulo (PUC-SP), \u00e9 jornalista de economia desde 1995, quando passou a integrar o time da Gazeta Mercantil. Est\u00e1 sempre atr\u00e1s da boa informa\u00e7\u00e3o. Possui especializa\u00e7\u00e3o em economia pela FGV e MBA em Finan\u00e7as pela FIA-USP. Trabalha no Correio Braziliense desde 2010. Ganhou o Pr\u00eamio Esso de Jornalismo Econ\u00f4mico em 2014 e em 2015 com a equipe do Correio. Foi finalista entre os 50 jornalistas +Admirados da Imprensa de Economia, Neg\u00f3cios e Finan\u00e7as 2024, promovido pela Jornalistas&amp;Cia.","url":"https:\/\/newblogs.correiobraziliense.com.br\/blog-da-rosana-hessel\/author\/rosanahessel\/"}]}},"_links":{"self":[{"href":"https:\/\/newblogs.correiobraziliense.com.br\/blog-da-rosana-hessel\/wp-json\/wp\/v2\/posts\/36246","targetHints":{"allow":["GET"]}}],"collection":[{"href":"https:\/\/newblogs.correiobraziliense.com.br\/blog-da-rosana-hessel\/wp-json\/wp\/v2\/posts"}],"about":[{"href":"https:\/\/newblogs.correiobraziliense.com.br\/blog-da-rosana-hessel\/wp-json\/wp\/v2\/types\/post"}],"author":[{"embeddable":true,"href":"https:\/\/newblogs.correiobraziliense.com.br\/blog-da-rosana-hessel\/wp-json\/wp\/v2\/users\/10"}],"replies":[{"embeddable":true,"href":"https:\/\/newblogs.correiobraziliense.com.br\/blog-da-rosana-hessel\/wp-json\/wp\/v2\/comments?post=36246"}],"version-history":[{"count":61,"href":"https:\/\/newblogs.correiobraziliense.com.br\/blog-da-rosana-hessel\/wp-json\/wp\/v2\/posts\/36246\/revisions"}],"predecessor-version":[{"id":36338,"href":"https:\/\/newblogs.correiobraziliense.com.br\/blog-da-rosana-hessel\/wp-json\/wp\/v2\/posts\/36246\/revisions\/36338"}],"wp:featuredmedia":[{"embeddable":true,"href":"https:\/\/newblogs.correiobraziliense.com.br\/blog-da-rosana-hessel\/wp-json\/wp\/v2\/media\/36324"}],"wp:attachment":[{"href":"https:\/\/newblogs.correiobraziliense.com.br\/blog-da-rosana-hessel\/wp-json\/wp\/v2\/media?parent=36246"}],"wp:term":[{"taxonomy":"category","embeddable":true,"href":"https:\/\/newblogs.correiobraziliense.com.br\/blog-da-rosana-hessel\/wp-json\/wp\/v2\/categories?post=36246"},{"taxonomy":"post_tag","embeddable":true,"href":"https:\/\/newblogs.correiobraziliense.com.br\/blog-da-rosana-hessel\/wp-json\/wp\/v2\/tags?post=36246"}],"curies":[{"name":"wp","href":"https:\/\/api.w.org\/{rel}","templated":true}]}}