{"id":35463,"date":"2026-04-30T15:45:41","date_gmt":"2026-04-30T18:45:41","guid":{"rendered":"https:\/\/newblogs.correiobraziliense.com.br\/blog-da-rosana-hessel\/?p=35463"},"modified":"2026-04-30T15:45:44","modified_gmt":"2026-04-30T18:45:44","slug":"novas-projecoes-do-bradesco-aponta-inflacao-de-47-no-fim-do-ano","status":"publish","type":"post","link":"https:\/\/newblogs.correiobraziliense.com.br\/blog-da-rosana-hessel\/novas-projecoes-do-bradesco-aponta-inflacao-de-47-no-fim-do-ano\/","title":{"rendered":"Novas proje\u00e7\u00f5es do Bradesco aponta infla\u00e7\u00e3o de 4,7% no fim do ano"},"content":{"rendered":"\n<p>Acompanhando a onda de revis\u00f5es de cen\u00e1rios, o banco Bradesco atualizou as proje\u00e7\u00f5es para 2026, fazendo pequenos ajustes devido ao in\u00edcio do conflito no Oriente M\u00e9dio, mas considerando o fim dessa guerra ainda neste segundo trimestre do ano, ou seja, at\u00e9 junho.\u00a0<\/p>\n\n\n\n<p>Com as novas previs\u00f5es do Bradesco a proje\u00e7\u00e3o de alta do Produto Interno Bruto (PIB) deste ano passou de 1,5% para 1,6%, enquanto a perspectiva para o \u00cdndice de Pre\u00e7os ao Consumidor Amplo (IPCA), que mede a infla\u00e7\u00e3o oficial, foi revisada de 4,3% para 4,7%. Para o PIB 2026, foi mantida a previs\u00e3o de crescimento de 2%.<\/p>\n\n\n\n<p>Esse cen\u00e1rio tamb\u00e9m considera o d\u00f3lar flutuando em R$ 5 at\u00e9 o pr\u00f3ximo ano, sob a hip\u00f3tese de n\u00e3o fortalecimento do d\u00f3lar. Essa conjuntura, ali\u00e1s, deve favorecer o Brasil, pois o pa\u00eds acaba entrando no radar de investidores estrangeiros.<\/p>\n\n\n\n<p>\u201cOs indicadores de atividade seguem compat\u00edveis com uma acelera\u00e7\u00e3o do PIB no primeiro trimestre. O avan\u00e7o da atividade nos primeiros tr\u00eas meses ser\u00e1 liderado pelos setores menos sens\u00edveis ao ciclo econ\u00f4mico, a exemplo do que ocorreu no ano passado\u201d, escreveu o economista-chefe do Bradesco, Fernando Honorato, no relat\u00f3rio enviado aos clientes.&nbsp;<\/p>\n\n\n\n<p>De acordo com o documento, o Banco Central dever\u00e1 seguir com seu ciclo de calibra\u00e7\u00e3o da taxa b\u00e1sica da economia (Selic), reduzindo os juros b\u00e1sicos gradualmente, no ritmo de 0,25 ponto percentual nas pr\u00f3ximas reuni\u00f5es. <\/p>\n\n\n\n<p>\u201cAo longo do segundo semestre, se os impactos sobre os pre\u00e7os dom\u00e9sticos se mostrarem circunscritos aos efeitos de primeira ordem, o BC poder\u00e1 acelerar o ritmo de cortes. Dessa forma, esperamos que a Selic encerre o ano em 12,75% ao ano\u201d, acrescentou Honorato. Ele tem uma previs\u00e3o mais otimista do que a mediana do mercado, que prev\u00ea a taxa Selic encerrando o ano em 13% anuais.\u00a0<\/p>\n\n\n\n<p>Pelas proje\u00e7\u00f5es do Bradesco, o Brasil segue crescendo menos do que a m\u00e9dia global, de 3,1%, neste ano e no pr\u00f3ximo. Em compara\u00e7\u00e3o aos pa\u00edses vizinhos da Am\u00e9rica Latina, a regi\u00e3o dever\u00e1 crescer menos do que o Brasil, neste ano, pelas proje\u00e7\u00f5es da institui\u00e7\u00e3o financeira, com alta de 1,2%, passando para 2%, no ano que vem..<\/p>\n\n\n\n<p>Pelas proje\u00e7\u00f5es do Bradesco, embora ainda n\u00e3o ocorra resultados concretos, os riscos de um prolongamento indefinido do conflito no Oriente M\u00e9dio est\u00e3o diminuindo por interven\u00e7\u00f5es das vias diplom\u00e1ticas. Dessa forma, o banco trabalha com o pre\u00e7o do barril do petr\u00f3leo, que chegou a ser negociado acima de US$ 200 nos \u00faltimos dias, encerrando o ano em torno de US$ 85.<\/p>\n","protected":false},"excerpt":{"rendered":"<p>Conflito no Oriente M\u00e9dio faz Bradesco revisar previs\u00f5es para o PIB do Brasil deste ano de 1,5% para 1,6% e elevar estimativa de infla\u00e7\u00e3o de 4,3% para 4,7%, considerando que a guerra termine ainda no segundo trimestre<\/p>\n","protected":false},"author":10,"featured_media":33232,"comment_status":"closed","ping_status":"closed","sticky":false,"template":"","format":"standard","meta":{"_acf_changed":false,"inline_featured_image":false,"footnotes":""},"categories":[2078,1],"tags":[1549,2260,32,33,2240,7,1680,84],"class_list":["post-35463","post","type-post","status-publish","format-standard","has-post-thumbnail","hentry","category-economia-global","category-sem-categoria","tag-bradesco","tag-conflito-no-oriente-medio","tag-inflacao","tag-ipca","tag-petroleo","tag-pib","tag-projecoes","tag-selic"],"acf":[],"yoast_head":"<!-- This site is optimized with the Yoast SEO plugin v27.3 - https:\/\/yoast.com\/product\/yoast-seo-wordpress\/ -->\n<title>Novas proje\u00e7\u00f5es do Bradesco aponta infla\u00e7\u00e3o de 4,7% no fim do ano - Blog da Rosana Hessel<\/title>\n<meta name=\"description\" content=\"Conflito no Oriente M\u00e9dio faz Bradesco revisar previs\u00f5es para o PIB do Brasil deste ano de 1,5% para 1,6% e elevar estimativa de infla\u00e7\u00e3o de 4,3% para 4,7%, considerando que a guerra termine ainda no segundo trimestre\" \/>\n<meta name=\"robots\" content=\"index, follow, max-snippet:-1, max-image-preview:large, max-video-preview:-1\" \/>\n<link rel=\"canonical\" href=\"https:\/\/newblogs.correiobraziliense.com.br\/blog-da-rosana-hessel\/novas-projecoes-do-bradesco-aponta-inflacao-de-47-no-fim-do-ano\/\" \/>\n<meta property=\"og:locale\" content=\"pt_BR\" \/>\n<meta property=\"og:type\" content=\"article\" \/>\n<meta property=\"og:title\" content=\"Novas proje\u00e7\u00f5es do Bradesco aponta infla\u00e7\u00e3o de 4,7% no fim do ano - Blog da Rosana Hessel\" \/>\n<meta property=\"og:description\" content=\"Conflito no Oriente M\u00e9dio faz Bradesco revisar previs\u00f5es para o PIB do Brasil deste ano de 1,5% para 1,6% e elevar estimativa de infla\u00e7\u00e3o de 4,3% para 4,7%, considerando que a guerra termine ainda no segundo trimestre\" \/>\n<meta property=\"og:url\" content=\"https:\/\/newblogs.correiobraziliense.com.br\/blog-da-rosana-hessel\/novas-projecoes-do-bradesco-aponta-inflacao-de-47-no-fim-do-ano\/\" \/>\n<meta property=\"og:site_name\" content=\"Blog da Rosana Hessel\" \/>\n<meta property=\"article:published_time\" content=\"2026-04-30T18:45:41+00:00\" \/>\n<meta property=\"article:modified_time\" content=\"2026-04-30T18:45:44+00:00\" \/>\n<meta property=\"og:image\" content=\"http:\/\/newblogs.correiobraziliense.com.br\/blog-da-rosana-hessel\/wp-content\/uploads\/sites\/5\/2025\/06\/iconepib-32947519.jpg\" \/>\n\t<meta property=\"og:image:width\" content=\"1200\" \/>\n\t<meta property=\"og:image:height\" content=\"827\" \/>\n\t<meta property=\"og:image:type\" content=\"image\/jpeg\" \/>\n<meta name=\"author\" content=\"Rosana Hessel\" \/>\n<!-- \/ Yoast SEO plugin. -->","yoast_head_json":{"title":"Novas proje\u00e7\u00f5es do Bradesco aponta infla\u00e7\u00e3o de 4,7% no fim do ano - Blog da Rosana Hessel","description":"Conflito no Oriente M\u00e9dio faz Bradesco revisar previs\u00f5es para o PIB do Brasil deste ano de 1,5% para 1,6% e elevar estimativa de infla\u00e7\u00e3o de 4,3% para 4,7%, considerando que a guerra termine ainda no segundo trimestre","robots":{"index":"index","follow":"follow","max-snippet":"max-snippet:-1","max-image-preview":"max-image-preview:large","max-video-preview":"max-video-preview:-1"},"canonical":"https:\/\/newblogs.correiobraziliense.com.br\/blog-da-rosana-hessel\/novas-projecoes-do-bradesco-aponta-inflacao-de-47-no-fim-do-ano\/","og_locale":"pt_BR","og_type":"article","og_title":"Novas proje\u00e7\u00f5es do Bradesco aponta infla\u00e7\u00e3o de 4,7% no fim do ano - Blog da Rosana Hessel","og_description":"Conflito no Oriente M\u00e9dio faz Bradesco revisar previs\u00f5es para o PIB do Brasil deste ano de 1,5% para 1,6% e elevar estimativa de infla\u00e7\u00e3o de 4,3% para 4,7%, considerando que a guerra termine ainda no segundo trimestre","og_url":"https:\/\/newblogs.correiobraziliense.com.br\/blog-da-rosana-hessel\/novas-projecoes-do-bradesco-aponta-inflacao-de-47-no-fim-do-ano\/","og_site_name":"Blog da Rosana Hessel","article_published_time":"2026-04-30T18:45:41+00:00","article_modified_time":"2026-04-30T18:45:44+00:00","og_image":[{"width":1200,"height":827,"url":"http:\/\/newblogs.correiobraziliense.com.br\/blog-da-rosana-hessel\/wp-content\/uploads\/sites\/5\/2025\/06\/iconepib-32947519.jpg","type":"image\/jpeg"}],"author":"Rosana Hessel","schema":{"@context":"https:\/\/schema.org","@graph":[{"@type":"Article","@id":"https:\/\/newblogs.correiobraziliense.com.br\/blog-da-rosana-hessel\/novas-projecoes-do-bradesco-aponta-inflacao-de-47-no-fim-do-ano\/#article","isPartOf":{"@id":"https:\/\/newblogs.correiobraziliense.com.br\/blog-da-rosana-hessel\/novas-projecoes-do-bradesco-aponta-inflacao-de-47-no-fim-do-ano\/"},"author":{"name":"Rosana Hessel","@id":"https:\/\/newblogs.correiobraziliense.com.br\/blog-da-rosana-hessel\/#\/schema\/person\/824cb3c631cf0d4056f75ca02599a930"},"headline":"Novas proje\u00e7\u00f5es do Bradesco aponta infla\u00e7\u00e3o de 4,7% no fim do ano","datePublished":"2026-04-30T18:45:41+00:00","dateModified":"2026-04-30T18:45:44+00:00","mainEntityOfPage":{"@id":"https:\/\/newblogs.correiobraziliense.com.br\/blog-da-rosana-hessel\/novas-projecoes-do-bradesco-aponta-inflacao-de-47-no-fim-do-ano\/"},"wordCount":455,"image":{"@id":"https:\/\/newblogs.correiobraziliense.com.br\/blog-da-rosana-hessel\/novas-projecoes-do-bradesco-aponta-inflacao-de-47-no-fim-do-ano\/#primaryimage"},"thumbnailUrl":"https:\/\/newblogs.correiobraziliense.com.br\/blog-da-rosana-hessel\/wp-content\/uploads\/sites\/5\/2025\/06\/iconepib-32947519.jpg","keywords":["Bradesco","conflito no Oriente M\u00e9dio","infla\u00e7\u00e3o","IPCA","petr\u00f3leo","PIB","proje\u00e7\u00f5es","Selic"],"articleSection":["Economia global","Macroeconomia"],"inLanguage":"pt-BR"},{"@type":"WebPage","@id":"https:\/\/newblogs.correiobraziliense.com.br\/blog-da-rosana-hessel\/novas-projecoes-do-bradesco-aponta-inflacao-de-47-no-fim-do-ano\/","url":"https:\/\/newblogs.correiobraziliense.com.br\/blog-da-rosana-hessel\/novas-projecoes-do-bradesco-aponta-inflacao-de-47-no-fim-do-ano\/","name":"Novas proje\u00e7\u00f5es do Bradesco aponta infla\u00e7\u00e3o de 4,7% no fim do ano - Blog da Rosana Hessel","isPartOf":{"@id":"https:\/\/newblogs.correiobraziliense.com.br\/blog-da-rosana-hessel\/#website"},"primaryImageOfPage":{"@id":"https:\/\/newblogs.correiobraziliense.com.br\/blog-da-rosana-hessel\/novas-projecoes-do-bradesco-aponta-inflacao-de-47-no-fim-do-ano\/#primaryimage"},"image":{"@id":"https:\/\/newblogs.correiobraziliense.com.br\/blog-da-rosana-hessel\/novas-projecoes-do-bradesco-aponta-inflacao-de-47-no-fim-do-ano\/#primaryimage"},"thumbnailUrl":"https:\/\/newblogs.correiobraziliense.com.br\/blog-da-rosana-hessel\/wp-content\/uploads\/sites\/5\/2025\/06\/iconepib-32947519.jpg","datePublished":"2026-04-30T18:45:41+00:00","dateModified":"2026-04-30T18:45:44+00:00","author":{"@id":"https:\/\/newblogs.correiobraziliense.com.br\/blog-da-rosana-hessel\/#\/schema\/person\/824cb3c631cf0d4056f75ca02599a930"},"description":"Conflito no Oriente M\u00e9dio faz Bradesco revisar previs\u00f5es para o PIB do Brasil deste ano de 1,5% para 1,6% e elevar estimativa de infla\u00e7\u00e3o de 4,3% para 4,7%, considerando que a guerra termine ainda no segundo trimestre","breadcrumb":{"@id":"https:\/\/newblogs.correiobraziliense.com.br\/blog-da-rosana-hessel\/novas-projecoes-do-bradesco-aponta-inflacao-de-47-no-fim-do-ano\/#breadcrumb"},"inLanguage":"pt-BR","potentialAction":[{"@type":"ReadAction","target":["https:\/\/newblogs.correiobraziliense.com.br\/blog-da-rosana-hessel\/novas-projecoes-do-bradesco-aponta-inflacao-de-47-no-fim-do-ano\/"]}]},{"@type":"ImageObject","inLanguage":"pt-BR","@id":"https:\/\/newblogs.correiobraziliense.com.br\/blog-da-rosana-hessel\/novas-projecoes-do-bradesco-aponta-inflacao-de-47-no-fim-do-ano\/#primaryimage","url":"https:\/\/newblogs.correiobraziliense.com.br\/blog-da-rosana-hessel\/wp-content\/uploads\/sites\/5\/2025\/06\/iconepib-32947519.jpg","contentUrl":"https:\/\/newblogs.correiobraziliense.com.br\/blog-da-rosana-hessel\/wp-content\/uploads\/sites\/5\/2025\/06\/iconepib-32947519.jpg","width":1200,"height":827,"caption":"icone pib\/Kleber Salles\/DAPress"},{"@type":"BreadcrumbList","@id":"https:\/\/newblogs.correiobraziliense.com.br\/blog-da-rosana-hessel\/novas-projecoes-do-bradesco-aponta-inflacao-de-47-no-fim-do-ano\/#breadcrumb","itemListElement":[{"@type":"ListItem","position":1,"name":"In\u00edcio","item":"https:\/\/newblogs.correiobraziliense.com.br\/blog-da-rosana-hessel\/"},{"@type":"ListItem","position":2,"name":"Novas proje\u00e7\u00f5es do Bradesco aponta infla\u00e7\u00e3o de 4,7% no fim do ano"}]},{"@type":"WebSite","@id":"https:\/\/newblogs.correiobraziliense.com.br\/blog-da-rosana-hessel\/#website","url":"https:\/\/newblogs.correiobraziliense.com.br\/blog-da-rosana-hessel\/","name":"Blog da Rosana Hessel","description":"Not\u00edcias atualizadas e an\u00e1lises sobre economia. Acompanhe-nos para entender as tend\u00eancias e os impactos econ\u00f4micos que influenciam o seu dia a dia, tanto no Brasil quanto no exterior.","potentialAction":[{"@type":"SearchAction","target":{"@type":"EntryPoint","urlTemplate":"https:\/\/newblogs.correiobraziliense.com.br\/blog-da-rosana-hessel\/?s={search_term_string}"},"query-input":{"@type":"PropertyValueSpecification","valueRequired":true,"valueName":"search_term_string"}}],"inLanguage":"pt-BR"},{"@type":"Person","@id":"https:\/\/newblogs.correiobraziliense.com.br\/blog-da-rosana-hessel\/#\/schema\/person\/824cb3c631cf0d4056f75ca02599a930","name":"Rosana Hessel","image":{"@type":"ImageObject","inLanguage":"pt-BR","@id":"https:\/\/secure.gravatar.com\/avatar\/fe780cf1839cf10cd6d682fb080611e0d2a459b64be8a8781778109777fbcfd3?s=96&d=mm&r=g","url":"https:\/\/secure.gravatar.com\/avatar\/fe780cf1839cf10cd6d682fb080611e0d2a459b64be8a8781778109777fbcfd3?s=96&d=mm&r=g","contentUrl":"https:\/\/secure.gravatar.com\/avatar\/fe780cf1839cf10cd6d682fb080611e0d2a459b64be8a8781778109777fbcfd3?s=96&d=mm&r=g","caption":"Rosana Hessel"},"description":"Formada pela Pontif\u00edcia Universidade Cat\u00f3lica de S\u00e3o Paulo (PUC-SP), \u00e9 jornalista de economia desde 1995, quando passou a integrar o time da Gazeta Mercantil. Est\u00e1 sempre atr\u00e1s da boa informa\u00e7\u00e3o. Possui especializa\u00e7\u00e3o em economia pela FGV e MBA em Finan\u00e7as pela FIA-USP. Trabalha no Correio Braziliense desde 2010. Ganhou o Pr\u00eamio Esso de Jornalismo Econ\u00f4mico em 2014 e em 2015 com a equipe do Correio. Foi finalista entre os 50 jornalistas +Admirados da Imprensa de Economia, Neg\u00f3cios e Finan\u00e7as 2024, promovido pela Jornalistas&amp;Cia.","url":"https:\/\/newblogs.correiobraziliense.com.br\/blog-da-rosana-hessel\/author\/rosanahessel\/"}]}},"_links":{"self":[{"href":"https:\/\/newblogs.correiobraziliense.com.br\/blog-da-rosana-hessel\/wp-json\/wp\/v2\/posts\/35463","targetHints":{"allow":["GET"]}}],"collection":[{"href":"https:\/\/newblogs.correiobraziliense.com.br\/blog-da-rosana-hessel\/wp-json\/wp\/v2\/posts"}],"about":[{"href":"https:\/\/newblogs.correiobraziliense.com.br\/blog-da-rosana-hessel\/wp-json\/wp\/v2\/types\/post"}],"author":[{"embeddable":true,"href":"https:\/\/newblogs.correiobraziliense.com.br\/blog-da-rosana-hessel\/wp-json\/wp\/v2\/users\/10"}],"replies":[{"embeddable":true,"href":"https:\/\/newblogs.correiobraziliense.com.br\/blog-da-rosana-hessel\/wp-json\/wp\/v2\/comments?post=35463"}],"version-history":[{"count":5,"href":"https:\/\/newblogs.correiobraziliense.com.br\/blog-da-rosana-hessel\/wp-json\/wp\/v2\/posts\/35463\/revisions"}],"predecessor-version":[{"id":35469,"href":"https:\/\/newblogs.correiobraziliense.com.br\/blog-da-rosana-hessel\/wp-json\/wp\/v2\/posts\/35463\/revisions\/35469"}],"wp:featuredmedia":[{"embeddable":true,"href":"https:\/\/newblogs.correiobraziliense.com.br\/blog-da-rosana-hessel\/wp-json\/wp\/v2\/media\/33232"}],"wp:attachment":[{"href":"https:\/\/newblogs.correiobraziliense.com.br\/blog-da-rosana-hessel\/wp-json\/wp\/v2\/media?parent=35463"}],"wp:term":[{"taxonomy":"category","embeddable":true,"href":"https:\/\/newblogs.correiobraziliense.com.br\/blog-da-rosana-hessel\/wp-json\/wp\/v2\/categories?post=35463"},{"taxonomy":"post_tag","embeddable":true,"href":"https:\/\/newblogs.correiobraziliense.com.br\/blog-da-rosana-hessel\/wp-json\/wp\/v2\/tags?post=35463"}],"curies":[{"name":"wp","href":"https:\/\/api.w.org\/{rel}","templated":true}]}}