{"id":35453,"date":"2026-04-30T10:54:13","date_gmt":"2026-04-30T13:54:13","guid":{"rendered":"https:\/\/newblogs.correiobraziliense.com.br\/blog-da-rosana-hessel\/?p=35453"},"modified":"2026-04-30T12:00:51","modified_gmt":"2026-04-30T15:00:51","slug":"bc-divida-publica-bruta-acelera-em-marco-e-atinge-801-do-pib","status":"publish","type":"post","link":"https:\/\/newblogs.correiobraziliense.com.br\/blog-da-rosana-hessel\/bc-divida-publica-bruta-acelera-em-marco-e-atinge-801-do-pib\/","title":{"rendered":"BC: d\u00edvida p\u00fablica bruta acelera em mar\u00e7o e atinge 80,1% do PIB"},"content":{"rendered":"\n<p>O Banco Central divulgou, nesta sexta-feira (30\/4), dados da d\u00edvida p\u00fablica bruta do governo geral (DBGG), que segue crescendo e acelerou de 79,2%, em fevereiro, para 80,1% do Produto Interno Bruto (PIB), em mar\u00e7o, somando R$ 10,35 trilh\u00f5es, acima da mediana das proje\u00e7\u00f5es do mercado, de 79,6% do PIB. E, com isso, o endividamento do pa\u00eds volta a ficar pr\u00f3ximo de patamares de 2020, ano da pandemia da covid-19, sem que houvesse um novo v\u00edrus para justificar um aumento de gastos semelhante.<\/p>\n\n\n\n<p>Esses dados s\u00e3o da metodologia do Banco Central, que s\u00e3o diferentes da considerada pelo Fundo Monet\u00e1rio Internacional (FMI), que contabiliza os t\u00edtulos do Tesouro Nacional depositados na conta do BC. Nesse c\u00e1lculo, a d\u00edvida p\u00fablica bruta recuou de 94% do PIB para 92% do PIB, entre fevereiro e mar\u00e7o, somando R$ 11,9 trilh\u00f5es &#8212; reflexo da queda de R$ 1,9 trilh\u00e3o para R$ 1,5 trilh\u00e3o do volume de t\u00edtulos p\u00fablicos na carteira do Banco Central e n\u00e3o uma economia do setor p\u00fablico de que estaria gastando menos do que arrecada, pelo contr\u00e1rio.<\/p>\n\n\n\n<p>Os dados do Banco Central mostram que o setor p\u00fablico consolidado, que re\u00fane as contas da Uni\u00e3o, dos estados, dos\u00a0munic\u00edpios e das estatais federais, registraram o pior mar\u00e7o da s\u00e9rie hist\u00f3rica. No conceito do resultado prim\u00e1rio \u2014 que isola receitas e despesas n\u00e3o financeiras, excluindo a conta de juros nominais apropriados sobre a d\u00edvida \u2014 o setor p\u00fablico consolidado\u00a0gastou R$ 80,7 bilh\u00f5es a mais do que arrecadou.\u00a0 E, no acumulado em 12 meses, o rombo fiscal somou R$ 137,1 bilh\u00f5es, o equivalente a 1,06% do PIB, sendo que o governo central teve um deficit  prim\u00e1rio de R$ 128,1 bilh\u00f5es (0,99% do PIB), no mesmo per\u00edodo. Vale lembrar que a meta fiscal para este ano prev\u00ea um superavit prim\u00e1rio de R$ 34,3 bilh\u00f5es, ou 0,25% do PIB, com piso de deficit zero para as contas p\u00fablicas. \u00a0<\/p>\n\n\n\n<p>Enquanto isso, a conta de juros nominais apropriados, que \u00e9 a que mais tem pesado na d\u00edvida p\u00fablica, somou R$ 118,9 bilh\u00f5es, no terceiro m\u00eas do ano, e, no acumulado em 12 meses at\u00e9 mar\u00e7o, chegou a R$ 1,080 trilh\u00f5es \u2013 o equivalente a 8,35% do PIB \u2014 dado acima dos R$ 935 bilh\u00f5es ou 7,77% do PIB contabilizados no mesmo per\u00edodo at\u00e9 mar\u00e7o de 2025 \u2013, refletindo o peso dos juros mais elevados.<\/p>\n\n\n\n<p>Com isso, o deficit nominal do m\u00eas chegou a R$ 199,6 bilh\u00f5es, acima da mediana das proje\u00e7\u00f5es de mercado, de R$ 148 bilh\u00f5es. No acumulado em 12 meses at\u00e9 mar\u00e7o, o deficit nominal, que resume a necessidade de financiamento do pa\u00eds, somou R$ 1,217 trilh\u00e3o, o equivalente a 9,41% do PIB.&nbsp;<\/p>\n\n\n\n\n","protected":false},"excerpt":{"rendered":"<p>Conforme dados do Banco Central, d\u00edvida p\u00fablica bruta chega a 80,1% do PIB, patamar pr\u00f3ximo ao da pandemia da covid-19, e setor p\u00fablico tem pior resultado fiscal de mar\u00e7o da hist\u00f3ria <\/p>\n","protected":false},"author":10,"featured_media":34671,"comment_status":"closed","ping_status":"closed","sticky":false,"template":"","format":"standard","meta":{"_acf_changed":false,"inline_featured_image":false,"footnotes":""},"categories":[1869,1],"tags":[82,313,2280,314,2278,320,2279,719],"class_list":["post-35453","post","type-post","status-publish","format-standard","has-post-thumbnail","hentry","category-contas-publicas","category-sem-categoria","tag-banco-central","tag-contas-publicas","tag-deficit-nominal","tag-deficit-primario","tag-divida-bruta","tag-meta-fiscal","tag-resultado-primario","tag-rombo-fiscal"],"acf":[],"yoast_head":"<!-- This site is optimized with the Yoast SEO plugin v27.3 - https:\/\/yoast.com\/product\/yoast-seo-wordpress\/ -->\n<title>BC: d\u00edvida p\u00fablica bruta acelera em mar\u00e7o e atinge 80,1% do PIB - Blog da Rosana Hessel<\/title>\n<meta name=\"description\" content=\"Conforme dados do Banco Central, d\u00edvida p\u00fablica bruta chega a 80,1% do PIB, patamar pr\u00f3ximo ao da pandemia da covid-19, e setor p\u00fablico tem pior resultado fiscal de mar\u00e7o da hist\u00f3ria\" \/>\n<meta name=\"robots\" content=\"index, follow, max-snippet:-1, max-image-preview:large, max-video-preview:-1\" \/>\n<link rel=\"canonical\" href=\"https:\/\/newblogs.correiobraziliense.com.br\/blog-da-rosana-hessel\/bc-divida-publica-bruta-acelera-em-marco-e-atinge-801-do-pib\/\" \/>\n<meta property=\"og:locale\" content=\"pt_BR\" \/>\n<meta property=\"og:type\" content=\"article\" \/>\n<meta property=\"og:title\" content=\"BC: d\u00edvida p\u00fablica bruta acelera em mar\u00e7o e atinge 80,1% do PIB - Blog da Rosana Hessel\" \/>\n<meta property=\"og:description\" content=\"Conforme dados do Banco Central, d\u00edvida p\u00fablica bruta chega a 80,1% do PIB, patamar pr\u00f3ximo ao da pandemia da covid-19, e setor p\u00fablico tem pior resultado fiscal de mar\u00e7o da hist\u00f3ria\" \/>\n<meta property=\"og:url\" content=\"https:\/\/newblogs.correiobraziliense.com.br\/blog-da-rosana-hessel\/bc-divida-publica-bruta-acelera-em-marco-e-atinge-801-do-pib\/\" \/>\n<meta property=\"og:site_name\" content=\"Blog da Rosana Hessel\" \/>\n<meta property=\"article:published_time\" content=\"2026-04-30T13:54:13+00:00\" \/>\n<meta property=\"article:modified_time\" content=\"2026-04-30T15:00:51+00:00\" \/>\n<meta property=\"og:image\" content=\"http:\/\/newblogs.correiobraziliense.com.br\/blog-da-rosana-hessel\/wp-content\/uploads\/sites\/5\/2025\/12\/fotobcfachada1.jpg\" \/>\n\t<meta property=\"og:image:width\" content=\"399\" \/>\n\t<meta property=\"og:image:height\" content=\"266\" \/>\n\t<meta property=\"og:image:type\" content=\"image\/jpeg\" \/>\n<meta name=\"author\" content=\"Rosana Hessel\" \/>\n<!-- \/ Yoast SEO plugin. -->","yoast_head_json":{"title":"BC: d\u00edvida p\u00fablica bruta acelera em mar\u00e7o e atinge 80,1% do PIB - Blog da Rosana Hessel","description":"Conforme dados do Banco Central, d\u00edvida p\u00fablica bruta chega a 80,1% do PIB, patamar pr\u00f3ximo ao da pandemia da covid-19, e setor p\u00fablico tem pior resultado fiscal de mar\u00e7o da hist\u00f3ria","robots":{"index":"index","follow":"follow","max-snippet":"max-snippet:-1","max-image-preview":"max-image-preview:large","max-video-preview":"max-video-preview:-1"},"canonical":"https:\/\/newblogs.correiobraziliense.com.br\/blog-da-rosana-hessel\/bc-divida-publica-bruta-acelera-em-marco-e-atinge-801-do-pib\/","og_locale":"pt_BR","og_type":"article","og_title":"BC: d\u00edvida p\u00fablica bruta acelera em mar\u00e7o e atinge 80,1% do PIB - Blog da Rosana Hessel","og_description":"Conforme dados do Banco Central, d\u00edvida p\u00fablica bruta chega a 80,1% do PIB, patamar pr\u00f3ximo ao da pandemia da covid-19, e setor p\u00fablico tem pior resultado fiscal de mar\u00e7o da hist\u00f3ria","og_url":"https:\/\/newblogs.correiobraziliense.com.br\/blog-da-rosana-hessel\/bc-divida-publica-bruta-acelera-em-marco-e-atinge-801-do-pib\/","og_site_name":"Blog da Rosana Hessel","article_published_time":"2026-04-30T13:54:13+00:00","article_modified_time":"2026-04-30T15:00:51+00:00","og_image":[{"width":399,"height":266,"url":"http:\/\/newblogs.correiobraziliense.com.br\/blog-da-rosana-hessel\/wp-content\/uploads\/sites\/5\/2025\/12\/fotobcfachada1.jpg","type":"image\/jpeg"}],"author":"Rosana Hessel","schema":{"@context":"https:\/\/schema.org","@graph":[{"@type":"Article","@id":"https:\/\/newblogs.correiobraziliense.com.br\/blog-da-rosana-hessel\/bc-divida-publica-bruta-acelera-em-marco-e-atinge-801-do-pib\/#article","isPartOf":{"@id":"https:\/\/newblogs.correiobraziliense.com.br\/blog-da-rosana-hessel\/bc-divida-publica-bruta-acelera-em-marco-e-atinge-801-do-pib\/"},"author":{"name":"Rosana Hessel","@id":"https:\/\/newblogs.correiobraziliense.com.br\/blog-da-rosana-hessel\/#\/schema\/person\/824cb3c631cf0d4056f75ca02599a930"},"headline":"BC: d\u00edvida p\u00fablica bruta acelera em mar\u00e7o e atinge 80,1% do PIB","datePublished":"2026-04-30T13:54:13+00:00","dateModified":"2026-04-30T15:00:51+00:00","mainEntityOfPage":{"@id":"https:\/\/newblogs.correiobraziliense.com.br\/blog-da-rosana-hessel\/bc-divida-publica-bruta-acelera-em-marco-e-atinge-801-do-pib\/"},"wordCount":473,"image":{"@id":"https:\/\/newblogs.correiobraziliense.com.br\/blog-da-rosana-hessel\/bc-divida-publica-bruta-acelera-em-marco-e-atinge-801-do-pib\/#primaryimage"},"thumbnailUrl":"https:\/\/newblogs.correiobraziliense.com.br\/blog-da-rosana-hessel\/wp-content\/uploads\/sites\/5\/2025\/12\/fotobcfachada1.jpg","keywords":["Banco Central","contas p\u00fablicas","deficit nominal","deficit prim\u00e1rio","d\u00edvida bruta","meta fiscal","resultado prim\u00e1rio","Rombo fiscal"],"articleSection":["Contas p\u00fablicas","Macroeconomia"],"inLanguage":"pt-BR"},{"@type":"WebPage","@id":"https:\/\/newblogs.correiobraziliense.com.br\/blog-da-rosana-hessel\/bc-divida-publica-bruta-acelera-em-marco-e-atinge-801-do-pib\/","url":"https:\/\/newblogs.correiobraziliense.com.br\/blog-da-rosana-hessel\/bc-divida-publica-bruta-acelera-em-marco-e-atinge-801-do-pib\/","name":"BC: d\u00edvida p\u00fablica bruta acelera em mar\u00e7o e atinge 80,1% do PIB - Blog da Rosana Hessel","isPartOf":{"@id":"https:\/\/newblogs.correiobraziliense.com.br\/blog-da-rosana-hessel\/#website"},"primaryImageOfPage":{"@id":"https:\/\/newblogs.correiobraziliense.com.br\/blog-da-rosana-hessel\/bc-divida-publica-bruta-acelera-em-marco-e-atinge-801-do-pib\/#primaryimage"},"image":{"@id":"https:\/\/newblogs.correiobraziliense.com.br\/blog-da-rosana-hessel\/bc-divida-publica-bruta-acelera-em-marco-e-atinge-801-do-pib\/#primaryimage"},"thumbnailUrl":"https:\/\/newblogs.correiobraziliense.com.br\/blog-da-rosana-hessel\/wp-content\/uploads\/sites\/5\/2025\/12\/fotobcfachada1.jpg","datePublished":"2026-04-30T13:54:13+00:00","dateModified":"2026-04-30T15:00:51+00:00","author":{"@id":"https:\/\/newblogs.correiobraziliense.com.br\/blog-da-rosana-hessel\/#\/schema\/person\/824cb3c631cf0d4056f75ca02599a930"},"description":"Conforme dados do Banco Central, d\u00edvida p\u00fablica bruta chega a 80,1% do PIB, patamar pr\u00f3ximo ao da pandemia da covid-19, e setor p\u00fablico tem pior resultado fiscal de mar\u00e7o da hist\u00f3ria","breadcrumb":{"@id":"https:\/\/newblogs.correiobraziliense.com.br\/blog-da-rosana-hessel\/bc-divida-publica-bruta-acelera-em-marco-e-atinge-801-do-pib\/#breadcrumb"},"inLanguage":"pt-BR","potentialAction":[{"@type":"ReadAction","target":["https:\/\/newblogs.correiobraziliense.com.br\/blog-da-rosana-hessel\/bc-divida-publica-bruta-acelera-em-marco-e-atinge-801-do-pib\/"]}]},{"@type":"ImageObject","inLanguage":"pt-BR","@id":"https:\/\/newblogs.correiobraziliense.com.br\/blog-da-rosana-hessel\/bc-divida-publica-bruta-acelera-em-marco-e-atinge-801-do-pib\/#primaryimage","url":"https:\/\/newblogs.correiobraziliense.com.br\/blog-da-rosana-hessel\/wp-content\/uploads\/sites\/5\/2025\/12\/fotobcfachada1.jpg","contentUrl":"https:\/\/newblogs.correiobraziliense.com.br\/blog-da-rosana-hessel\/wp-content\/uploads\/sites\/5\/2025\/12\/fotobcfachada1.jpg","width":399,"height":266,"caption":"Pr\u00e9dio-sede do Banco Central Cr\u00e9dito: Leonardo S\u00e1\/Ag\u00eancia Senado"},{"@type":"BreadcrumbList","@id":"https:\/\/newblogs.correiobraziliense.com.br\/blog-da-rosana-hessel\/bc-divida-publica-bruta-acelera-em-marco-e-atinge-801-do-pib\/#breadcrumb","itemListElement":[{"@type":"ListItem","position":1,"name":"In\u00edcio","item":"https:\/\/newblogs.correiobraziliense.com.br\/blog-da-rosana-hessel\/"},{"@type":"ListItem","position":2,"name":"BC: d\u00edvida p\u00fablica bruta acelera em mar\u00e7o e atinge 80,1% do PIB"}]},{"@type":"WebSite","@id":"https:\/\/newblogs.correiobraziliense.com.br\/blog-da-rosana-hessel\/#website","url":"https:\/\/newblogs.correiobraziliense.com.br\/blog-da-rosana-hessel\/","name":"Blog da Rosana Hessel","description":"Not\u00edcias atualizadas e an\u00e1lises sobre economia. Acompanhe-nos para entender as tend\u00eancias e os impactos econ\u00f4micos que influenciam o seu dia a dia, tanto no Brasil quanto no exterior.","potentialAction":[{"@type":"SearchAction","target":{"@type":"EntryPoint","urlTemplate":"https:\/\/newblogs.correiobraziliense.com.br\/blog-da-rosana-hessel\/?s={search_term_string}"},"query-input":{"@type":"PropertyValueSpecification","valueRequired":true,"valueName":"search_term_string"}}],"inLanguage":"pt-BR"},{"@type":"Person","@id":"https:\/\/newblogs.correiobraziliense.com.br\/blog-da-rosana-hessel\/#\/schema\/person\/824cb3c631cf0d4056f75ca02599a930","name":"Rosana Hessel","image":{"@type":"ImageObject","inLanguage":"pt-BR","@id":"https:\/\/secure.gravatar.com\/avatar\/fe780cf1839cf10cd6d682fb080611e0d2a459b64be8a8781778109777fbcfd3?s=96&d=mm&r=g","url":"https:\/\/secure.gravatar.com\/avatar\/fe780cf1839cf10cd6d682fb080611e0d2a459b64be8a8781778109777fbcfd3?s=96&d=mm&r=g","contentUrl":"https:\/\/secure.gravatar.com\/avatar\/fe780cf1839cf10cd6d682fb080611e0d2a459b64be8a8781778109777fbcfd3?s=96&d=mm&r=g","caption":"Rosana Hessel"},"description":"Formada pela Pontif\u00edcia Universidade Cat\u00f3lica de S\u00e3o Paulo (PUC-SP), \u00e9 jornalista de economia desde 1995, quando passou a integrar o time da Gazeta Mercantil. Est\u00e1 sempre atr\u00e1s da boa informa\u00e7\u00e3o. Possui especializa\u00e7\u00e3o em economia pela FGV e MBA em Finan\u00e7as pela FIA-USP. Trabalha no Correio Braziliense desde 2010. Ganhou o Pr\u00eamio Esso de Jornalismo Econ\u00f4mico em 2014 e em 2015 com a equipe do Correio. Foi finalista entre os 50 jornalistas +Admirados da Imprensa de Economia, Neg\u00f3cios e Finan\u00e7as 2024, promovido pela Jornalistas&amp;Cia.","url":"https:\/\/newblogs.correiobraziliense.com.br\/blog-da-rosana-hessel\/author\/rosanahessel\/"}]}},"_links":{"self":[{"href":"https:\/\/newblogs.correiobraziliense.com.br\/blog-da-rosana-hessel\/wp-json\/wp\/v2\/posts\/35453","targetHints":{"allow":["GET"]}}],"collection":[{"href":"https:\/\/newblogs.correiobraziliense.com.br\/blog-da-rosana-hessel\/wp-json\/wp\/v2\/posts"}],"about":[{"href":"https:\/\/newblogs.correiobraziliense.com.br\/blog-da-rosana-hessel\/wp-json\/wp\/v2\/types\/post"}],"author":[{"embeddable":true,"href":"https:\/\/newblogs.correiobraziliense.com.br\/blog-da-rosana-hessel\/wp-json\/wp\/v2\/users\/10"}],"replies":[{"embeddable":true,"href":"https:\/\/newblogs.correiobraziliense.com.br\/blog-da-rosana-hessel\/wp-json\/wp\/v2\/comments?post=35453"}],"version-history":[{"count":6,"href":"https:\/\/newblogs.correiobraziliense.com.br\/blog-da-rosana-hessel\/wp-json\/wp\/v2\/posts\/35453\/revisions"}],"predecessor-version":[{"id":35461,"href":"https:\/\/newblogs.correiobraziliense.com.br\/blog-da-rosana-hessel\/wp-json\/wp\/v2\/posts\/35453\/revisions\/35461"}],"wp:featuredmedia":[{"embeddable":true,"href":"https:\/\/newblogs.correiobraziliense.com.br\/blog-da-rosana-hessel\/wp-json\/wp\/v2\/media\/34671"}],"wp:attachment":[{"href":"https:\/\/newblogs.correiobraziliense.com.br\/blog-da-rosana-hessel\/wp-json\/wp\/v2\/media?parent=35453"}],"wp:term":[{"taxonomy":"category","embeddable":true,"href":"https:\/\/newblogs.correiobraziliense.com.br\/blog-da-rosana-hessel\/wp-json\/wp\/v2\/categories?post=35453"},{"taxonomy":"post_tag","embeddable":true,"href":"https:\/\/newblogs.correiobraziliense.com.br\/blog-da-rosana-hessel\/wp-json\/wp\/v2\/tags?post=35453"}],"curies":[{"name":"wp","href":"https:\/\/api.w.org\/{rel}","templated":true}]}}