{"id":35443,"date":"2026-04-29T18:39:22","date_gmt":"2026-04-29T21:39:22","guid":{"rendered":"https:\/\/newblogs.correiobraziliense.com.br\/blog-da-rosana-hessel\/?p=35443"},"modified":"2026-04-29T20:23:40","modified_gmt":"2026-04-29T23:23:40","slug":"banco-central-reduz-taxa-de-juros-para-1450-ao-ano","status":"publish","type":"post","link":"https:\/\/newblogs.correiobraziliense.com.br\/blog-da-rosana-hessel\/banco-central-reduz-taxa-de-juros-para-1450-ao-ano\/","title":{"rendered":"Banco Central reduz taxa de juros para 14,50% ao ano"},"content":{"rendered":"\n<p>O Banco Central decidiu, nesta quarta-feira (29\/4), reduzir a taxa b\u00e1sica da economia (Selic) em 0,25 ponto percentual, para 14,50% ao ano, durante a terceira reuni\u00e3o do ano do Comit\u00ea de Pol\u00edtica Monet\u00e1ria (Copom).  Foi o segundo corte consecutivo nos juros b\u00e1sicos ap\u00f3s a Selic ter ficado 15% ao ano &#8212; maior patamar em quase 20 anos &#8212; desde junho de 2025. <\/p>\n\n\n\n<p>A decis\u00e3o foi un\u00e2nime e refor\u00e7ou a tend\u00eancia de cautela do Comit\u00ea, passando a usar a palavra &#8220;serenidade&#8221;. No comunicado, o colegiado demonstrou preocupa\u00e7\u00e3o com o aumento das incertezas no cen\u00e1rio externo devido ao conflito no Oriente M\u00e9dio, tanto que elevou de 3,9% para 4,6% a previs\u00e3o para a infla\u00e7\u00e3o deste ano, acima do teto da meta, de 4,50%.<\/p>\n\n\n\n<p>&#8220;No cen\u00e1rio atual, caracterizado por forte aumento da incerteza, o Comit\u00ea reafirma serenidade e cautela na condu\u00e7\u00e3o da pol\u00edtica monet\u00e1ria, de forma que os passos futuros do processo de calibra\u00e7\u00e3o da taxa b\u00e1sica de juros possam incorporar novas informa\u00e7\u00f5es que aumentem a clareza sobre a profundidade e a extens\u00e3o dos conflitos no Oriente M\u00e9dio, assim como seus efeitos diretos e indiretos sobre o n\u00edvel de pre\u00e7os ao longo do tempo&#8221;, destacou a nota do Copom.<\/p>\n\n\n\n<p>Com a nova taxa de juros, o Brasil continua na vice-lideran\u00e7a de juros reais (descontada a infla\u00e7\u00e3o), conforme levantamento feito pela Lev Intelligence e MoneYou, considerando a proje\u00e7\u00e3o para o \u00cdndice de Pre\u00e7os ao Consumidor Amplo (IPCA) dos pr\u00f3ximos 12 meses, com juro real de 9,33%, atr\u00e1s apenas da R\u00fassia, com juro real de 9,67% anuais. <\/p>\n\n\n\n<p>A reuni\u00e3o de hoje teve um desfalque a mais, al\u00e9m dos dois diretores ainda n\u00e3o nomeados para preencher as vagas deixadas pelos ex-diretores Diogo Guillen (Pol\u00edtica Econ\u00f4mica) e Renato Dias Gomes (Organiza\u00e7\u00e3o do Sistema Financeiro e Resolu\u00e7\u00e3o) desde dezembro de 2025.<\/p>\n\n\n\n<p>O diretor de Administra\u00e7\u00e3o, Rodrigo Alves Teixeira, n\u00e3o participou das sess\u00f5es do Copom devido ao falecimento de familiar em primeiro grau, de acordo com nota do BC. Com isso, seis dos nove diretores do colegiado participaram da reuni\u00e3o deste m\u00eas.<\/p>\n\n\n\n<p><strong>Veja a \u00edntegra do comunicado do Copom:<\/strong><\/p>\n\n\n\n<p>\u200bO ambiente externo permanece incerto, em fun\u00e7\u00e3o da indefini\u00e7\u00e3o a respeito da dura\u00e7\u00e3o, extens\u00e3o, e desdobramentos dos conflitos geopol\u00edticos no Oriente M\u00e9dio, com reflexos nas condi\u00e7\u00f5es financeiras globais. Tal cen\u00e1rio exige cautela por parte de pa\u00edses emergentes em ambiente marcado por eleva\u00e7\u00e3o da volatilidade de pre\u00e7os de ativos e commodities.<\/p>\n\n\n\n<p>Em rela\u00e7\u00e3o ao cen\u00e1rio dom\u00e9stico, o conjunto dos indicadores segue apresentando, conforme esperado, trajet\u00f3ria de modera\u00e7\u00e3o no crescimento da atividade econ\u00f4mica, enquanto o mercado de trabalho ainda mostra sinais de resili\u00eancia. Nas divulga\u00e7\u00f5es mais recentes, a infla\u00e7\u00e3o cheia e as medidas subjacentes aceleraram, distanciando-se adicionalmente da meta para a infla\u00e7\u00e3o.<\/p>\n\n\n\n<p>As expectativas de infla\u00e7\u00e3o para 2026 e 2027 apuradas pela pesquisa Focus permanecem em valores acima da meta, situando-se em 4,9% e 4,0%, respectivamente. A proje\u00e7\u00e3o de infla\u00e7\u00e3o do Copom para o quarto trimestre de 2027, atual horizonte relevante de pol\u00edtica monet\u00e1ria, situa-se em 3,5% no cen\u00e1rio de refer\u00eancia.<\/p>\n\n\n\n<p>Os riscos para a infla\u00e7\u00e3o, tanto de alta quanto de baixa, permanecem mais elevados que o usual, perante a indefini\u00e7\u00e3o acerca dos conflitos no Oriente M\u00e9dio. Entre os riscos de alta para o cen\u00e1rio inflacion\u00e1rio e as expectativas de infla\u00e7\u00e3o, destacam-se (i) uma desancoragem das expectativas de infla\u00e7\u00e3o por per\u00edodo mais prolongado, com horizontes mais longos incorporando impactos potenciais de segunda ordem de restri\u00e7\u00f5es de oferta de petr\u00f3leo e seus derivados; (ii) uma maior resili\u00eancia na infla\u00e7\u00e3o de servi\u00e7os do que a projetada em fun\u00e7\u00e3o de um hiato do produto mais positivo; e (iii) uma conjun\u00e7\u00e3o de pol\u00edticas econ\u00f4micas externa e interna que tenham impacto inflacion\u00e1rio maior que o esperado, por exemplo, por meio de uma taxa de c\u00e2mbio persistentemente mais depreciada. Entre os riscos de baixa, ressaltam-se (i) uma eventual desacelera\u00e7\u00e3o da atividade econ\u00f4mica dom\u00e9stica mais acentuada do que a projetada, tendo impactos sobre o cen\u00e1rio de infla\u00e7\u00e3o; (ii) uma desacelera\u00e7\u00e3o global mais pronunciada decorrente dos choques de com\u00e9rcio e do petr\u00f3leo, e de um cen\u00e1rio de maior incerteza; e (iii) uma redu\u00e7\u00e3o nos pre\u00e7os das commodities com efeitos desinflacion\u00e1rios.<\/p>\n\n\n\n<p>O Comit\u00ea segue acompanhando como os desenvolvimentos da pol\u00edtica fiscal dom\u00e9stica impactam a pol\u00edtica monet\u00e1ria e os ativos financeiros, refor\u00e7ando a postura de cautela em cen\u00e1rio de maior incerteza. Os indicadores correntes de atividade econ\u00f4mica mostram recupera\u00e7\u00e3o em rela\u00e7\u00e3o ao \u00faltimo trimestre de 2025, mantendo-se consistentes com uma trajet\u00f3ria de desacelera\u00e7\u00e3o no acumulado de 2026, enquanto o cen\u00e1rio segue sendo marcado por expectativas desancoradas, proje\u00e7\u00f5es de infla\u00e7\u00e3o elevadas, e press\u00f5es no mercado de trabalho.<\/p>\n\n\n\n<p>O Comit\u00ea considera os impactos dos conflitos no Oriente M\u00e9dio de forma prospectiva, em particular seus efeitos sobre a cadeia de suprimentos global e os pre\u00e7os de commodities que afetam direta e indiretamente a infla\u00e7\u00e3o no Brasil. Nesse momento, as proje\u00e7\u00f5es de infla\u00e7\u00e3o apresentam distanciamento adicional em rela\u00e7\u00e3o \u00e0 meta no horizonte relevante para a pol\u00edtica monet\u00e1ria. Ao mesmo tempo, a incerteza acerca dessas proje\u00e7\u00f5es foi elevada consideravelmente, em fun\u00e7\u00e3o da falta de clareza sobre a dura\u00e7\u00e3o dos conflitos e de seus efeitos sobre os condicionantes dos modelos de proje\u00e7\u00e3o analisados. O Comit\u00ea julgou apropriado dar sequ\u00eancia ao ciclo de calibra\u00e7\u00e3o da pol\u00edtica monet\u00e1ria, na medida em que o per\u00edodo prolongado de manuten\u00e7\u00e3o da taxa b\u00e1sica de juros em patamar contracionista propiciou evid\u00eancias da transmiss\u00e3o da pol\u00edtica monet\u00e1ria sobre a desacelera\u00e7\u00e3o da atividade econ\u00f4mica, criando condi\u00e7\u00f5es para que ajustes no ritmo e extens\u00e3o dessa calibra\u00e7\u00e3o, \u00e0 luz de novas informa\u00e7\u00f5es, sejam poss\u00edveis de forma a assegurar o n\u00edvel compat\u00edvel com a converg\u00eancia da infla\u00e7\u00e3o \u00e0 meta.<\/p>\n\n\n\n<p>O Copom decidiu reduzir a taxa b\u00e1sica de juros para 14,50% a.a., e entende que essa decis\u00e3o \u00e9 compat\u00edvel com a estrat\u00e9gia de converg\u00eancia da infla\u00e7\u00e3o para o redor da meta ao longo do horizonte relevante. Sem preju\u00edzo de seu objetivo fundamental de assegurar a estabilidade de pre\u00e7os, essa decis\u00e3o tamb\u00e9m implica suaviza\u00e7\u00e3o das flutua\u00e7\u00f5es do n\u00edvel de atividade econ\u00f4mica e fomento do pleno emprego.<\/p>\n\n\n\n<p>No cen\u00e1rio atual, caracterizado por forte aumento da incerteza, o Comit\u00ea reafirma serenidade e cautela na condu\u00e7\u00e3o da pol\u00edtica monet\u00e1ria, de forma que os passos futuros do processo de calibra\u00e7\u00e3o da taxa b\u00e1sica de juros possam incorporar novas informa\u00e7\u00f5es que aumentem a clareza sobre a profundidade e a extens\u00e3o dos conflitos no Oriente M\u00e9dio, assim como seus efeitos diretos e indiretos sobre o n\u00edvel de pre\u00e7os ao longo do tempo.<\/p>\n\n\n\n<p>Votaram por essa decis\u00e3o os seguintes membros do Comit\u00ea: Gabriel Muricca Gal\u00edpolo (presidente), Ailton de Aquino Santos, Gilneu Francisco Astolfi Vivan, Izabela Moreira Correa, Nilton Jos\u00e9 Schneider David e Paulo Picchetti.<\/p>\n\n\n\n\n","protected":false},"excerpt":{"rendered":"<p>Na terceira reuni\u00e3o do ano do Copom, Banco Central decide reduzir a taxa Selic em mais 0,25 ponto percentual e passa a prever infla\u00e7\u00e3o de 4,60% neste ano, acima do teto da meta<\/p>\n","protected":false},"author":10,"featured_media":30537,"comment_status":"closed","ping_status":"closed","sticky":false,"template":"","format":"standard","meta":{"_acf_changed":false,"inline_featured_image":false,"footnotes":""},"categories":[1870],"tags":[82,83,32,39,84],"class_list":["post-35443","post","type-post","status-publish","format-standard","has-post-thumbnail","hentry","category-politica-monetaria","tag-banco-central","tag-copom","tag-inflacao","tag-juros","tag-selic"],"acf":[],"yoast_head":"<!-- This site is optimized with the Yoast SEO plugin v27.3 - https:\/\/yoast.com\/product\/yoast-seo-wordpress\/ -->\n<title>Banco Central reduz taxa de juros para 14,50% ao ano - Blog da Rosana Hessel<\/title>\n<meta name=\"description\" content=\"Na terceira reuni\u00e3o do ano do Copom, Banco Central decide reduzir a taxa Selic em mais 0,25 ponto percentual e passa a prever infla\u00e7\u00e3o de 4,60% neste ano, acima do teto da meta\" \/>\n<meta name=\"robots\" content=\"index, follow, max-snippet:-1, max-image-preview:large, max-video-preview:-1\" \/>\n<link rel=\"canonical\" href=\"https:\/\/newblogs.correiobraziliense.com.br\/blog-da-rosana-hessel\/banco-central-reduz-taxa-de-juros-para-1450-ao-ano\/\" \/>\n<meta property=\"og:locale\" content=\"pt_BR\" \/>\n<meta property=\"og:type\" content=\"article\" \/>\n<meta property=\"og:title\" content=\"Banco Central reduz taxa de juros para 14,50% ao ano - Blog da Rosana Hessel\" \/>\n<meta property=\"og:description\" content=\"Na terceira reuni\u00e3o do ano do Copom, Banco Central decide reduzir a taxa Selic em mais 0,25 ponto percentual e passa a prever infla\u00e7\u00e3o de 4,60% neste ano, acima do teto da meta\" \/>\n<meta property=\"og:url\" content=\"https:\/\/newblogs.correiobraziliense.com.br\/blog-da-rosana-hessel\/banco-central-reduz-taxa-de-juros-para-1450-ao-ano\/\" \/>\n<meta property=\"og:site_name\" content=\"Blog da Rosana Hessel\" \/>\n<meta property=\"article:published_time\" content=\"2026-04-29T21:39:22+00:00\" \/>\n<meta property=\"article:modified_time\" content=\"2026-04-29T23:23:40+00:00\" \/>\n<meta property=\"og:image\" content=\"http:\/\/newblogs.correiobraziliense.com.br\/blog-da-rosana-hessel\/wp-content\/uploads\/sites\/5\/2024\/06\/bancocentralfachada.jpg\" \/>\n\t<meta property=\"og:image:width\" content=\"2048\" \/>\n\t<meta property=\"og:image:height\" content=\"1365\" \/>\n\t<meta property=\"og:image:type\" content=\"image\/jpeg\" \/>\n<meta name=\"author\" content=\"Rosana Hessel\" \/>\n<!-- \/ Yoast SEO plugin. -->","yoast_head_json":{"title":"Banco Central reduz taxa de juros para 14,50% ao ano - Blog da Rosana Hessel","description":"Na terceira reuni\u00e3o do ano do Copom, Banco Central decide reduzir a taxa Selic em mais 0,25 ponto percentual e passa a prever infla\u00e7\u00e3o de 4,60% neste ano, acima do teto da meta","robots":{"index":"index","follow":"follow","max-snippet":"max-snippet:-1","max-image-preview":"max-image-preview:large","max-video-preview":"max-video-preview:-1"},"canonical":"https:\/\/newblogs.correiobraziliense.com.br\/blog-da-rosana-hessel\/banco-central-reduz-taxa-de-juros-para-1450-ao-ano\/","og_locale":"pt_BR","og_type":"article","og_title":"Banco Central reduz taxa de juros para 14,50% ao ano - Blog da Rosana Hessel","og_description":"Na terceira reuni\u00e3o do ano do Copom, Banco Central decide reduzir a taxa Selic em mais 0,25 ponto percentual e passa a prever infla\u00e7\u00e3o de 4,60% neste ano, acima do teto da meta","og_url":"https:\/\/newblogs.correiobraziliense.com.br\/blog-da-rosana-hessel\/banco-central-reduz-taxa-de-juros-para-1450-ao-ano\/","og_site_name":"Blog da Rosana Hessel","article_published_time":"2026-04-29T21:39:22+00:00","article_modified_time":"2026-04-29T23:23:40+00:00","og_image":[{"width":2048,"height":1365,"url":"http:\/\/newblogs.correiobraziliense.com.br\/blog-da-rosana-hessel\/wp-content\/uploads\/sites\/5\/2024\/06\/bancocentralfachada.jpg","type":"image\/jpeg"}],"author":"Rosana Hessel","schema":{"@context":"https:\/\/schema.org","@graph":[{"@type":"Article","@id":"https:\/\/newblogs.correiobraziliense.com.br\/blog-da-rosana-hessel\/banco-central-reduz-taxa-de-juros-para-1450-ao-ano\/#article","isPartOf":{"@id":"https:\/\/newblogs.correiobraziliense.com.br\/blog-da-rosana-hessel\/banco-central-reduz-taxa-de-juros-para-1450-ao-ano\/"},"author":{"name":"Rosana Hessel","@id":"https:\/\/newblogs.correiobraziliense.com.br\/blog-da-rosana-hessel\/#\/schema\/person\/824cb3c631cf0d4056f75ca02599a930"},"headline":"Banco Central reduz taxa de juros para 14,50% ao ano","datePublished":"2026-04-29T21:39:22+00:00","dateModified":"2026-04-29T23:23:40+00:00","mainEntityOfPage":{"@id":"https:\/\/newblogs.correiobraziliense.com.br\/blog-da-rosana-hessel\/banco-central-reduz-taxa-de-juros-para-1450-ao-ano\/"},"wordCount":1240,"image":{"@id":"https:\/\/newblogs.correiobraziliense.com.br\/blog-da-rosana-hessel\/banco-central-reduz-taxa-de-juros-para-1450-ao-ano\/#primaryimage"},"thumbnailUrl":"https:\/\/newblogs.correiobraziliense.com.br\/blog-da-rosana-hessel\/wp-content\/uploads\/sites\/5\/2024\/06\/bancocentralfachada.jpg","keywords":["Banco Central","Copom","infla\u00e7\u00e3o","juros","Selic"],"articleSection":["Pol\u00edtica monet\u00e1ria"],"inLanguage":"pt-BR"},{"@type":"WebPage","@id":"https:\/\/newblogs.correiobraziliense.com.br\/blog-da-rosana-hessel\/banco-central-reduz-taxa-de-juros-para-1450-ao-ano\/","url":"https:\/\/newblogs.correiobraziliense.com.br\/blog-da-rosana-hessel\/banco-central-reduz-taxa-de-juros-para-1450-ao-ano\/","name":"Banco Central reduz taxa de juros para 14,50% ao ano - Blog da Rosana Hessel","isPartOf":{"@id":"https:\/\/newblogs.correiobraziliense.com.br\/blog-da-rosana-hessel\/#website"},"primaryImageOfPage":{"@id":"https:\/\/newblogs.correiobraziliense.com.br\/blog-da-rosana-hessel\/banco-central-reduz-taxa-de-juros-para-1450-ao-ano\/#primaryimage"},"image":{"@id":"https:\/\/newblogs.correiobraziliense.com.br\/blog-da-rosana-hessel\/banco-central-reduz-taxa-de-juros-para-1450-ao-ano\/#primaryimage"},"thumbnailUrl":"https:\/\/newblogs.correiobraziliense.com.br\/blog-da-rosana-hessel\/wp-content\/uploads\/sites\/5\/2024\/06\/bancocentralfachada.jpg","datePublished":"2026-04-29T21:39:22+00:00","dateModified":"2026-04-29T23:23:40+00:00","author":{"@id":"https:\/\/newblogs.correiobraziliense.com.br\/blog-da-rosana-hessel\/#\/schema\/person\/824cb3c631cf0d4056f75ca02599a930"},"description":"Na terceira reuni\u00e3o do ano do Copom, Banco Central decide reduzir a taxa Selic em mais 0,25 ponto percentual e passa a prever infla\u00e7\u00e3o de 4,60% neste ano, acima do teto da meta","breadcrumb":{"@id":"https:\/\/newblogs.correiobraziliense.com.br\/blog-da-rosana-hessel\/banco-central-reduz-taxa-de-juros-para-1450-ao-ano\/#breadcrumb"},"inLanguage":"pt-BR","potentialAction":[{"@type":"ReadAction","target":["https:\/\/newblogs.correiobraziliense.com.br\/blog-da-rosana-hessel\/banco-central-reduz-taxa-de-juros-para-1450-ao-ano\/"]}]},{"@type":"ImageObject","inLanguage":"pt-BR","@id":"https:\/\/newblogs.correiobraziliense.com.br\/blog-da-rosana-hessel\/banco-central-reduz-taxa-de-juros-para-1450-ao-ano\/#primaryimage","url":"https:\/\/newblogs.correiobraziliense.com.br\/blog-da-rosana-hessel\/wp-content\/uploads\/sites\/5\/2024\/06\/bancocentralfachada.jpg","contentUrl":"https:\/\/newblogs.correiobraziliense.com.br\/blog-da-rosana-hessel\/wp-content\/uploads\/sites\/5\/2024\/06\/bancocentralfachada.jpg","width":2048,"height":1365,"caption":"Cr\u00e9dito: Raphael Ribeiro\/BC divulga\u00e7\u00e3o"},{"@type":"BreadcrumbList","@id":"https:\/\/newblogs.correiobraziliense.com.br\/blog-da-rosana-hessel\/banco-central-reduz-taxa-de-juros-para-1450-ao-ano\/#breadcrumb","itemListElement":[{"@type":"ListItem","position":1,"name":"In\u00edcio","item":"https:\/\/newblogs.correiobraziliense.com.br\/blog-da-rosana-hessel\/"},{"@type":"ListItem","position":2,"name":"Banco Central reduz taxa de juros para 14,50% ao ano"}]},{"@type":"WebSite","@id":"https:\/\/newblogs.correiobraziliense.com.br\/blog-da-rosana-hessel\/#website","url":"https:\/\/newblogs.correiobraziliense.com.br\/blog-da-rosana-hessel\/","name":"Blog da Rosana Hessel","description":"Not\u00edcias atualizadas e an\u00e1lises sobre economia. Acompanhe-nos para entender as tend\u00eancias e os impactos econ\u00f4micos que influenciam o seu dia a dia, tanto no Brasil quanto no exterior.","potentialAction":[{"@type":"SearchAction","target":{"@type":"EntryPoint","urlTemplate":"https:\/\/newblogs.correiobraziliense.com.br\/blog-da-rosana-hessel\/?s={search_term_string}"},"query-input":{"@type":"PropertyValueSpecification","valueRequired":true,"valueName":"search_term_string"}}],"inLanguage":"pt-BR"},{"@type":"Person","@id":"https:\/\/newblogs.correiobraziliense.com.br\/blog-da-rosana-hessel\/#\/schema\/person\/824cb3c631cf0d4056f75ca02599a930","name":"Rosana Hessel","image":{"@type":"ImageObject","inLanguage":"pt-BR","@id":"https:\/\/secure.gravatar.com\/avatar\/fe780cf1839cf10cd6d682fb080611e0d2a459b64be8a8781778109777fbcfd3?s=96&d=mm&r=g","url":"https:\/\/secure.gravatar.com\/avatar\/fe780cf1839cf10cd6d682fb080611e0d2a459b64be8a8781778109777fbcfd3?s=96&d=mm&r=g","contentUrl":"https:\/\/secure.gravatar.com\/avatar\/fe780cf1839cf10cd6d682fb080611e0d2a459b64be8a8781778109777fbcfd3?s=96&d=mm&r=g","caption":"Rosana Hessel"},"description":"Formada pela Pontif\u00edcia Universidade Cat\u00f3lica de S\u00e3o Paulo (PUC-SP), \u00e9 jornalista de economia desde 1995, quando passou a integrar o time da Gazeta Mercantil. Est\u00e1 sempre atr\u00e1s da boa informa\u00e7\u00e3o. Possui especializa\u00e7\u00e3o em economia pela FGV e MBA em Finan\u00e7as pela FIA-USP. Trabalha no Correio Braziliense desde 2010. Ganhou o Pr\u00eamio Esso de Jornalismo Econ\u00f4mico em 2014 e em 2015 com a equipe do Correio. Foi finalista entre os 50 jornalistas +Admirados da Imprensa de Economia, Neg\u00f3cios e Finan\u00e7as 2024, promovido pela Jornalistas&amp;Cia.","url":"https:\/\/newblogs.correiobraziliense.com.br\/blog-da-rosana-hessel\/author\/rosanahessel\/"}]}},"_links":{"self":[{"href":"https:\/\/newblogs.correiobraziliense.com.br\/blog-da-rosana-hessel\/wp-json\/wp\/v2\/posts\/35443","targetHints":{"allow":["GET"]}}],"collection":[{"href":"https:\/\/newblogs.correiobraziliense.com.br\/blog-da-rosana-hessel\/wp-json\/wp\/v2\/posts"}],"about":[{"href":"https:\/\/newblogs.correiobraziliense.com.br\/blog-da-rosana-hessel\/wp-json\/wp\/v2\/types\/post"}],"author":[{"embeddable":true,"href":"https:\/\/newblogs.correiobraziliense.com.br\/blog-da-rosana-hessel\/wp-json\/wp\/v2\/users\/10"}],"replies":[{"embeddable":true,"href":"https:\/\/newblogs.correiobraziliense.com.br\/blog-da-rosana-hessel\/wp-json\/wp\/v2\/comments?post=35443"}],"version-history":[{"count":8,"href":"https:\/\/newblogs.correiobraziliense.com.br\/blog-da-rosana-hessel\/wp-json\/wp\/v2\/posts\/35443\/revisions"}],"predecessor-version":[{"id":35452,"href":"https:\/\/newblogs.correiobraziliense.com.br\/blog-da-rosana-hessel\/wp-json\/wp\/v2\/posts\/35443\/revisions\/35452"}],"wp:featuredmedia":[{"embeddable":true,"href":"https:\/\/newblogs.correiobraziliense.com.br\/blog-da-rosana-hessel\/wp-json\/wp\/v2\/media\/30537"}],"wp:attachment":[{"href":"https:\/\/newblogs.correiobraziliense.com.br\/blog-da-rosana-hessel\/wp-json\/wp\/v2\/media?parent=35443"}],"wp:term":[{"taxonomy":"category","embeddable":true,"href":"https:\/\/newblogs.correiobraziliense.com.br\/blog-da-rosana-hessel\/wp-json\/wp\/v2\/categories?post=35443"},{"taxonomy":"post_tag","embeddable":true,"href":"https:\/\/newblogs.correiobraziliense.com.br\/blog-da-rosana-hessel\/wp-json\/wp\/v2\/tags?post=35443"}],"curies":[{"name":"wp","href":"https:\/\/api.w.org\/{rel}","templated":true}]}}