{"id":35429,"date":"2026-04-29T15:34:35","date_gmt":"2026-04-29T18:34:35","guid":{"rendered":"https:\/\/newblogs.correiobraziliense.com.br\/blog-da-rosana-hessel\/?p=35429"},"modified":"2026-04-29T16:39:54","modified_gmt":"2026-04-29T19:39:54","slug":"fed-mantem-juros-estaveis-em-decisao-dividida","status":"publish","type":"post","link":"https:\/\/newblogs.correiobraziliense.com.br\/blog-da-rosana-hessel\/fed-mantem-juros-estaveis-em-decisao-dividida\/","title":{"rendered":"Fed mant\u00e9m juros est\u00e1veis em decis\u00e3o dividida"},"content":{"rendered":"\n<p>O Federal Reserve (Fed, banco central dos Estados Unidos) decidiu manter a taxa de juros b\u00e1sicas no patamar de 3,50% a 3,75% ao ano, conforme esperado pelo mercado, mas reconhecendo preocupa\u00e7\u00e3o com o aumento das press\u00f5es inflacion\u00e1rias por conta do conflito no Oriente M\u00e9dio. A decis\u00e3o, contudo, n\u00e3o foi un\u00e2nime na reuni\u00e3o do Fed, que pode ser a \u00faltima presidida por Jerome Powell.<\/p>\n\n\n\n<p>Votaram a favor da a\u00e7\u00e3o de pol\u00edtica monet\u00e1ria al\u00e9m de Powell, o vice-presidente John C. Williams, Michael S. Barr; Michelle W. Bowman; Lisa D. Cook; Philip N. Jefferson; Anna Paulson; e Christopher J. Waller. Votaram contra:&nbsp; Stephen I. Miran, que preferiu reduzir a meta para a taxa de juros dos fundos federais em 0,25 ponto percentual nesta reuni\u00e3o; e Beth M. Hammack, Neel Kashkari e Lorie K. Logan, que apoiaram a manuten\u00e7\u00e3o da meta para a taxa de juros dos fundos federais, mas n\u00e3o deram apoio para a inclus\u00e3o de uma postura de flexibiliza\u00e7\u00e3o monet\u00e1ria na declara\u00e7\u00e3o da reuni\u00e3o de hoje.<\/p>\n\n\n\n<p>De acordo com o comunicado do Fed, os indicadores recentes sugerem que a atividade econ\u00f4mica tem se expandido a um ritmo s\u00f3lido e a infla\u00e7\u00e3o est\u00e1 elevada, em parte refletindo o recente aumento dos pre\u00e7os globais da energia. &#8220;O Comit\u00ea busca alcan\u00e7ar o m\u00e1ximo emprego e uma infla\u00e7\u00e3o de 2% no longo prazo. Os acontecimentos no Oriente M\u00e9dio contribuem para um alto n\u00edvel de incerteza sobre as perspectivas econ\u00f4micas&#8221;, destacou a nota. <\/p>\n\n\n\n<p>Ao justificar a decis\u00e3o, o Comit\u00ea refor\u00e7ou que continua atento aos riscos para ambos os lados de seu duplo mandato. &#8220;Ao considerar a extens\u00e3o e o momento de ajustes adicionais \u00e0 meta para a taxa b\u00e1sica de juros, o Comit\u00ea avaliar\u00e1 cuidadosamente os dados recebidos, a evolu\u00e7\u00e3o das perspectivas e o equil\u00edbrio de riscos.&nbsp; O Comit\u00ea est\u00e1 fortemente comprometido em apoiar o m\u00e1ximo emprego e retornar a infla\u00e7\u00e3o \u00e0 sua meta de 2%&#8221;, informou o comunicado.<\/p>\n\n\n\n<p>A nota ainda refor\u00e7ou que, ao avaliar a postura apropriada da pol\u00edtica monet\u00e1ria, o Comit\u00ea continuar\u00e1 monitorando as implica\u00e7\u00f5es das informa\u00e7\u00f5es recebidas para as perspectivas econ\u00f4micas e ainda ressaltou que seguir\u00e1 atento para tomar as decis\u00f5es apropriadas&nbsp;<\/p>\n\n\n\n<p>&#8220;O Comit\u00ea estar\u00e1 preparado para ajustar a pol\u00edtica monet\u00e1ria conforme apropriado, caso surjam riscos que possam impedir o alcance de seus objetivos. As avalia\u00e7\u00f5es do Comit\u00ea levar\u00e3o em considera\u00e7\u00e3o uma ampla gama de informa\u00e7\u00f5es, incluindo dados sobre as condi\u00e7\u00f5es do mercado de trabalho, press\u00f5es inflacion\u00e1rias e expectativas de infla\u00e7\u00e3o, bem como desenvolvimentos financeiros e internacionais&#8221;, informou a nota.<\/p>\n\n\n\n<p>Leonel Olivera Mattos, analista de intelig\u00eancia de mercados da Stonex, destacou que, apesar de n\u00e3o haver surpresas na decis\u00e3o do Fed, a decis\u00e3o chamou aten\u00e7\u00e3o pelo n\u00famero mais elevado de votos divergentes \u2014 o maior desde 1992. &#8220;Oito membros votaram pela manuten\u00e7\u00e3o das taxas com um vi\u00e9s mais baixista, ou seja, sinalizando que o pr\u00f3ximo movimento poderia ser de cortes. Por outro lado, tr\u00eas integrantes defenderam a manuten\u00e7\u00e3o dos juros sem esse vi\u00e9s, adotando uma postura mais equilibrada em rela\u00e7\u00e3o aos riscos da economia norte-americana&#8221;, destacou. <\/p>\n\n\n\n<p>Na avalia\u00e7\u00e3o dele,  essa diverg\u00eancia evidencia uma diversidade relevante de opini\u00f5es dentro do banco central norte-americano. &#8220;Vale destacar que esta deve ser a \u00faltima decis\u00e3o de juros sob a presid\u00eancia de Jerome Powell&#8221;, destacou ele, lembrando que o indicado pela Casa Branca, Kevin Warsh, foi aprovado, hoje, pelo Comit\u00ea de Assuntos Banc\u00e1rios do Senado americano, e sua nomea\u00e7\u00e3o deve seguir para vota\u00e7\u00e3o em plen\u00e1rio no pr\u00f3ximo m\u00eas. &#8220;H\u00e1, portanto, a possibilidade de que ele assuma a presid\u00eancia do Fed antes de 15 de maio, data de t\u00e9rmino do mandato de Powell&#8221;, acrescentou.<\/p>\n\n\n\n<p>Neste momento, os investidores aguardam a entrevista coletiva de Powell, em busca de mais detalhes sobre a avalia\u00e7\u00e3o dos riscos inflacion\u00e1rios dentro do comit\u00ea. O comunicado destacou que as incertezas elevadas, especialmente relacionadas a tens\u00f5es geopol\u00edticas no Oriente M\u00e9dio, seguem pressionando o cen\u00e1rio de infla\u00e7\u00e3o. O aumento dos pre\u00e7os de energia, em particular, tende a dificultar o trabalho do Fed e reduzir o espa\u00e7o para cortes de juros enquanto esse ambiente persistir.<\/p>\n\n\n\n<p><strong>No Chile, juros est\u00e1veis tamb\u00e9m<\/strong><\/p>\n\n\n\n<p>No Chile, o Banco Central tamb\u00e9m manteve os juros inalterados em 4,50% ao ano, preservando a abordagem da decis\u00e3o da reuni\u00e3o anterior, al\u00e9m de elevar as proje\u00e7\u00f5es de infla\u00e7\u00e3o e reconhecer que os pre\u00e7os do petr\u00f3leo est\u00e3o acima das proje\u00e7\u00f5es. <\/p>\n\n\n\n<p>Na avalia\u00e7\u00e3o de analistas do banco Bradesco, o Banco Central chileno &#8220;foi cauteloso, como esperado. e o vi\u00e9s do comit\u00ea parece priorizar uma infla\u00e7\u00e3o mais alta em detrimento de uma atividade econ\u00f4mica mais fraca&#8221;.  Na avalia\u00e7\u00e3o dos analistas, uma alta de juros em junho, provavelmente depender\u00e1 desse desancoramento das expectativas, mesmo em um cen\u00e1rio em que a guerra n\u00e3o tenha terminado. &#8220;Em suma, mantemos nossa proje\u00e7\u00e3o de uma taxa de pol\u00edtica monet\u00e1ria de 4,50% ao longo do horizonte de previs\u00e3o, condicionada ao t\u00e9rmino do conflito no Ir\u00e3 sem grandes disrup\u00e7\u00f5es e \u00e0 manuten\u00e7\u00e3o das expectativas de infla\u00e7\u00e3o ancoradas&#8221;, informou o comunicado do Bradesco. <\/p>\n","protected":false},"excerpt":{"rendered":"<p>Como esperado pelo mercado, Federal Reserve mant\u00e9m juros norte-americanos entre 3,50% e 3,75% ao ano<\/p>\n","protected":false},"author":10,"featured_media":31247,"comment_status":"closed","ping_status":"closed","sticky":false,"template":"","format":"standard","meta":{"_acf_changed":false,"inline_featured_image":false,"footnotes":""},"categories":[1870],"tags":[37,32,39,318],"class_list":["post-35429","post","type-post","status-publish","format-standard","has-post-thumbnail","hentry","category-politica-monetaria","tag-fed","tag-inflacao","tag-juros","tag-mercado-financeiro"],"acf":[],"yoast_head":"<!-- This site is optimized with the Yoast SEO plugin v27.3 - https:\/\/yoast.com\/product\/yoast-seo-wordpress\/ -->\n<title>Fed mant\u00e9m juros est\u00e1veis em decis\u00e3o dividida - Blog da Rosana Hessel<\/title>\n<meta name=\"description\" content=\"Como esperado pelo mercado, Federal Reserve mant\u00e9m juros norte-americanos entre 3,50% e 3,75% ao ano\" \/>\n<meta name=\"robots\" content=\"index, follow, max-snippet:-1, max-image-preview:large, max-video-preview:-1\" \/>\n<link rel=\"canonical\" href=\"https:\/\/newblogs.correiobraziliense.com.br\/blog-da-rosana-hessel\/fed-mantem-juros-estaveis-em-decisao-dividida\/\" \/>\n<meta property=\"og:locale\" content=\"pt_BR\" \/>\n<meta property=\"og:type\" content=\"article\" \/>\n<meta property=\"og:title\" content=\"Fed mant\u00e9m juros est\u00e1veis em decis\u00e3o dividida - Blog da Rosana Hessel\" \/>\n<meta property=\"og:description\" content=\"Como esperado pelo mercado, Federal Reserve mant\u00e9m juros norte-americanos entre 3,50% e 3,75% ao ano\" \/>\n<meta property=\"og:url\" content=\"https:\/\/newblogs.correiobraziliense.com.br\/blog-da-rosana-hessel\/fed-mantem-juros-estaveis-em-decisao-dividida\/\" \/>\n<meta property=\"og:site_name\" content=\"Blog da Rosana Hessel\" \/>\n<meta property=\"article:published_time\" content=\"2026-04-29T18:34:35+00:00\" \/>\n<meta property=\"article:modified_time\" content=\"2026-04-29T19:39:54+00:00\" \/>\n<meta property=\"og:image\" content=\"http:\/\/newblogs.correiobraziliense.com.br\/blog-da-rosana-hessel\/wp-content\/uploads\/sites\/5\/2024\/07\/jeromepowellfedreproducaointernet.jpg\" \/>\n\t<meta property=\"og:image:width\" content=\"1170\" \/>\n\t<meta property=\"og:image:height\" content=\"1393\" \/>\n\t<meta property=\"og:image:type\" content=\"image\/jpeg\" \/>\n<meta name=\"author\" content=\"Rosana Hessel\" \/>\n<!-- \/ Yoast SEO plugin. -->","yoast_head_json":{"title":"Fed mant\u00e9m juros est\u00e1veis em decis\u00e3o dividida - Blog da Rosana Hessel","description":"Como esperado pelo mercado, Federal Reserve mant\u00e9m juros norte-americanos entre 3,50% e 3,75% ao ano","robots":{"index":"index","follow":"follow","max-snippet":"max-snippet:-1","max-image-preview":"max-image-preview:large","max-video-preview":"max-video-preview:-1"},"canonical":"https:\/\/newblogs.correiobraziliense.com.br\/blog-da-rosana-hessel\/fed-mantem-juros-estaveis-em-decisao-dividida\/","og_locale":"pt_BR","og_type":"article","og_title":"Fed mant\u00e9m juros est\u00e1veis em decis\u00e3o dividida - Blog da Rosana Hessel","og_description":"Como esperado pelo mercado, Federal Reserve mant\u00e9m juros norte-americanos entre 3,50% e 3,75% ao ano","og_url":"https:\/\/newblogs.correiobraziliense.com.br\/blog-da-rosana-hessel\/fed-mantem-juros-estaveis-em-decisao-dividida\/","og_site_name":"Blog da Rosana Hessel","article_published_time":"2026-04-29T18:34:35+00:00","article_modified_time":"2026-04-29T19:39:54+00:00","og_image":[{"width":1170,"height":1393,"url":"http:\/\/newblogs.correiobraziliense.com.br\/blog-da-rosana-hessel\/wp-content\/uploads\/sites\/5\/2024\/07\/jeromepowellfedreproducaointernet.jpg","type":"image\/jpeg"}],"author":"Rosana Hessel","schema":{"@context":"https:\/\/schema.org","@graph":[{"@type":"Article","@id":"https:\/\/newblogs.correiobraziliense.com.br\/blog-da-rosana-hessel\/fed-mantem-juros-estaveis-em-decisao-dividida\/#article","isPartOf":{"@id":"https:\/\/newblogs.correiobraziliense.com.br\/blog-da-rosana-hessel\/fed-mantem-juros-estaveis-em-decisao-dividida\/"},"author":{"name":"Rosana Hessel","@id":"https:\/\/newblogs.correiobraziliense.com.br\/blog-da-rosana-hessel\/#\/schema\/person\/824cb3c631cf0d4056f75ca02599a930"},"headline":"Fed mant\u00e9m juros est\u00e1veis em decis\u00e3o dividida","datePublished":"2026-04-29T18:34:35+00:00","dateModified":"2026-04-29T19:39:54+00:00","mainEntityOfPage":{"@id":"https:\/\/newblogs.correiobraziliense.com.br\/blog-da-rosana-hessel\/fed-mantem-juros-estaveis-em-decisao-dividida\/"},"wordCount":923,"image":{"@id":"https:\/\/newblogs.correiobraziliense.com.br\/blog-da-rosana-hessel\/fed-mantem-juros-estaveis-em-decisao-dividida\/#primaryimage"},"thumbnailUrl":"https:\/\/newblogs.correiobraziliense.com.br\/blog-da-rosana-hessel\/wp-content\/uploads\/sites\/5\/2024\/07\/jeromepowellfedreproducaointernet.jpg","keywords":["Fed","infla\u00e7\u00e3o","juros","mercado financeiro"],"articleSection":["Pol\u00edtica monet\u00e1ria"],"inLanguage":"pt-BR"},{"@type":"WebPage","@id":"https:\/\/newblogs.correiobraziliense.com.br\/blog-da-rosana-hessel\/fed-mantem-juros-estaveis-em-decisao-dividida\/","url":"https:\/\/newblogs.correiobraziliense.com.br\/blog-da-rosana-hessel\/fed-mantem-juros-estaveis-em-decisao-dividida\/","name":"Fed mant\u00e9m juros est\u00e1veis em decis\u00e3o dividida - Blog da Rosana Hessel","isPartOf":{"@id":"https:\/\/newblogs.correiobraziliense.com.br\/blog-da-rosana-hessel\/#website"},"primaryImageOfPage":{"@id":"https:\/\/newblogs.correiobraziliense.com.br\/blog-da-rosana-hessel\/fed-mantem-juros-estaveis-em-decisao-dividida\/#primaryimage"},"image":{"@id":"https:\/\/newblogs.correiobraziliense.com.br\/blog-da-rosana-hessel\/fed-mantem-juros-estaveis-em-decisao-dividida\/#primaryimage"},"thumbnailUrl":"https:\/\/newblogs.correiobraziliense.com.br\/blog-da-rosana-hessel\/wp-content\/uploads\/sites\/5\/2024\/07\/jeromepowellfedreproducaointernet.jpg","datePublished":"2026-04-29T18:34:35+00:00","dateModified":"2026-04-29T19:39:54+00:00","author":{"@id":"https:\/\/newblogs.correiobraziliense.com.br\/blog-da-rosana-hessel\/#\/schema\/person\/824cb3c631cf0d4056f75ca02599a930"},"description":"Como esperado pelo mercado, Federal Reserve mant\u00e9m juros norte-americanos entre 3,50% e 3,75% ao ano","breadcrumb":{"@id":"https:\/\/newblogs.correiobraziliense.com.br\/blog-da-rosana-hessel\/fed-mantem-juros-estaveis-em-decisao-dividida\/#breadcrumb"},"inLanguage":"pt-BR","potentialAction":[{"@type":"ReadAction","target":["https:\/\/newblogs.correiobraziliense.com.br\/blog-da-rosana-hessel\/fed-mantem-juros-estaveis-em-decisao-dividida\/"]}]},{"@type":"ImageObject","inLanguage":"pt-BR","@id":"https:\/\/newblogs.correiobraziliense.com.br\/blog-da-rosana-hessel\/fed-mantem-juros-estaveis-em-decisao-dividida\/#primaryimage","url":"https:\/\/newblogs.correiobraziliense.com.br\/blog-da-rosana-hessel\/wp-content\/uploads\/sites\/5\/2024\/07\/jeromepowellfedreproducaointernet.jpg","contentUrl":"https:\/\/newblogs.correiobraziliense.com.br\/blog-da-rosana-hessel\/wp-content\/uploads\/sites\/5\/2024\/07\/jeromepowellfedreproducaointernet.jpg","width":1170,"height":1393},{"@type":"BreadcrumbList","@id":"https:\/\/newblogs.correiobraziliense.com.br\/blog-da-rosana-hessel\/fed-mantem-juros-estaveis-em-decisao-dividida\/#breadcrumb","itemListElement":[{"@type":"ListItem","position":1,"name":"In\u00edcio","item":"https:\/\/newblogs.correiobraziliense.com.br\/blog-da-rosana-hessel\/"},{"@type":"ListItem","position":2,"name":"Fed mant\u00e9m juros est\u00e1veis em decis\u00e3o dividida"}]},{"@type":"WebSite","@id":"https:\/\/newblogs.correiobraziliense.com.br\/blog-da-rosana-hessel\/#website","url":"https:\/\/newblogs.correiobraziliense.com.br\/blog-da-rosana-hessel\/","name":"Blog da Rosana Hessel","description":"Not\u00edcias atualizadas e an\u00e1lises sobre economia. Acompanhe-nos para entender as tend\u00eancias e os impactos econ\u00f4micos que influenciam o seu dia a dia, tanto no Brasil quanto no exterior.","potentialAction":[{"@type":"SearchAction","target":{"@type":"EntryPoint","urlTemplate":"https:\/\/newblogs.correiobraziliense.com.br\/blog-da-rosana-hessel\/?s={search_term_string}"},"query-input":{"@type":"PropertyValueSpecification","valueRequired":true,"valueName":"search_term_string"}}],"inLanguage":"pt-BR"},{"@type":"Person","@id":"https:\/\/newblogs.correiobraziliense.com.br\/blog-da-rosana-hessel\/#\/schema\/person\/824cb3c631cf0d4056f75ca02599a930","name":"Rosana Hessel","image":{"@type":"ImageObject","inLanguage":"pt-BR","@id":"https:\/\/secure.gravatar.com\/avatar\/fe780cf1839cf10cd6d682fb080611e0d2a459b64be8a8781778109777fbcfd3?s=96&d=mm&r=g","url":"https:\/\/secure.gravatar.com\/avatar\/fe780cf1839cf10cd6d682fb080611e0d2a459b64be8a8781778109777fbcfd3?s=96&d=mm&r=g","contentUrl":"https:\/\/secure.gravatar.com\/avatar\/fe780cf1839cf10cd6d682fb080611e0d2a459b64be8a8781778109777fbcfd3?s=96&d=mm&r=g","caption":"Rosana Hessel"},"description":"Formada pela Pontif\u00edcia Universidade Cat\u00f3lica de S\u00e3o Paulo (PUC-SP), \u00e9 jornalista de economia desde 1995, quando passou a integrar o time da Gazeta Mercantil. Est\u00e1 sempre atr\u00e1s da boa informa\u00e7\u00e3o. Possui especializa\u00e7\u00e3o em economia pela FGV e MBA em Finan\u00e7as pela FIA-USP. Trabalha no Correio Braziliense desde 2010. Ganhou o Pr\u00eamio Esso de Jornalismo Econ\u00f4mico em 2014 e em 2015 com a equipe do Correio. Foi finalista entre os 50 jornalistas +Admirados da Imprensa de Economia, Neg\u00f3cios e Finan\u00e7as 2024, promovido pela Jornalistas&amp;Cia.","url":"https:\/\/newblogs.correiobraziliense.com.br\/blog-da-rosana-hessel\/author\/rosanahessel\/"}]}},"_links":{"self":[{"href":"https:\/\/newblogs.correiobraziliense.com.br\/blog-da-rosana-hessel\/wp-json\/wp\/v2\/posts\/35429","targetHints":{"allow":["GET"]}}],"collection":[{"href":"https:\/\/newblogs.correiobraziliense.com.br\/blog-da-rosana-hessel\/wp-json\/wp\/v2\/posts"}],"about":[{"href":"https:\/\/newblogs.correiobraziliense.com.br\/blog-da-rosana-hessel\/wp-json\/wp\/v2\/types\/post"}],"author":[{"embeddable":true,"href":"https:\/\/newblogs.correiobraziliense.com.br\/blog-da-rosana-hessel\/wp-json\/wp\/v2\/users\/10"}],"replies":[{"embeddable":true,"href":"https:\/\/newblogs.correiobraziliense.com.br\/blog-da-rosana-hessel\/wp-json\/wp\/v2\/comments?post=35429"}],"version-history":[{"count":8,"href":"https:\/\/newblogs.correiobraziliense.com.br\/blog-da-rosana-hessel\/wp-json\/wp\/v2\/posts\/35429\/revisions"}],"predecessor-version":[{"id":35439,"href":"https:\/\/newblogs.correiobraziliense.com.br\/blog-da-rosana-hessel\/wp-json\/wp\/v2\/posts\/35429\/revisions\/35439"}],"wp:featuredmedia":[{"embeddable":true,"href":"https:\/\/newblogs.correiobraziliense.com.br\/blog-da-rosana-hessel\/wp-json\/wp\/v2\/media\/31247"}],"wp:attachment":[{"href":"https:\/\/newblogs.correiobraziliense.com.br\/blog-da-rosana-hessel\/wp-json\/wp\/v2\/media?parent=35429"}],"wp:term":[{"taxonomy":"category","embeddable":true,"href":"https:\/\/newblogs.correiobraziliense.com.br\/blog-da-rosana-hessel\/wp-json\/wp\/v2\/categories?post=35429"},{"taxonomy":"post_tag","embeddable":true,"href":"https:\/\/newblogs.correiobraziliense.com.br\/blog-da-rosana-hessel\/wp-json\/wp\/v2\/tags?post=35429"}],"curies":[{"name":"wp","href":"https:\/\/api.w.org\/{rel}","templated":true}]}}