{"id":35420,"date":"2026-04-29T13:21:05","date_gmt":"2026-04-29T16:21:05","guid":{"rendered":"https:\/\/newblogs.correiobraziliense.com.br\/blog-da-rosana-hessel\/?p=35420"},"modified":"2026-04-29T13:21:07","modified_gmt":"2026-04-29T16:21:07","slug":"super-quarta-comeca-agitada-com-expectativas-para-as-decisoes-de-bc-e-fed","status":"publish","type":"post","link":"https:\/\/newblogs.correiobraziliense.com.br\/blog-da-rosana-hessel\/super-quarta-comeca-agitada-com-expectativas-para-as-decisoes-de-bc-e-fed\/","title":{"rendered":"&#8220;Super quarta&#8221; come\u00e7a agitada com expectativas para as decis\u00f5es de BC e Fed"},"content":{"rendered":"\n<p>O dia come\u00e7ou agitado com a expectativa de decis\u00f5es de pol\u00edtica monet\u00e1ria no Brasil e nos Estados Unidos, em mais uma &#8220;super quarta\u201d do mercado financeiro, que est\u00e1 bastante vol\u00e1til, com disparada nos pre\u00e7os do petr\u00f3leo e queda na Bolsa de Valores de S\u00e3o Paulo (B3).<\/p>\n\n\n\n<p>Nos Estados Unidos, a expectativa \u00e9 de manuten\u00e7\u00e3o dos juros pelo Federal Reserve (Fed, banco central dos EUA) no atual intervalo de 3,50% a 3,75% ao ano, o mandato do atual presidente da institui\u00e7\u00e3o, Jerome Powell, se aproxima do fim em 15 de maio.  O substituto dele indicado pela Casa Branca, Kevin Walsh, deve ter sua aprova\u00e7\u00e3o votada ainda hoje no Senado norte-americano. Powell, por\u00e9m, ainda possui mandato como conselheiro do Fed at\u00e9 janeiro de 2028.<\/p>\n\n\n\n<p>Enquanto isso, aqui no Brasil, o mercado aguarda um corte de 0,25 ponto percentual na taxa b\u00e1sica da economia (Selic) pelo Comit\u00ea de Pol\u00edtica Monet\u00e1ria (Copom), do Banco Central (BC), para 14,50% ao ano. A decis\u00e3o do Copom n\u00e3o ser\u00e1 f\u00e1cil diante da nova escalada dos pre\u00e7os do petr\u00f3leo em meio \u00e0s tens\u00f5es permanentes no Oriente M\u00e9dio.\u00a0N\u00e3o \u00e0 toa, o \u00cdndice Bovespa, principal indicador da B3, operava com queda de 1,4% por volta das 13h, aos 185,9 mil pontos <\/p>\n\n\n\n<p>Ap\u00f3s atingir novo pico ontem com o an\u00fancio da Ar\u00e1bia Saudita sair do cartel da Organiza\u00e7\u00e3o dos Pa\u00edses Produtores de Petr\u00f3leo (Opep), o barril do petr\u00f3leo tipo Brent, refer\u00eancia no mercado internacional e da Petrobras, sendo negociado pr\u00f3ximo de US$ 117 hoje. <\/p>\n\n\n\n<p>\u201cEsse movimento reflete a divulga\u00e7\u00e3o do relat\u00f3rio semanal do Departamento de Energia dos Estados Unidos, que apontou uma redu\u00e7\u00e3o significativa nos estoques de petr\u00f3leo e derivados, al\u00e9m de um volume recorde de exporta\u00e7\u00f5es norte-americanas na s\u00e9rie hist\u00f3rica\u201d, destacou Bruno Cordeiro, especialista de Intelig\u00eancia de Mercado da Stonex.<\/p>\n\n\n\n<p>Segundo ele, o aumento das exporta\u00e7\u00f5es indica uma maior demanda por parte de consumidores menos tradicionais do petr\u00f3leo dos Estados Unidos, especialmente pa\u00edses asi\u00e1ticos, que v\u00eam enfrentando uma queda acentuada na oferta da commodity em meio \u00e0 suspens\u00e3o de fluxos pelo Golfo P\u00e9rsico. \u201cEsse cen\u00e1rio \u2014 de exporta\u00e7\u00f5es elevadas tanto de petr\u00f3leo quanto de derivados \u2014 contribui para um balan\u00e7o mais apertado tamb\u00e9m nos Estados Unidos, que at\u00e9 ent\u00e3o apresentavam uma situa\u00e7\u00e3o mais confort\u00e1vel. Como resultado, os pre\u00e7os voltam a se aproximar do patamar de US$ 120 por barril, movimento que tamb\u00e9m pressiona os pre\u00e7os de derivados, como diesel e gasolina. Esse ajuste reflete um ambiente global mais restrito de oferta e uma maior clareza sobre os impactos da guerra, agora tamb\u00e9m repercutindo de forma mais evidente no mercado norte-americano\u201d.<\/p>\n\n\n\n<p>No Brasil, a decis\u00e3o do Copom ser\u00e1 anunciada ap\u00f3s \u00e0s 18h30 e n\u00e3o deve impactar diretamente o mercado cambial hoje, por ocorrer ap\u00f3s o encerramento das negocia\u00e7\u00f5es, na avalia\u00e7\u00e3o de Cordeiro. Para ele, al\u00e9m do corte de 0,25 ponto percentual na Selic, o Comit\u00ea dever\u00e1 dar uma sinaliza\u00e7\u00e3o de pausa para avalia\u00e7\u00e3o dos riscos inflacion\u00e1rios ligados ao impasse diplom\u00e1tico no Oriente M\u00e9dio e \u00e0 restri\u00e7\u00e3o da oferta global de petr\u00f3leo.<\/p>\n\n\n\n\n","protected":false},"excerpt":{"rendered":"<p>Mercado opera na expectativa de manuten\u00e7\u00e3o de juros nos EUA e redu\u00e7\u00e3o de 0,25 ponto percentual na taxa Selic<\/p>\n","protected":false},"author":10,"featured_media":32284,"comment_status":"closed","ping_status":"closed","sticky":false,"template":"","format":"standard","meta":{"_acf_changed":false,"inline_featured_image":false,"footnotes":""},"categories":[2059,1870],"tags":[82,37,39,318,2240,84],"class_list":["post-35420","post","type-post","status-publish","format-standard","has-post-thumbnail","hentry","category-mercado-financeiro","category-politica-monetaria","tag-banco-central","tag-fed","tag-juros","tag-mercado-financeiro","tag-petroleo","tag-selic"],"acf":[],"yoast_head":"<!-- This site is optimized with the Yoast SEO plugin v27.3 - https:\/\/yoast.com\/product\/yoast-seo-wordpress\/ -->\n<title>&quot;Super quarta&quot; come\u00e7a agitada com expectativas para as decis\u00f5es de BC e Fed - Blog da Rosana Hessel<\/title>\n<meta name=\"description\" content=\"Mercado opera na expectativa de manuten\u00e7\u00e3o de juros nos EUA e redu\u00e7\u00e3o de 0,25 ponto percentual na taxa Selic\" \/>\n<meta name=\"robots\" content=\"index, follow, max-snippet:-1, max-image-preview:large, max-video-preview:-1\" \/>\n<link rel=\"canonical\" href=\"https:\/\/newblogs.correiobraziliense.com.br\/blog-da-rosana-hessel\/super-quarta-comeca-agitada-com-expectativas-para-as-decisoes-de-bc-e-fed\/\" \/>\n<meta property=\"og:locale\" content=\"pt_BR\" \/>\n<meta property=\"og:type\" content=\"article\" \/>\n<meta property=\"og:title\" content=\"&quot;Super quarta&quot; come\u00e7a agitada com expectativas para as decis\u00f5es de BC e Fed - Blog da Rosana Hessel\" \/>\n<meta property=\"og:description\" content=\"Mercado opera na expectativa de manuten\u00e7\u00e3o de juros nos EUA e redu\u00e7\u00e3o de 0,25 ponto percentual na taxa Selic\" \/>\n<meta property=\"og:url\" content=\"https:\/\/newblogs.correiobraziliense.com.br\/blog-da-rosana-hessel\/super-quarta-comeca-agitada-com-expectativas-para-as-decisoes-de-bc-e-fed\/\" \/>\n<meta property=\"og:site_name\" content=\"Blog da Rosana Hessel\" \/>\n<meta property=\"article:published_time\" content=\"2026-04-29T16:21:05+00:00\" \/>\n<meta property=\"article:modified_time\" content=\"2026-04-29T16:21:07+00:00\" \/>\n<meta property=\"og:image\" content=\"http:\/\/newblogs.correiobraziliense.com.br\/blog-da-rosana-hessel\/wp-content\/uploads\/sites\/5\/2025\/01\/1_economia-44609523.jpg\" \/>\n\t<meta property=\"og:image:width\" content=\"675\" \/>\n\t<meta property=\"og:image:height\" content=\"449\" \/>\n\t<meta property=\"og:image:type\" content=\"image\/jpeg\" \/>\n<meta name=\"author\" content=\"Rosana Hessel\" \/>\n<!-- \/ Yoast SEO plugin. -->","yoast_head_json":{"title":"\"Super quarta\" come\u00e7a agitada com expectativas para as decis\u00f5es de BC e Fed - Blog da Rosana Hessel","description":"Mercado opera na expectativa de manuten\u00e7\u00e3o de juros nos EUA e redu\u00e7\u00e3o de 0,25 ponto percentual na taxa Selic","robots":{"index":"index","follow":"follow","max-snippet":"max-snippet:-1","max-image-preview":"max-image-preview:large","max-video-preview":"max-video-preview:-1"},"canonical":"https:\/\/newblogs.correiobraziliense.com.br\/blog-da-rosana-hessel\/super-quarta-comeca-agitada-com-expectativas-para-as-decisoes-de-bc-e-fed\/","og_locale":"pt_BR","og_type":"article","og_title":"\"Super quarta\" come\u00e7a agitada com expectativas para as decis\u00f5es de BC e Fed - Blog da Rosana Hessel","og_description":"Mercado opera na expectativa de manuten\u00e7\u00e3o de juros nos EUA e redu\u00e7\u00e3o de 0,25 ponto percentual na taxa Selic","og_url":"https:\/\/newblogs.correiobraziliense.com.br\/blog-da-rosana-hessel\/super-quarta-comeca-agitada-com-expectativas-para-as-decisoes-de-bc-e-fed\/","og_site_name":"Blog da Rosana Hessel","article_published_time":"2026-04-29T16:21:05+00:00","article_modified_time":"2026-04-29T16:21:07+00:00","og_image":[{"width":675,"height":449,"url":"http:\/\/newblogs.correiobraziliense.com.br\/blog-da-rosana-hessel\/wp-content\/uploads\/sites\/5\/2025\/01\/1_economia-44609523.jpg","type":"image\/jpeg"}],"author":"Rosana Hessel","schema":{"@context":"https:\/\/schema.org","@graph":[{"@type":"Article","@id":"https:\/\/newblogs.correiobraziliense.com.br\/blog-da-rosana-hessel\/super-quarta-comeca-agitada-com-expectativas-para-as-decisoes-de-bc-e-fed\/#article","isPartOf":{"@id":"https:\/\/newblogs.correiobraziliense.com.br\/blog-da-rosana-hessel\/super-quarta-comeca-agitada-com-expectativas-para-as-decisoes-de-bc-e-fed\/"},"author":{"name":"Rosana Hessel","@id":"https:\/\/newblogs.correiobraziliense.com.br\/blog-da-rosana-hessel\/#\/schema\/person\/824cb3c631cf0d4056f75ca02599a930"},"headline":"&#8220;Super quarta&#8221; come\u00e7a agitada com expectativas para as decis\u00f5es de BC e Fed","datePublished":"2026-04-29T16:21:05+00:00","dateModified":"2026-04-29T16:21:07+00:00","mainEntityOfPage":{"@id":"https:\/\/newblogs.correiobraziliense.com.br\/blog-da-rosana-hessel\/super-quarta-comeca-agitada-com-expectativas-para-as-decisoes-de-bc-e-fed\/"},"wordCount":563,"image":{"@id":"https:\/\/newblogs.correiobraziliense.com.br\/blog-da-rosana-hessel\/super-quarta-comeca-agitada-com-expectativas-para-as-decisoes-de-bc-e-fed\/#primaryimage"},"thumbnailUrl":"https:\/\/newblogs.correiobraziliense.com.br\/blog-da-rosana-hessel\/wp-content\/uploads\/sites\/5\/2025\/01\/1_economia-44609523.jpg","keywords":["Banco Central","Fed","juros","mercado financeiro","petr\u00f3leo","Selic"],"articleSection":["Mercado financeiro","Pol\u00edtica monet\u00e1ria"],"inLanguage":"pt-BR"},{"@type":"WebPage","@id":"https:\/\/newblogs.correiobraziliense.com.br\/blog-da-rosana-hessel\/super-quarta-comeca-agitada-com-expectativas-para-as-decisoes-de-bc-e-fed\/","url":"https:\/\/newblogs.correiobraziliense.com.br\/blog-da-rosana-hessel\/super-quarta-comeca-agitada-com-expectativas-para-as-decisoes-de-bc-e-fed\/","name":"\"Super quarta\" come\u00e7a agitada com expectativas para as decis\u00f5es de BC e Fed - Blog da Rosana Hessel","isPartOf":{"@id":"https:\/\/newblogs.correiobraziliense.com.br\/blog-da-rosana-hessel\/#website"},"primaryImageOfPage":{"@id":"https:\/\/newblogs.correiobraziliense.com.br\/blog-da-rosana-hessel\/super-quarta-comeca-agitada-com-expectativas-para-as-decisoes-de-bc-e-fed\/#primaryimage"},"image":{"@id":"https:\/\/newblogs.correiobraziliense.com.br\/blog-da-rosana-hessel\/super-quarta-comeca-agitada-com-expectativas-para-as-decisoes-de-bc-e-fed\/#primaryimage"},"thumbnailUrl":"https:\/\/newblogs.correiobraziliense.com.br\/blog-da-rosana-hessel\/wp-content\/uploads\/sites\/5\/2025\/01\/1_economia-44609523.jpg","datePublished":"2026-04-29T16:21:05+00:00","dateModified":"2026-04-29T16:21:07+00:00","author":{"@id":"https:\/\/newblogs.correiobraziliense.com.br\/blog-da-rosana-hessel\/#\/schema\/person\/824cb3c631cf0d4056f75ca02599a930"},"description":"Mercado opera na expectativa de manuten\u00e7\u00e3o de juros nos EUA e redu\u00e7\u00e3o de 0,25 ponto percentual na taxa Selic","breadcrumb":{"@id":"https:\/\/newblogs.correiobraziliense.com.br\/blog-da-rosana-hessel\/super-quarta-comeca-agitada-com-expectativas-para-as-decisoes-de-bc-e-fed\/#breadcrumb"},"inLanguage":"pt-BR","potentialAction":[{"@type":"ReadAction","target":["https:\/\/newblogs.correiobraziliense.com.br\/blog-da-rosana-hessel\/super-quarta-comeca-agitada-com-expectativas-para-as-decisoes-de-bc-e-fed\/"]}]},{"@type":"ImageObject","inLanguage":"pt-BR","@id":"https:\/\/newblogs.correiobraziliense.com.br\/blog-da-rosana-hessel\/super-quarta-comeca-agitada-com-expectativas-para-as-decisoes-de-bc-e-fed\/#primaryimage","url":"https:\/\/newblogs.correiobraziliense.com.br\/blog-da-rosana-hessel\/wp-content\/uploads\/sites\/5\/2025\/01\/1_economia-44609523.jpg","contentUrl":"https:\/\/newblogs.correiobraziliense.com.br\/blog-da-rosana-hessel\/wp-content\/uploads\/sites\/5\/2025\/01\/1_economia-44609523.jpg","width":675,"height":449},{"@type":"BreadcrumbList","@id":"https:\/\/newblogs.correiobraziliense.com.br\/blog-da-rosana-hessel\/super-quarta-comeca-agitada-com-expectativas-para-as-decisoes-de-bc-e-fed\/#breadcrumb","itemListElement":[{"@type":"ListItem","position":1,"name":"In\u00edcio","item":"https:\/\/newblogs.correiobraziliense.com.br\/blog-da-rosana-hessel\/"},{"@type":"ListItem","position":2,"name":"&#8220;Super quarta&#8221; come\u00e7a agitada com expectativas para as decis\u00f5es de BC e Fed"}]},{"@type":"WebSite","@id":"https:\/\/newblogs.correiobraziliense.com.br\/blog-da-rosana-hessel\/#website","url":"https:\/\/newblogs.correiobraziliense.com.br\/blog-da-rosana-hessel\/","name":"Blog da Rosana Hessel","description":"Not\u00edcias atualizadas e an\u00e1lises sobre economia. Acompanhe-nos para entender as tend\u00eancias e os impactos econ\u00f4micos que influenciam o seu dia a dia, tanto no Brasil quanto no exterior.","potentialAction":[{"@type":"SearchAction","target":{"@type":"EntryPoint","urlTemplate":"https:\/\/newblogs.correiobraziliense.com.br\/blog-da-rosana-hessel\/?s={search_term_string}"},"query-input":{"@type":"PropertyValueSpecification","valueRequired":true,"valueName":"search_term_string"}}],"inLanguage":"pt-BR"},{"@type":"Person","@id":"https:\/\/newblogs.correiobraziliense.com.br\/blog-da-rosana-hessel\/#\/schema\/person\/824cb3c631cf0d4056f75ca02599a930","name":"Rosana Hessel","image":{"@type":"ImageObject","inLanguage":"pt-BR","@id":"https:\/\/secure.gravatar.com\/avatar\/fe780cf1839cf10cd6d682fb080611e0d2a459b64be8a8781778109777fbcfd3?s=96&d=mm&r=g","url":"https:\/\/secure.gravatar.com\/avatar\/fe780cf1839cf10cd6d682fb080611e0d2a459b64be8a8781778109777fbcfd3?s=96&d=mm&r=g","contentUrl":"https:\/\/secure.gravatar.com\/avatar\/fe780cf1839cf10cd6d682fb080611e0d2a459b64be8a8781778109777fbcfd3?s=96&d=mm&r=g","caption":"Rosana Hessel"},"description":"Formada pela Pontif\u00edcia Universidade Cat\u00f3lica de S\u00e3o Paulo (PUC-SP), \u00e9 jornalista de economia desde 1995, quando passou a integrar o time da Gazeta Mercantil. Est\u00e1 sempre atr\u00e1s da boa informa\u00e7\u00e3o. Possui especializa\u00e7\u00e3o em economia pela FGV e MBA em Finan\u00e7as pela FIA-USP. Trabalha no Correio Braziliense desde 2010. Ganhou o Pr\u00eamio Esso de Jornalismo Econ\u00f4mico em 2014 e em 2015 com a equipe do Correio. Foi finalista entre os 50 jornalistas +Admirados da Imprensa de Economia, Neg\u00f3cios e Finan\u00e7as 2024, promovido pela Jornalistas&amp;Cia.","url":"https:\/\/newblogs.correiobraziliense.com.br\/blog-da-rosana-hessel\/author\/rosanahessel\/"}]}},"_links":{"self":[{"href":"https:\/\/newblogs.correiobraziliense.com.br\/blog-da-rosana-hessel\/wp-json\/wp\/v2\/posts\/35420","targetHints":{"allow":["GET"]}}],"collection":[{"href":"https:\/\/newblogs.correiobraziliense.com.br\/blog-da-rosana-hessel\/wp-json\/wp\/v2\/posts"}],"about":[{"href":"https:\/\/newblogs.correiobraziliense.com.br\/blog-da-rosana-hessel\/wp-json\/wp\/v2\/types\/post"}],"author":[{"embeddable":true,"href":"https:\/\/newblogs.correiobraziliense.com.br\/blog-da-rosana-hessel\/wp-json\/wp\/v2\/users\/10"}],"replies":[{"embeddable":true,"href":"https:\/\/newblogs.correiobraziliense.com.br\/blog-da-rosana-hessel\/wp-json\/wp\/v2\/comments?post=35420"}],"version-history":[{"count":7,"href":"https:\/\/newblogs.correiobraziliense.com.br\/blog-da-rosana-hessel\/wp-json\/wp\/v2\/posts\/35420\/revisions"}],"predecessor-version":[{"id":35427,"href":"https:\/\/newblogs.correiobraziliense.com.br\/blog-da-rosana-hessel\/wp-json\/wp\/v2\/posts\/35420\/revisions\/35427"}],"wp:featuredmedia":[{"embeddable":true,"href":"https:\/\/newblogs.correiobraziliense.com.br\/blog-da-rosana-hessel\/wp-json\/wp\/v2\/media\/32284"}],"wp:attachment":[{"href":"https:\/\/newblogs.correiobraziliense.com.br\/blog-da-rosana-hessel\/wp-json\/wp\/v2\/media?parent=35420"}],"wp:term":[{"taxonomy":"category","embeddable":true,"href":"https:\/\/newblogs.correiobraziliense.com.br\/blog-da-rosana-hessel\/wp-json\/wp\/v2\/categories?post=35420"},{"taxonomy":"post_tag","embeddable":true,"href":"https:\/\/newblogs.correiobraziliense.com.br\/blog-da-rosana-hessel\/wp-json\/wp\/v2\/tags?post=35420"}],"curies":[{"name":"wp","href":"https:\/\/api.w.org\/{rel}","templated":true}]}}