{"id":35408,"date":"2026-04-28T18:47:25","date_gmt":"2026-04-28T21:47:25","guid":{"rendered":"https:\/\/newblogs.correiobraziliense.com.br\/blog-da-rosana-hessel\/?p=35408"},"modified":"2026-04-28T19:12:55","modified_gmt":"2026-04-28T22:12:55","slug":"ex-diretor-do-bc-sera-economista-chefe-do-itau-unibanco-a-partir-de-julho","status":"publish","type":"post","link":"https:\/\/newblogs.correiobraziliense.com.br\/blog-da-rosana-hessel\/ex-diretor-do-bc-sera-economista-chefe-do-itau-unibanco-a-partir-de-julho\/","title":{"rendered":"Ex-diretor do BC ser\u00e1 economista-chefe do Ita\u00fa Unibanco a partir de julho"},"content":{"rendered":"\n<p>O Ita\u00fa Unibanco anunciou, na tarde desta ter\u00e7a-feira (28\/4), mudan\u00e7as na lideran\u00e7a da \u00e1rea de Pesquisa Econ\u00f4mica que devem ocorrer a partir de 1\u00ba de julho. O ex-diretor de Pol\u00edtica Econ\u00f4mica do Banco Central Diogo Guillen vai assumir a posi\u00e7\u00e3o de economista-chefe, ap\u00f3s cumprir per\u00edodo de quarentena.<\/p>\n\n\n\n<p>Guillen \u00e9 economista, formado pela Pontif\u00edcia Universidade Cat\u00f3lica do Rio de Janeiro (PUC-Rio), com doutorado pela Universidade de Princeton, dos Estados Unidos, e retornar\u00e1 ao banco Ita\u00fa Unibanco. O economista foi diretor de Pol\u00edtica Econ\u00f4mica do Banco Central, entre 2022 e 2025. E, anteriormente, integrou a \u00e1rea econ\u00f4mica da Asset do Ita\u00fa Unibanco, entre 2015 e 2021.<\/p>\n\n\n\n<p>Com s\u00f3lida experi\u00eancia acad\u00eamica e trajet\u00f3ria destacada no setor p\u00fablico e privado, Diogo Guillen suceder\u00e1 a M\u00e1rio Mesquita, s\u00f3cio e economista-chefe desde julho de 2016, que deixar\u00e1 a fun\u00e7\u00e3o ao final de abril, ap\u00f3s quase uma d\u00e9cada \u00e0 frente das \u00e1reas de Macroeconomia e Research. <\/p>\n\n\n\n<p>Durante a transi\u00e7\u00e3o, de acordo com comunicado do Ita\u00fa Unibanco, M\u00e1rio Mesquita seguir\u00e1 colaborando como consultor, representando as fun\u00e7\u00f5es macroecon\u00f4micas da institui\u00e7\u00e3o.<\/p>\n\n\n\n<p>&#8220;Ao longo de sua trajet\u00f3ria no banco, Mesquita desempenhou papel central no fortalecimento da reputa\u00e7\u00e3o do Ita\u00fa em an\u00e1lises econ\u00f4micas, liderando a consolida\u00e7\u00e3o do time de Macro e a reestrutura\u00e7\u00e3o do Research, sendo reconhecido pela profundidade, equil\u00edbrio e credibilidade junto a clientes e investidores, no Brasil e nos mercados internacionais&#8221;, acrescentou o comunicado.<\/p>\n\n\n\n<p>Procurado pelo <strong>Blog<\/strong>, Mesquita disse que pretende tirar uns meses sab\u00e1ticos antes de voltar a trabalhar com temas que ele gosta, como macroeconomia e mercado financeiro. <\/p>\n\n\n\n\n","protected":false},"excerpt":{"rendered":"<p>Diogo Guillen, ex-diretor de Pol\u00edtica Econ\u00f4mica do Banco Central assumir\u00e1, a partir de 1\u00ba de julho, o cargo de economista-chefe do Ita\u00fa Unibanco no lugar de M\u00e1rio Mesquita<\/p>\n","protected":false},"author":10,"featured_media":35409,"comment_status":"closed","ping_status":"closed","sticky":false,"template":"","format":"standard","meta":{"_acf_changed":false,"inline_featured_image":false,"footnotes":""},"categories":[2059],"tags":[82,2276,1823,318,1806],"class_list":["post-35408","post","type-post","status-publish","format-standard","has-post-thumbnail","hentry","category-mercado-financeiro","tag-banco-central","tag-economista-chefe","tag-itau-unibanco","tag-mercado-financeiro","tag-novo-cargo"],"acf":[],"yoast_head":"<!-- This site is optimized with the Yoast SEO plugin v27.3 - https:\/\/yoast.com\/product\/yoast-seo-wordpress\/ -->\n<title>Ex-diretor do BC ser\u00e1 economista-chefe do Ita\u00fa Unibanco a partir de julho - Blog da Rosana Hessel<\/title>\n<meta name=\"description\" content=\"Diogo Guillen, ex-diretor de Pol\u00edtica Econ\u00f4mica do Banco Central assumir\u00e1, a partir de 1\u00ba de julho, o cargo de economista-chefe do Ita\u00fa Unibanco no lugar de M\u00e1rio Mesquita\" \/>\n<meta name=\"robots\" content=\"index, follow, max-snippet:-1, max-image-preview:large, max-video-preview:-1\" \/>\n<link rel=\"canonical\" href=\"https:\/\/newblogs.correiobraziliense.com.br\/blog-da-rosana-hessel\/ex-diretor-do-bc-sera-economista-chefe-do-itau-unibanco-a-partir-de-julho\/\" \/>\n<meta property=\"og:locale\" content=\"pt_BR\" \/>\n<meta property=\"og:type\" content=\"article\" \/>\n<meta property=\"og:title\" content=\"Ex-diretor do BC ser\u00e1 economista-chefe do Ita\u00fa Unibanco a partir de julho - Blog da Rosana Hessel\" \/>\n<meta property=\"og:description\" content=\"Diogo Guillen, ex-diretor de Pol\u00edtica Econ\u00f4mica do Banco Central assumir\u00e1, a partir de 1\u00ba de julho, o cargo de economista-chefe do Ita\u00fa Unibanco no lugar de M\u00e1rio Mesquita\" \/>\n<meta property=\"og:url\" content=\"https:\/\/newblogs.correiobraziliense.com.br\/blog-da-rosana-hessel\/ex-diretor-do-bc-sera-economista-chefe-do-itau-unibanco-a-partir-de-julho\/\" \/>\n<meta property=\"og:site_name\" content=\"Blog da Rosana Hessel\" \/>\n<meta property=\"article:published_time\" content=\"2026-04-28T21:47:25+00:00\" \/>\n<meta property=\"article:modified_time\" content=\"2026-04-28T22:12:55+00:00\" \/>\n<meta property=\"og:image\" content=\"http:\/\/newblogs.correiobraziliense.com.br\/blog-da-rosana-hessel\/wp-content\/uploads\/sites\/5\/2026\/04\/52566313024_28069acb95_w.jpg\" \/>\n\t<meta property=\"og:image:width\" content=\"400\" \/>\n\t<meta property=\"og:image:height\" content=\"267\" \/>\n\t<meta property=\"og:image:type\" content=\"image\/jpeg\" \/>\n<meta name=\"author\" content=\"Rosana Hessel\" \/>\n<!-- \/ Yoast SEO plugin. -->","yoast_head_json":{"title":"Ex-diretor do BC ser\u00e1 economista-chefe do Ita\u00fa Unibanco a partir de julho - Blog da Rosana Hessel","description":"Diogo Guillen, ex-diretor de Pol\u00edtica Econ\u00f4mica do Banco Central assumir\u00e1, a partir de 1\u00ba de julho, o cargo de economista-chefe do Ita\u00fa Unibanco no lugar de M\u00e1rio Mesquita","robots":{"index":"index","follow":"follow","max-snippet":"max-snippet:-1","max-image-preview":"max-image-preview:large","max-video-preview":"max-video-preview:-1"},"canonical":"https:\/\/newblogs.correiobraziliense.com.br\/blog-da-rosana-hessel\/ex-diretor-do-bc-sera-economista-chefe-do-itau-unibanco-a-partir-de-julho\/","og_locale":"pt_BR","og_type":"article","og_title":"Ex-diretor do BC ser\u00e1 economista-chefe do Ita\u00fa Unibanco a partir de julho - Blog da Rosana Hessel","og_description":"Diogo Guillen, ex-diretor de Pol\u00edtica Econ\u00f4mica do Banco Central assumir\u00e1, a partir de 1\u00ba de julho, o cargo de economista-chefe do Ita\u00fa Unibanco no lugar de M\u00e1rio Mesquita","og_url":"https:\/\/newblogs.correiobraziliense.com.br\/blog-da-rosana-hessel\/ex-diretor-do-bc-sera-economista-chefe-do-itau-unibanco-a-partir-de-julho\/","og_site_name":"Blog da Rosana Hessel","article_published_time":"2026-04-28T21:47:25+00:00","article_modified_time":"2026-04-28T22:12:55+00:00","og_image":[{"width":400,"height":267,"url":"http:\/\/newblogs.correiobraziliense.com.br\/blog-da-rosana-hessel\/wp-content\/uploads\/sites\/5\/2026\/04\/52566313024_28069acb95_w.jpg","type":"image\/jpeg"}],"author":"Rosana Hessel","schema":{"@context":"https:\/\/schema.org","@graph":[{"@type":"Article","@id":"https:\/\/newblogs.correiobraziliense.com.br\/blog-da-rosana-hessel\/ex-diretor-do-bc-sera-economista-chefe-do-itau-unibanco-a-partir-de-julho\/#article","isPartOf":{"@id":"https:\/\/newblogs.correiobraziliense.com.br\/blog-da-rosana-hessel\/ex-diretor-do-bc-sera-economista-chefe-do-itau-unibanco-a-partir-de-julho\/"},"author":{"name":"Rosana Hessel","@id":"https:\/\/newblogs.correiobraziliense.com.br\/blog-da-rosana-hessel\/#\/schema\/person\/824cb3c631cf0d4056f75ca02599a930"},"headline":"Ex-diretor do BC ser\u00e1 economista-chefe do Ita\u00fa Unibanco a partir de julho","datePublished":"2026-04-28T21:47:25+00:00","dateModified":"2026-04-28T22:12:55+00:00","mainEntityOfPage":{"@id":"https:\/\/newblogs.correiobraziliense.com.br\/blog-da-rosana-hessel\/ex-diretor-do-bc-sera-economista-chefe-do-itau-unibanco-a-partir-de-julho\/"},"wordCount":290,"image":{"@id":"https:\/\/newblogs.correiobraziliense.com.br\/blog-da-rosana-hessel\/ex-diretor-do-bc-sera-economista-chefe-do-itau-unibanco-a-partir-de-julho\/#primaryimage"},"thumbnailUrl":"https:\/\/newblogs.correiobraziliense.com.br\/blog-da-rosana-hessel\/wp-content\/uploads\/sites\/5\/2026\/04\/52566313024_28069acb95_w.jpg","keywords":["Banco Central","economista-chefe","Ita\u00fa Unibanco","mercado financeiro","novo cargo"],"articleSection":["Mercado financeiro"],"inLanguage":"pt-BR"},{"@type":"WebPage","@id":"https:\/\/newblogs.correiobraziliense.com.br\/blog-da-rosana-hessel\/ex-diretor-do-bc-sera-economista-chefe-do-itau-unibanco-a-partir-de-julho\/","url":"https:\/\/newblogs.correiobraziliense.com.br\/blog-da-rosana-hessel\/ex-diretor-do-bc-sera-economista-chefe-do-itau-unibanco-a-partir-de-julho\/","name":"Ex-diretor do BC ser\u00e1 economista-chefe do Ita\u00fa Unibanco a partir de julho - Blog da Rosana Hessel","isPartOf":{"@id":"https:\/\/newblogs.correiobraziliense.com.br\/blog-da-rosana-hessel\/#website"},"primaryImageOfPage":{"@id":"https:\/\/newblogs.correiobraziliense.com.br\/blog-da-rosana-hessel\/ex-diretor-do-bc-sera-economista-chefe-do-itau-unibanco-a-partir-de-julho\/#primaryimage"},"image":{"@id":"https:\/\/newblogs.correiobraziliense.com.br\/blog-da-rosana-hessel\/ex-diretor-do-bc-sera-economista-chefe-do-itau-unibanco-a-partir-de-julho\/#primaryimage"},"thumbnailUrl":"https:\/\/newblogs.correiobraziliense.com.br\/blog-da-rosana-hessel\/wp-content\/uploads\/sites\/5\/2026\/04\/52566313024_28069acb95_w.jpg","datePublished":"2026-04-28T21:47:25+00:00","dateModified":"2026-04-28T22:12:55+00:00","author":{"@id":"https:\/\/newblogs.correiobraziliense.com.br\/blog-da-rosana-hessel\/#\/schema\/person\/824cb3c631cf0d4056f75ca02599a930"},"description":"Diogo Guillen, ex-diretor de Pol\u00edtica Econ\u00f4mica do Banco Central assumir\u00e1, a partir de 1\u00ba de julho, o cargo de economista-chefe do Ita\u00fa Unibanco no lugar de M\u00e1rio Mesquita","breadcrumb":{"@id":"https:\/\/newblogs.correiobraziliense.com.br\/blog-da-rosana-hessel\/ex-diretor-do-bc-sera-economista-chefe-do-itau-unibanco-a-partir-de-julho\/#breadcrumb"},"inLanguage":"pt-BR","potentialAction":[{"@type":"ReadAction","target":["https:\/\/newblogs.correiobraziliense.com.br\/blog-da-rosana-hessel\/ex-diretor-do-bc-sera-economista-chefe-do-itau-unibanco-a-partir-de-julho\/"]}]},{"@type":"ImageObject","inLanguage":"pt-BR","@id":"https:\/\/newblogs.correiobraziliense.com.br\/blog-da-rosana-hessel\/ex-diretor-do-bc-sera-economista-chefe-do-itau-unibanco-a-partir-de-julho\/#primaryimage","url":"https:\/\/newblogs.correiobraziliense.com.br\/blog-da-rosana-hessel\/wp-content\/uploads\/sites\/5\/2026\/04\/52566313024_28069acb95_w.jpg","contentUrl":"https:\/\/newblogs.correiobraziliense.com.br\/blog-da-rosana-hessel\/wp-content\/uploads\/sites\/5\/2026\/04\/52566313024_28069acb95_w.jpg","width":400,"height":267,"caption":"Bras\u00edlia, 15\/12\/2022. Relat\u00f3rio Trimestral de Infla\u00e7\u00e3o. Apresenta\u00e7\u00e3o do Diretor de Pol\u00edtica Econ\u00f4mica, Diogo Abry Guillen, durante a coletiva. Foto:Raphael Ribeiro\/BCB"},{"@type":"BreadcrumbList","@id":"https:\/\/newblogs.correiobraziliense.com.br\/blog-da-rosana-hessel\/ex-diretor-do-bc-sera-economista-chefe-do-itau-unibanco-a-partir-de-julho\/#breadcrumb","itemListElement":[{"@type":"ListItem","position":1,"name":"In\u00edcio","item":"https:\/\/newblogs.correiobraziliense.com.br\/blog-da-rosana-hessel\/"},{"@type":"ListItem","position":2,"name":"Ex-diretor do BC ser\u00e1 economista-chefe do Ita\u00fa Unibanco a partir de julho"}]},{"@type":"WebSite","@id":"https:\/\/newblogs.correiobraziliense.com.br\/blog-da-rosana-hessel\/#website","url":"https:\/\/newblogs.correiobraziliense.com.br\/blog-da-rosana-hessel\/","name":"Blog da Rosana Hessel","description":"Not\u00edcias atualizadas e an\u00e1lises sobre economia. Acompanhe-nos para entender as tend\u00eancias e os impactos econ\u00f4micos que influenciam o seu dia a dia, tanto no Brasil quanto no exterior.","potentialAction":[{"@type":"SearchAction","target":{"@type":"EntryPoint","urlTemplate":"https:\/\/newblogs.correiobraziliense.com.br\/blog-da-rosana-hessel\/?s={search_term_string}"},"query-input":{"@type":"PropertyValueSpecification","valueRequired":true,"valueName":"search_term_string"}}],"inLanguage":"pt-BR"},{"@type":"Person","@id":"https:\/\/newblogs.correiobraziliense.com.br\/blog-da-rosana-hessel\/#\/schema\/person\/824cb3c631cf0d4056f75ca02599a930","name":"Rosana Hessel","image":{"@type":"ImageObject","inLanguage":"pt-BR","@id":"https:\/\/secure.gravatar.com\/avatar\/fe780cf1839cf10cd6d682fb080611e0d2a459b64be8a8781778109777fbcfd3?s=96&d=mm&r=g","url":"https:\/\/secure.gravatar.com\/avatar\/fe780cf1839cf10cd6d682fb080611e0d2a459b64be8a8781778109777fbcfd3?s=96&d=mm&r=g","contentUrl":"https:\/\/secure.gravatar.com\/avatar\/fe780cf1839cf10cd6d682fb080611e0d2a459b64be8a8781778109777fbcfd3?s=96&d=mm&r=g","caption":"Rosana Hessel"},"description":"Formada pela Pontif\u00edcia Universidade Cat\u00f3lica de S\u00e3o Paulo (PUC-SP), \u00e9 jornalista de economia desde 1995, quando passou a integrar o time da Gazeta Mercantil. Est\u00e1 sempre atr\u00e1s da boa informa\u00e7\u00e3o. Possui especializa\u00e7\u00e3o em economia pela FGV e MBA em Finan\u00e7as pela FIA-USP. Trabalha no Correio Braziliense desde 2010. Ganhou o Pr\u00eamio Esso de Jornalismo Econ\u00f4mico em 2014 e em 2015 com a equipe do Correio. Foi finalista entre os 50 jornalistas +Admirados da Imprensa de Economia, Neg\u00f3cios e Finan\u00e7as 2024, promovido pela Jornalistas&amp;Cia.","url":"https:\/\/newblogs.correiobraziliense.com.br\/blog-da-rosana-hessel\/author\/rosanahessel\/"}]}},"_links":{"self":[{"href":"https:\/\/newblogs.correiobraziliense.com.br\/blog-da-rosana-hessel\/wp-json\/wp\/v2\/posts\/35408","targetHints":{"allow":["GET"]}}],"collection":[{"href":"https:\/\/newblogs.correiobraziliense.com.br\/blog-da-rosana-hessel\/wp-json\/wp\/v2\/posts"}],"about":[{"href":"https:\/\/newblogs.correiobraziliense.com.br\/blog-da-rosana-hessel\/wp-json\/wp\/v2\/types\/post"}],"author":[{"embeddable":true,"href":"https:\/\/newblogs.correiobraziliense.com.br\/blog-da-rosana-hessel\/wp-json\/wp\/v2\/users\/10"}],"replies":[{"embeddable":true,"href":"https:\/\/newblogs.correiobraziliense.com.br\/blog-da-rosana-hessel\/wp-json\/wp\/v2\/comments?post=35408"}],"version-history":[{"count":7,"href":"https:\/\/newblogs.correiobraziliense.com.br\/blog-da-rosana-hessel\/wp-json\/wp\/v2\/posts\/35408\/revisions"}],"predecessor-version":[{"id":35418,"href":"https:\/\/newblogs.correiobraziliense.com.br\/blog-da-rosana-hessel\/wp-json\/wp\/v2\/posts\/35408\/revisions\/35418"}],"wp:featuredmedia":[{"embeddable":true,"href":"https:\/\/newblogs.correiobraziliense.com.br\/blog-da-rosana-hessel\/wp-json\/wp\/v2\/media\/35409"}],"wp:attachment":[{"href":"https:\/\/newblogs.correiobraziliense.com.br\/blog-da-rosana-hessel\/wp-json\/wp\/v2\/media?parent=35408"}],"wp:term":[{"taxonomy":"category","embeddable":true,"href":"https:\/\/newblogs.correiobraziliense.com.br\/blog-da-rosana-hessel\/wp-json\/wp\/v2\/categories?post=35408"},{"taxonomy":"post_tag","embeddable":true,"href":"https:\/\/newblogs.correiobraziliense.com.br\/blog-da-rosana-hessel\/wp-json\/wp\/v2\/tags?post=35408"}],"curies":[{"name":"wp","href":"https:\/\/api.w.org\/{rel}","templated":true}]}}