{"id":35398,"date":"2026-04-28T14:07:48","date_gmt":"2026-04-28T17:07:48","guid":{"rendered":"https:\/\/newblogs.correiobraziliense.com.br\/blog-da-rosana-hessel\/?p=35398"},"modified":"2026-04-28T14:07:51","modified_gmt":"2026-04-28T17:07:51","slug":"aceleracao-na-previa-da-inflacao-de-abril-poe-pulga-atras-do-orelha-do-bc","status":"publish","type":"post","link":"https:\/\/newblogs.correiobraziliense.com.br\/blog-da-rosana-hessel\/aceleracao-na-previa-da-inflacao-de-abril-poe-pulga-atras-do-orelha-do-bc\/","title":{"rendered":"Acelera\u00e7\u00e3o na pr\u00e9via da infla\u00e7\u00e3o de abril p\u00f5e pulga atr\u00e1s do orelha do BC"},"content":{"rendered":"\n<p>O \u00cdndice Nacional de Pre\u00e7os ao Consumidor Amplo 15 (IPCA-15), conhecido como pr\u00e9via da infla\u00e7\u00e3o oficial, acelerou em abril frente a alta de 0,44% de mar\u00e7o, para 0,89%, refletindo o forte impacto do grupo de alimenta\u00e7\u00e3o e bebidas e de transportes, de 0,31 e de 0,27 ponto percentual, respectivamente. Juntos, os dois grupos respondem por 65% do \u00edndice do m\u00eas. Em abril de 2025, a taxa foi de 0,43%.<\/p>\n\n\n\n<p>O dado, apesar de ter ficado abaixo da expectativa do mercado, de 0,98%, o indicador mostra acelera\u00e7\u00e3o frente ao dado de mar\u00e7o, comprovando os efeitos do conflito no Oriente M\u00e9dio, que tem disseminado a alta de pre\u00e7os de alimentos e de combust\u00edvieis, e, assim, colocando uma pulga atr\u00e1s do orelha dos diretores do Banco Central que come\u00e7am, hoje, a primeira reuni\u00e3o do Comit\u00ea de Pol\u00edtica Monet\u00e1ria (Copom) e a terceira do ano. <\/p>\n\n\n\n<p>\u201cEssa surpresa benigna no IPCA-15 n\u00e3o pode ser vista como uma boa not\u00edcia, os efeitos da guerra no Ir\u00e3 mostram sua influ\u00eancia no \u00edndice como podemos ver na alta de 6,23% na gasolina e de 16% no \u00f3leo diesel\u201d, destacou o economista Andr\u00e9 Perfeito, da Garantia Capital. \u00a0Ele lembrou que as press\u00f5es no grupo alimenta\u00e7\u00e3o sugerem, de maneira inequ\u00edvoca, os repasses dos aumentos dos custos de transportes e de fertilizantes chegando \u00e0 mesa do brasileiros, o que pode ser um alerta adicional para o Banco Central neste primeiro dia de reuni\u00e3o do Comit\u00ea de Pol\u00edtica Monet\u00e1ria (Copom). A difus\u00e3o de alta de pre\u00e7os na economia aumentou, passando de 63% para 67%, conforme os dados do IBGE.<\/p>\n\n\n\n<p>Na avalia\u00e7\u00e3o de Perfeito, o apesar de um comportamento melhor nos pre\u00e7os no setor de servi\u00e7os, isso n\u00e3o retira o \u2018bode da sala\u2019, porque o BC dever\u00e1 cortar a taxa b\u00e1sica da economia (Selic) de forma gradual, ou seja, manter\u00e1 o ritmo de corte da reuni\u00e3o anterior, de 25 pontos-base. <\/p>\n\n\n\n<p>&#8220;O fato de o governo estar preparando um novo Desenrola, com descontos de at\u00e9 90% nas d\u00edvidas dos brasileiros endividados \u00e9 outro sinal de alerta para o Copom, na avalia\u00e7\u00e3o de Perfeito. \u201cVale notar que a perspectiva do programa Desenrola, que pese sua necessidade para aliviar os balan\u00e7os das fam\u00edlias, retira pot\u00eancia da pol\u00edtica monet\u00e1ria, tornando o Copom ainda mais cauteloso\u201d, acrescentou.<\/p>\n\n\n\n<p>Conforme os dados do IBGE, no ano, o IPCA-15 acumula alta de 2,39%, e, nos \u00faltimos 12 meses at\u00e9 abril, de 4,37%, acima dos 3,90% observados nos 12 meses imediatamente anteriores.&nbsp; \u201cNo geral, as principais m\u00e9tricas do IPCA-15 se distanciaram ainda mais da meta de infla\u00e7\u00e3o. Esperamos que os efeitos do conflito no Oriente M\u00e9dio sejam cada vez mais sentidos\u201d, destacou o economista Alexandre Maluf, da XP Investimentos que, apesar da surpresa no indicador, manteve em 5,1% a proje\u00e7\u00e3o de 5,1% para o IPCA de 2026.&nbsp; \u201cOs n\u00edveis atuais dos pre\u00e7os de energia mais do que compensam a recente aprecia\u00e7\u00e3o da taxa de c\u00e2mbio. Em rela\u00e7\u00e3o \u00e0 pol\u00edtica monet\u00e1ria, esperamos que o Copom corte a taxa Selic em 25 pontos-base amanh\u00e3, mas a magnitude do ciclo de afrouxamento segue condicionada \u00e0 guerra.&nbsp;<\/p>\n\n\n\n<p>Dos nove grupos de produtos e servi\u00e7os pesquisados, todos apresentaram alta de pre\u00e7os. E alimenta\u00e7\u00e3o e bebidas teve a maior varia\u00e7\u00e3o, de 1,46%, seguido por Transportes, com alta de 1,34% no m\u00eas. Sa\u00fade e cuidados pessoais, com alta de 0,93%, no m\u00eas, teve impacto de 0,13 ponto percentual no IPCA-15, a terceira maior influ\u00eancia no resultado geral. As demais varia\u00e7\u00f5es ficaram entre o 0,05% de Educa\u00e7\u00e3o e o 0,76% de vestu\u00e1rio. <\/p>\n\n\n\n<p>No grupo alimenta\u00e7\u00e3o e bebidas (1,46%), a alimenta\u00e7\u00e3o no domic\u00edlio acelerou de 1,10% em mar\u00e7o para 1,77% em abril. Entre os alimentos, contribu\u00edram para esse resultado as altas da cenoura (25,43%), da cebola (16,54%), do leite longa vida (16,33%), do tomate (13,76%) e das carnes (1,14%). No lado das quedas sobressaem a ma\u00e7\u00e3 (-4,76%) e o caf\u00e9 mo\u00eddo (-1,58%).&nbsp; <\/p>\n\n\n\n<p>A alimenta\u00e7\u00e3o fora do domic\u00edlio (0,70%) acelerou em rela\u00e7\u00e3o ao m\u00eas de mar\u00e7o (0,35%), em virtude da alta do lanche (0,87%) e da refei\u00e7\u00e3o (0,65%), que haviam registrado, em mar\u00e7o, altas de 0,50% e 0,31%, respectivamente. <\/p>\n\n\n\n<p>A varia\u00e7\u00e3o positiva de pre\u00e7os do grupo transportes acelerou na passagem de mar\u00e7o, de 0,21%, para abril, de 1,34%, impulsionada pela alta nos combust\u00edveis, que passou de -0,03% para 6,06% no mesmo per\u00edodo. A gasolina, que em mar\u00e7o teve queda de 0,08%, registrou alta de 6,23%, em abril, sendo o principal impacto individual no \u00edndice do m\u00eas (de 0,32 ponto percentual). A alta no \u00f3leo diesel, que saiu de 3,77% em mar\u00e7o para 16% em abril, representou um impacto de 0,04 ponto percentual no IPCA-15.<\/p>\n\n\n\n\n","protected":false},"excerpt":{"rendered":"<p>IPCA 15 de abril acelera de 0,44%, em mar\u00e7o, para 0,89%, em abril, dado que ficou abaixo das previs\u00f5es do mercado, mas confirma dissemina\u00e7\u00e3o generalizada de pre\u00e7os na economia, principalmente de alimentos e de combust\u00edveis<\/p>\n","protected":false},"author":10,"featured_media":30994,"comment_status":"closed","ping_status":"closed","sticky":false,"template":"","format":"standard","meta":{"_acf_changed":false,"inline_featured_image":false,"footnotes":""},"categories":[1,1870],"tags":[82,83,39,84],"class_list":["post-35398","post","type-post","status-publish","format-standard","has-post-thumbnail","hentry","category-sem-categoria","category-politica-monetaria","tag-banco-central","tag-copom","tag-juros","tag-selic"],"acf":[],"yoast_head":"<!-- This site is optimized with the Yoast SEO plugin v27.3 - https:\/\/yoast.com\/product\/yoast-seo-wordpress\/ -->\n<title>Acelera\u00e7\u00e3o na pr\u00e9via da infla\u00e7\u00e3o de abril p\u00f5e pulga atr\u00e1s do orelha do BC - Blog da Rosana Hessel<\/title>\n<meta name=\"description\" content=\"IPCA 15 de abril acelera de 0,44%, em mar\u00e7o, para 0,89%, em abril, dado que ficou abaixo das previs\u00f5es do mercado, mas confirma dissemina\u00e7\u00e3o generalizada de pre\u00e7os na economia, principalmente de alimentos e de combust\u00edveis\" \/>\n<meta name=\"robots\" content=\"index, follow, max-snippet:-1, max-image-preview:large, max-video-preview:-1\" \/>\n<link rel=\"canonical\" href=\"https:\/\/newblogs.correiobraziliense.com.br\/blog-da-rosana-hessel\/aceleracao-na-previa-da-inflacao-de-abril-poe-pulga-atras-do-orelha-do-bc\/\" \/>\n<meta property=\"og:locale\" content=\"pt_BR\" \/>\n<meta property=\"og:type\" content=\"article\" \/>\n<meta property=\"og:title\" content=\"Acelera\u00e7\u00e3o na pr\u00e9via da infla\u00e7\u00e3o de abril p\u00f5e pulga atr\u00e1s do orelha do BC - Blog da Rosana Hessel\" \/>\n<meta property=\"og:description\" content=\"IPCA 15 de abril acelera de 0,44%, em mar\u00e7o, para 0,89%, em abril, dado que ficou abaixo das previs\u00f5es do mercado, mas confirma dissemina\u00e7\u00e3o generalizada de pre\u00e7os na economia, principalmente de alimentos e de combust\u00edveis\" \/>\n<meta property=\"og:url\" content=\"https:\/\/newblogs.correiobraziliense.com.br\/blog-da-rosana-hessel\/aceleracao-na-previa-da-inflacao-de-abril-poe-pulga-atras-do-orelha-do-bc\/\" \/>\n<meta property=\"og:site_name\" content=\"Blog da Rosana Hessel\" \/>\n<meta property=\"article:published_time\" content=\"2026-04-28T17:07:48+00:00\" \/>\n<meta property=\"article:modified_time\" content=\"2026-04-28T17:07:51+00:00\" \/>\n<meta property=\"og:image\" content=\"http:\/\/newblogs.correiobraziliense.com.br\/blog-da-rosana-hessel\/wp-content\/uploads\/sites\/5\/2024\/07\/arteinflacao.jpeg\" \/>\n\t<meta property=\"og:image:width\" content=\"800\" \/>\n\t<meta property=\"og:image:height\" content=\"665\" \/>\n\t<meta property=\"og:image:type\" content=\"image\/jpeg\" \/>\n<meta name=\"author\" content=\"Rosana Hessel\" \/>\n<!-- \/ Yoast SEO plugin. -->","yoast_head_json":{"title":"Acelera\u00e7\u00e3o na pr\u00e9via da infla\u00e7\u00e3o de abril p\u00f5e pulga atr\u00e1s do orelha do BC - Blog da Rosana Hessel","description":"IPCA 15 de abril acelera de 0,44%, em mar\u00e7o, para 0,89%, em abril, dado que ficou abaixo das previs\u00f5es do mercado, mas confirma dissemina\u00e7\u00e3o generalizada de pre\u00e7os na economia, principalmente de alimentos e de combust\u00edveis","robots":{"index":"index","follow":"follow","max-snippet":"max-snippet:-1","max-image-preview":"max-image-preview:large","max-video-preview":"max-video-preview:-1"},"canonical":"https:\/\/newblogs.correiobraziliense.com.br\/blog-da-rosana-hessel\/aceleracao-na-previa-da-inflacao-de-abril-poe-pulga-atras-do-orelha-do-bc\/","og_locale":"pt_BR","og_type":"article","og_title":"Acelera\u00e7\u00e3o na pr\u00e9via da infla\u00e7\u00e3o de abril p\u00f5e pulga atr\u00e1s do orelha do BC - Blog da Rosana Hessel","og_description":"IPCA 15 de abril acelera de 0,44%, em mar\u00e7o, para 0,89%, em abril, dado que ficou abaixo das previs\u00f5es do mercado, mas confirma dissemina\u00e7\u00e3o generalizada de pre\u00e7os na economia, principalmente de alimentos e de combust\u00edveis","og_url":"https:\/\/newblogs.correiobraziliense.com.br\/blog-da-rosana-hessel\/aceleracao-na-previa-da-inflacao-de-abril-poe-pulga-atras-do-orelha-do-bc\/","og_site_name":"Blog da Rosana Hessel","article_published_time":"2026-04-28T17:07:48+00:00","article_modified_time":"2026-04-28T17:07:51+00:00","og_image":[{"width":800,"height":665,"url":"http:\/\/newblogs.correiobraziliense.com.br\/blog-da-rosana-hessel\/wp-content\/uploads\/sites\/5\/2024\/07\/arteinflacao.jpeg","type":"image\/jpeg"}],"author":"Rosana Hessel","schema":{"@context":"https:\/\/schema.org","@graph":[{"@type":"Article","@id":"https:\/\/newblogs.correiobraziliense.com.br\/blog-da-rosana-hessel\/aceleracao-na-previa-da-inflacao-de-abril-poe-pulga-atras-do-orelha-do-bc\/#article","isPartOf":{"@id":"https:\/\/newblogs.correiobraziliense.com.br\/blog-da-rosana-hessel\/aceleracao-na-previa-da-inflacao-de-abril-poe-pulga-atras-do-orelha-do-bc\/"},"author":{"name":"Rosana Hessel","@id":"https:\/\/newblogs.correiobraziliense.com.br\/blog-da-rosana-hessel\/#\/schema\/person\/824cb3c631cf0d4056f75ca02599a930"},"headline":"Acelera\u00e7\u00e3o na pr\u00e9via da infla\u00e7\u00e3o de abril p\u00f5e pulga atr\u00e1s do orelha do BC","datePublished":"2026-04-28T17:07:48+00:00","dateModified":"2026-04-28T17:07:51+00:00","mainEntityOfPage":{"@id":"https:\/\/newblogs.correiobraziliense.com.br\/blog-da-rosana-hessel\/aceleracao-na-previa-da-inflacao-de-abril-poe-pulga-atras-do-orelha-do-bc\/"},"wordCount":801,"image":{"@id":"https:\/\/newblogs.correiobraziliense.com.br\/blog-da-rosana-hessel\/aceleracao-na-previa-da-inflacao-de-abril-poe-pulga-atras-do-orelha-do-bc\/#primaryimage"},"thumbnailUrl":"https:\/\/newblogs.correiobraziliense.com.br\/blog-da-rosana-hessel\/wp-content\/uploads\/sites\/5\/2024\/07\/arteinflacao.jpeg","keywords":["Banco Central","Copom","juros","Selic"],"articleSection":["Macroeconomia","Pol\u00edtica monet\u00e1ria"],"inLanguage":"pt-BR"},{"@type":"WebPage","@id":"https:\/\/newblogs.correiobraziliense.com.br\/blog-da-rosana-hessel\/aceleracao-na-previa-da-inflacao-de-abril-poe-pulga-atras-do-orelha-do-bc\/","url":"https:\/\/newblogs.correiobraziliense.com.br\/blog-da-rosana-hessel\/aceleracao-na-previa-da-inflacao-de-abril-poe-pulga-atras-do-orelha-do-bc\/","name":"Acelera\u00e7\u00e3o na pr\u00e9via da infla\u00e7\u00e3o de abril p\u00f5e pulga atr\u00e1s do orelha do BC - Blog da Rosana Hessel","isPartOf":{"@id":"https:\/\/newblogs.correiobraziliense.com.br\/blog-da-rosana-hessel\/#website"},"primaryImageOfPage":{"@id":"https:\/\/newblogs.correiobraziliense.com.br\/blog-da-rosana-hessel\/aceleracao-na-previa-da-inflacao-de-abril-poe-pulga-atras-do-orelha-do-bc\/#primaryimage"},"image":{"@id":"https:\/\/newblogs.correiobraziliense.com.br\/blog-da-rosana-hessel\/aceleracao-na-previa-da-inflacao-de-abril-poe-pulga-atras-do-orelha-do-bc\/#primaryimage"},"thumbnailUrl":"https:\/\/newblogs.correiobraziliense.com.br\/blog-da-rosana-hessel\/wp-content\/uploads\/sites\/5\/2024\/07\/arteinflacao.jpeg","datePublished":"2026-04-28T17:07:48+00:00","dateModified":"2026-04-28T17:07:51+00:00","author":{"@id":"https:\/\/newblogs.correiobraziliense.com.br\/blog-da-rosana-hessel\/#\/schema\/person\/824cb3c631cf0d4056f75ca02599a930"},"description":"IPCA 15 de abril acelera de 0,44%, em mar\u00e7o, para 0,89%, em abril, dado que ficou abaixo das previs\u00f5es do mercado, mas confirma dissemina\u00e7\u00e3o generalizada de pre\u00e7os na economia, principalmente de alimentos e de combust\u00edveis","breadcrumb":{"@id":"https:\/\/newblogs.correiobraziliense.com.br\/blog-da-rosana-hessel\/aceleracao-na-previa-da-inflacao-de-abril-poe-pulga-atras-do-orelha-do-bc\/#breadcrumb"},"inLanguage":"pt-BR","potentialAction":[{"@type":"ReadAction","target":["https:\/\/newblogs.correiobraziliense.com.br\/blog-da-rosana-hessel\/aceleracao-na-previa-da-inflacao-de-abril-poe-pulga-atras-do-orelha-do-bc\/"]}]},{"@type":"ImageObject","inLanguage":"pt-BR","@id":"https:\/\/newblogs.correiobraziliense.com.br\/blog-da-rosana-hessel\/aceleracao-na-previa-da-inflacao-de-abril-poe-pulga-atras-do-orelha-do-bc\/#primaryimage","url":"https:\/\/newblogs.correiobraziliense.com.br\/blog-da-rosana-hessel\/wp-content\/uploads\/sites\/5\/2024\/07\/arteinflacao.jpeg","contentUrl":"https:\/\/newblogs.correiobraziliense.com.br\/blog-da-rosana-hessel\/wp-content\/uploads\/sites\/5\/2024\/07\/arteinflacao.jpeg","width":800,"height":665},{"@type":"BreadcrumbList","@id":"https:\/\/newblogs.correiobraziliense.com.br\/blog-da-rosana-hessel\/aceleracao-na-previa-da-inflacao-de-abril-poe-pulga-atras-do-orelha-do-bc\/#breadcrumb","itemListElement":[{"@type":"ListItem","position":1,"name":"In\u00edcio","item":"https:\/\/newblogs.correiobraziliense.com.br\/blog-da-rosana-hessel\/"},{"@type":"ListItem","position":2,"name":"Acelera\u00e7\u00e3o na pr\u00e9via da infla\u00e7\u00e3o de abril p\u00f5e pulga atr\u00e1s do orelha do BC"}]},{"@type":"WebSite","@id":"https:\/\/newblogs.correiobraziliense.com.br\/blog-da-rosana-hessel\/#website","url":"https:\/\/newblogs.correiobraziliense.com.br\/blog-da-rosana-hessel\/","name":"Blog da Rosana Hessel","description":"Not\u00edcias atualizadas e an\u00e1lises sobre economia. Acompanhe-nos para entender as tend\u00eancias e os impactos econ\u00f4micos que influenciam o seu dia a dia, tanto no Brasil quanto no exterior.","potentialAction":[{"@type":"SearchAction","target":{"@type":"EntryPoint","urlTemplate":"https:\/\/newblogs.correiobraziliense.com.br\/blog-da-rosana-hessel\/?s={search_term_string}"},"query-input":{"@type":"PropertyValueSpecification","valueRequired":true,"valueName":"search_term_string"}}],"inLanguage":"pt-BR"},{"@type":"Person","@id":"https:\/\/newblogs.correiobraziliense.com.br\/blog-da-rosana-hessel\/#\/schema\/person\/824cb3c631cf0d4056f75ca02599a930","name":"Rosana Hessel","image":{"@type":"ImageObject","inLanguage":"pt-BR","@id":"https:\/\/secure.gravatar.com\/avatar\/fe780cf1839cf10cd6d682fb080611e0d2a459b64be8a8781778109777fbcfd3?s=96&d=mm&r=g","url":"https:\/\/secure.gravatar.com\/avatar\/fe780cf1839cf10cd6d682fb080611e0d2a459b64be8a8781778109777fbcfd3?s=96&d=mm&r=g","contentUrl":"https:\/\/secure.gravatar.com\/avatar\/fe780cf1839cf10cd6d682fb080611e0d2a459b64be8a8781778109777fbcfd3?s=96&d=mm&r=g","caption":"Rosana Hessel"},"description":"Formada pela Pontif\u00edcia Universidade Cat\u00f3lica de S\u00e3o Paulo (PUC-SP), \u00e9 jornalista de economia desde 1995, quando passou a integrar o time da Gazeta Mercantil. Est\u00e1 sempre atr\u00e1s da boa informa\u00e7\u00e3o. Possui especializa\u00e7\u00e3o em economia pela FGV e MBA em Finan\u00e7as pela FIA-USP. Trabalha no Correio Braziliense desde 2010. Ganhou o Pr\u00eamio Esso de Jornalismo Econ\u00f4mico em 2014 e em 2015 com a equipe do Correio. Foi finalista entre os 50 jornalistas +Admirados da Imprensa de Economia, Neg\u00f3cios e Finan\u00e7as 2024, promovido pela Jornalistas&amp;Cia.","url":"https:\/\/newblogs.correiobraziliense.com.br\/blog-da-rosana-hessel\/author\/rosanahessel\/"}]}},"_links":{"self":[{"href":"https:\/\/newblogs.correiobraziliense.com.br\/blog-da-rosana-hessel\/wp-json\/wp\/v2\/posts\/35398","targetHints":{"allow":["GET"]}}],"collection":[{"href":"https:\/\/newblogs.correiobraziliense.com.br\/blog-da-rosana-hessel\/wp-json\/wp\/v2\/posts"}],"about":[{"href":"https:\/\/newblogs.correiobraziliense.com.br\/blog-da-rosana-hessel\/wp-json\/wp\/v2\/types\/post"}],"author":[{"embeddable":true,"href":"https:\/\/newblogs.correiobraziliense.com.br\/blog-da-rosana-hessel\/wp-json\/wp\/v2\/users\/10"}],"replies":[{"embeddable":true,"href":"https:\/\/newblogs.correiobraziliense.com.br\/blog-da-rosana-hessel\/wp-json\/wp\/v2\/comments?post=35398"}],"version-history":[{"count":6,"href":"https:\/\/newblogs.correiobraziliense.com.br\/blog-da-rosana-hessel\/wp-json\/wp\/v2\/posts\/35398\/revisions"}],"predecessor-version":[{"id":35404,"href":"https:\/\/newblogs.correiobraziliense.com.br\/blog-da-rosana-hessel\/wp-json\/wp\/v2\/posts\/35398\/revisions\/35404"}],"wp:featuredmedia":[{"embeddable":true,"href":"https:\/\/newblogs.correiobraziliense.com.br\/blog-da-rosana-hessel\/wp-json\/wp\/v2\/media\/30994"}],"wp:attachment":[{"href":"https:\/\/newblogs.correiobraziliense.com.br\/blog-da-rosana-hessel\/wp-json\/wp\/v2\/media?parent=35398"}],"wp:term":[{"taxonomy":"category","embeddable":true,"href":"https:\/\/newblogs.correiobraziliense.com.br\/blog-da-rosana-hessel\/wp-json\/wp\/v2\/categories?post=35398"},{"taxonomy":"post_tag","embeddable":true,"href":"https:\/\/newblogs.correiobraziliense.com.br\/blog-da-rosana-hessel\/wp-json\/wp\/v2\/tags?post=35398"}],"curies":[{"name":"wp","href":"https:\/\/api.w.org\/{rel}","templated":true}]}}