{"id":35040,"date":"2026-03-17T18:26:50","date_gmt":"2026-03-17T21:26:50","guid":{"rendered":"https:\/\/newblogs.correiobraziliense.com.br\/blog-da-rosana-hessel\/?p=35040"},"modified":"2026-03-17T18:26:52","modified_gmt":"2026-03-17T21:26:52","slug":"copom-crescem-apostas-de-corte-de-025-ponto-na-taxa-selic-mas-juros-estaveis-entram-no-radar","status":"publish","type":"post","link":"https:\/\/newblogs.correiobraziliense.com.br\/blog-da-rosana-hessel\/copom-crescem-apostas-de-corte-de-025-ponto-na-taxa-selic-mas-juros-estaveis-entram-no-radar\/","title":{"rendered":"Copom: crescem apostas de corte de 0,25 ponto na taxa Selic, mas juros est\u00e1veis entram no radar"},"content":{"rendered":"\n<p>A segunda reuni\u00e3o do ano do Comit\u00ea de Pol\u00edtica Monet\u00e1ria (Copom) do Banco Central tem in\u00edcio, nesta ter\u00e7a-feira (17\/3) em clima tenso no mercado financeiro por conta da nova guerra no Oriente M\u00e9dio, que tem mexido com as bolsas internacionais e os pre\u00e7os do petr\u00f3leo, deixando os integrantes do colegiado liderado pelo presidente do BC, Gabriel Gal\u00edpolo, em uma situa\u00e7\u00e3o desconfort\u00e1vel ap\u00f3s a sinaliza\u00e7\u00e3o do in\u00edcio do ciclo de cortes na taxa b\u00e1sica da economia (Selic) ap\u00f3s cinco reuni\u00f5es com os juros mantidos em 15% ao ano &#8212; maior patamar em quase 20 anos.  <\/p>\n\n\n\n<p>O cen\u00e1rio mais complicado l\u00e1 fora, com o barril do petr\u00f3leo tipo Brent negociado acima de US$ 100 desde a \u00faltima sexta-feira (13), consolida as apostas de um corte moderado na taxa b\u00e1sica, de 0,25 ponto percentual, para 14,75% ao ano, se ocorrer. <\/p>\n\n\n\n<p>Antes desse novo conflito e logo ap\u00f3s a primeira reuni\u00e3o do Copom, em janeiro, as apostas do mercado estavam se concentrando em um corte maior na taxa b\u00e1sica, de 0,50 ponto percentual. N\u00e3o \u00e0 toa, o d\u00f3lar voltou a cair, hoje, voltando para o patamar de R$ 5,20, em meio dessa expectativa de os juros no Brasil seguirem mais elevados por um per\u00edodo mais prolongado, e a Bolsa de Valores de S\u00e3o Paulo (B3), apresentava leve alta, rodando em torno dos 180 mil pontos.<\/p>\n\n\n\n<p>Na avalia\u00e7\u00e3o de Sergio Vale, economista-chefe da MB Associados, o corte da taxa Selic , que est\u00e1 em 15% ao ano desde junho de 2025, ser\u00e1 de 0,25 ponto percentual, mas ele n\u00e3o descarta a manuten\u00e7\u00e3o da taxa no atual patamar, de 15% ao ano.<\/p>\n\n\n\n<p>\u201cAcho muito prov\u00e1vel a manuten\u00e7\u00e3o dos juros tamb\u00e9m. Ali\u00e1s, minha prefer\u00eancia seria parar para esperar (para o BC come\u00e7ar a reduzir os juros). At\u00e9 porque 0,25 ponto percentual de corte e nada \u00e9 a mesma coisa. Mas \u00e9 grande a chance de n\u00e3o fazerem nada\u201d, disse Vale, em entrevista ao <strong>Blog<\/strong>. Ele manteve em 13% a previs\u00e3o para a Selic no fim do ano.<\/p>\n\n\n\n<p>De acordo com analistas, as perspectivas de que a guerra no Oriente M\u00e9dio dever\u00e1 durar mais do que o anunciado pelo presidente dos Estados Unidos, Donald Trump, ajudaram a aumentar as incertezas no cen\u00e1rio internacional. E, no mercado dom\u00e9stico, ainda h\u00e1 d\u00favidas sobre os impactos dos desdobramentos do esc\u00e2ndalo do Banco Master, devido \u00e0 expectativa de dela\u00e7\u00e3o premiada do dono da institui\u00e7\u00e3o financeira liquidada pelo Banco Central em novembro de 2025. <\/p>\n\n\n\n<p>O economista e consultor Andr\u00e9 Perfeito, da Garantia Capital, tamb\u00e9m aposta que o Copom dever\u00e1 optar pela manuten\u00e7\u00e3o da taxa Selic. &#8220;O motivo \u00e9 simples. N\u00e3o seria s\u00e1bio para o Banco Central cortar os juros antes de o Vorcaro fazer a sua dela\u00e7\u00e3o\u201d, avaliou. Segundo ele, a dela\u00e7\u00e3o premiada de Vorcaro, que tem conex\u00f5es nos Tr\u00eas Poderes da Rep\u00fablica, tanto da ala governista quanto da oposi\u00e7\u00e3o, pode fazer um novo estrago no c\u00e2mbio e, mesmo se houver queda dos juros, o d\u00f3lar pode disparar e chegar a R$ 5,70. \u201cEssa dela\u00e7\u00e3o pode erodir os ganhos que, eventualmente, temos na balan\u00e7a comercial de petr\u00f3leo e derivados. Se o BC cortar (os juros) eu entendo, se n\u00e3o cortar, entendo tamb\u00e9m\u201d, escreveu em nota.<\/p>\n\n\n\n<p>As apostas da equipe de economistas do Ita\u00fa Unibanco, liderada pelo economista-chefe Mario Mesquita, tamb\u00e9m s\u00e3o de corte de 0,25 ponto percentual na taxa Selic nesta semana, devido ao aumento das incertezas no cen\u00e1rio de riscos atuais, especialmente devido \u00e0 alta dos pre\u00e7os do petr\u00f3leo. Antes, a previs\u00e3o era de um corte maior, de 50 pontos-base. <\/p>\n\n\n\n<p>\u201cComo de costume, a condu\u00e7\u00e3o da pol\u00edtica monet\u00e1ria diante desse tipo de choque depender\u00e1 da avalia\u00e7\u00e3o quanto \u00e0 sua persist\u00eancia e \u00e0 propaga\u00e7\u00e3o por meio de efeitos de segunda ordem (do conflito no Oriente M\u00e9dio). At\u00e9 o momento, esses canais secund\u00e1rios permanecem relativamente contidos. A taxa de c\u00e2mbio segue em patamar bem comportado, refletindo, sobretudo, o elevado diferencial de juros e a melhora dos termos de troca\u201d, destacou Mesquita, em relat\u00f3rio enviado aos clientes. O analista destacou que a infla\u00e7\u00e3o corrente, ainda que com um comportamento qualitativo pior do que o esperado nas \u00faltimas divulga\u00e7\u00f5es, segue em trajet\u00f3ria relativamente benigna.&nbsp;<\/p>\n\n\n\n<p>De acordo com levantamento de Jason Vieira, economista-chefe da Lev Intelligence, o cen\u00e1rio de incertezas inflacion\u00e1rias locais cont\u00ednua, dada a quest\u00e3o fiscal e o mercado de trabalho apertado que criam tens\u00e3o, com o forte adicional do conflito entre o Ir\u00e3 os Estados Unidos, \u201celevando o cen\u00e1rio de incertezas e complicando o cen\u00e1rio para as decis\u00f5es de pol\u00edtica monet\u00e1ria, com a infla\u00e7\u00e3o reiterando um qualitativo ruim apesar de alguns al\u00edvios pontuais em itens importantes\u201d. Pela proje\u00e7\u00e3o dele, as chances de um corte de 0,25 ponto percentual somam 40% enquanto a de manuten\u00e7\u00e3o, 25%. J\u00e1 a de corte de 50 ponto percentual, est\u00e1 com 35% de possibilidade.<\/p>\n\n\n\n<p>Aos 14,75% ao ano, o Brasil seguir\u00e1 na segunda no ranking mundial de juros reais (descontada a infla\u00e7\u00e3o), abaixo de Turquia e acima de R\u00fassia e Argentina, segundo os dados de levantamento da MoneYou com a Lev Intelligence.<\/p>\n\n\n\n<p>Vale lembrar que a manuten\u00e7\u00e3o dos juros \u00e9 a aposta para a decis\u00e3o do Federal Reserve (Fed, banco central dos Estados Unidos), na decis\u00e3o de amanh\u00e3, em mais uma Superquarta do mercado financeiro. Segundo analistas, o Fed n\u00e3o deve encontrar espa\u00e7o, neste ano, para reduzir os juros neste ano devido ao conflito no Oriente M\u00e9dio, apesar das press\u00f5es de Trump para novos cortes nos juros.<\/p>\n\n\n\n<p>O ex-ministro da Fazenda Ma\u00edlson da N\u00f3brega, s\u00f3cio da Tend\u00eancias Consultoria, alertou para os riscos da guerra no Ir\u00e3, deflagrada pelos Estados Unidos e por Israel, que tendem a afetar as estrat\u00e9gias e proje\u00e7\u00f5es atuais. &#8220;\u00c0 medida que essa guerra se prolongar e se os Estados Unidos se meterem em um atoleiro, o petr\u00f3leo ficar\u00e1 mais caro por mais tempo. E, com isso, as estrat\u00e9gias de todo mundo precisar\u00e3o ser revistas, inclusive, a da pol\u00edtica monet\u00e1ria do Banco Central. Por enquanto, o Copom deve cortar os juros, como sinalizou na reuni\u00e3o anterior, e esperar o desenrolar dessa guerra&#8221;, afirmou.<\/p>\n\n\n\n<p><strong>Crise no radar<\/strong><\/p>\n\n\n\n<p>Em evento em S\u00e3o Paulo organizado pelo jornal <em>O Estado de S\u00e3o Paulo<\/em>, o economista Nouriel Roubini, que previu a crise financeira global de 2008, tamb\u00e9m reconheceu que essa nova guerra no Oriente M\u00e9dio preocupa, especialmente porque remete aos mesmos riscos da crise do petr\u00f3leo na d\u00e9cada de 1970. &#8220;Desde o in\u00edcio dessa guerra com o Ir\u00e3, h\u00e1 preocupa\u00e7\u00f5es de que vamos voltar aos anos 1970, com outro choque do petr\u00f3leo, grande e severo, desorganizando a economia global e causando infla\u00e7\u00e3o e recess\u00e3o&#8221;, afirmou.<\/p>\n\n\n\n<p>Segundo Roubini, em economias exportadoras de petr\u00f3leo, como o Brasil, a escalada nos pre\u00e7os do barril do petr\u00f3leo \u00e9 positiva para os produtores, mas \u00e9 negativa para os consumidores de energia, de forma geral, como as fam\u00edlias e as empresas. &#8220;Foi o que aconteceu no fim dos anos 1970, quando o segundo choque do petr\u00f3leo acabou levando a um colapso dos pre\u00e7os do petr\u00f3leo e, depois, \u00e0 crise da d\u00edvida latino-americana&#8221;, alertou. <em>(Com informa\u00e7\u00f5es da Ag\u00eancia Estado)<\/em><\/p>\n\n\n\n\n\n\n\n\n","protected":false},"excerpt":{"rendered":"<p>Em meio aos desdobramentos da guerra no Oriente M\u00e9dio, aumentam as apostas de que o Banco Central dever\u00e1 reduzir a taxa Selic para 14,75% ao ano,  mas manuten\u00e7\u00e3o dos juros em 15% tamb\u00e9m n\u00e3o \u00e9 descartada<\/p>\n","protected":false},"author":10,"featured_media":30537,"comment_status":"closed","ping_status":"closed","sticky":false,"template":"","format":"standard","meta":{"_acf_changed":false,"inline_featured_image":false,"footnotes":""},"categories":[1870],"tags":[82,83,39,1860],"class_list":["post-35040","post","type-post","status-publish","format-standard","has-post-thumbnail","hentry","category-politica-monetaria","tag-banco-central","tag-copom","tag-juros","tag-politica-monetaria"],"acf":[],"yoast_head":"<!-- This site is optimized with the Yoast SEO plugin v27.3 - https:\/\/yoast.com\/product\/yoast-seo-wordpress\/ -->\n<title>Copom: crescem apostas de corte de 0,25 ponto na taxa Selic, mas juros est\u00e1veis entram no radar - Blog da Rosana Hessel<\/title>\n<meta name=\"description\" content=\"Em meio aos desdobramentos da guerra no Oriente M\u00e9dio, aumentam as apostas de que o Banco Central dever\u00e1 reduzir a taxa Selic para 14,75% ao ano, mas manuten\u00e7\u00e3o dos juros em 15% tamb\u00e9m n\u00e3o \u00e9 descartada\" \/>\n<meta name=\"robots\" content=\"index, follow, max-snippet:-1, max-image-preview:large, max-video-preview:-1\" \/>\n<link rel=\"canonical\" href=\"https:\/\/newblogs.correiobraziliense.com.br\/blog-da-rosana-hessel\/copom-crescem-apostas-de-corte-de-025-ponto-na-taxa-selic-mas-juros-estaveis-entram-no-radar\/\" \/>\n<meta property=\"og:locale\" content=\"pt_BR\" \/>\n<meta property=\"og:type\" content=\"article\" \/>\n<meta property=\"og:title\" content=\"Copom: crescem apostas de corte de 0,25 ponto na taxa Selic, mas juros est\u00e1veis entram no radar - Blog da Rosana Hessel\" \/>\n<meta property=\"og:description\" content=\"Em meio aos desdobramentos da guerra no Oriente M\u00e9dio, aumentam as apostas de que o Banco Central dever\u00e1 reduzir a taxa Selic para 14,75% ao ano, mas manuten\u00e7\u00e3o dos juros em 15% tamb\u00e9m n\u00e3o \u00e9 descartada\" \/>\n<meta property=\"og:url\" content=\"https:\/\/newblogs.correiobraziliense.com.br\/blog-da-rosana-hessel\/copom-crescem-apostas-de-corte-de-025-ponto-na-taxa-selic-mas-juros-estaveis-entram-no-radar\/\" \/>\n<meta property=\"og:site_name\" content=\"Blog da Rosana Hessel\" \/>\n<meta property=\"article:published_time\" content=\"2026-03-17T21:26:50+00:00\" \/>\n<meta property=\"article:modified_time\" content=\"2026-03-17T21:26:52+00:00\" \/>\n<meta property=\"og:image\" content=\"http:\/\/newblogs.correiobraziliense.com.br\/blog-da-rosana-hessel\/wp-content\/uploads\/sites\/5\/2024\/06\/bancocentralfachada.jpg\" \/>\n\t<meta property=\"og:image:width\" content=\"2048\" \/>\n\t<meta property=\"og:image:height\" content=\"1365\" \/>\n\t<meta property=\"og:image:type\" content=\"image\/jpeg\" \/>\n<meta name=\"author\" content=\"Rosana Hessel\" \/>\n<!-- \/ Yoast SEO plugin. -->","yoast_head_json":{"title":"Copom: crescem apostas de corte de 0,25 ponto na taxa Selic, mas juros est\u00e1veis entram no radar - Blog da Rosana Hessel","description":"Em meio aos desdobramentos da guerra no Oriente M\u00e9dio, aumentam as apostas de que o Banco Central dever\u00e1 reduzir a taxa Selic para 14,75% ao ano, mas manuten\u00e7\u00e3o dos juros em 15% tamb\u00e9m n\u00e3o \u00e9 descartada","robots":{"index":"index","follow":"follow","max-snippet":"max-snippet:-1","max-image-preview":"max-image-preview:large","max-video-preview":"max-video-preview:-1"},"canonical":"https:\/\/newblogs.correiobraziliense.com.br\/blog-da-rosana-hessel\/copom-crescem-apostas-de-corte-de-025-ponto-na-taxa-selic-mas-juros-estaveis-entram-no-radar\/","og_locale":"pt_BR","og_type":"article","og_title":"Copom: crescem apostas de corte de 0,25 ponto na taxa Selic, mas juros est\u00e1veis entram no radar - Blog da Rosana Hessel","og_description":"Em meio aos desdobramentos da guerra no Oriente M\u00e9dio, aumentam as apostas de que o Banco Central dever\u00e1 reduzir a taxa Selic para 14,75% ao ano, mas manuten\u00e7\u00e3o dos juros em 15% tamb\u00e9m n\u00e3o \u00e9 descartada","og_url":"https:\/\/newblogs.correiobraziliense.com.br\/blog-da-rosana-hessel\/copom-crescem-apostas-de-corte-de-025-ponto-na-taxa-selic-mas-juros-estaveis-entram-no-radar\/","og_site_name":"Blog da Rosana Hessel","article_published_time":"2026-03-17T21:26:50+00:00","article_modified_time":"2026-03-17T21:26:52+00:00","og_image":[{"width":2048,"height":1365,"url":"http:\/\/newblogs.correiobraziliense.com.br\/blog-da-rosana-hessel\/wp-content\/uploads\/sites\/5\/2024\/06\/bancocentralfachada.jpg","type":"image\/jpeg"}],"author":"Rosana Hessel","schema":{"@context":"https:\/\/schema.org","@graph":[{"@type":"Article","@id":"https:\/\/newblogs.correiobraziliense.com.br\/blog-da-rosana-hessel\/copom-crescem-apostas-de-corte-de-025-ponto-na-taxa-selic-mas-juros-estaveis-entram-no-radar\/#article","isPartOf":{"@id":"https:\/\/newblogs.correiobraziliense.com.br\/blog-da-rosana-hessel\/copom-crescem-apostas-de-corte-de-025-ponto-na-taxa-selic-mas-juros-estaveis-entram-no-radar\/"},"author":{"name":"Rosana Hessel","@id":"https:\/\/newblogs.correiobraziliense.com.br\/blog-da-rosana-hessel\/#\/schema\/person\/824cb3c631cf0d4056f75ca02599a930"},"headline":"Copom: crescem apostas de corte de 0,25 ponto na taxa Selic, mas juros est\u00e1veis entram no radar","datePublished":"2026-03-17T21:26:50+00:00","dateModified":"2026-03-17T21:26:52+00:00","mainEntityOfPage":{"@id":"https:\/\/newblogs.correiobraziliense.com.br\/blog-da-rosana-hessel\/copom-crescem-apostas-de-corte-de-025-ponto-na-taxa-selic-mas-juros-estaveis-entram-no-radar\/"},"wordCount":1260,"image":{"@id":"https:\/\/newblogs.correiobraziliense.com.br\/blog-da-rosana-hessel\/copom-crescem-apostas-de-corte-de-025-ponto-na-taxa-selic-mas-juros-estaveis-entram-no-radar\/#primaryimage"},"thumbnailUrl":"https:\/\/newblogs.correiobraziliense.com.br\/blog-da-rosana-hessel\/wp-content\/uploads\/sites\/5\/2024\/06\/bancocentralfachada.jpg","keywords":["Banco Central","Copom","juros","pol\u00edtica monet\u00e1ria"],"articleSection":["Pol\u00edtica monet\u00e1ria"],"inLanguage":"pt-BR"},{"@type":"WebPage","@id":"https:\/\/newblogs.correiobraziliense.com.br\/blog-da-rosana-hessel\/copom-crescem-apostas-de-corte-de-025-ponto-na-taxa-selic-mas-juros-estaveis-entram-no-radar\/","url":"https:\/\/newblogs.correiobraziliense.com.br\/blog-da-rosana-hessel\/copom-crescem-apostas-de-corte-de-025-ponto-na-taxa-selic-mas-juros-estaveis-entram-no-radar\/","name":"Copom: crescem apostas de corte de 0,25 ponto na taxa Selic, mas juros est\u00e1veis entram no radar - Blog da Rosana Hessel","isPartOf":{"@id":"https:\/\/newblogs.correiobraziliense.com.br\/blog-da-rosana-hessel\/#website"},"primaryImageOfPage":{"@id":"https:\/\/newblogs.correiobraziliense.com.br\/blog-da-rosana-hessel\/copom-crescem-apostas-de-corte-de-025-ponto-na-taxa-selic-mas-juros-estaveis-entram-no-radar\/#primaryimage"},"image":{"@id":"https:\/\/newblogs.correiobraziliense.com.br\/blog-da-rosana-hessel\/copom-crescem-apostas-de-corte-de-025-ponto-na-taxa-selic-mas-juros-estaveis-entram-no-radar\/#primaryimage"},"thumbnailUrl":"https:\/\/newblogs.correiobraziliense.com.br\/blog-da-rosana-hessel\/wp-content\/uploads\/sites\/5\/2024\/06\/bancocentralfachada.jpg","datePublished":"2026-03-17T21:26:50+00:00","dateModified":"2026-03-17T21:26:52+00:00","author":{"@id":"https:\/\/newblogs.correiobraziliense.com.br\/blog-da-rosana-hessel\/#\/schema\/person\/824cb3c631cf0d4056f75ca02599a930"},"description":"Em meio aos desdobramentos da guerra no Oriente M\u00e9dio, aumentam as apostas de que o Banco Central dever\u00e1 reduzir a taxa Selic para 14,75% ao ano, mas manuten\u00e7\u00e3o dos juros em 15% tamb\u00e9m n\u00e3o \u00e9 descartada","breadcrumb":{"@id":"https:\/\/newblogs.correiobraziliense.com.br\/blog-da-rosana-hessel\/copom-crescem-apostas-de-corte-de-025-ponto-na-taxa-selic-mas-juros-estaveis-entram-no-radar\/#breadcrumb"},"inLanguage":"pt-BR","potentialAction":[{"@type":"ReadAction","target":["https:\/\/newblogs.correiobraziliense.com.br\/blog-da-rosana-hessel\/copom-crescem-apostas-de-corte-de-025-ponto-na-taxa-selic-mas-juros-estaveis-entram-no-radar\/"]}]},{"@type":"ImageObject","inLanguage":"pt-BR","@id":"https:\/\/newblogs.correiobraziliense.com.br\/blog-da-rosana-hessel\/copom-crescem-apostas-de-corte-de-025-ponto-na-taxa-selic-mas-juros-estaveis-entram-no-radar\/#primaryimage","url":"https:\/\/newblogs.correiobraziliense.com.br\/blog-da-rosana-hessel\/wp-content\/uploads\/sites\/5\/2024\/06\/bancocentralfachada.jpg","contentUrl":"https:\/\/newblogs.correiobraziliense.com.br\/blog-da-rosana-hessel\/wp-content\/uploads\/sites\/5\/2024\/06\/bancocentralfachada.jpg","width":2048,"height":1365,"caption":"Cr\u00e9dito: Raphael Ribeiro\/BC divulga\u00e7\u00e3o"},{"@type":"BreadcrumbList","@id":"https:\/\/newblogs.correiobraziliense.com.br\/blog-da-rosana-hessel\/copom-crescem-apostas-de-corte-de-025-ponto-na-taxa-selic-mas-juros-estaveis-entram-no-radar\/#breadcrumb","itemListElement":[{"@type":"ListItem","position":1,"name":"In\u00edcio","item":"https:\/\/newblogs.correiobraziliense.com.br\/blog-da-rosana-hessel\/"},{"@type":"ListItem","position":2,"name":"Copom: crescem apostas de corte de 0,25 ponto na taxa Selic, mas juros est\u00e1veis entram no radar"}]},{"@type":"WebSite","@id":"https:\/\/newblogs.correiobraziliense.com.br\/blog-da-rosana-hessel\/#website","url":"https:\/\/newblogs.correiobraziliense.com.br\/blog-da-rosana-hessel\/","name":"Blog da Rosana Hessel","description":"Not\u00edcias atualizadas e an\u00e1lises sobre economia. Acompanhe-nos para entender as tend\u00eancias e os impactos econ\u00f4micos que influenciam o seu dia a dia, tanto no Brasil quanto no exterior.","potentialAction":[{"@type":"SearchAction","target":{"@type":"EntryPoint","urlTemplate":"https:\/\/newblogs.correiobraziliense.com.br\/blog-da-rosana-hessel\/?s={search_term_string}"},"query-input":{"@type":"PropertyValueSpecification","valueRequired":true,"valueName":"search_term_string"}}],"inLanguage":"pt-BR"},{"@type":"Person","@id":"https:\/\/newblogs.correiobraziliense.com.br\/blog-da-rosana-hessel\/#\/schema\/person\/824cb3c631cf0d4056f75ca02599a930","name":"Rosana Hessel","image":{"@type":"ImageObject","inLanguage":"pt-BR","@id":"https:\/\/secure.gravatar.com\/avatar\/fe780cf1839cf10cd6d682fb080611e0d2a459b64be8a8781778109777fbcfd3?s=96&d=mm&r=g","url":"https:\/\/secure.gravatar.com\/avatar\/fe780cf1839cf10cd6d682fb080611e0d2a459b64be8a8781778109777fbcfd3?s=96&d=mm&r=g","contentUrl":"https:\/\/secure.gravatar.com\/avatar\/fe780cf1839cf10cd6d682fb080611e0d2a459b64be8a8781778109777fbcfd3?s=96&d=mm&r=g","caption":"Rosana Hessel"},"description":"Formada pela Pontif\u00edcia Universidade Cat\u00f3lica de S\u00e3o Paulo (PUC-SP), \u00e9 jornalista de economia desde 1995, quando passou a integrar o time da Gazeta Mercantil. Est\u00e1 sempre atr\u00e1s da boa informa\u00e7\u00e3o. Possui especializa\u00e7\u00e3o em economia pela FGV e MBA em Finan\u00e7as pela FIA-USP. Trabalha no Correio Braziliense desde 2010. Ganhou o Pr\u00eamio Esso de Jornalismo Econ\u00f4mico em 2014 e em 2015 com a equipe do Correio. Foi finalista entre os 50 jornalistas +Admirados da Imprensa de Economia, Neg\u00f3cios e Finan\u00e7as 2024, promovido pela Jornalistas&amp;Cia.","url":"https:\/\/newblogs.correiobraziliense.com.br\/blog-da-rosana-hessel\/author\/rosanahessel\/"}]}},"_links":{"self":[{"href":"https:\/\/newblogs.correiobraziliense.com.br\/blog-da-rosana-hessel\/wp-json\/wp\/v2\/posts\/35040","targetHints":{"allow":["GET"]}}],"collection":[{"href":"https:\/\/newblogs.correiobraziliense.com.br\/blog-da-rosana-hessel\/wp-json\/wp\/v2\/posts"}],"about":[{"href":"https:\/\/newblogs.correiobraziliense.com.br\/blog-da-rosana-hessel\/wp-json\/wp\/v2\/types\/post"}],"author":[{"embeddable":true,"href":"https:\/\/newblogs.correiobraziliense.com.br\/blog-da-rosana-hessel\/wp-json\/wp\/v2\/users\/10"}],"replies":[{"embeddable":true,"href":"https:\/\/newblogs.correiobraziliense.com.br\/blog-da-rosana-hessel\/wp-json\/wp\/v2\/comments?post=35040"}],"version-history":[{"count":21,"href":"https:\/\/newblogs.correiobraziliense.com.br\/blog-da-rosana-hessel\/wp-json\/wp\/v2\/posts\/35040\/revisions"}],"predecessor-version":[{"id":35061,"href":"https:\/\/newblogs.correiobraziliense.com.br\/blog-da-rosana-hessel\/wp-json\/wp\/v2\/posts\/35040\/revisions\/35061"}],"wp:featuredmedia":[{"embeddable":true,"href":"https:\/\/newblogs.correiobraziliense.com.br\/blog-da-rosana-hessel\/wp-json\/wp\/v2\/media\/30537"}],"wp:attachment":[{"href":"https:\/\/newblogs.correiobraziliense.com.br\/blog-da-rosana-hessel\/wp-json\/wp\/v2\/media?parent=35040"}],"wp:term":[{"taxonomy":"category","embeddable":true,"href":"https:\/\/newblogs.correiobraziliense.com.br\/blog-da-rosana-hessel\/wp-json\/wp\/v2\/categories?post=35040"},{"taxonomy":"post_tag","embeddable":true,"href":"https:\/\/newblogs.correiobraziliense.com.br\/blog-da-rosana-hessel\/wp-json\/wp\/v2\/tags?post=35040"}],"curies":[{"name":"wp","href":"https:\/\/api.w.org\/{rel}","templated":true}]}}