{"id":35010,"date":"2026-03-13T16:40:08","date_gmt":"2026-03-13T19:40:08","guid":{"rendered":"https:\/\/newblogs.correiobraziliense.com.br\/blog-da-rosana-hessel\/?p=35010"},"modified":"2026-03-13T20:43:46","modified_gmt":"2026-03-13T23:43:46","slug":"genial-quaest-trump-ajuda-a-deteriorar-imagem-dos-eua-entre-brasileiros","status":"publish","type":"post","link":"https:\/\/newblogs.correiobraziliense.com.br\/blog-da-rosana-hessel\/genial-quaest-trump-ajuda-a-deteriorar-imagem-dos-eua-entre-brasileiros\/","title":{"rendered":"Genial\/Quaest: Trump ajuda a deteriorar imagem dos EUA entre brasileiros"},"content":{"rendered":"\n<p>Os ataques dos Estados Unidos ao Ir\u00e3, deflagrando novo conflito no Oriente M\u00e9dio e provocado impactos nos pre\u00e7os do petr\u00f3leo, n\u00e3o est\u00e3o sendo bem vistos pelos eleitores brasileiros. Conforme dados de um recorte da edi\u00e7\u00e3o de mar\u00e7o da Pesquisa Genial\/Quaest, divulgado nesta sexta-feira (13\/3), a imagem positiva dos EUA, em agosto de 2025, recuou para 38%, neste m\u00eas.<\/p>\n\n\n\n<p>Na edi\u00e7\u00e3o anterior, de agosto de 2025, esse percentual era de 44%, mas vem caindo nos \u00faltimos meses. Em outubro de 2023, no governo do democrata Joe Biden, 56% dos eleitores brasileiros avaliavam positiva a imagem dos EUA. E, ap\u00f3s a troca de comando pelo republicano Donald Trump, a percep\u00e7\u00e3o negativa da imagem da maior economia do planeta passou de 25%, em outubro de 2023, para 48%, neste m\u00eas. Este \u00e9 o mesmo percentual da pesquisa anterior, de agosto de 2025.<\/p>\n\n\n\n<p>Desde que retornou ao governo dos EUA, em janeiro de 2025, Trump tem tomado decis\u00f5es pol\u00eamicas e que, de certa forma, t\u00eam sido favor\u00e1veis ao governo do presidente Luiz In\u00e1cio Lula da Silva. No ano passado, por exemplo, o impacto do tarifa\u00e7o de at\u00e9 50% sobre produtos brasileiros ajudou a melhorar a imagem do petista junto aos eleitores brasileiros. Ap\u00f3s negocia\u00e7\u00f5es com o governo brasileiro as sobretaxas em v\u00e1rios produtos nacionais, como suco de laranja e caf\u00e9, foram revertidas.<\/p>\n\n\n\n<p>Agora, esse recorte da pesquisa da Quaest, realizada em parceria com a Genial Investimentos, revela que a rejei\u00e7\u00e3o a Trump entre os brasileiros ainda pode ajudar Lula na corrida eleitoral deste ano, contribuindo para a reelei\u00e7\u00e3o do petista para o quarto mandato.<\/p>\n\n\n\n<p>Apesar <a href=\"https:\/\/newblogs.correiobraziliense.com.br\/blog-da-rosana-hessel\/genial-quaest-flavio-e-lula-empatam-no-2o-turno-com-41-das-intencoes\/\">do empate entre Lula e o senador Fl\u00e1vio Bolsonaro (PL) nas inten\u00e7\u00f5es de voto para o segundo turno,<\/a> com ambos com 41% da prefer\u00eancia dos eleitores, conforme dados da Pesquisa Genial\/Quaest, o novo recorte indica que o apoio de Trump ao filho 01 do ex-presidente Jair Bolsonaro (PL) aumentaria as chances de voto em Lula para 32% dos eleitores.&nbsp;<\/p>\n\n\n\n<p>Por outro lado, 28% dos entrevistados responderam que o apoio de Trump aumentaria as chances de votarem em Fl\u00e1vio, e 19% afirmaram que preferiam votar em outro candidato que n\u00e3o fosse Fl\u00e1vio nem Lula. J\u00e1 entre os eleitores independentes, 33% disseram que o apoio de Trump ao senador do PL faria com que eles votassem em um candidato alternativo.<\/p>\n\n\n\n<p>A pesquisa foi realizada entre os dias 6 e 9 de mar\u00e7o. Foram entrevistados presencialmente 2.004 brasileiros com 16 anos ou mais. A margem de erro estimada \u00e9 de dois pontos percentuais.<\/p>\n\n\n\n<p><strong>Veja alguns destaques da pesquisa<\/strong>:<\/p>\n\n\n\n<figure class=\"wp-block-image size-full\"><img decoding=\"async\" src=\"https:\/\/newblogs.correiobraziliense.com.br\/blog-da-rosana-hessel\/wp-content\/uploads\/sites\/5\/2026\/03\/genial-quaestmar26x.png\" alt=\"\" class=\"wp-image-35020\" \/><\/figure>\n\n\n\n<figure class=\"wp-block-image size-full\"><img decoding=\"async\" src=\"https:\/\/newblogs.correiobraziliense.com.br\/blog-da-rosana-hessel\/wp-content\/uploads\/sites\/5\/2026\/03\/genialquaestmar26xy.png\" alt=\"\" class=\"wp-image-35021\" \/><\/figure>\n","protected":false},"excerpt":{"rendered":"<p>Para 48% dos eleitores brasileiros, imagem dos EUA \u00e9 negativa; e 32% afirmam que votariam em Lula se Trump apoiar Fl\u00e1vio Bolsonaro<\/p>\n","protected":false},"author":10,"featured_media":31810,"comment_status":"closed","ping_status":"closed","sticky":false,"template":"","format":"standard","meta":{"_acf_changed":false,"inline_featured_image":false,"footnotes":""},"categories":[1886],"tags":[2010,2000,125,1228,128,118,59,2240],"class_list":["post-35010","post","type-post","status-publish","format-standard","has-post-thumbnail","hentry","category-pesquisa","tag-donald-trump","tag-eleicoes-2026","tag-estados-unidos","tag-flavio-bolsonaro","tag-guerra","tag-lula","tag-oriente-medio","tag-petroleo"],"acf":[],"yoast_head":"<!-- This site is optimized with the Yoast SEO plugin v27.3 - https:\/\/yoast.com\/product\/yoast-seo-wordpress\/ -->\n<title>Genial\/Quaest: Trump ajuda a deteriorar imagem dos EUA entre brasileiros - Blog da Rosana Hessel<\/title>\n<meta name=\"description\" content=\"Para 48% dos eleitores brasileiros, imagem dos EUA \u00e9 negativa; e 32% afirmam que votariam em Lula se Trump apoiar Fl\u00e1vio Bolsonaro\" \/>\n<meta name=\"robots\" content=\"index, follow, max-snippet:-1, max-image-preview:large, max-video-preview:-1\" \/>\n<link rel=\"canonical\" href=\"https:\/\/newblogs.correiobraziliense.com.br\/blog-da-rosana-hessel\/genial-quaest-trump-ajuda-a-deteriorar-imagem-dos-eua-entre-brasileiros\/\" \/>\n<meta property=\"og:locale\" content=\"pt_BR\" \/>\n<meta property=\"og:type\" content=\"article\" \/>\n<meta property=\"og:title\" content=\"Genial\/Quaest: Trump ajuda a deteriorar imagem dos EUA entre brasileiros - Blog da Rosana Hessel\" \/>\n<meta property=\"og:description\" content=\"Para 48% dos eleitores brasileiros, imagem dos EUA \u00e9 negativa; e 32% afirmam que votariam em Lula se Trump apoiar Fl\u00e1vio Bolsonaro\" \/>\n<meta property=\"og:url\" content=\"https:\/\/newblogs.correiobraziliense.com.br\/blog-da-rosana-hessel\/genial-quaest-trump-ajuda-a-deteriorar-imagem-dos-eua-entre-brasileiros\/\" \/>\n<meta property=\"og:site_name\" content=\"Blog da Rosana Hessel\" \/>\n<meta property=\"article:published_time\" content=\"2026-03-13T19:40:08+00:00\" \/>\n<meta property=\"article:modified_time\" content=\"2026-03-13T23:43:46+00:00\" \/>\n<meta property=\"og:image\" content=\"http:\/\/newblogs.correiobraziliense.com.br\/blog-da-rosana-hessel\/wp-content\/uploads\/sites\/5\/2024\/11\/TrumpAFP.jpg\" \/>\n\t<meta property=\"og:image:width\" content=\"1600\" \/>\n\t<meta property=\"og:image:height\" content=\"1066\" \/>\n\t<meta property=\"og:image:type\" content=\"image\/jpeg\" \/>\n<meta name=\"author\" content=\"Rosana Hessel\" \/>\n<!-- \/ Yoast SEO plugin. -->","yoast_head_json":{"title":"Genial\/Quaest: Trump ajuda a deteriorar imagem dos EUA entre brasileiros - Blog da Rosana Hessel","description":"Para 48% dos eleitores brasileiros, imagem dos EUA \u00e9 negativa; e 32% afirmam que votariam em Lula se Trump apoiar Fl\u00e1vio Bolsonaro","robots":{"index":"index","follow":"follow","max-snippet":"max-snippet:-1","max-image-preview":"max-image-preview:large","max-video-preview":"max-video-preview:-1"},"canonical":"https:\/\/newblogs.correiobraziliense.com.br\/blog-da-rosana-hessel\/genial-quaest-trump-ajuda-a-deteriorar-imagem-dos-eua-entre-brasileiros\/","og_locale":"pt_BR","og_type":"article","og_title":"Genial\/Quaest: Trump ajuda a deteriorar imagem dos EUA entre brasileiros - Blog da Rosana Hessel","og_description":"Para 48% dos eleitores brasileiros, imagem dos EUA \u00e9 negativa; e 32% afirmam que votariam em Lula se Trump apoiar Fl\u00e1vio Bolsonaro","og_url":"https:\/\/newblogs.correiobraziliense.com.br\/blog-da-rosana-hessel\/genial-quaest-trump-ajuda-a-deteriorar-imagem-dos-eua-entre-brasileiros\/","og_site_name":"Blog da Rosana Hessel","article_published_time":"2026-03-13T19:40:08+00:00","article_modified_time":"2026-03-13T23:43:46+00:00","og_image":[{"width":1600,"height":1066,"url":"http:\/\/newblogs.correiobraziliense.com.br\/blog-da-rosana-hessel\/wp-content\/uploads\/sites\/5\/2024\/11\/TrumpAFP.jpg","type":"image\/jpeg"}],"author":"Rosana Hessel","schema":{"@context":"https:\/\/schema.org","@graph":[{"@type":"Article","@id":"https:\/\/newblogs.correiobraziliense.com.br\/blog-da-rosana-hessel\/genial-quaest-trump-ajuda-a-deteriorar-imagem-dos-eua-entre-brasileiros\/#article","isPartOf":{"@id":"https:\/\/newblogs.correiobraziliense.com.br\/blog-da-rosana-hessel\/genial-quaest-trump-ajuda-a-deteriorar-imagem-dos-eua-entre-brasileiros\/"},"author":{"name":"Rosana Hessel","@id":"https:\/\/newblogs.correiobraziliense.com.br\/blog-da-rosana-hessel\/#\/schema\/person\/824cb3c631cf0d4056f75ca02599a930"},"headline":"Genial\/Quaest: Trump ajuda a deteriorar imagem dos EUA entre brasileiros","datePublished":"2026-03-13T19:40:08+00:00","dateModified":"2026-03-13T23:43:46+00:00","mainEntityOfPage":{"@id":"https:\/\/newblogs.correiobraziliense.com.br\/blog-da-rosana-hessel\/genial-quaest-trump-ajuda-a-deteriorar-imagem-dos-eua-entre-brasileiros\/"},"wordCount":435,"image":{"@id":"https:\/\/newblogs.correiobraziliense.com.br\/blog-da-rosana-hessel\/genial-quaest-trump-ajuda-a-deteriorar-imagem-dos-eua-entre-brasileiros\/#primaryimage"},"thumbnailUrl":"https:\/\/newblogs.correiobraziliense.com.br\/blog-da-rosana-hessel\/wp-content\/uploads\/sites\/5\/2024\/11\/TrumpAFP.jpg","keywords":["Donald Trump","elei\u00e7\u00f5es 2026","Estados Unidos","Fl\u00e1vio Bolsonaro","guerra","Lula","Oriente M\u00e9dio","petr\u00f3leo"],"articleSection":["Pesquisa"],"inLanguage":"pt-BR"},{"@type":"WebPage","@id":"https:\/\/newblogs.correiobraziliense.com.br\/blog-da-rosana-hessel\/genial-quaest-trump-ajuda-a-deteriorar-imagem-dos-eua-entre-brasileiros\/","url":"https:\/\/newblogs.correiobraziliense.com.br\/blog-da-rosana-hessel\/genial-quaest-trump-ajuda-a-deteriorar-imagem-dos-eua-entre-brasileiros\/","name":"Genial\/Quaest: Trump ajuda a deteriorar imagem dos EUA entre brasileiros - Blog da Rosana Hessel","isPartOf":{"@id":"https:\/\/newblogs.correiobraziliense.com.br\/blog-da-rosana-hessel\/#website"},"primaryImageOfPage":{"@id":"https:\/\/newblogs.correiobraziliense.com.br\/blog-da-rosana-hessel\/genial-quaest-trump-ajuda-a-deteriorar-imagem-dos-eua-entre-brasileiros\/#primaryimage"},"image":{"@id":"https:\/\/newblogs.correiobraziliense.com.br\/blog-da-rosana-hessel\/genial-quaest-trump-ajuda-a-deteriorar-imagem-dos-eua-entre-brasileiros\/#primaryimage"},"thumbnailUrl":"https:\/\/newblogs.correiobraziliense.com.br\/blog-da-rosana-hessel\/wp-content\/uploads\/sites\/5\/2024\/11\/TrumpAFP.jpg","datePublished":"2026-03-13T19:40:08+00:00","dateModified":"2026-03-13T23:43:46+00:00","author":{"@id":"https:\/\/newblogs.correiobraziliense.com.br\/blog-da-rosana-hessel\/#\/schema\/person\/824cb3c631cf0d4056f75ca02599a930"},"description":"Para 48% dos eleitores brasileiros, imagem dos EUA \u00e9 negativa; e 32% afirmam que votariam em Lula se Trump apoiar Fl\u00e1vio Bolsonaro","breadcrumb":{"@id":"https:\/\/newblogs.correiobraziliense.com.br\/blog-da-rosana-hessel\/genial-quaest-trump-ajuda-a-deteriorar-imagem-dos-eua-entre-brasileiros\/#breadcrumb"},"inLanguage":"pt-BR","potentialAction":[{"@type":"ReadAction","target":["https:\/\/newblogs.correiobraziliense.com.br\/blog-da-rosana-hessel\/genial-quaest-trump-ajuda-a-deteriorar-imagem-dos-eua-entre-brasileiros\/"]}]},{"@type":"ImageObject","inLanguage":"pt-BR","@id":"https:\/\/newblogs.correiobraziliense.com.br\/blog-da-rosana-hessel\/genial-quaest-trump-ajuda-a-deteriorar-imagem-dos-eua-entre-brasileiros\/#primaryimage","url":"https:\/\/newblogs.correiobraziliense.com.br\/blog-da-rosana-hessel\/wp-content\/uploads\/sites\/5\/2024\/11\/TrumpAFP.jpg","contentUrl":"https:\/\/newblogs.correiobraziliense.com.br\/blog-da-rosana-hessel\/wp-content\/uploads\/sites\/5\/2024\/11\/TrumpAFP.jpg","width":1600,"height":1066,"caption":"Trump Credito:AFPIMAGES"},{"@type":"BreadcrumbList","@id":"https:\/\/newblogs.correiobraziliense.com.br\/blog-da-rosana-hessel\/genial-quaest-trump-ajuda-a-deteriorar-imagem-dos-eua-entre-brasileiros\/#breadcrumb","itemListElement":[{"@type":"ListItem","position":1,"name":"In\u00edcio","item":"https:\/\/newblogs.correiobraziliense.com.br\/blog-da-rosana-hessel\/"},{"@type":"ListItem","position":2,"name":"Genial\/Quaest: Trump ajuda a deteriorar imagem dos EUA entre brasileiros"}]},{"@type":"WebSite","@id":"https:\/\/newblogs.correiobraziliense.com.br\/blog-da-rosana-hessel\/#website","url":"https:\/\/newblogs.correiobraziliense.com.br\/blog-da-rosana-hessel\/","name":"Blog da Rosana Hessel","description":"Not\u00edcias atualizadas e an\u00e1lises sobre economia. Acompanhe-nos para entender as tend\u00eancias e os impactos econ\u00f4micos que influenciam o seu dia a dia, tanto no Brasil quanto no exterior.","potentialAction":[{"@type":"SearchAction","target":{"@type":"EntryPoint","urlTemplate":"https:\/\/newblogs.correiobraziliense.com.br\/blog-da-rosana-hessel\/?s={search_term_string}"},"query-input":{"@type":"PropertyValueSpecification","valueRequired":true,"valueName":"search_term_string"}}],"inLanguage":"pt-BR"},{"@type":"Person","@id":"https:\/\/newblogs.correiobraziliense.com.br\/blog-da-rosana-hessel\/#\/schema\/person\/824cb3c631cf0d4056f75ca02599a930","name":"Rosana Hessel","image":{"@type":"ImageObject","inLanguage":"pt-BR","@id":"https:\/\/secure.gravatar.com\/avatar\/fe780cf1839cf10cd6d682fb080611e0d2a459b64be8a8781778109777fbcfd3?s=96&d=mm&r=g","url":"https:\/\/secure.gravatar.com\/avatar\/fe780cf1839cf10cd6d682fb080611e0d2a459b64be8a8781778109777fbcfd3?s=96&d=mm&r=g","contentUrl":"https:\/\/secure.gravatar.com\/avatar\/fe780cf1839cf10cd6d682fb080611e0d2a459b64be8a8781778109777fbcfd3?s=96&d=mm&r=g","caption":"Rosana Hessel"},"description":"Formada pela Pontif\u00edcia Universidade Cat\u00f3lica de S\u00e3o Paulo (PUC-SP), \u00e9 jornalista de economia desde 1995, quando passou a integrar o time da Gazeta Mercantil. Est\u00e1 sempre atr\u00e1s da boa informa\u00e7\u00e3o. Possui especializa\u00e7\u00e3o em economia pela FGV e MBA em Finan\u00e7as pela FIA-USP. Trabalha no Correio Braziliense desde 2010. Ganhou o Pr\u00eamio Esso de Jornalismo Econ\u00f4mico em 2014 e em 2015 com a equipe do Correio. Foi finalista entre os 50 jornalistas +Admirados da Imprensa de Economia, Neg\u00f3cios e Finan\u00e7as 2024, promovido pela Jornalistas&amp;Cia.","url":"https:\/\/newblogs.correiobraziliense.com.br\/blog-da-rosana-hessel\/author\/rosanahessel\/"}]}},"_links":{"self":[{"href":"https:\/\/newblogs.correiobraziliense.com.br\/blog-da-rosana-hessel\/wp-json\/wp\/v2\/posts\/35010","targetHints":{"allow":["GET"]}}],"collection":[{"href":"https:\/\/newblogs.correiobraziliense.com.br\/blog-da-rosana-hessel\/wp-json\/wp\/v2\/posts"}],"about":[{"href":"https:\/\/newblogs.correiobraziliense.com.br\/blog-da-rosana-hessel\/wp-json\/wp\/v2\/types\/post"}],"author":[{"embeddable":true,"href":"https:\/\/newblogs.correiobraziliense.com.br\/blog-da-rosana-hessel\/wp-json\/wp\/v2\/users\/10"}],"replies":[{"embeddable":true,"href":"https:\/\/newblogs.correiobraziliense.com.br\/blog-da-rosana-hessel\/wp-json\/wp\/v2\/comments?post=35010"}],"version-history":[{"count":11,"href":"https:\/\/newblogs.correiobraziliense.com.br\/blog-da-rosana-hessel\/wp-json\/wp\/v2\/posts\/35010\/revisions"}],"predecessor-version":[{"id":35024,"href":"https:\/\/newblogs.correiobraziliense.com.br\/blog-da-rosana-hessel\/wp-json\/wp\/v2\/posts\/35010\/revisions\/35024"}],"wp:featuredmedia":[{"embeddable":true,"href":"https:\/\/newblogs.correiobraziliense.com.br\/blog-da-rosana-hessel\/wp-json\/wp\/v2\/media\/31810"}],"wp:attachment":[{"href":"https:\/\/newblogs.correiobraziliense.com.br\/blog-da-rosana-hessel\/wp-json\/wp\/v2\/media?parent=35010"}],"wp:term":[{"taxonomy":"category","embeddable":true,"href":"https:\/\/newblogs.correiobraziliense.com.br\/blog-da-rosana-hessel\/wp-json\/wp\/v2\/categories?post=35010"},{"taxonomy":"post_tag","embeddable":true,"href":"https:\/\/newblogs.correiobraziliense.com.br\/blog-da-rosana-hessel\/wp-json\/wp\/v2\/tags?post=35010"}],"curies":[{"name":"wp","href":"https:\/\/api.w.org\/{rel}","templated":true}]}}