{"id":34961,"date":"2026-03-11T14:01:45","date_gmt":"2026-03-11T17:01:45","guid":{"rendered":"https:\/\/newblogs.correiobraziliense.com.br\/blog-da-rosana-hessel\/?p=34961"},"modified":"2026-03-13T16:23:36","modified_gmt":"2026-03-13T19:23:36","slug":"genial-quaest-flavio-e-lula-empatam-no-2o-turno-com-41-das-intencoes","status":"publish","type":"post","link":"https:\/\/newblogs.correiobraziliense.com.br\/blog-da-rosana-hessel\/genial-quaest-flavio-e-lula-empatam-no-2o-turno-com-41-das-intencoes\/","title":{"rendered":"Genial\/Quaest: Fl\u00e1vio e Lula empatam no 2\u00ba turno, com 41% das inten\u00e7\u00f5es de voto"},"content":{"rendered":"\n<p>O filho do ex-presidente Jair Bolsoanaro (PL), o senador Fl\u00e1vio Bolsonaro (PL), se consolida como principal rival do presidente Luiz In\u00e1cio Lula da Silva (PT) na corrida eleitoral deste ano. De acordo com <a href=\"https:\/\/quaest.com.br\/51-desaprovam-lula-flavio-lidera-entre-os-independentes\/\">a terceira rodada da Pesquisa Genial\/Quaest de 2026<\/a>, divulgada nesta quarta-feira (11\/3), se a elei\u00e7\u00e3o fosse hoje, os dois empatariam no segundo turno, com 41% das inten\u00e7\u00f5es de voto.<\/p>\n\n\n\n<p>Em fevereiro, as inten\u00e7\u00f5es de voto para Lula nas elei\u00e7\u00f5es presidenciais de outubro eram de 43% e para o senador, de 38%, de acordo com informa\u00e7\u00f5es da pesquisa realizada pela Quaest em parceira com a Genial Investimentos que analisou sete cen\u00e1rios e constatou piora na aprova\u00e7\u00e3o do governo do petista, que atingiu 44% em mar\u00e7o, o menor patamar desde julho de 2025. <\/p>\n\n\n\n<p>Nos demais cen\u00e1rios, Lula vence como folga os demais rivais, com vantagens de 9 a 21 pontos percentuais. Contra o governador do Paran\u00e1, Ratinho J\u00fanior (PSD), o placar seria de 42% a 33% a favor do petista. J\u00e1 contra o ex-deputado e ex-ministro Aldo Rebelo (Democracia Crist\u00e3), a vit\u00f3ria de Lula seria de 44% contra 23%. <\/p>\n\n\n\n<p>A inten\u00e7\u00e3o de voto no senador Fl\u00e1vio Bolsonaro avan\u00e7ou cinco pontos percentuais em rela\u00e7\u00e3o a dezembro de 2025, enquanto a prefer\u00eancia por Lula recuou cinco pontos, no mesmo per\u00edodo. Com isso, o filho 01 de Bolsonaro, que est\u00e1 preso ap\u00f3s ser condenado no julgamento da trama golpista e segue ineleg\u00edvel, vem ganhando for\u00e7a, principalmente no grupo de eleitores independentes.<\/p>\n\n\n\n<p>O parlamentar apresentou maior avan\u00e7o de seis pontos percentuais nesse grupo de eleitores que se declara independente. Nesse recorte, inclusive, Flavio venceria Lula pelo placar de 32% a 27%. Contudo, 36% desses eleitores afirmaram que n\u00e3o pretendem votar se esse embate for confirmado no segundo turno das elei\u00e7\u00f5es presidenciais. <\/p>\n\n\n\n<p>Contra os demais pr\u00e9-candidatos da oposi\u00e7\u00e3o, Lula lidera em todos os cen\u00e1rios estimulados, por diferen\u00e7as entre 9 pontos (contra o governador do Paran\u00e1, Ratinho J\u00fanior, do PSD), e 21 pontos percentuais (contra Aldo Rebelo, da Democracia Crist\u00e3). O percentual dos que dizem que n\u00e3o v\u00e3o votar, votar\u00e3o em branco ou anular\u00e3o o voto varia de 16% a 30%.<\/p>\n\n\n\n<p>No primeiro turno, Lula leva vantagem sobre Flavio em todos os cen\u00e1rios, por diferen\u00e7as entre um a sete pontos percentuais. <\/p>\n\n\n\n<p>A pesquisa ainda constatou <a href=\"https:\/\/newblogs.correiobraziliense.com.br\/blog-da-rosana-hessel\/?p=34957\">piora na avalia\u00e7\u00e3o do governo do presidente Lula<\/a>, com a diferen\u00e7a entre aprova\u00e7\u00e3o e desaprova\u00e7\u00e3o passando de quatro para sete pontos percentuais em rela\u00e7\u00e3o \u00e0 edi\u00e7\u00e3o de fevereiro. Como isso, 51% desaprovam o governo e 44% aprovam. <\/p>\n\n\n\n<figure class=\"wp-block-image size-full\"><img decoding=\"async\" src=\"https:\/\/newblogs.correiobraziliense.com.br\/blog-da-rosana-hessel\/wp-content\/uploads\/sites\/5\/2026\/03\/genial-quaestmar26a.png\" alt=\"\" class=\"wp-image-34974\" \/><\/figure>\n\n\n\n<p><strong>Medo maior <\/strong><\/p>\n\n\n\n<p>Pela primeira vez na pesquisa Genial\/Quaest, o medo da perman\u00eancia de Lula no governo superou numericamente o temor da volta da fam\u00edlia Bolsonaro. Segundo o levantamento, 43% dos entrevistados que t\u00eam mais medo da reelei\u00e7\u00e3o do presidente enquanto 42% os que temem a elei\u00e7\u00e3o de Fl\u00e1vio.<\/p>\n\n\n\n<p>O levantamento constatou ainda que, para 42% dos eleitores, Lula \u00e9 mais moderado do que seu partido. Enquanto isso  48% consideram que Fl\u00e1vio n\u00e3o \u00e9 mais moderado do que o partido. <\/p>\n\n\n\n<p>A Quaest realizou a pesquisa entre os dias 6 e 9 de mar\u00e7o. Foram entrevistados presencialmente 2.004 eleitores brasileiros com 16 anos ou mais. A margem de erro estimada \u00e9 de dois pontos percentuais.<\/p>\n\n\n\n\n","protected":false},"excerpt":{"rendered":"<p>Enquanto aprova\u00e7\u00e3o do presidente Lula recua, Fl\u00e1vio Bolsonaro avan\u00e7a, principalmente, entre os eleitores independentes e se consolida como principal rival do chefe do Executivo nas elei\u00e7\u00f5es de outubro<\/p>\n","protected":false},"author":10,"featured_media":34726,"comment_status":"closed","ping_status":"closed","sticky":false,"template":"","format":"standard","meta":{"_acf_changed":false,"inline_featured_image":false,"footnotes":""},"categories":[1886],"tags":[593,2000,118,562,2039],"class_list":["post-34961","post","type-post","status-publish","format-standard","has-post-thumbnail","hentry","category-pesquisa","tag-bolsonaro","tag-eleicoes-2026","tag-lula","tag-pesquisa-genial-quaest","tag-segundo-turno"],"acf":[],"yoast_head":"<!-- This site is optimized with the Yoast SEO plugin v27.3 - https:\/\/yoast.com\/product\/yoast-seo-wordpress\/ -->\n<title>Genial\/Quaest: Fl\u00e1vio e Lula empatam no 2\u00ba turno, com 41% das inten\u00e7\u00f5es de voto - Blog da Rosana Hessel<\/title>\n<meta name=\"description\" content=\"Enquanto aprova\u00e7\u00e3o do presidente Lula recua, Fl\u00e1vio Bolsonaro avan\u00e7a, principalmente, entre os eleitores independentes e se consolida como principal rival do chefe do Executivo nas elei\u00e7\u00f5es de outubro\" \/>\n<meta name=\"robots\" content=\"index, follow, max-snippet:-1, max-image-preview:large, max-video-preview:-1\" \/>\n<link rel=\"canonical\" href=\"https:\/\/newblogs.correiobraziliense.com.br\/blog-da-rosana-hessel\/genial-quaest-flavio-e-lula-empatam-no-2o-turno-com-41-das-intencoes\/\" \/>\n<meta property=\"og:locale\" content=\"pt_BR\" \/>\n<meta property=\"og:type\" content=\"article\" \/>\n<meta property=\"og:title\" content=\"Genial\/Quaest: Fl\u00e1vio e Lula empatam no 2\u00ba turno, com 41% das inten\u00e7\u00f5es de voto - Blog da Rosana Hessel\" \/>\n<meta property=\"og:description\" content=\"Enquanto aprova\u00e7\u00e3o do presidente Lula recua, Fl\u00e1vio Bolsonaro avan\u00e7a, principalmente, entre os eleitores independentes e se consolida como principal rival do chefe do Executivo nas elei\u00e7\u00f5es de outubro\" \/>\n<meta property=\"og:url\" content=\"https:\/\/newblogs.correiobraziliense.com.br\/blog-da-rosana-hessel\/genial-quaest-flavio-e-lula-empatam-no-2o-turno-com-41-das-intencoes\/\" \/>\n<meta property=\"og:site_name\" content=\"Blog da Rosana Hessel\" \/>\n<meta property=\"article:published_time\" content=\"2026-03-11T17:01:45+00:00\" \/>\n<meta property=\"article:modified_time\" content=\"2026-03-13T19:23:36+00:00\" \/>\n<meta property=\"og:image\" content=\"http:\/\/newblogs.correiobraziliense.com.br\/blog-da-rosana-hessel\/wp-content\/uploads\/sites\/5\/2025\/12\/flavioxlula.png\" \/>\n\t<meta property=\"og:image:width\" content=\"360\" \/>\n\t<meta property=\"og:image:height\" content=\"240\" \/>\n\t<meta property=\"og:image:type\" content=\"image\/png\" \/>\n<meta name=\"author\" content=\"Rosana Hessel\" \/>\n<!-- \/ Yoast SEO plugin. -->","yoast_head_json":{"title":"Genial\/Quaest: Fl\u00e1vio e Lula empatam no 2\u00ba turno, com 41% das inten\u00e7\u00f5es de voto - Blog da Rosana Hessel","description":"Enquanto aprova\u00e7\u00e3o do presidente Lula recua, Fl\u00e1vio Bolsonaro avan\u00e7a, principalmente, entre os eleitores independentes e se consolida como principal rival do chefe do Executivo nas elei\u00e7\u00f5es de outubro","robots":{"index":"index","follow":"follow","max-snippet":"max-snippet:-1","max-image-preview":"max-image-preview:large","max-video-preview":"max-video-preview:-1"},"canonical":"https:\/\/newblogs.correiobraziliense.com.br\/blog-da-rosana-hessel\/genial-quaest-flavio-e-lula-empatam-no-2o-turno-com-41-das-intencoes\/","og_locale":"pt_BR","og_type":"article","og_title":"Genial\/Quaest: Fl\u00e1vio e Lula empatam no 2\u00ba turno, com 41% das inten\u00e7\u00f5es de voto - Blog da Rosana Hessel","og_description":"Enquanto aprova\u00e7\u00e3o do presidente Lula recua, Fl\u00e1vio Bolsonaro avan\u00e7a, principalmente, entre os eleitores independentes e se consolida como principal rival do chefe do Executivo nas elei\u00e7\u00f5es de outubro","og_url":"https:\/\/newblogs.correiobraziliense.com.br\/blog-da-rosana-hessel\/genial-quaest-flavio-e-lula-empatam-no-2o-turno-com-41-das-intencoes\/","og_site_name":"Blog da Rosana Hessel","article_published_time":"2026-03-11T17:01:45+00:00","article_modified_time":"2026-03-13T19:23:36+00:00","og_image":[{"width":360,"height":240,"url":"http:\/\/newblogs.correiobraziliense.com.br\/blog-da-rosana-hessel\/wp-content\/uploads\/sites\/5\/2025\/12\/flavioxlula.png","type":"image\/png"}],"author":"Rosana Hessel","schema":{"@context":"https:\/\/schema.org","@graph":[{"@type":"Article","@id":"https:\/\/newblogs.correiobraziliense.com.br\/blog-da-rosana-hessel\/genial-quaest-flavio-e-lula-empatam-no-2o-turno-com-41-das-intencoes\/#article","isPartOf":{"@id":"https:\/\/newblogs.correiobraziliense.com.br\/blog-da-rosana-hessel\/genial-quaest-flavio-e-lula-empatam-no-2o-turno-com-41-das-intencoes\/"},"author":{"name":"Rosana Hessel","@id":"https:\/\/newblogs.correiobraziliense.com.br\/blog-da-rosana-hessel\/#\/schema\/person\/824cb3c631cf0d4056f75ca02599a930"},"headline":"Genial\/Quaest: Fl\u00e1vio e Lula empatam no 2\u00ba turno, com 41% das inten\u00e7\u00f5es de voto","datePublished":"2026-03-11T17:01:45+00:00","dateModified":"2026-03-13T19:23:36+00:00","mainEntityOfPage":{"@id":"https:\/\/newblogs.correiobraziliense.com.br\/blog-da-rosana-hessel\/genial-quaest-flavio-e-lula-empatam-no-2o-turno-com-41-das-intencoes\/"},"wordCount":552,"image":{"@id":"https:\/\/newblogs.correiobraziliense.com.br\/blog-da-rosana-hessel\/genial-quaest-flavio-e-lula-empatam-no-2o-turno-com-41-das-intencoes\/#primaryimage"},"thumbnailUrl":"https:\/\/newblogs.correiobraziliense.com.br\/blog-da-rosana-hessel\/wp-content\/uploads\/sites\/5\/2025\/12\/flavioxlula.png","keywords":["Bolsonaro","elei\u00e7\u00f5es 2026","Lula","Pesquisa Genial\/Quaest","segundo turno"],"articleSection":["Pesquisa"],"inLanguage":"pt-BR"},{"@type":"WebPage","@id":"https:\/\/newblogs.correiobraziliense.com.br\/blog-da-rosana-hessel\/genial-quaest-flavio-e-lula-empatam-no-2o-turno-com-41-das-intencoes\/","url":"https:\/\/newblogs.correiobraziliense.com.br\/blog-da-rosana-hessel\/genial-quaest-flavio-e-lula-empatam-no-2o-turno-com-41-das-intencoes\/","name":"Genial\/Quaest: Fl\u00e1vio e Lula empatam no 2\u00ba turno, com 41% das inten\u00e7\u00f5es de voto - Blog da Rosana Hessel","isPartOf":{"@id":"https:\/\/newblogs.correiobraziliense.com.br\/blog-da-rosana-hessel\/#website"},"primaryImageOfPage":{"@id":"https:\/\/newblogs.correiobraziliense.com.br\/blog-da-rosana-hessel\/genial-quaest-flavio-e-lula-empatam-no-2o-turno-com-41-das-intencoes\/#primaryimage"},"image":{"@id":"https:\/\/newblogs.correiobraziliense.com.br\/blog-da-rosana-hessel\/genial-quaest-flavio-e-lula-empatam-no-2o-turno-com-41-das-intencoes\/#primaryimage"},"thumbnailUrl":"https:\/\/newblogs.correiobraziliense.com.br\/blog-da-rosana-hessel\/wp-content\/uploads\/sites\/5\/2025\/12\/flavioxlula.png","datePublished":"2026-03-11T17:01:45+00:00","dateModified":"2026-03-13T19:23:36+00:00","author":{"@id":"https:\/\/newblogs.correiobraziliense.com.br\/blog-da-rosana-hessel\/#\/schema\/person\/824cb3c631cf0d4056f75ca02599a930"},"description":"Enquanto aprova\u00e7\u00e3o do presidente Lula recua, Fl\u00e1vio Bolsonaro avan\u00e7a, principalmente, entre os eleitores independentes e se consolida como principal rival do chefe do Executivo nas elei\u00e7\u00f5es de outubro","breadcrumb":{"@id":"https:\/\/newblogs.correiobraziliense.com.br\/blog-da-rosana-hessel\/genial-quaest-flavio-e-lula-empatam-no-2o-turno-com-41-das-intencoes\/#breadcrumb"},"inLanguage":"pt-BR","potentialAction":[{"@type":"ReadAction","target":["https:\/\/newblogs.correiobraziliense.com.br\/blog-da-rosana-hessel\/genial-quaest-flavio-e-lula-empatam-no-2o-turno-com-41-das-intencoes\/"]}]},{"@type":"ImageObject","inLanguage":"pt-BR","@id":"https:\/\/newblogs.correiobraziliense.com.br\/blog-da-rosana-hessel\/genial-quaest-flavio-e-lula-empatam-no-2o-turno-com-41-das-intencoes\/#primaryimage","url":"https:\/\/newblogs.correiobraziliense.com.br\/blog-da-rosana-hessel\/wp-content\/uploads\/sites\/5\/2025\/12\/flavioxlula.png","contentUrl":"https:\/\/newblogs.correiobraziliense.com.br\/blog-da-rosana-hessel\/wp-content\/uploads\/sites\/5\/2025\/12\/flavioxlula.png","width":360,"height":240,"caption":"Foto: Saulo Cruz\/Ag\u00eancia Senado e Fabio Rodrigues-Pozzebom\/Ag\u00eancia Brasil"},{"@type":"BreadcrumbList","@id":"https:\/\/newblogs.correiobraziliense.com.br\/blog-da-rosana-hessel\/genial-quaest-flavio-e-lula-empatam-no-2o-turno-com-41-das-intencoes\/#breadcrumb","itemListElement":[{"@type":"ListItem","position":1,"name":"In\u00edcio","item":"https:\/\/newblogs.correiobraziliense.com.br\/blog-da-rosana-hessel\/"},{"@type":"ListItem","position":2,"name":"Genial\/Quaest: Fl\u00e1vio e Lula empatam no 2\u00ba turno, com 41% das inten\u00e7\u00f5es de voto"}]},{"@type":"WebSite","@id":"https:\/\/newblogs.correiobraziliense.com.br\/blog-da-rosana-hessel\/#website","url":"https:\/\/newblogs.correiobraziliense.com.br\/blog-da-rosana-hessel\/","name":"Blog da Rosana Hessel","description":"Not\u00edcias atualizadas e an\u00e1lises sobre economia. Acompanhe-nos para entender as tend\u00eancias e os impactos econ\u00f4micos que influenciam o seu dia a dia, tanto no Brasil quanto no exterior.","potentialAction":[{"@type":"SearchAction","target":{"@type":"EntryPoint","urlTemplate":"https:\/\/newblogs.correiobraziliense.com.br\/blog-da-rosana-hessel\/?s={search_term_string}"},"query-input":{"@type":"PropertyValueSpecification","valueRequired":true,"valueName":"search_term_string"}}],"inLanguage":"pt-BR"},{"@type":"Person","@id":"https:\/\/newblogs.correiobraziliense.com.br\/blog-da-rosana-hessel\/#\/schema\/person\/824cb3c631cf0d4056f75ca02599a930","name":"Rosana Hessel","image":{"@type":"ImageObject","inLanguage":"pt-BR","@id":"https:\/\/secure.gravatar.com\/avatar\/fe780cf1839cf10cd6d682fb080611e0d2a459b64be8a8781778109777fbcfd3?s=96&d=mm&r=g","url":"https:\/\/secure.gravatar.com\/avatar\/fe780cf1839cf10cd6d682fb080611e0d2a459b64be8a8781778109777fbcfd3?s=96&d=mm&r=g","contentUrl":"https:\/\/secure.gravatar.com\/avatar\/fe780cf1839cf10cd6d682fb080611e0d2a459b64be8a8781778109777fbcfd3?s=96&d=mm&r=g","caption":"Rosana Hessel"},"description":"Formada pela Pontif\u00edcia Universidade Cat\u00f3lica de S\u00e3o Paulo (PUC-SP), \u00e9 jornalista de economia desde 1995, quando passou a integrar o time da Gazeta Mercantil. Est\u00e1 sempre atr\u00e1s da boa informa\u00e7\u00e3o. Possui especializa\u00e7\u00e3o em economia pela FGV e MBA em Finan\u00e7as pela FIA-USP. Trabalha no Correio Braziliense desde 2010. Ganhou o Pr\u00eamio Esso de Jornalismo Econ\u00f4mico em 2014 e em 2015 com a equipe do Correio. Foi finalista entre os 50 jornalistas +Admirados da Imprensa de Economia, Neg\u00f3cios e Finan\u00e7as 2024, promovido pela Jornalistas&amp;Cia.","url":"https:\/\/newblogs.correiobraziliense.com.br\/blog-da-rosana-hessel\/author\/rosanahessel\/"}]}},"_links":{"self":[{"href":"https:\/\/newblogs.correiobraziliense.com.br\/blog-da-rosana-hessel\/wp-json\/wp\/v2\/posts\/34961","targetHints":{"allow":["GET"]}}],"collection":[{"href":"https:\/\/newblogs.correiobraziliense.com.br\/blog-da-rosana-hessel\/wp-json\/wp\/v2\/posts"}],"about":[{"href":"https:\/\/newblogs.correiobraziliense.com.br\/blog-da-rosana-hessel\/wp-json\/wp\/v2\/types\/post"}],"author":[{"embeddable":true,"href":"https:\/\/newblogs.correiobraziliense.com.br\/blog-da-rosana-hessel\/wp-json\/wp\/v2\/users\/10"}],"replies":[{"embeddable":true,"href":"https:\/\/newblogs.correiobraziliense.com.br\/blog-da-rosana-hessel\/wp-json\/wp\/v2\/comments?post=34961"}],"version-history":[{"count":13,"href":"https:\/\/newblogs.correiobraziliense.com.br\/blog-da-rosana-hessel\/wp-json\/wp\/v2\/posts\/34961\/revisions"}],"predecessor-version":[{"id":34981,"href":"https:\/\/newblogs.correiobraziliense.com.br\/blog-da-rosana-hessel\/wp-json\/wp\/v2\/posts\/34961\/revisions\/34981"}],"wp:featuredmedia":[{"embeddable":true,"href":"https:\/\/newblogs.correiobraziliense.com.br\/blog-da-rosana-hessel\/wp-json\/wp\/v2\/media\/34726"}],"wp:attachment":[{"href":"https:\/\/newblogs.correiobraziliense.com.br\/blog-da-rosana-hessel\/wp-json\/wp\/v2\/media?parent=34961"}],"wp:term":[{"taxonomy":"category","embeddable":true,"href":"https:\/\/newblogs.correiobraziliense.com.br\/blog-da-rosana-hessel\/wp-json\/wp\/v2\/categories?post=34961"},{"taxonomy":"post_tag","embeddable":true,"href":"https:\/\/newblogs.correiobraziliense.com.br\/blog-da-rosana-hessel\/wp-json\/wp\/v2\/tags?post=34961"}],"curies":[{"name":"wp","href":"https:\/\/api.w.org\/{rel}","templated":true}]}}