{"id":34957,"date":"2026-03-11T14:00:00","date_gmt":"2026-03-11T17:00:00","guid":{"rendered":"https:\/\/newblogs.correiobraziliense.com.br\/blog-da-rosana-hessel\/?p=34957"},"modified":"2026-03-11T18:14:25","modified_gmt":"2026-03-11T21:14:25","slug":"genial-quaest-aprovacao-de-lula-cai-pelo-terceiro-mes-seguido-e-fica-em-44","status":"publish","type":"post","link":"https:\/\/newblogs.correiobraziliense.com.br\/blog-da-rosana-hessel\/genial-quaest-aprovacao-de-lula-cai-pelo-terceiro-mes-seguido-e-fica-em-44\/","title":{"rendered":"Genial\/Quaest: Aprova\u00e7\u00e3o de Lula cai pelo terceiro m\u00eas seguido e fica em 44%"},"content":{"rendered":"\n<p>A aprova\u00e7\u00e3o do governo do presidente Luiz In\u00e1cio Lula da Silva (PT) recuou pelo terceiro m\u00eas consecutivo e chegou a 44% na<a href=\"https:\/\/quaest.com.br\/51-desaprovam-lula-flavio-lidera-entre-os-independentes\/\"> edi\u00e7\u00e3o de mar\u00e7o da Pesquisa Genial Quaest,<\/a> divulgada nesta quarta-feira (11\/3). \u00c9 o menor patamar desde julho de 2025.<\/p>\n\n\n\n<p>Enquanto isso, a desaprova\u00e7\u00e3o do terceiro mandato do petista voltou a subir depois de dois meses de estabilidade e alcan\u00e7ou 51% dos eleitores brasileiros &#8212; maior n\u00edvel desde setembro de 2025. Com isso, os dados indicam piora na avalia\u00e7\u00e3o do governo Lula e a diferen\u00e7a entre aprova\u00e7\u00e3o e desaprova\u00e7\u00e3o do governo Lula aumentou de quatro para sete pontos percentuais em rela\u00e7\u00e3o \u00e0 pesquisa anterior. <\/p>\n\n\n\n<p>A terceira edi\u00e7\u00e3o de 2026 do levantamento da Quaest, realizado em parceira com a Genial Investimentos, revela que 47% dos eleitores consideram que em rela\u00e7\u00e3o aos dois primeiros mandatos, a atual gest\u00e3o de Lula est\u00e1 pior, percentual acima dos 42% registrados em fevereiro. <\/p>\n\n\n\n<p>A avalia\u00e7\u00e3o negativa do governo passou de 39% para 43% entre fevereiro e mar\u00e7o, atingindo maior patamar desde mar\u00e7o de 2025.<\/p>\n\n\n\n<p>A desaprova\u00e7\u00e3o de Lula teve maior crescimento entre os eleitores independentes, passando de 52%, em fevereiro, para 57%, em mar\u00e7o. Entre as mulheres, tradicional grupo de apoio ao presidente, a desaprova\u00e7\u00e3o superou a aprova\u00e7\u00e3o pela primeira vez: 48% a 46%. E, entre jovens eleitores de at\u00e9 34 anos, a desaprova\u00e7\u00e3o avan\u00e7ou de 50% para 56%. Entre os cat\u00f3licos, a desaprova\u00e7\u00e3o vem subindo desde janeiro e chegou a de 47%, contra 49% de aprova\u00e7\u00e3o. S\u00f3 no Nordeste a aprova\u00e7\u00e3o continua em alta, avan\u00e7ando de 61% para 64% em rela\u00e7\u00e3o \u00e0 pesquisa anterior.<\/p>\n\n\n\n<figure class=\"wp-block-image size-full\"><img decoding=\"async\" src=\"https:\/\/newblogs.correiobraziliense.com.br\/blog-da-rosana-hessel\/wp-content\/uploads\/sites\/5\/2026\/03\/genialquaestmar26.png\" alt=\"\" class=\"wp-image-34959\" \/><\/figure>\n\n\n\n<p><strong>Economia piora<\/strong><\/p>\n\n\n\n<p>A percep\u00e7\u00e3o dos eleitores sobre economia, que j\u00e1 era negativa, tamb\u00e9m mostrou piora, de acordo com a pesquisa. Segundo o levantamento, para 48% dos entrevistados a situa\u00e7\u00e3o piorou. Em fevereiro, esse percentual era de 43% em fevereiro. Para para 26%, a percep\u00e7\u00e3o da economia ficou do mesmo jeito , abaixo dos 30% de fevereiro. E apenas para 24% dos eleitores a economia melhorou \u2013 mesmo percentual das duas pesquisas anteriores. <\/p>\n\n\n\n<p>A expectativa de melhora no futuro recuou em janeiro para 41%. Outros 34% esperam na economia e e 21% que acham que vai ficar do mesmo jeito. <\/p>\n\n\n\n<p>Na avalia\u00e7\u00e3o dos eleitores, a  isen\u00e7\u00e3o de pagamento do Imposto de Renda quem ganha at\u00e9 R$ 5 mil teve impacto inferior do que o esperado. Entre os que disseram ter sentido algum impacto na renda depois da isen\u00e7\u00e3o, apenas 17% dizem que a renda aumentou significativamente, e 34% que a renda aumentou, mas n\u00e3o muito. Entre os que ganham at\u00e9 dois sal\u00e1rios m\u00ednimos, 42% dizem n\u00e3o ter sentido diferen\u00e7a. Al\u00e9m disso 52% dos que recebem de dois a cinco pisos salarias dizem o mesmo e, entre os que recebem mais de cinco sal\u00e1rios m\u00ednimos, o percentual foi de 46%<\/p>\n\n\n\n<p>A Quaest realizou a pesquisa entre os dias 6 e 9 de mar\u00e7o. Foram entrevistados presencialmente 2.004 eleitores brasileiros com 16 anos ou mais. A margem de erro estimada \u00e9 de dois pontos percentuais. <\/p>\n\n\n\n\n","protected":false},"excerpt":{"rendered":"<p>Aprova\u00e7\u00e3o do governo do presidente Lula cai para 44%, menor patamar  desde julho de 2025, e desaprova\u00e7\u00e3o chega a 51% &#8212; maior n\u00edvel desde setembro de 2025<\/p>\n","protected":false},"author":10,"featured_media":34274,"comment_status":"closed","ping_status":"closed","sticky":false,"template":"","format":"standard","meta":{"_acf_changed":false,"inline_featured_image":false,"footnotes":""},"categories":[1886],"tags":[1309,676,114,2000,2242,118,562],"class_list":["post-34957","post","type-post","status-publish","format-standard","has-post-thumbnail","hentry","category-pesquisa","tag-aprovacao","tag-desaprovacao","tag-economia","tag-eleicoes-2026","tag-imposto-de-renda","tag-lula","tag-pesquisa-genial-quaest"],"acf":[],"yoast_head":"<!-- This site is optimized with the Yoast SEO plugin v27.3 - https:\/\/yoast.com\/product\/yoast-seo-wordpress\/ -->\n<title>Genial\/Quaest: Aprova\u00e7\u00e3o de Lula cai pelo terceiro m\u00eas seguido e fica em 44% - Blog da Rosana Hessel<\/title>\n<meta name=\"description\" content=\"Aprova\u00e7\u00e3o do governo do presidente Lula cai para 44%, menor patamar desde julho de 2025, e desaprova\u00e7\u00e3o chega a 51% -- maior n\u00edvel desde setembro de 2025\" \/>\n<meta name=\"robots\" content=\"index, follow, max-snippet:-1, max-image-preview:large, max-video-preview:-1\" \/>\n<link rel=\"canonical\" href=\"https:\/\/newblogs.correiobraziliense.com.br\/blog-da-rosana-hessel\/genial-quaest-aprovacao-de-lula-cai-pelo-terceiro-mes-seguido-e-fica-em-44\/\" \/>\n<meta property=\"og:locale\" content=\"pt_BR\" \/>\n<meta property=\"og:type\" content=\"article\" \/>\n<meta property=\"og:title\" content=\"Genial\/Quaest: Aprova\u00e7\u00e3o de Lula cai pelo terceiro m\u00eas seguido e fica em 44% - Blog da Rosana Hessel\" \/>\n<meta property=\"og:description\" content=\"Aprova\u00e7\u00e3o do governo do presidente Lula cai para 44%, menor patamar desde julho de 2025, e desaprova\u00e7\u00e3o chega a 51% -- maior n\u00edvel desde setembro de 2025\" \/>\n<meta property=\"og:url\" content=\"https:\/\/newblogs.correiobraziliense.com.br\/blog-da-rosana-hessel\/genial-quaest-aprovacao-de-lula-cai-pelo-terceiro-mes-seguido-e-fica-em-44\/\" \/>\n<meta property=\"og:site_name\" content=\"Blog da Rosana Hessel\" \/>\n<meta property=\"article:published_time\" content=\"2026-03-11T17:00:00+00:00\" \/>\n<meta property=\"article:modified_time\" content=\"2026-03-11T21:14:25+00:00\" \/>\n<meta property=\"og:image\" content=\"http:\/\/newblogs.correiobraziliense.com.br\/blog-da-rosana-hessel\/wp-content\/uploads\/sites\/5\/2025\/11\/Lula-presidente-do-Brasil.jpg\" \/>\n\t<meta property=\"og:image:width\" content=\"400\" \/>\n\t<meta property=\"og:image:height\" content=\"267\" \/>\n\t<meta property=\"og:image:type\" content=\"image\/jpeg\" \/>\n<meta name=\"author\" content=\"Rosana Hessel\" \/>\n<!-- \/ Yoast SEO plugin. -->","yoast_head_json":{"title":"Genial\/Quaest: Aprova\u00e7\u00e3o de Lula cai pelo terceiro m\u00eas seguido e fica em 44% - Blog da Rosana Hessel","description":"Aprova\u00e7\u00e3o do governo do presidente Lula cai para 44%, menor patamar desde julho de 2025, e desaprova\u00e7\u00e3o chega a 51% -- maior n\u00edvel desde setembro de 2025","robots":{"index":"index","follow":"follow","max-snippet":"max-snippet:-1","max-image-preview":"max-image-preview:large","max-video-preview":"max-video-preview:-1"},"canonical":"https:\/\/newblogs.correiobraziliense.com.br\/blog-da-rosana-hessel\/genial-quaest-aprovacao-de-lula-cai-pelo-terceiro-mes-seguido-e-fica-em-44\/","og_locale":"pt_BR","og_type":"article","og_title":"Genial\/Quaest: Aprova\u00e7\u00e3o de Lula cai pelo terceiro m\u00eas seguido e fica em 44% - Blog da Rosana Hessel","og_description":"Aprova\u00e7\u00e3o do governo do presidente Lula cai para 44%, menor patamar desde julho de 2025, e desaprova\u00e7\u00e3o chega a 51% -- maior n\u00edvel desde setembro de 2025","og_url":"https:\/\/newblogs.correiobraziliense.com.br\/blog-da-rosana-hessel\/genial-quaest-aprovacao-de-lula-cai-pelo-terceiro-mes-seguido-e-fica-em-44\/","og_site_name":"Blog da Rosana Hessel","article_published_time":"2026-03-11T17:00:00+00:00","article_modified_time":"2026-03-11T21:14:25+00:00","og_image":[{"width":400,"height":267,"url":"http:\/\/newblogs.correiobraziliense.com.br\/blog-da-rosana-hessel\/wp-content\/uploads\/sites\/5\/2025\/11\/Lula-presidente-do-Brasil.jpg","type":"image\/jpeg"}],"author":"Rosana Hessel","schema":{"@context":"https:\/\/schema.org","@graph":[{"@type":"Article","@id":"https:\/\/newblogs.correiobraziliense.com.br\/blog-da-rosana-hessel\/genial-quaest-aprovacao-de-lula-cai-pelo-terceiro-mes-seguido-e-fica-em-44\/#article","isPartOf":{"@id":"https:\/\/newblogs.correiobraziliense.com.br\/blog-da-rosana-hessel\/genial-quaest-aprovacao-de-lula-cai-pelo-terceiro-mes-seguido-e-fica-em-44\/"},"author":{"name":"Rosana Hessel","@id":"https:\/\/newblogs.correiobraziliense.com.br\/blog-da-rosana-hessel\/#\/schema\/person\/824cb3c631cf0d4056f75ca02599a930"},"headline":"Genial\/Quaest: Aprova\u00e7\u00e3o de Lula cai pelo terceiro m\u00eas seguido e fica em 44%","datePublished":"2026-03-11T17:00:00+00:00","dateModified":"2026-03-11T21:14:25+00:00","mainEntityOfPage":{"@id":"https:\/\/newblogs.correiobraziliense.com.br\/blog-da-rosana-hessel\/genial-quaest-aprovacao-de-lula-cai-pelo-terceiro-mes-seguido-e-fica-em-44\/"},"wordCount":508,"image":{"@id":"https:\/\/newblogs.correiobraziliense.com.br\/blog-da-rosana-hessel\/genial-quaest-aprovacao-de-lula-cai-pelo-terceiro-mes-seguido-e-fica-em-44\/#primaryimage"},"thumbnailUrl":"https:\/\/newblogs.correiobraziliense.com.br\/blog-da-rosana-hessel\/wp-content\/uploads\/sites\/5\/2025\/11\/Lula-presidente-do-Brasil.jpg","keywords":["aprova\u00e7\u00e3o","desaprova\u00e7\u00e3o","economia","elei\u00e7\u00f5es 2026","Imposto de Renda","Lula","Pesquisa Genial\/Quaest"],"articleSection":["Pesquisa"],"inLanguage":"pt-BR"},{"@type":"WebPage","@id":"https:\/\/newblogs.correiobraziliense.com.br\/blog-da-rosana-hessel\/genial-quaest-aprovacao-de-lula-cai-pelo-terceiro-mes-seguido-e-fica-em-44\/","url":"https:\/\/newblogs.correiobraziliense.com.br\/blog-da-rosana-hessel\/genial-quaest-aprovacao-de-lula-cai-pelo-terceiro-mes-seguido-e-fica-em-44\/","name":"Genial\/Quaest: Aprova\u00e7\u00e3o de Lula cai pelo terceiro m\u00eas seguido e fica em 44% - Blog da Rosana Hessel","isPartOf":{"@id":"https:\/\/newblogs.correiobraziliense.com.br\/blog-da-rosana-hessel\/#website"},"primaryImageOfPage":{"@id":"https:\/\/newblogs.correiobraziliense.com.br\/blog-da-rosana-hessel\/genial-quaest-aprovacao-de-lula-cai-pelo-terceiro-mes-seguido-e-fica-em-44\/#primaryimage"},"image":{"@id":"https:\/\/newblogs.correiobraziliense.com.br\/blog-da-rosana-hessel\/genial-quaest-aprovacao-de-lula-cai-pelo-terceiro-mes-seguido-e-fica-em-44\/#primaryimage"},"thumbnailUrl":"https:\/\/newblogs.correiobraziliense.com.br\/blog-da-rosana-hessel\/wp-content\/uploads\/sites\/5\/2025\/11\/Lula-presidente-do-Brasil.jpg","datePublished":"2026-03-11T17:00:00+00:00","dateModified":"2026-03-11T21:14:25+00:00","author":{"@id":"https:\/\/newblogs.correiobraziliense.com.br\/blog-da-rosana-hessel\/#\/schema\/person\/824cb3c631cf0d4056f75ca02599a930"},"description":"Aprova\u00e7\u00e3o do governo do presidente Lula cai para 44%, menor patamar desde julho de 2025, e desaprova\u00e7\u00e3o chega a 51% -- maior n\u00edvel desde setembro de 2025","breadcrumb":{"@id":"https:\/\/newblogs.correiobraziliense.com.br\/blog-da-rosana-hessel\/genial-quaest-aprovacao-de-lula-cai-pelo-terceiro-mes-seguido-e-fica-em-44\/#breadcrumb"},"inLanguage":"pt-BR","potentialAction":[{"@type":"ReadAction","target":["https:\/\/newblogs.correiobraziliense.com.br\/blog-da-rosana-hessel\/genial-quaest-aprovacao-de-lula-cai-pelo-terceiro-mes-seguido-e-fica-em-44\/"]}]},{"@type":"ImageObject","inLanguage":"pt-BR","@id":"https:\/\/newblogs.correiobraziliense.com.br\/blog-da-rosana-hessel\/genial-quaest-aprovacao-de-lula-cai-pelo-terceiro-mes-seguido-e-fica-em-44\/#primaryimage","url":"https:\/\/newblogs.correiobraziliense.com.br\/blog-da-rosana-hessel\/wp-content\/uploads\/sites\/5\/2025\/11\/Lula-presidente-do-Brasil.jpg","contentUrl":"https:\/\/newblogs.correiobraziliense.com.br\/blog-da-rosana-hessel\/wp-content\/uploads\/sites\/5\/2025\/11\/Lula-presidente-do-Brasil.jpg","width":400,"height":267,"caption":"Bras\u00edlia (DF) 03\/06\/2025 - O presidente Luiz In\u00e1cio Lula da Silva, durante entrevista coletiva no Pal\u00e1cio do Planalto Foto: Fabio Rodrigues-Pozzebom\/ Ag\u00eancia Brasil"},{"@type":"BreadcrumbList","@id":"https:\/\/newblogs.correiobraziliense.com.br\/blog-da-rosana-hessel\/genial-quaest-aprovacao-de-lula-cai-pelo-terceiro-mes-seguido-e-fica-em-44\/#breadcrumb","itemListElement":[{"@type":"ListItem","position":1,"name":"In\u00edcio","item":"https:\/\/newblogs.correiobraziliense.com.br\/blog-da-rosana-hessel\/"},{"@type":"ListItem","position":2,"name":"Genial\/Quaest: Aprova\u00e7\u00e3o de Lula cai pelo terceiro m\u00eas seguido e fica em 44%"}]},{"@type":"WebSite","@id":"https:\/\/newblogs.correiobraziliense.com.br\/blog-da-rosana-hessel\/#website","url":"https:\/\/newblogs.correiobraziliense.com.br\/blog-da-rosana-hessel\/","name":"Blog da Rosana Hessel","description":"Not\u00edcias atualizadas e an\u00e1lises sobre economia. Acompanhe-nos para entender as tend\u00eancias e os impactos econ\u00f4micos que influenciam o seu dia a dia, tanto no Brasil quanto no exterior.","potentialAction":[{"@type":"SearchAction","target":{"@type":"EntryPoint","urlTemplate":"https:\/\/newblogs.correiobraziliense.com.br\/blog-da-rosana-hessel\/?s={search_term_string}"},"query-input":{"@type":"PropertyValueSpecification","valueRequired":true,"valueName":"search_term_string"}}],"inLanguage":"pt-BR"},{"@type":"Person","@id":"https:\/\/newblogs.correiobraziliense.com.br\/blog-da-rosana-hessel\/#\/schema\/person\/824cb3c631cf0d4056f75ca02599a930","name":"Rosana Hessel","image":{"@type":"ImageObject","inLanguage":"pt-BR","@id":"https:\/\/secure.gravatar.com\/avatar\/fe780cf1839cf10cd6d682fb080611e0d2a459b64be8a8781778109777fbcfd3?s=96&d=mm&r=g","url":"https:\/\/secure.gravatar.com\/avatar\/fe780cf1839cf10cd6d682fb080611e0d2a459b64be8a8781778109777fbcfd3?s=96&d=mm&r=g","contentUrl":"https:\/\/secure.gravatar.com\/avatar\/fe780cf1839cf10cd6d682fb080611e0d2a459b64be8a8781778109777fbcfd3?s=96&d=mm&r=g","caption":"Rosana Hessel"},"description":"Formada pela Pontif\u00edcia Universidade Cat\u00f3lica de S\u00e3o Paulo (PUC-SP), \u00e9 jornalista de economia desde 1995, quando passou a integrar o time da Gazeta Mercantil. Est\u00e1 sempre atr\u00e1s da boa informa\u00e7\u00e3o. Possui especializa\u00e7\u00e3o em economia pela FGV e MBA em Finan\u00e7as pela FIA-USP. Trabalha no Correio Braziliense desde 2010. Ganhou o Pr\u00eamio Esso de Jornalismo Econ\u00f4mico em 2014 e em 2015 com a equipe do Correio. Foi finalista entre os 50 jornalistas +Admirados da Imprensa de Economia, Neg\u00f3cios e Finan\u00e7as 2024, promovido pela Jornalistas&amp;Cia.","url":"https:\/\/newblogs.correiobraziliense.com.br\/blog-da-rosana-hessel\/author\/rosanahessel\/"}]}},"_links":{"self":[{"href":"https:\/\/newblogs.correiobraziliense.com.br\/blog-da-rosana-hessel\/wp-json\/wp\/v2\/posts\/34957","targetHints":{"allow":["GET"]}}],"collection":[{"href":"https:\/\/newblogs.correiobraziliense.com.br\/blog-da-rosana-hessel\/wp-json\/wp\/v2\/posts"}],"about":[{"href":"https:\/\/newblogs.correiobraziliense.com.br\/blog-da-rosana-hessel\/wp-json\/wp\/v2\/types\/post"}],"author":[{"embeddable":true,"href":"https:\/\/newblogs.correiobraziliense.com.br\/blog-da-rosana-hessel\/wp-json\/wp\/v2\/users\/10"}],"replies":[{"embeddable":true,"href":"https:\/\/newblogs.correiobraziliense.com.br\/blog-da-rosana-hessel\/wp-json\/wp\/v2\/comments?post=34957"}],"version-history":[{"count":5,"href":"https:\/\/newblogs.correiobraziliense.com.br\/blog-da-rosana-hessel\/wp-json\/wp\/v2\/posts\/34957\/revisions"}],"predecessor-version":[{"id":34978,"href":"https:\/\/newblogs.correiobraziliense.com.br\/blog-da-rosana-hessel\/wp-json\/wp\/v2\/posts\/34957\/revisions\/34978"}],"wp:featuredmedia":[{"embeddable":true,"href":"https:\/\/newblogs.correiobraziliense.com.br\/blog-da-rosana-hessel\/wp-json\/wp\/v2\/media\/34274"}],"wp:attachment":[{"href":"https:\/\/newblogs.correiobraziliense.com.br\/blog-da-rosana-hessel\/wp-json\/wp\/v2\/media?parent=34957"}],"wp:term":[{"taxonomy":"category","embeddable":true,"href":"https:\/\/newblogs.correiobraziliense.com.br\/blog-da-rosana-hessel\/wp-json\/wp\/v2\/categories?post=34957"},{"taxonomy":"post_tag","embeddable":true,"href":"https:\/\/newblogs.correiobraziliense.com.br\/blog-da-rosana-hessel\/wp-json\/wp\/v2\/tags?post=34957"}],"curies":[{"name":"wp","href":"https:\/\/api.w.org\/{rel}","templated":true}]}}