{"id":34909,"date":"2026-03-02T19:31:16","date_gmt":"2026-03-02T22:31:16","guid":{"rendered":"https:\/\/newblogs.correiobraziliense.com.br\/blog-da-rosana-hessel\/?p=34909"},"modified":"2026-03-02T19:31:19","modified_gmt":"2026-03-02T22:31:19","slug":"apos-ataques-ao-ira-bolsas-internacionais-caem-b3-fecha-com-leve-alta-e-dolar-se-valoriza","status":"publish","type":"post","link":"https:\/\/newblogs.correiobraziliense.com.br\/blog-da-rosana-hessel\/apos-ataques-ao-ira-bolsas-internacionais-caem-b3-fecha-com-leve-alta-e-dolar-se-valoriza\/","title":{"rendered":"Ap\u00f3s ataques ao Ir\u00e3, bolsas internacionais caem, B3 fecha com leve alta e d\u00f3lar se valoriza"},"content":{"rendered":"\n<p>A dura\u00e7\u00e3o da nova guerra no Oriente M\u00e9dio deflagradas pelos ataques coordenados dos Estados Unidos e de Israel ao Ir\u00e3 no fim de semana est\u00e1 deixando os mercados apreensivos e, apesar da queda generalizada, com a perspectiva de o Federal Reserve (Fed, banco central dos Estados Unidos) interromper o ciclo de corte nos juros b\u00e1sicos norte-americanos, atualmente entre 3,50% e 3,75% ao ano, e, com isso, mudar as dire\u00e7\u00f5es dos fluxos de capital que vinham sendo direcionados aos pa\u00edses emergentes impactando c\u00e2mbio, bolsas e juros futuros.<\/p>\n\n\n\n<p>\u201cO tempo dessa guerra \u00e9 que vai ditar os rumos do c\u00e2mbio, dos juros futuros e das bolsas. Se o pre\u00e7o do petr\u00f3leo continuar subindo, o Fed vai adiar os cortes dos juros e isso ser\u00e1 p\u00e9ssimo para as bolsas, de forma geral, e principalmente para os pa\u00edses emergentes\u201d, avaliou Eduardo Velho, economista-chefe da Equador Investimentos. <\/p>\n\n\n\n<p>O economista lembrou que, antes dos ataques ao Ir\u00e3, o barril do petr\u00f3leo no mercado brasileiro estava sendo negociado com defasagem de 2% em rela\u00e7\u00e3o ao mercado externo. E, se o barril do petr\u00f3leo subir para US$ 80, essa defasagem pode chegar a superar 20%. E, se isso acontecer, o repasse no pre\u00e7o da gasolina no mercado interno ser\u00e1 inevit\u00e1vel, o que impacta diretamente na infla\u00e7\u00e3o dado o peso relevante do combust\u00edvel no \u00cdndice de Pre\u00e7os ao Consumidor Amplo (IPCA), indicador oficial do custo de vida.\u00a0 Para ele, apesar de a previs\u00e3o do mercado para a Selic no fim deste ano no boletim Focus, do Banco Central, ter recuado para 12% ao ano, \u00e9 poss\u00edvel que as revis\u00f5es para cima comecem a aparecer a partir da pr\u00f3xima semana. <\/p>\n\n\n\n<p>Pelas contas de Velho, um reajuste de 20% na gasolina poder\u00e1 levar o IPCA para 4,51%, ou seja, acima do teto da meta estipulada pelo Conselho Monet\u00e1rio Nacional (CMN), de 4,50%. O c\u00e1lculo considerou o IPCA antes dos ataques de 4,09%, dado pr\u00f3ximo ao indicador acumulado em 12 meses at\u00e9 janeiro, de 4,10%.\u00a0 \u201cA curva futura de juros deve voltar a subir com essa nova onda de valoriza\u00e7\u00e3o do d\u00f3lar e do barril do petr\u00f3leo. \u00c9 natural que o mercado tamb\u00e9m reduza o ritmo de queda da Selic que deve come\u00e7ar em mar\u00e7o, devendo diminuir o n\u00famero de cortes e, com isso, em vez de os juros b\u00e1sicos terminarem em dezembro aos 12% anuais, \u00e9 poss\u00edvel que a taxa fique maior\u201d, explicou Velho.\u00a0\u00a0Ele n\u00e3o descarta que as novas previs\u00f5es para a taxa Selic no fim do ano subam para mais de 13% anuais se o conflito no Ir\u00e3 for prolongado. <\/p>\n\n\n\n<p>Na avalia\u00e7\u00e3o dele, o mercado dever\u00e1 seguir vol\u00e1til acompanhando os novos ataques dos EUA e de Israel em curso no Ir\u00e3. \u201cCom isso, as commodities met\u00e1licas devem seguir valorizadas\u201d, destacou ele, em refer\u00eancia ao ouro e \u00e0 prata, que costumam ter pre\u00e7os mais elevados sempre que aumentam as incertezas no cen\u00e1rio externo.<\/p>\n\n\n\n<p>Apesar de abrir o dia em queda, a Bolsa de Valores de S\u00e3o Paulo (B3) acabou encerrando o preg\u00e3o desta segunda-feira (02\/3) com alta de 0,28%, aos 189.307 pontos, com destaque para as a\u00e7\u00f5es da Petrobras, que registraram altas superiores a 4,60%. No ano, a B3 acumula alta de 17,49%.&nbsp;<\/p>\n\n\n\n<p>Enquanto isso, em Nova York, o \u00cdndice Dow Jones registrou queda 0,15%, em linha com as bolsas europeias que tamb\u00e9m registraram perdas, mas a Nasdaq, bolsa das empresas de tecnologia, na contram\u00e3o, teve alta de 0,36%.&nbsp; J\u00e1 a bolsa de Frankfurt, por exemplo, recuou 2,42%; Paris teve perdas de 2,17%; e Londres escorregou 1,20%.&nbsp;&nbsp;<\/p>\n\n\n\n<p>A queda generalizada nas bolsas internacionais foi reflexo n\u00e3o apenas dos ataques como tamb\u00e9m das declara\u00e7\u00f5es do presidente dos Estados Unidos, Donald Trump, que sinalizou que o conflito n\u00e3o tem um prazo para terminar. Em entrevista ao jornal <em>New York Post<\/em>, o republicano afirmou que uma grande onda de ataques ao Ir\u00e3 ainda est\u00e1 por vir e que ele \u201cn\u00e3o tem medo\u201d de enviar soldados ao front iraniano.<\/p>\n\n\n\n<p>Os pre\u00e7os do barril do petr\u00f3leo chegaram a registrar valoriza\u00e7\u00e3o superior a 10% frente aos temores de uma guerra prolongada, mas recuaram na tarde de hoje.&nbsp;<\/p>\n\n\n\n<p>O barril do petr\u00f3leo tipo Brent, negociado em Londres e refer\u00eancia para os pre\u00e7os praticados pela Petrobras, chegou a superar os US$ 82 por barril, no maior n\u00edvel desde janeiro de 2025, enquanto o barril do tipo WTI,&nbsp; negociado em Nova York, atingiu os US$ 75 \u2013 maior patamar desde junho de 2025. Contudo, os ganhos diminu\u00edram durante a tarde, ap\u00f3s a valoriza\u00e7\u00e3o do d\u00f3lar e de pondera\u00e7\u00f5es sobre a guerra no Oriente M\u00e9dio.&nbsp;<\/p>\n\n\n\n<p>O barril do petr\u00f3leo tipo WTI para abril fechou em alta de 6,28%, para US$ 71,23. J\u00e1 o barril do tipo Brent para maio subiu 6,68%, para US$ 77,74.<\/p>\n\n\n\n\n","protected":false},"excerpt":{"rendered":"<p>Invas\u00e3o conjunta de EUA e Israel ao Ir\u00e3 afetam mercados globais, resultando em quedas nas bolsas internacionais, alta no d\u00f3lar e no petr\u00f3leo. Dependendo do prazo de dura\u00e7\u00e3o, curva de juros futuros deve voltar a subir, segundo especialista<\/p>\n","protected":false},"author":10,"featured_media":30912,"comment_status":"closed","ping_status":"closed","sticky":false,"template":"","format":"standard","meta":{"_acf_changed":false,"inline_featured_image":false,"footnotes":""},"categories":[2078,2059],"tags":[1237,2239,1679,36,1961,128,2238,561,39,2240,84],"class_list":["post-34909","post","type-post","status-publish","format-standard","has-post-thumbnail","hentry","category-economia-global","category-mercado-financeiro","tag-b3","tag-bolsas","tag-cambio","tag-dolar","tag-eua","tag-guerra","tag-ira","tag-israel","tag-juros","tag-petroleo","tag-selic"],"acf":[],"yoast_head":"<!-- This site is optimized with the Yoast SEO plugin v27.3 - https:\/\/yoast.com\/product\/yoast-seo-wordpress\/ -->\n<title>Ap\u00f3s ataques ao Ir\u00e3, bolsas internacionais caem, B3 fecha com leve alta e d\u00f3lar se valoriza - Blog da Rosana Hessel<\/title>\n<meta name=\"description\" content=\"Invas\u00e3o conjunta de EUA e Israel ao Ir\u00e3 afetam mercados globais, resultando em quedas nas bolsas internacionais, alta no d\u00f3lar e no petr\u00f3leo. Dependendo do prazo de dura\u00e7\u00e3o, curva de juros futuros deve voltar a subir, segundo especialista\" \/>\n<meta name=\"robots\" content=\"index, follow, max-snippet:-1, max-image-preview:large, max-video-preview:-1\" \/>\n<link rel=\"canonical\" href=\"https:\/\/newblogs.correiobraziliense.com.br\/blog-da-rosana-hessel\/apos-ataques-ao-ira-bolsas-internacionais-caem-b3-fecha-com-leve-alta-e-dolar-se-valoriza\/\" \/>\n<meta property=\"og:locale\" content=\"pt_BR\" \/>\n<meta property=\"og:type\" content=\"article\" \/>\n<meta property=\"og:title\" content=\"Ap\u00f3s ataques ao Ir\u00e3, bolsas internacionais caem, B3 fecha com leve alta e d\u00f3lar se valoriza - Blog da Rosana Hessel\" \/>\n<meta property=\"og:description\" content=\"Invas\u00e3o conjunta de EUA e Israel ao Ir\u00e3 afetam mercados globais, resultando em quedas nas bolsas internacionais, alta no d\u00f3lar e no petr\u00f3leo. Dependendo do prazo de dura\u00e7\u00e3o, curva de juros futuros deve voltar a subir, segundo especialista\" \/>\n<meta property=\"og:url\" content=\"https:\/\/newblogs.correiobraziliense.com.br\/blog-da-rosana-hessel\/apos-ataques-ao-ira-bolsas-internacionais-caem-b3-fecha-com-leve-alta-e-dolar-se-valoriza\/\" \/>\n<meta property=\"og:site_name\" content=\"Blog da Rosana Hessel\" \/>\n<meta property=\"article:published_time\" content=\"2026-03-02T22:31:16+00:00\" \/>\n<meta property=\"article:modified_time\" content=\"2026-03-02T22:31:19+00:00\" \/>\n<meta property=\"og:image\" content=\"http:\/\/newblogs.correiobraziliense.com.br\/blog-da-rosana-hessel\/wp-content\/uploads\/sites\/5\/2024\/06\/CBIFOT010620211080bolsa.jpg\" \/>\n\t<meta property=\"og:image:width\" content=\"800\" \/>\n\t<meta property=\"og:image:height\" content=\"533\" \/>\n\t<meta property=\"og:image:type\" content=\"image\/jpeg\" \/>\n<meta name=\"author\" content=\"Rosana Hessel\" \/>\n<!-- \/ Yoast SEO plugin. -->","yoast_head_json":{"title":"Ap\u00f3s ataques ao Ir\u00e3, bolsas internacionais caem, B3 fecha com leve alta e d\u00f3lar se valoriza - Blog da Rosana Hessel","description":"Invas\u00e3o conjunta de EUA e Israel ao Ir\u00e3 afetam mercados globais, resultando em quedas nas bolsas internacionais, alta no d\u00f3lar e no petr\u00f3leo. Dependendo do prazo de dura\u00e7\u00e3o, curva de juros futuros deve voltar a subir, segundo especialista","robots":{"index":"index","follow":"follow","max-snippet":"max-snippet:-1","max-image-preview":"max-image-preview:large","max-video-preview":"max-video-preview:-1"},"canonical":"https:\/\/newblogs.correiobraziliense.com.br\/blog-da-rosana-hessel\/apos-ataques-ao-ira-bolsas-internacionais-caem-b3-fecha-com-leve-alta-e-dolar-se-valoriza\/","og_locale":"pt_BR","og_type":"article","og_title":"Ap\u00f3s ataques ao Ir\u00e3, bolsas internacionais caem, B3 fecha com leve alta e d\u00f3lar se valoriza - Blog da Rosana Hessel","og_description":"Invas\u00e3o conjunta de EUA e Israel ao Ir\u00e3 afetam mercados globais, resultando em quedas nas bolsas internacionais, alta no d\u00f3lar e no petr\u00f3leo. Dependendo do prazo de dura\u00e7\u00e3o, curva de juros futuros deve voltar a subir, segundo especialista","og_url":"https:\/\/newblogs.correiobraziliense.com.br\/blog-da-rosana-hessel\/apos-ataques-ao-ira-bolsas-internacionais-caem-b3-fecha-com-leve-alta-e-dolar-se-valoriza\/","og_site_name":"Blog da Rosana Hessel","article_published_time":"2026-03-02T22:31:16+00:00","article_modified_time":"2026-03-02T22:31:19+00:00","og_image":[{"width":800,"height":533,"url":"http:\/\/newblogs.correiobraziliense.com.br\/blog-da-rosana-hessel\/wp-content\/uploads\/sites\/5\/2024\/06\/CBIFOT010620211080bolsa.jpg","type":"image\/jpeg"}],"author":"Rosana Hessel","schema":{"@context":"https:\/\/schema.org","@graph":[{"@type":"Article","@id":"https:\/\/newblogs.correiobraziliense.com.br\/blog-da-rosana-hessel\/apos-ataques-ao-ira-bolsas-internacionais-caem-b3-fecha-com-leve-alta-e-dolar-se-valoriza\/#article","isPartOf":{"@id":"https:\/\/newblogs.correiobraziliense.com.br\/blog-da-rosana-hessel\/apos-ataques-ao-ira-bolsas-internacionais-caem-b3-fecha-com-leve-alta-e-dolar-se-valoriza\/"},"author":{"name":"Rosana Hessel","@id":"https:\/\/newblogs.correiobraziliense.com.br\/blog-da-rosana-hessel\/#\/schema\/person\/824cb3c631cf0d4056f75ca02599a930"},"headline":"Ap\u00f3s ataques ao Ir\u00e3, bolsas internacionais caem, B3 fecha com leve alta e d\u00f3lar se valoriza","datePublished":"2026-03-02T22:31:16+00:00","dateModified":"2026-03-02T22:31:19+00:00","mainEntityOfPage":{"@id":"https:\/\/newblogs.correiobraziliense.com.br\/blog-da-rosana-hessel\/apos-ataques-ao-ira-bolsas-internacionais-caem-b3-fecha-com-leve-alta-e-dolar-se-valoriza\/"},"wordCount":827,"image":{"@id":"https:\/\/newblogs.correiobraziliense.com.br\/blog-da-rosana-hessel\/apos-ataques-ao-ira-bolsas-internacionais-caem-b3-fecha-com-leve-alta-e-dolar-se-valoriza\/#primaryimage"},"thumbnailUrl":"https:\/\/newblogs.correiobraziliense.com.br\/blog-da-rosana-hessel\/wp-content\/uploads\/sites\/5\/2024\/06\/CBIFOT010620211080bolsa.jpg","keywords":["B3","Bolsas","c\u00e2mbio","d\u00f3lar","EUA","guerra","ir\u00e3","Israel","juros","petr\u00f3leo","Selic"],"articleSection":["Economia global","Mercado financeiro"],"inLanguage":"pt-BR"},{"@type":"WebPage","@id":"https:\/\/newblogs.correiobraziliense.com.br\/blog-da-rosana-hessel\/apos-ataques-ao-ira-bolsas-internacionais-caem-b3-fecha-com-leve-alta-e-dolar-se-valoriza\/","url":"https:\/\/newblogs.correiobraziliense.com.br\/blog-da-rosana-hessel\/apos-ataques-ao-ira-bolsas-internacionais-caem-b3-fecha-com-leve-alta-e-dolar-se-valoriza\/","name":"Ap\u00f3s ataques ao Ir\u00e3, bolsas internacionais caem, B3 fecha com leve alta e d\u00f3lar se valoriza - Blog da Rosana Hessel","isPartOf":{"@id":"https:\/\/newblogs.correiobraziliense.com.br\/blog-da-rosana-hessel\/#website"},"primaryImageOfPage":{"@id":"https:\/\/newblogs.correiobraziliense.com.br\/blog-da-rosana-hessel\/apos-ataques-ao-ira-bolsas-internacionais-caem-b3-fecha-com-leve-alta-e-dolar-se-valoriza\/#primaryimage"},"image":{"@id":"https:\/\/newblogs.correiobraziliense.com.br\/blog-da-rosana-hessel\/apos-ataques-ao-ira-bolsas-internacionais-caem-b3-fecha-com-leve-alta-e-dolar-se-valoriza\/#primaryimage"},"thumbnailUrl":"https:\/\/newblogs.correiobraziliense.com.br\/blog-da-rosana-hessel\/wp-content\/uploads\/sites\/5\/2024\/06\/CBIFOT010620211080bolsa.jpg","datePublished":"2026-03-02T22:31:16+00:00","dateModified":"2026-03-02T22:31:19+00:00","author":{"@id":"https:\/\/newblogs.correiobraziliense.com.br\/blog-da-rosana-hessel\/#\/schema\/person\/824cb3c631cf0d4056f75ca02599a930"},"description":"Invas\u00e3o conjunta de EUA e Israel ao Ir\u00e3 afetam mercados globais, resultando em quedas nas bolsas internacionais, alta no d\u00f3lar e no petr\u00f3leo. Dependendo do prazo de dura\u00e7\u00e3o, curva de juros futuros deve voltar a subir, segundo especialista","breadcrumb":{"@id":"https:\/\/newblogs.correiobraziliense.com.br\/blog-da-rosana-hessel\/apos-ataques-ao-ira-bolsas-internacionais-caem-b3-fecha-com-leve-alta-e-dolar-se-valoriza\/#breadcrumb"},"inLanguage":"pt-BR","potentialAction":[{"@type":"ReadAction","target":["https:\/\/newblogs.correiobraziliense.com.br\/blog-da-rosana-hessel\/apos-ataques-ao-ira-bolsas-internacionais-caem-b3-fecha-com-leve-alta-e-dolar-se-valoriza\/"]}]},{"@type":"ImageObject","inLanguage":"pt-BR","@id":"https:\/\/newblogs.correiobraziliense.com.br\/blog-da-rosana-hessel\/apos-ataques-ao-ira-bolsas-internacionais-caem-b3-fecha-com-leve-alta-e-dolar-se-valoriza\/#primaryimage","url":"https:\/\/newblogs.correiobraziliense.com.br\/blog-da-rosana-hessel\/wp-content\/uploads\/sites\/5\/2024\/06\/CBIFOT010620211080bolsa.jpg","contentUrl":"https:\/\/newblogs.correiobraziliense.com.br\/blog-da-rosana-hessel\/wp-content\/uploads\/sites\/5\/2024\/06\/CBIFOT010620211080bolsa.jpg","width":800,"height":533},{"@type":"BreadcrumbList","@id":"https:\/\/newblogs.correiobraziliense.com.br\/blog-da-rosana-hessel\/apos-ataques-ao-ira-bolsas-internacionais-caem-b3-fecha-com-leve-alta-e-dolar-se-valoriza\/#breadcrumb","itemListElement":[{"@type":"ListItem","position":1,"name":"In\u00edcio","item":"https:\/\/newblogs.correiobraziliense.com.br\/blog-da-rosana-hessel\/"},{"@type":"ListItem","position":2,"name":"Ap\u00f3s ataques ao Ir\u00e3, bolsas internacionais caem, B3 fecha com leve alta e d\u00f3lar se valoriza"}]},{"@type":"WebSite","@id":"https:\/\/newblogs.correiobraziliense.com.br\/blog-da-rosana-hessel\/#website","url":"https:\/\/newblogs.correiobraziliense.com.br\/blog-da-rosana-hessel\/","name":"Blog da Rosana Hessel","description":"Not\u00edcias atualizadas e an\u00e1lises sobre economia. Acompanhe-nos para entender as tend\u00eancias e os impactos econ\u00f4micos que influenciam o seu dia a dia, tanto no Brasil quanto no exterior.","potentialAction":[{"@type":"SearchAction","target":{"@type":"EntryPoint","urlTemplate":"https:\/\/newblogs.correiobraziliense.com.br\/blog-da-rosana-hessel\/?s={search_term_string}"},"query-input":{"@type":"PropertyValueSpecification","valueRequired":true,"valueName":"search_term_string"}}],"inLanguage":"pt-BR"},{"@type":"Person","@id":"https:\/\/newblogs.correiobraziliense.com.br\/blog-da-rosana-hessel\/#\/schema\/person\/824cb3c631cf0d4056f75ca02599a930","name":"Rosana Hessel","image":{"@type":"ImageObject","inLanguage":"pt-BR","@id":"https:\/\/secure.gravatar.com\/avatar\/fe780cf1839cf10cd6d682fb080611e0d2a459b64be8a8781778109777fbcfd3?s=96&d=mm&r=g","url":"https:\/\/secure.gravatar.com\/avatar\/fe780cf1839cf10cd6d682fb080611e0d2a459b64be8a8781778109777fbcfd3?s=96&d=mm&r=g","contentUrl":"https:\/\/secure.gravatar.com\/avatar\/fe780cf1839cf10cd6d682fb080611e0d2a459b64be8a8781778109777fbcfd3?s=96&d=mm&r=g","caption":"Rosana Hessel"},"description":"Formada pela Pontif\u00edcia Universidade Cat\u00f3lica de S\u00e3o Paulo (PUC-SP), \u00e9 jornalista de economia desde 1995, quando passou a integrar o time da Gazeta Mercantil. Est\u00e1 sempre atr\u00e1s da boa informa\u00e7\u00e3o. Possui especializa\u00e7\u00e3o em economia pela FGV e MBA em Finan\u00e7as pela FIA-USP. Trabalha no Correio Braziliense desde 2010. Ganhou o Pr\u00eamio Esso de Jornalismo Econ\u00f4mico em 2014 e em 2015 com a equipe do Correio. Foi finalista entre os 50 jornalistas +Admirados da Imprensa de Economia, Neg\u00f3cios e Finan\u00e7as 2024, promovido pela Jornalistas&amp;Cia.","url":"https:\/\/newblogs.correiobraziliense.com.br\/blog-da-rosana-hessel\/author\/rosanahessel\/"}]}},"_links":{"self":[{"href":"https:\/\/newblogs.correiobraziliense.com.br\/blog-da-rosana-hessel\/wp-json\/wp\/v2\/posts\/34909","targetHints":{"allow":["GET"]}}],"collection":[{"href":"https:\/\/newblogs.correiobraziliense.com.br\/blog-da-rosana-hessel\/wp-json\/wp\/v2\/posts"}],"about":[{"href":"https:\/\/newblogs.correiobraziliense.com.br\/blog-da-rosana-hessel\/wp-json\/wp\/v2\/types\/post"}],"author":[{"embeddable":true,"href":"https:\/\/newblogs.correiobraziliense.com.br\/blog-da-rosana-hessel\/wp-json\/wp\/v2\/users\/10"}],"replies":[{"embeddable":true,"href":"https:\/\/newblogs.correiobraziliense.com.br\/blog-da-rosana-hessel\/wp-json\/wp\/v2\/comments?post=34909"}],"version-history":[{"count":8,"href":"https:\/\/newblogs.correiobraziliense.com.br\/blog-da-rosana-hessel\/wp-json\/wp\/v2\/posts\/34909\/revisions"}],"predecessor-version":[{"id":34917,"href":"https:\/\/newblogs.correiobraziliense.com.br\/blog-da-rosana-hessel\/wp-json\/wp\/v2\/posts\/34909\/revisions\/34917"}],"wp:featuredmedia":[{"embeddable":true,"href":"https:\/\/newblogs.correiobraziliense.com.br\/blog-da-rosana-hessel\/wp-json\/wp\/v2\/media\/30912"}],"wp:attachment":[{"href":"https:\/\/newblogs.correiobraziliense.com.br\/blog-da-rosana-hessel\/wp-json\/wp\/v2\/media?parent=34909"}],"wp:term":[{"taxonomy":"category","embeddable":true,"href":"https:\/\/newblogs.correiobraziliense.com.br\/blog-da-rosana-hessel\/wp-json\/wp\/v2\/categories?post=34909"},{"taxonomy":"post_tag","embeddable":true,"href":"https:\/\/newblogs.correiobraziliense.com.br\/blog-da-rosana-hessel\/wp-json\/wp\/v2\/tags?post=34909"}],"curies":[{"name":"wp","href":"https:\/\/api.w.org\/{rel}","templated":true}]}}