{"id":34894,"date":"2026-03-01T16:56:25","date_gmt":"2026-03-01T19:56:25","guid":{"rendered":"https:\/\/newblogs.correiobraziliense.com.br\/blog-da-rosana-hessel\/?p=34894"},"modified":"2026-03-01T16:57:52","modified_gmt":"2026-03-01T19:57:52","slug":"clima-nos-mercados-deve-ficar-mais-tenso-apos-ataques-dos-eua-ao-ira","status":"publish","type":"post","link":"https:\/\/newblogs.correiobraziliense.com.br\/blog-da-rosana-hessel\/clima-nos-mercados-deve-ficar-mais-tenso-apos-ataques-dos-eua-ao-ira\/","title":{"rendered":"Clima nos mercados deve ficar mais tenso ap\u00f3s ataques dos EUA ao Ir\u00e3"},"content":{"rendered":"\n<p>Os ataques combinados por Estados Unidos e Israel ao Ir\u00e3, neste fim de semana, deixando mais de 200 mortos em cidades iranianas, devem deixar os mercados, nesta semana, mais tensos e tamb\u00e9m surtir efeitos nos pre\u00e7os do barril de petr\u00f3leo, gerando press\u00f5es inflacion\u00e1rias nos pa\u00edses do globo. Al\u00e9m disso, as incertezas sobre os desdobramentos dessa nova guerra deflagrada pelo presidente dos EUA, Donald Trump, e pelo primeiro-ministro de Israel, Benjamin Netanyahu, tendem a gerar bastante volatilidade nos mercados internacionais, mas o Brasil pode ser uma das economias beneficiadas.&nbsp;<\/p>\n\n\n\n<p>Gustavo Cruz, estrategista da RB Investimentos, alerta sobre a volatilidade nos mercados a curto prazo, mas acredita em uma acomoda\u00e7\u00e3o de pre\u00e7os a m\u00e9dio e longo prazos. \u201cO mercado vai adotar o modo p\u00e2nico. Acredito que a tend\u00eancia \u00e9 o petr\u00f3leo subir bastante, assim como ouro, prata, d\u00f3lar e a curva de juros futuros\u201d, afirma ele, citando o fluxo de procura por ativos considerados mais seguros pelos investidores e o aumento da cautela nos bancos centrais na condu\u00e7\u00e3o da pol\u00edtica monet\u00e1ria.<\/p>\n\n\n\n<p>O economista Sim\u00e3o Silber, professor da Universidade de S\u00e3o Paulo (USP), tamb\u00e9m considera que haver\u00e1 aumento de pre\u00e7os do petr\u00f3leo, mas ele acredita que o impacto dever\u00e1 ser mais moderado.&nbsp;\u201cClaro que vai afetar o pre\u00e7o e o gerenciamento de petr\u00f3leo no mundo, mas o efeito dever\u00e1 ser menor pelo crescimento da produ\u00e7\u00e3o da R\u00fassia e&nbsp; o controle dos EUA sobre a produ\u00e7\u00e3o da Venezuela\u201d, explica.<\/p>\n\n\n\n<p>O consultor Andr\u00e9 Perfeito, economista-chefe da Garantia Capital, avalia que ainda n\u00e3o \u00e9 certeza de que o mercado acionar\u00e1 o modo p\u00e2nico nesta segunda-feira, uma vez que o petr\u00f3leo j\u00e1 subiu quase 20% desde o come\u00e7o do ano. Segundo ele, a temperatura da tens\u00e3o nos mercados ser\u00e1 medida em rela\u00e7\u00e3o ao que acontecer no Estreito de Ormuz, no Golfo P\u00e9rsico, respons\u00e1vel pelo escoamento de quase um ter\u00e7o do petr\u00f3leo global. <\/p>\n\n\n\n<p>\u201cN\u00e3o sei se haver\u00e1 algum p\u00e2nico. A quest\u00e3o \u00e9 se o Ir\u00e3 fechar o Estreito de Ormuz. A\u00ed, vai haver uma estressada maior no petr\u00f3leo\u201d, explica Perfeito. \u201cO impacto no pre\u00e7o do barril do petr\u00f3leo pode ser relevante e isso traz implica\u00e7\u00f5es ao n\u00edvel de atividade global\u201d, acrescenta.<\/p>\n\n\n\n<p><strong>Impacto no Brasil<\/strong>&nbsp;<\/p>\n\n\n\n<p>Em rela\u00e7\u00e3o ao Brasil, o economista Andr\u00e9 Perfeito considera que o Brasil poder\u00e1 ser beneficiado por essa nova guerra. Ele destaca que o pa\u00eds \u00e9 superavit\u00e1rio na balan\u00e7a comercial de petr\u00f3leo em quase R$ 30 bilh\u00f5es, \u201co que representa 43% de todo o saldo comercial do per\u00edodo segundo foi noticiado\u201d. Logo, o pa\u00eds poder\u00e1 ter mais ganhos na balan\u00e7a comercial com essa nova crise no Oriente M\u00e9dio.&nbsp;<\/p>\n\n\n\n<p>&#8220;O Brasil, nesse cen\u00e1rio, pode se beneficiar fortemente, uma vez que simplesmente o pa\u00eds \u00e9 superavit\u00e1rio na balan\u00e7a de petr\u00f3leo e derivados. Dito de outra forma, bem ao gosto de um financista, estamos \u2018hedgeados\u2019 (protegidos). Se o pre\u00e7o do petr\u00f3leo explode, o pre\u00e7o da gasolina importada sobe, mas o petr\u00f3leo que o pa\u00eds exporta sobe tamb\u00e9m\u201d, afirma Perfeito. Al\u00e9m disso, ele ainda acredita que o real poder\u00e1 voltar se valorizar frente ao d\u00f3lar nos pr\u00f3ximos dias. \u201cProvavelmente, o Brasil vai ganhar por WO, depois de d\u00e9cadas de esfor\u00e7o do pr\u00f3prio Brasil\u201d, aposta. <\/p>\n\n\n\n<p>Na avalia\u00e7\u00e3o do consultor, esse novo conflito no Oriente M\u00e9dio, em meio ao processo de sucess\u00e3o do aiatol\u00e1 Ali Khamenei ter avan\u00e7ado ainda neste domingo (1\/3), dever\u00e1 durar algumas semanas. \u201cO objetivo da parte dos EUA n\u00e3o est\u00e1 claro, afinal, n\u00e3o haver\u00e1 queda de regime facilmente uma vez que a Guarda Revolucion\u00e1ria iraniana \u00e9 uma institui\u00e7\u00e3o espraiada na sociedade daquele pa\u00eds. Logo, parece que Trump quer apenas um \u2018caos\u2019 para tentar atingir objetivos mais voltados \u00e0 din\u00e2mica dom\u00e9stica dos EUA\u201d, afirmou.\u00a0<br \/><\/p>\n","protected":false},"excerpt":{"rendered":"<p>Novo conflito no Oriente M\u00e9dio deve impactar pre\u00e7os do petr\u00f3leo, devendo ter reflexos no c\u00e2mbio e nas bolsas internacionais, a partir desta semana. Brasil, contudo, pode ser mais beneficiado na balan\u00e7a comercial  <\/p>\n","protected":false},"author":10,"featured_media":34896,"comment_status":"closed","ping_status":"closed","sticky":false,"template":"","format":"standard","meta":{"_acf_changed":false,"inline_featured_image":false,"footnotes":""},"categories":[2078],"tags":[472,2239,10,1679,36,1961,128,561,318,2240],"class_list":["post-34894","post","type-post","status-publish","format-standard","has-post-thumbnail","hentry","category-economia-global","tag-ataques","tag-bolsas","tag-brasil","tag-cambio","tag-dolar","tag-eua","tag-guerra","tag-israel","tag-mercado-financeiro","tag-petroleo"],"acf":[],"yoast_head":"<!-- This site is optimized with the Yoast SEO plugin v27.3 - https:\/\/yoast.com\/product\/yoast-seo-wordpress\/ -->\n<title>Clima nos mercados deve ficar mais tenso ap\u00f3s ataques dos EUA ao Ir\u00e3 - Blog da Rosana Hessel<\/title>\n<meta name=\"description\" content=\"Novo conflito no Oriente M\u00e9dio deve impactar pre\u00e7os do petr\u00f3leo, devendo ter reflexos no c\u00e2mbio e nas bolsas internacionais, a partir desta semana. Brasil, contudo, pode ser mais beneficiado na balan\u00e7a comercial\" \/>\n<meta name=\"robots\" content=\"index, follow, max-snippet:-1, max-image-preview:large, max-video-preview:-1\" \/>\n<link rel=\"canonical\" href=\"https:\/\/newblogs.correiobraziliense.com.br\/blog-da-rosana-hessel\/clima-nos-mercados-deve-ficar-mais-tenso-apos-ataques-dos-eua-ao-ira\/\" \/>\n<meta property=\"og:locale\" content=\"pt_BR\" \/>\n<meta property=\"og:type\" content=\"article\" \/>\n<meta property=\"og:title\" content=\"Clima nos mercados deve ficar mais tenso ap\u00f3s ataques dos EUA ao Ir\u00e3 - Blog da Rosana Hessel\" \/>\n<meta property=\"og:description\" content=\"Novo conflito no Oriente M\u00e9dio deve impactar pre\u00e7os do petr\u00f3leo, devendo ter reflexos no c\u00e2mbio e nas bolsas internacionais, a partir desta semana. Brasil, contudo, pode ser mais beneficiado na balan\u00e7a comercial\" \/>\n<meta property=\"og:url\" content=\"https:\/\/newblogs.correiobraziliense.com.br\/blog-da-rosana-hessel\/clima-nos-mercados-deve-ficar-mais-tenso-apos-ataques-dos-eua-ao-ira\/\" \/>\n<meta property=\"og:site_name\" content=\"Blog da Rosana Hessel\" \/>\n<meta property=\"article:published_time\" content=\"2026-03-01T19:56:25+00:00\" \/>\n<meta property=\"article:modified_time\" content=\"2026-03-01T19:57:52+00:00\" \/>\n<meta property=\"og:image\" content=\"http:\/\/newblogs.correiobraziliense.com.br\/blog-da-rosana-hessel\/wp-content\/uploads\/sites\/5\/2026\/03\/AFP__20260301__99GU4N2__v1__MidRes__YemenIranUsIsraelConflict.jpg\" \/>\n\t<meta property=\"og:image:width\" content=\"1200\" \/>\n\t<meta property=\"og:image:height\" content=\"800\" \/>\n\t<meta property=\"og:image:type\" content=\"image\/jpeg\" \/>\n<meta name=\"author\" content=\"Rosana Hessel\" \/>\n<!-- \/ Yoast SEO plugin. -->","yoast_head_json":{"title":"Clima nos mercados deve ficar mais tenso ap\u00f3s ataques dos EUA ao Ir\u00e3 - Blog da Rosana Hessel","description":"Novo conflito no Oriente M\u00e9dio deve impactar pre\u00e7os do petr\u00f3leo, devendo ter reflexos no c\u00e2mbio e nas bolsas internacionais, a partir desta semana. Brasil, contudo, pode ser mais beneficiado na balan\u00e7a comercial","robots":{"index":"index","follow":"follow","max-snippet":"max-snippet:-1","max-image-preview":"max-image-preview:large","max-video-preview":"max-video-preview:-1"},"canonical":"https:\/\/newblogs.correiobraziliense.com.br\/blog-da-rosana-hessel\/clima-nos-mercados-deve-ficar-mais-tenso-apos-ataques-dos-eua-ao-ira\/","og_locale":"pt_BR","og_type":"article","og_title":"Clima nos mercados deve ficar mais tenso ap\u00f3s ataques dos EUA ao Ir\u00e3 - Blog da Rosana Hessel","og_description":"Novo conflito no Oriente M\u00e9dio deve impactar pre\u00e7os do petr\u00f3leo, devendo ter reflexos no c\u00e2mbio e nas bolsas internacionais, a partir desta semana. Brasil, contudo, pode ser mais beneficiado na balan\u00e7a comercial","og_url":"https:\/\/newblogs.correiobraziliense.com.br\/blog-da-rosana-hessel\/clima-nos-mercados-deve-ficar-mais-tenso-apos-ataques-dos-eua-ao-ira\/","og_site_name":"Blog da Rosana Hessel","article_published_time":"2026-03-01T19:56:25+00:00","article_modified_time":"2026-03-01T19:57:52+00:00","og_image":[{"width":1200,"height":800,"url":"http:\/\/newblogs.correiobraziliense.com.br\/blog-da-rosana-hessel\/wp-content\/uploads\/sites\/5\/2026\/03\/AFP__20260301__99GU4N2__v1__MidRes__YemenIranUsIsraelConflict.jpg","type":"image\/jpeg"}],"author":"Rosana Hessel","schema":{"@context":"https:\/\/schema.org","@graph":[{"@type":"Article","@id":"https:\/\/newblogs.correiobraziliense.com.br\/blog-da-rosana-hessel\/clima-nos-mercados-deve-ficar-mais-tenso-apos-ataques-dos-eua-ao-ira\/#article","isPartOf":{"@id":"https:\/\/newblogs.correiobraziliense.com.br\/blog-da-rosana-hessel\/clima-nos-mercados-deve-ficar-mais-tenso-apos-ataques-dos-eua-ao-ira\/"},"author":{"name":"Rosana Hessel","@id":"https:\/\/newblogs.correiobraziliense.com.br\/blog-da-rosana-hessel\/#\/schema\/person\/824cb3c631cf0d4056f75ca02599a930"},"headline":"Clima nos mercados deve ficar mais tenso ap\u00f3s ataques dos EUA ao Ir\u00e3","datePublished":"2026-03-01T19:56:25+00:00","dateModified":"2026-03-01T19:57:52+00:00","mainEntityOfPage":{"@id":"https:\/\/newblogs.correiobraziliense.com.br\/blog-da-rosana-hessel\/clima-nos-mercados-deve-ficar-mais-tenso-apos-ataques-dos-eua-ao-ira\/"},"wordCount":686,"image":{"@id":"https:\/\/newblogs.correiobraziliense.com.br\/blog-da-rosana-hessel\/clima-nos-mercados-deve-ficar-mais-tenso-apos-ataques-dos-eua-ao-ira\/#primaryimage"},"thumbnailUrl":"https:\/\/newblogs.correiobraziliense.com.br\/blog-da-rosana-hessel\/wp-content\/uploads\/sites\/5\/2026\/03\/AFP__20260301__99GU4N2__v1__MidRes__YemenIranUsIsraelConflict.jpg","keywords":["ataques","Bolsas","Brasil","c\u00e2mbio","d\u00f3lar","EUA","guerra","Israel","mercado financeiro","petr\u00f3leo"],"articleSection":["Economia global"],"inLanguage":"pt-BR"},{"@type":"WebPage","@id":"https:\/\/newblogs.correiobraziliense.com.br\/blog-da-rosana-hessel\/clima-nos-mercados-deve-ficar-mais-tenso-apos-ataques-dos-eua-ao-ira\/","url":"https:\/\/newblogs.correiobraziliense.com.br\/blog-da-rosana-hessel\/clima-nos-mercados-deve-ficar-mais-tenso-apos-ataques-dos-eua-ao-ira\/","name":"Clima nos mercados deve ficar mais tenso ap\u00f3s ataques dos EUA ao Ir\u00e3 - Blog da Rosana Hessel","isPartOf":{"@id":"https:\/\/newblogs.correiobraziliense.com.br\/blog-da-rosana-hessel\/#website"},"primaryImageOfPage":{"@id":"https:\/\/newblogs.correiobraziliense.com.br\/blog-da-rosana-hessel\/clima-nos-mercados-deve-ficar-mais-tenso-apos-ataques-dos-eua-ao-ira\/#primaryimage"},"image":{"@id":"https:\/\/newblogs.correiobraziliense.com.br\/blog-da-rosana-hessel\/clima-nos-mercados-deve-ficar-mais-tenso-apos-ataques-dos-eua-ao-ira\/#primaryimage"},"thumbnailUrl":"https:\/\/newblogs.correiobraziliense.com.br\/blog-da-rosana-hessel\/wp-content\/uploads\/sites\/5\/2026\/03\/AFP__20260301__99GU4N2__v1__MidRes__YemenIranUsIsraelConflict.jpg","datePublished":"2026-03-01T19:56:25+00:00","dateModified":"2026-03-01T19:57:52+00:00","author":{"@id":"https:\/\/newblogs.correiobraziliense.com.br\/blog-da-rosana-hessel\/#\/schema\/person\/824cb3c631cf0d4056f75ca02599a930"},"description":"Novo conflito no Oriente M\u00e9dio deve impactar pre\u00e7os do petr\u00f3leo, devendo ter reflexos no c\u00e2mbio e nas bolsas internacionais, a partir desta semana. Brasil, contudo, pode ser mais beneficiado na balan\u00e7a comercial","breadcrumb":{"@id":"https:\/\/newblogs.correiobraziliense.com.br\/blog-da-rosana-hessel\/clima-nos-mercados-deve-ficar-mais-tenso-apos-ataques-dos-eua-ao-ira\/#breadcrumb"},"inLanguage":"pt-BR","potentialAction":[{"@type":"ReadAction","target":["https:\/\/newblogs.correiobraziliense.com.br\/blog-da-rosana-hessel\/clima-nos-mercados-deve-ficar-mais-tenso-apos-ataques-dos-eua-ao-ira\/"]}]},{"@type":"ImageObject","inLanguage":"pt-BR","@id":"https:\/\/newblogs.correiobraziliense.com.br\/blog-da-rosana-hessel\/clima-nos-mercados-deve-ficar-mais-tenso-apos-ataques-dos-eua-ao-ira\/#primaryimage","url":"https:\/\/newblogs.correiobraziliense.com.br\/blog-da-rosana-hessel\/wp-content\/uploads\/sites\/5\/2026\/03\/AFP__20260301__99GU4N2__v1__MidRes__YemenIranUsIsraelConflict.jpg","contentUrl":"https:\/\/newblogs.correiobraziliense.com.br\/blog-da-rosana-hessel\/wp-content\/uploads\/sites\/5\/2026\/03\/AFP__20260301__99GU4N2__v1__MidRes__YemenIranUsIsraelConflict.jpg","width":1200,"height":800,"caption":"Pessoas em luto participam de um com\u00edcio em mem\u00f3ria do l\u00edder supremo do Ir\u00e3, organizado por apoiadores dos houthis do I\u00eamen, um dia ap\u00f3s o assassinato do l\u00edder do pa\u00eds durante ataques conjuntos dos EUA e de Israel contra Teer\u00e3, na capital Sanaa, controlada pelos houthis, em 1\u00ba de mar\u00e7o de 2026.. (Photo by Mohammed HUWAIS \/ AFP)"},{"@type":"BreadcrumbList","@id":"https:\/\/newblogs.correiobraziliense.com.br\/blog-da-rosana-hessel\/clima-nos-mercados-deve-ficar-mais-tenso-apos-ataques-dos-eua-ao-ira\/#breadcrumb","itemListElement":[{"@type":"ListItem","position":1,"name":"In\u00edcio","item":"https:\/\/newblogs.correiobraziliense.com.br\/blog-da-rosana-hessel\/"},{"@type":"ListItem","position":2,"name":"Clima nos mercados deve ficar mais tenso ap\u00f3s ataques dos EUA ao Ir\u00e3"}]},{"@type":"WebSite","@id":"https:\/\/newblogs.correiobraziliense.com.br\/blog-da-rosana-hessel\/#website","url":"https:\/\/newblogs.correiobraziliense.com.br\/blog-da-rosana-hessel\/","name":"Blog da Rosana Hessel","description":"Not\u00edcias atualizadas e an\u00e1lises sobre economia. Acompanhe-nos para entender as tend\u00eancias e os impactos econ\u00f4micos que influenciam o seu dia a dia, tanto no Brasil quanto no exterior.","potentialAction":[{"@type":"SearchAction","target":{"@type":"EntryPoint","urlTemplate":"https:\/\/newblogs.correiobraziliense.com.br\/blog-da-rosana-hessel\/?s={search_term_string}"},"query-input":{"@type":"PropertyValueSpecification","valueRequired":true,"valueName":"search_term_string"}}],"inLanguage":"pt-BR"},{"@type":"Person","@id":"https:\/\/newblogs.correiobraziliense.com.br\/blog-da-rosana-hessel\/#\/schema\/person\/824cb3c631cf0d4056f75ca02599a930","name":"Rosana Hessel","image":{"@type":"ImageObject","inLanguage":"pt-BR","@id":"https:\/\/secure.gravatar.com\/avatar\/fe780cf1839cf10cd6d682fb080611e0d2a459b64be8a8781778109777fbcfd3?s=96&d=mm&r=g","url":"https:\/\/secure.gravatar.com\/avatar\/fe780cf1839cf10cd6d682fb080611e0d2a459b64be8a8781778109777fbcfd3?s=96&d=mm&r=g","contentUrl":"https:\/\/secure.gravatar.com\/avatar\/fe780cf1839cf10cd6d682fb080611e0d2a459b64be8a8781778109777fbcfd3?s=96&d=mm&r=g","caption":"Rosana Hessel"},"description":"Formada pela Pontif\u00edcia Universidade Cat\u00f3lica de S\u00e3o Paulo (PUC-SP), \u00e9 jornalista de economia desde 1995, quando passou a integrar o time da Gazeta Mercantil. Est\u00e1 sempre atr\u00e1s da boa informa\u00e7\u00e3o. Possui especializa\u00e7\u00e3o em economia pela FGV e MBA em Finan\u00e7as pela FIA-USP. Trabalha no Correio Braziliense desde 2010. Ganhou o Pr\u00eamio Esso de Jornalismo Econ\u00f4mico em 2014 e em 2015 com a equipe do Correio. Foi finalista entre os 50 jornalistas +Admirados da Imprensa de Economia, Neg\u00f3cios e Finan\u00e7as 2024, promovido pela Jornalistas&amp;Cia.","url":"https:\/\/newblogs.correiobraziliense.com.br\/blog-da-rosana-hessel\/author\/rosanahessel\/"}]}},"_links":{"self":[{"href":"https:\/\/newblogs.correiobraziliense.com.br\/blog-da-rosana-hessel\/wp-json\/wp\/v2\/posts\/34894","targetHints":{"allow":["GET"]}}],"collection":[{"href":"https:\/\/newblogs.correiobraziliense.com.br\/blog-da-rosana-hessel\/wp-json\/wp\/v2\/posts"}],"about":[{"href":"https:\/\/newblogs.correiobraziliense.com.br\/blog-da-rosana-hessel\/wp-json\/wp\/v2\/types\/post"}],"author":[{"embeddable":true,"href":"https:\/\/newblogs.correiobraziliense.com.br\/blog-da-rosana-hessel\/wp-json\/wp\/v2\/users\/10"}],"replies":[{"embeddable":true,"href":"https:\/\/newblogs.correiobraziliense.com.br\/blog-da-rosana-hessel\/wp-json\/wp\/v2\/comments?post=34894"}],"version-history":[{"count":11,"href":"https:\/\/newblogs.correiobraziliense.com.br\/blog-da-rosana-hessel\/wp-json\/wp\/v2\/posts\/34894\/revisions"}],"predecessor-version":[{"id":34906,"href":"https:\/\/newblogs.correiobraziliense.com.br\/blog-da-rosana-hessel\/wp-json\/wp\/v2\/posts\/34894\/revisions\/34906"}],"wp:featuredmedia":[{"embeddable":true,"href":"https:\/\/newblogs.correiobraziliense.com.br\/blog-da-rosana-hessel\/wp-json\/wp\/v2\/media\/34896"}],"wp:attachment":[{"href":"https:\/\/newblogs.correiobraziliense.com.br\/blog-da-rosana-hessel\/wp-json\/wp\/v2\/media?parent=34894"}],"wp:term":[{"taxonomy":"category","embeddable":true,"href":"https:\/\/newblogs.correiobraziliense.com.br\/blog-da-rosana-hessel\/wp-json\/wp\/v2\/categories?post=34894"},{"taxonomy":"post_tag","embeddable":true,"href":"https:\/\/newblogs.correiobraziliense.com.br\/blog-da-rosana-hessel\/wp-json\/wp\/v2\/tags?post=34894"}],"curies":[{"name":"wp","href":"https:\/\/api.w.org\/{rel}","templated":true}]}}