{"id":34768,"date":"2025-12-18T08:46:13","date_gmt":"2025-12-18T11:46:13","guid":{"rendered":"https:\/\/newblogs.correiobraziliense.com.br\/blog-da-rosana-hessel\/?p=34768"},"modified":"2025-12-18T08:54:06","modified_gmt":"2025-12-18T11:54:06","slug":"bc-eleva-projecoes-do-pib-e-passa-a-prever-inflacao-na-meta-a-partir-de-2028","status":"publish","type":"post","link":"https:\/\/newblogs.correiobraziliense.com.br\/blog-da-rosana-hessel\/bc-eleva-projecoes-do-pib-e-passa-a-prever-inflacao-na-meta-a-partir-de-2028\/","title":{"rendered":"BC eleva proje\u00e7\u00f5es do PIB e passa a prever infla\u00e7\u00e3o na meta a partir de 2028"},"content":{"rendered":"\n<p>O Banco Central revisou para cima as previs\u00f5es de crescimento da economia e ajustou para baixo as perspectivas de infla\u00e7\u00e3o, passando a prever o \u00cdndice de Pre\u00e7os ao Consumidor Amplo (IPCA) no centro da meta, de 3%, a partir do primeiro trimestre de 2028.<\/p>\n\n\n\n<p>A autoridade monet\u00e1ria elevou de 2% para 2,3% a previs\u00e3o de crescimento do Produto Interno Bruto (PIB) brasileiro para 2025 e ajustou ligeiramente para cima, de 1,5% para 1,6%, a estimativa de alta do PIB de 2026, mantendo a perspectiva de crescimento moderado ao longo do ano, conforme dados do Relat\u00f3rio de Pol\u00edtica Monet\u00e1ria (RPM), divulgado nesta quinta-feira (18\/12). O RPM \u00e9 o documento mais importante documento elaborado pelo BC e passou a substituir o Relat\u00f3rio de Infla\u00e7\u00e3o, divulgado trimestralmente.<\/p>\n\n\n\n<p>A revis\u00e3o, segundo o documento, reflete a revis\u00e3o nas s\u00e9ries hist\u00f3ricas das Contas Nacionais Trimestrais (CNT) do Instituto Brasileiro de Geografia e Estat\u00edstica (IBGE), \u201cque afetou, especialmente, o crescimento da agropecu\u00e1ria no primeiro semestre, e um resultado do terceiro trimestre ligeiramente acima do esperado\u201d. Para 2026, a revis\u00e3o foi influenciada \u201cpelo maior carregamento estat\u00edstico decorrente do crescimento mais alto de 2025\u201d e pela inclus\u00e3o de estimativas preliminares para os efeitos da isen\u00e7\u00e3o ou desconto no Imposto de Renda da Pessoa a partir do pr\u00f3ximo ano. \u201cEm contrapartida, revis\u00f5es negativas para agropecu\u00e1ria e ind\u00fastria extrativa, devido \u00e0s primeiras proje\u00e7\u00f5es da safra e \u00e0s perspectivas menos favor\u00e1veis para min\u00e9rio de ferro, limitaram a alta (do PIB de 2026)\u201d, destacou o relat\u00f3rio.<\/p>\n\n\n\n<p>As novas proje\u00e7\u00f5es para o PIB deste ano est\u00e3o em linha com os 2,25% da mediana das estimativas do mercado coletadas pelo BC no boletim Focus desta semana. Contudo, para 2026, seguem mais pessimistas do que a mediana das previs\u00f5es do mercado, de 1,8%.<\/p>\n\n\n\n<p>Conforme os dados do RPM, o BC reduziu de 4,8%, no relat\u00f3rio anterior, para 4,4% a previs\u00e3o de infla\u00e7\u00e3o deste ano, abaixo do teto da meta de 4,5%. Al\u00e9m disso, para 2026, passou a prever o IPCA acumulado em 12 meses de 3,6% para 3,6%. O mesmo indicador foi revisado de 3,2% para 3,1%, no fim de 2027, e, a partir do primeiro trimestre de 2028, a estimativa ficou em 3%.<\/p>\n\n\n\n<p>\u201cEntre os fatores que contribuem para a queda das proje\u00e7\u00f5es, destacam-se o comportamento mais favor\u00e1vel da infla\u00e7\u00e3o de curto prazo, a melhora das expectativas de infla\u00e7\u00e3o e a queda no pre\u00e7o de combust\u00edveis associada a d\u00f3lar e petr\u00f3leo mais baratos\u201d, destacou o documento, que destacou uma proje\u00e7\u00e3o \u201cligeiramente mais alta do hiato do produto\u201d, ou seja, a ociosidade, que ajuda a reduzir a press\u00e3o inflacion\u00e1ria.<\/p>\n\n\n\n<p>Ao comentar sobre a decis\u00e3o do Comit\u00ea de Pol\u00edtica Monet\u00e1ria (Copom), na semana passada, quando o BC manteve a taxa b\u00e1sica da economia em 15% ao ano pela quarta reuni\u00e3o consecutiva, o RMP refor\u00e7ou o comunicado e a ata do Copom, enfatizando que &#8220;enfatizou que a &#8220;essa decis\u00e3o \u00e9 compat\u00edvel com a estrat\u00e9gia de converg\u00eancia da infla\u00e7\u00e3o para o redor da meta ao longo do<br \/>horizonte relevante&#8221;.  Al\u00e9m disso, refor\u00e7ou os argumentos de que o cen\u00e1rio atual est\u00e1 marcado de incerteza e, portanto, &#8220;exige cautela na condu\u00e7\u00e3o da pol\u00edtica monet\u00e1ria&#8221;. <\/p>\n\n\n\n<p>&#8220;O Comit\u00ea avalia que a estrat\u00e9gia em curso, de manuten\u00e7\u00e3o do n\u00edvel corrente da taxa de juros por per\u00edodo bastante prolongado, \u00e9 adequada para assegurar a converg\u00eancia da infla\u00e7\u00e3o \u00e0 meta e enfatiza que seguir\u00e1 vigilante. O Comit\u00ea enfatiza que os passos futuros da pol\u00edtica monet\u00e1ria poder\u00e3o ser ajustados e que, como usual, n\u00e3o hesitar\u00e1 em retomar o ciclo de ajuste caso julgue apropriado&#8221;, acrescentou. <\/p>\n\n\n\n<p><strong>Contas externas<\/strong><\/p>\n\n\n\n<p>Em rela\u00e7\u00e3o ao RPM anterior, o Banco Central espera um deficit na conta de transa\u00e7\u00f5es correntes de US$ 70 bilh\u00f5es para US$ 76 bilh\u00f5es em 2025, o equivalente a 3,4% do PIB e, para 2026, o aumento do saldo comercial deve permitir alguma redu\u00e7\u00e3o desse deficit, que deve passar de US$ 58 bilh\u00f5es para US$ 60 bilh\u00f5es ou 2,4% do PIB. <\/p>\n\n\n\n<p>Para compensar esse deficit maior, o BC aumentou a perspectiva de entrada de Investimento Direto no Pa\u00eds (IDP), de US$ 70 bilh\u00f5es para US$ 75 bilh\u00f5es, neste ano, mas manteve em US$ 70 bilh\u00f5es a previs\u00e3o do IDP para 2026.<\/p>\n","protected":false},"excerpt":{"rendered":"<p>No RPM, divulgado nesta quinta-feira (18\/12), Banco Central eleva de 2% para 2,3% a previs\u00e3o de alta do PIB deste ano, e de 1,5% par 1,6%, a do ano que vem. A partir de 2028, projeta IPCA no centro da meta, de 3%<\/p>\n","protected":false},"author":10,"featured_media":34671,"comment_status":"closed","ping_status":"closed","sticky":false,"template":"","format":"standard","meta":{"_acf_changed":false,"inline_featured_image":false,"footnotes":""},"categories":[1870],"tags":[82,83,32,39,7,2228,84],"class_list":["post-34768","post","type-post","status-publish","format-standard","has-post-thumbnail","hentry","category-politica-monetaria","tag-banco-central","tag-copom","tag-inflacao","tag-juros","tag-pib","tag-rpm","tag-selic"],"acf":[],"yoast_head":"<!-- This site is optimized with the Yoast SEO plugin v27.3 - https:\/\/yoast.com\/product\/yoast-seo-wordpress\/ -->\n<title>BC eleva proje\u00e7\u00f5es do PIB e passa a prever infla\u00e7\u00e3o na meta a partir de 2028 - Blog da Rosana Hessel<\/title>\n<meta name=\"description\" content=\"No RPM, divulgado nesta quinta-feira (18\/12), Banco Central eleva de 2% para 2,3% a previs\u00e3o de alta do PIB deste ano, e de 1,5% par 1,6%, a do ano que vem. A partir de 2028, projeta IPCA no centro da meta, de 3%\" \/>\n<meta name=\"robots\" content=\"index, follow, max-snippet:-1, max-image-preview:large, max-video-preview:-1\" \/>\n<link rel=\"canonical\" href=\"https:\/\/newblogs.correiobraziliense.com.br\/blog-da-rosana-hessel\/bc-eleva-projecoes-do-pib-e-passa-a-prever-inflacao-na-meta-a-partir-de-2028\/\" \/>\n<meta property=\"og:locale\" content=\"pt_BR\" \/>\n<meta property=\"og:type\" content=\"article\" \/>\n<meta property=\"og:title\" content=\"BC eleva proje\u00e7\u00f5es do PIB e passa a prever infla\u00e7\u00e3o na meta a partir de 2028 - Blog da Rosana Hessel\" \/>\n<meta property=\"og:description\" content=\"No RPM, divulgado nesta quinta-feira (18\/12), Banco Central eleva de 2% para 2,3% a previs\u00e3o de alta do PIB deste ano, e de 1,5% par 1,6%, a do ano que vem. A partir de 2028, projeta IPCA no centro da meta, de 3%\" \/>\n<meta property=\"og:url\" content=\"https:\/\/newblogs.correiobraziliense.com.br\/blog-da-rosana-hessel\/bc-eleva-projecoes-do-pib-e-passa-a-prever-inflacao-na-meta-a-partir-de-2028\/\" \/>\n<meta property=\"og:site_name\" content=\"Blog da Rosana Hessel\" \/>\n<meta property=\"article:published_time\" content=\"2025-12-18T11:46:13+00:00\" \/>\n<meta property=\"article:modified_time\" content=\"2025-12-18T11:54:06+00:00\" \/>\n<meta property=\"og:image\" content=\"http:\/\/newblogs.correiobraziliense.com.br\/blog-da-rosana-hessel\/wp-content\/uploads\/sites\/5\/2025\/12\/fotobcfachada1.jpg\" \/>\n\t<meta property=\"og:image:width\" content=\"399\" \/>\n\t<meta property=\"og:image:height\" content=\"266\" \/>\n\t<meta property=\"og:image:type\" content=\"image\/jpeg\" \/>\n<meta name=\"author\" content=\"Rosana Hessel\" \/>\n<!-- \/ Yoast SEO plugin. -->","yoast_head_json":{"title":"BC eleva proje\u00e7\u00f5es do PIB e passa a prever infla\u00e7\u00e3o na meta a partir de 2028 - Blog da Rosana Hessel","description":"No RPM, divulgado nesta quinta-feira (18\/12), Banco Central eleva de 2% para 2,3% a previs\u00e3o de alta do PIB deste ano, e de 1,5% par 1,6%, a do ano que vem. A partir de 2028, projeta IPCA no centro da meta, de 3%","robots":{"index":"index","follow":"follow","max-snippet":"max-snippet:-1","max-image-preview":"max-image-preview:large","max-video-preview":"max-video-preview:-1"},"canonical":"https:\/\/newblogs.correiobraziliense.com.br\/blog-da-rosana-hessel\/bc-eleva-projecoes-do-pib-e-passa-a-prever-inflacao-na-meta-a-partir-de-2028\/","og_locale":"pt_BR","og_type":"article","og_title":"BC eleva proje\u00e7\u00f5es do PIB e passa a prever infla\u00e7\u00e3o na meta a partir de 2028 - Blog da Rosana Hessel","og_description":"No RPM, divulgado nesta quinta-feira (18\/12), Banco Central eleva de 2% para 2,3% a previs\u00e3o de alta do PIB deste ano, e de 1,5% par 1,6%, a do ano que vem. A partir de 2028, projeta IPCA no centro da meta, de 3%","og_url":"https:\/\/newblogs.correiobraziliense.com.br\/blog-da-rosana-hessel\/bc-eleva-projecoes-do-pib-e-passa-a-prever-inflacao-na-meta-a-partir-de-2028\/","og_site_name":"Blog da Rosana Hessel","article_published_time":"2025-12-18T11:46:13+00:00","article_modified_time":"2025-12-18T11:54:06+00:00","og_image":[{"width":399,"height":266,"url":"http:\/\/newblogs.correiobraziliense.com.br\/blog-da-rosana-hessel\/wp-content\/uploads\/sites\/5\/2025\/12\/fotobcfachada1.jpg","type":"image\/jpeg"}],"author":"Rosana Hessel","schema":{"@context":"https:\/\/schema.org","@graph":[{"@type":"Article","@id":"https:\/\/newblogs.correiobraziliense.com.br\/blog-da-rosana-hessel\/bc-eleva-projecoes-do-pib-e-passa-a-prever-inflacao-na-meta-a-partir-de-2028\/#article","isPartOf":{"@id":"https:\/\/newblogs.correiobraziliense.com.br\/blog-da-rosana-hessel\/bc-eleva-projecoes-do-pib-e-passa-a-prever-inflacao-na-meta-a-partir-de-2028\/"},"author":{"name":"Rosana Hessel","@id":"https:\/\/newblogs.correiobraziliense.com.br\/blog-da-rosana-hessel\/#\/schema\/person\/824cb3c631cf0d4056f75ca02599a930"},"headline":"BC eleva proje\u00e7\u00f5es do PIB e passa a prever infla\u00e7\u00e3o na meta a partir de 2028","datePublished":"2025-12-18T11:46:13+00:00","dateModified":"2025-12-18T11:54:06+00:00","mainEntityOfPage":{"@id":"https:\/\/newblogs.correiobraziliense.com.br\/blog-da-rosana-hessel\/bc-eleva-projecoes-do-pib-e-passa-a-prever-inflacao-na-meta-a-partir-de-2028\/"},"wordCount":738,"image":{"@id":"https:\/\/newblogs.correiobraziliense.com.br\/blog-da-rosana-hessel\/bc-eleva-projecoes-do-pib-e-passa-a-prever-inflacao-na-meta-a-partir-de-2028\/#primaryimage"},"thumbnailUrl":"https:\/\/newblogs.correiobraziliense.com.br\/blog-da-rosana-hessel\/wp-content\/uploads\/sites\/5\/2025\/12\/fotobcfachada1.jpg","keywords":["Banco Central","Copom","infla\u00e7\u00e3o","juros","PIB","RPM","Selic"],"articleSection":["Pol\u00edtica monet\u00e1ria"],"inLanguage":"pt-BR"},{"@type":"WebPage","@id":"https:\/\/newblogs.correiobraziliense.com.br\/blog-da-rosana-hessel\/bc-eleva-projecoes-do-pib-e-passa-a-prever-inflacao-na-meta-a-partir-de-2028\/","url":"https:\/\/newblogs.correiobraziliense.com.br\/blog-da-rosana-hessel\/bc-eleva-projecoes-do-pib-e-passa-a-prever-inflacao-na-meta-a-partir-de-2028\/","name":"BC eleva proje\u00e7\u00f5es do PIB e passa a prever infla\u00e7\u00e3o na meta a partir de 2028 - Blog da Rosana Hessel","isPartOf":{"@id":"https:\/\/newblogs.correiobraziliense.com.br\/blog-da-rosana-hessel\/#website"},"primaryImageOfPage":{"@id":"https:\/\/newblogs.correiobraziliense.com.br\/blog-da-rosana-hessel\/bc-eleva-projecoes-do-pib-e-passa-a-prever-inflacao-na-meta-a-partir-de-2028\/#primaryimage"},"image":{"@id":"https:\/\/newblogs.correiobraziliense.com.br\/blog-da-rosana-hessel\/bc-eleva-projecoes-do-pib-e-passa-a-prever-inflacao-na-meta-a-partir-de-2028\/#primaryimage"},"thumbnailUrl":"https:\/\/newblogs.correiobraziliense.com.br\/blog-da-rosana-hessel\/wp-content\/uploads\/sites\/5\/2025\/12\/fotobcfachada1.jpg","datePublished":"2025-12-18T11:46:13+00:00","dateModified":"2025-12-18T11:54:06+00:00","author":{"@id":"https:\/\/newblogs.correiobraziliense.com.br\/blog-da-rosana-hessel\/#\/schema\/person\/824cb3c631cf0d4056f75ca02599a930"},"description":"No RPM, divulgado nesta quinta-feira (18\/12), Banco Central eleva de 2% para 2,3% a previs\u00e3o de alta do PIB deste ano, e de 1,5% par 1,6%, a do ano que vem. A partir de 2028, projeta IPCA no centro da meta, de 3%","breadcrumb":{"@id":"https:\/\/newblogs.correiobraziliense.com.br\/blog-da-rosana-hessel\/bc-eleva-projecoes-do-pib-e-passa-a-prever-inflacao-na-meta-a-partir-de-2028\/#breadcrumb"},"inLanguage":"pt-BR","potentialAction":[{"@type":"ReadAction","target":["https:\/\/newblogs.correiobraziliense.com.br\/blog-da-rosana-hessel\/bc-eleva-projecoes-do-pib-e-passa-a-prever-inflacao-na-meta-a-partir-de-2028\/"]}]},{"@type":"ImageObject","inLanguage":"pt-BR","@id":"https:\/\/newblogs.correiobraziliense.com.br\/blog-da-rosana-hessel\/bc-eleva-projecoes-do-pib-e-passa-a-prever-inflacao-na-meta-a-partir-de-2028\/#primaryimage","url":"https:\/\/newblogs.correiobraziliense.com.br\/blog-da-rosana-hessel\/wp-content\/uploads\/sites\/5\/2025\/12\/fotobcfachada1.jpg","contentUrl":"https:\/\/newblogs.correiobraziliense.com.br\/blog-da-rosana-hessel\/wp-content\/uploads\/sites\/5\/2025\/12\/fotobcfachada1.jpg","width":399,"height":266,"caption":"Pr\u00e9dio-sede do Banco Central Cr\u00e9dito: Leonardo S\u00e1\/Ag\u00eancia Senado"},{"@type":"BreadcrumbList","@id":"https:\/\/newblogs.correiobraziliense.com.br\/blog-da-rosana-hessel\/bc-eleva-projecoes-do-pib-e-passa-a-prever-inflacao-na-meta-a-partir-de-2028\/#breadcrumb","itemListElement":[{"@type":"ListItem","position":1,"name":"In\u00edcio","item":"https:\/\/newblogs.correiobraziliense.com.br\/blog-da-rosana-hessel\/"},{"@type":"ListItem","position":2,"name":"BC eleva proje\u00e7\u00f5es do PIB e passa a prever infla\u00e7\u00e3o na meta a partir de 2028"}]},{"@type":"WebSite","@id":"https:\/\/newblogs.correiobraziliense.com.br\/blog-da-rosana-hessel\/#website","url":"https:\/\/newblogs.correiobraziliense.com.br\/blog-da-rosana-hessel\/","name":"Blog da Rosana Hessel","description":"Not\u00edcias atualizadas e an\u00e1lises sobre economia. Acompanhe-nos para entender as tend\u00eancias e os impactos econ\u00f4micos que influenciam o seu dia a dia, tanto no Brasil quanto no exterior.","potentialAction":[{"@type":"SearchAction","target":{"@type":"EntryPoint","urlTemplate":"https:\/\/newblogs.correiobraziliense.com.br\/blog-da-rosana-hessel\/?s={search_term_string}"},"query-input":{"@type":"PropertyValueSpecification","valueRequired":true,"valueName":"search_term_string"}}],"inLanguage":"pt-BR"},{"@type":"Person","@id":"https:\/\/newblogs.correiobraziliense.com.br\/blog-da-rosana-hessel\/#\/schema\/person\/824cb3c631cf0d4056f75ca02599a930","name":"Rosana Hessel","image":{"@type":"ImageObject","inLanguage":"pt-BR","@id":"https:\/\/secure.gravatar.com\/avatar\/fe780cf1839cf10cd6d682fb080611e0d2a459b64be8a8781778109777fbcfd3?s=96&d=mm&r=g","url":"https:\/\/secure.gravatar.com\/avatar\/fe780cf1839cf10cd6d682fb080611e0d2a459b64be8a8781778109777fbcfd3?s=96&d=mm&r=g","contentUrl":"https:\/\/secure.gravatar.com\/avatar\/fe780cf1839cf10cd6d682fb080611e0d2a459b64be8a8781778109777fbcfd3?s=96&d=mm&r=g","caption":"Rosana Hessel"},"description":"Formada pela Pontif\u00edcia Universidade Cat\u00f3lica de S\u00e3o Paulo (PUC-SP), \u00e9 jornalista de economia desde 1995, quando passou a integrar o time da Gazeta Mercantil. Est\u00e1 sempre atr\u00e1s da boa informa\u00e7\u00e3o. Possui especializa\u00e7\u00e3o em economia pela FGV e MBA em Finan\u00e7as pela FIA-USP. Trabalha no Correio Braziliense desde 2010. Ganhou o Pr\u00eamio Esso de Jornalismo Econ\u00f4mico em 2014 e em 2015 com a equipe do Correio. Foi finalista entre os 50 jornalistas +Admirados da Imprensa de Economia, Neg\u00f3cios e Finan\u00e7as 2024, promovido pela Jornalistas&amp;Cia.","url":"https:\/\/newblogs.correiobraziliense.com.br\/blog-da-rosana-hessel\/author\/rosanahessel\/"}]}},"_links":{"self":[{"href":"https:\/\/newblogs.correiobraziliense.com.br\/blog-da-rosana-hessel\/wp-json\/wp\/v2\/posts\/34768","targetHints":{"allow":["GET"]}}],"collection":[{"href":"https:\/\/newblogs.correiobraziliense.com.br\/blog-da-rosana-hessel\/wp-json\/wp\/v2\/posts"}],"about":[{"href":"https:\/\/newblogs.correiobraziliense.com.br\/blog-da-rosana-hessel\/wp-json\/wp\/v2\/types\/post"}],"author":[{"embeddable":true,"href":"https:\/\/newblogs.correiobraziliense.com.br\/blog-da-rosana-hessel\/wp-json\/wp\/v2\/users\/10"}],"replies":[{"embeddable":true,"href":"https:\/\/newblogs.correiobraziliense.com.br\/blog-da-rosana-hessel\/wp-json\/wp\/v2\/comments?post=34768"}],"version-history":[{"count":10,"href":"https:\/\/newblogs.correiobraziliense.com.br\/blog-da-rosana-hessel\/wp-json\/wp\/v2\/posts\/34768\/revisions"}],"predecessor-version":[{"id":34779,"href":"https:\/\/newblogs.correiobraziliense.com.br\/blog-da-rosana-hessel\/wp-json\/wp\/v2\/posts\/34768\/revisions\/34779"}],"wp:featuredmedia":[{"embeddable":true,"href":"https:\/\/newblogs.correiobraziliense.com.br\/blog-da-rosana-hessel\/wp-json\/wp\/v2\/media\/34671"}],"wp:attachment":[{"href":"https:\/\/newblogs.correiobraziliense.com.br\/blog-da-rosana-hessel\/wp-json\/wp\/v2\/media?parent=34768"}],"wp:term":[{"taxonomy":"category","embeddable":true,"href":"https:\/\/newblogs.correiobraziliense.com.br\/blog-da-rosana-hessel\/wp-json\/wp\/v2\/categories?post=34768"},{"taxonomy":"post_tag","embeddable":true,"href":"https:\/\/newblogs.correiobraziliense.com.br\/blog-da-rosana-hessel\/wp-json\/wp\/v2\/tags?post=34768"}],"curies":[{"name":"wp","href":"https:\/\/api.w.org\/{rel}","templated":true}]}}