{"id":34694,"date":"2025-12-12T14:55:36","date_gmt":"2025-12-12T17:55:36","guid":{"rendered":"https:\/\/newblogs.correiobraziliense.com.br\/blog-da-rosana-hessel\/?p=34694"},"modified":"2025-12-12T17:17:10","modified_gmt":"2025-12-12T20:17:10","slug":"genial-quaest-entre-deputados-avaliacao-positiva-de-lula-empata-negativa","status":"publish","type":"post","link":"https:\/\/newblogs.correiobraziliense.com.br\/blog-da-rosana-hessel\/genial-quaest-entre-deputados-avaliacao-positiva-de-lula-empata-negativa\/","title":{"rendered":"Genial\/Quaest: Entre deputados, avalia\u00e7\u00e3o positiva de Lula empata com negativa"},"content":{"rendered":"\n<p>A quarta edi\u00e7\u00e3o da pesquisa Genial\/Quaest \u201cO que pensam os deputados federais\u201d, divulgada nesta quarta-feira, mostra forte recupera\u00e7\u00e3o da avalia\u00e7\u00e3o positiva do presidente Luiz In\u00e1cio Lula da Silva e na chance de sua reelei\u00e7\u00e3o em 2026. Al\u00e9m disso, houve queda na avalia\u00e7\u00e3o negativa entre parlamentares independentes e at\u00e9 de direita. <\/p>\n\n\n\n<p>Com isso, segundo o levantamento, houve um empate t\u00e9cnico entre as avalia\u00e7\u00f5es positiva e negativa do governo petista, de 38% e 40%, respectivamente. Na pesquisa anterior, de junho, 46% tinham avalia\u00e7\u00e3o negativa e 27% eram positiva.<\/p>\n\n\n\n<p>O estudo foi realizado entre os dias 29 de outubro e 11 de dezembro, com entrevistas presenciais e on-line. Foram ouvidos 167 deputados (33% do total) de todas as regi\u00f5es do Brasil. A margem de erro estimada \u00e9 de sete pontos percentuais.<\/p>\n\n\n\n<p>Entre os parlamentares que se declaram independentes, a avalia\u00e7\u00e3o negativa de Lula recuou de 44% para 24% e a positiva subiu de 8% para 21%. J\u00e1 entre os oposicionistas da direita , a avalia\u00e7\u00e3o negativa curiosamente caiu de 86% para 70%. <\/p>\n\n\n\n<p>O ministro da Fazenda, Fernando Haddad, \u00e9 o mais mal avaliado do governo, com 42% de respostas negativas. O chefe da equipe econ\u00f4mica de Lula figura entre os ministros do governo petista com a menor avalia\u00e7\u00e3o positiva, a frente apenas de Rui Costa (Casa Civil) e Alexandre Silveira (Minas e Energia). <\/p>\n\n\n\n<p>Haddad, em entrevista ao jornal <em>O Globo<\/em>, afirmou que pretende deixar a pasta e se dedicar \u00e0 campanha de Lula em 2026. Contudo, n\u00e3o deu data de quando pretende deixar o comando da Fazenda. O prazo para desencompatibiliza\u00e7\u00e3o termina em abril. \u00a0<\/p>\n\n\n\n<p>Em rela\u00e7\u00e3o \u00e0s elei\u00e7\u00f5es de 2026, a aposta em Lula como favorito subiu de 35% para 43%, empatando tecnicamente com os que apostam em candidato da oposi\u00e7\u00e3o, que s\u00e3o 42%.<\/p>\n\n\n\n<p>A chance de elei\u00e7\u00e3o de um candidato de oposi\u00e7\u00e3o sem o apoio do ex-presidente Jair Bolsonaro (PL) divide ao meio as opini\u00f5es, segundo a pesquisa: 42% acreditam que \u00e9 poss\u00edvel eleger-se sem esse apoio, 42% pensam o contr\u00e1rio.<\/p>\n\n\n\n<p>Para o cientista pol\u00edtico Felipe Nunes, diretor da Quaest, um dos resultados mais interessantes da pesquisa vem da categoriza\u00e7\u00e3o dos deputados na escala de posicionamentos pol\u00edticos: lulista, esquerda n\u00e3o lulista, independente, direita n\u00e3o bolsonarista e bolsonarista.<\/p>\n\n\n\n<p>\u201cOs cruzamentos por essas categorias mostram como a direita bolsonarista e a direita n\u00e3o bolsonarista se diferenciam em temas relevantes, como a taxa\u00e7\u00e3o de fintechs, a segunda fase da reforma tribut\u00e1ria, a regula\u00e7\u00e3o de trabalhadores de aplicativos e a avalia\u00e7\u00e3o sobre a chance de a oposi\u00e7\u00e3o vencer a elei\u00e7\u00e3o do ano que vem sem o apoio o ex-presidente Jair Bolsonaro.\u201d<\/p>\n\n\n\n<p><strong>Avalia\u00e7\u00e3o de Hugo Motta piora<\/strong><\/p>\n\n\n\n<p>A avalia\u00e7\u00e3o do presidente da C\u00e2mara dos Deputados, Hugo Motta (Republicanos-PB), que recentemente revelou seu lado truculento contra jornalistas e governistas, piorou em rela\u00e7\u00e3o \u00e0 edi\u00e7\u00e3o de junho. <\/p>\n\n\n\n<p>A avalia\u00e7\u00e3o positiva do parlamentar entre os colegas despencou 13 pontos percentuais, de 68% para 55%. Entre os independentes, o recuo foi de 82% para 70%, entre governistas, de 77% para 44%. Na oposi\u00e7\u00e3o, o resultado ficou est\u00e1vel, oscilando positivamente de 47% para 49%.<\/p>\n\n\n\n<p>A rela\u00e7\u00e3o entre governo Lula e Congresso continua avaliada negativamente por 50% dos deputados, percentual pr\u00f3ximo ao de junho, 51%, segundo o levantamento.<\/p>\n\n\n\n<p>A ministra da Secretaria de Rela\u00e7\u00f5es Institucionais, Gleisi Hoffmann, \u00e9 a interlocutora mais efetiva no governo, na opini\u00e3o de 21% dos deputados, seguida pelo ministro da Sa\u00fade, Alexandre Padilha. Em junho, Gleisi era apontada por 12% como a principal interlocutora e Padilha, por 9%. Vinte e nove porcento dos entrevistados responderam \u201coutros, 14% disseram n\u00e3o ter interlocutor e 18% n\u00e3o sabem, ou n\u00e3o responderam.<\/p>\n\n\n\n<p>O ministro da Fazenda, Fernando Haddad, e o mais mal avaliado do governo, com 42% de respostas negativa. O chefe da equipe econ\u00f4mica de Lula figura entre os com as menor avalia\u00e7\u00e3o positiva, a frente a penas de Rui costa e Alexandre Silveira. &nbsp;<\/p>\n\n\n\n<p><strong>Propostas em debate<\/strong><\/p>\n\n\n\n<p>A pesquisa teve um bloco de propostas em debate na C\u00e2mara. As que contam com maior apoio dos deputados s\u00e3o a legisla\u00e7\u00e3o que regula o trabalho em aplicativos (66%), seguida por tarifa zero (65%). A segunda parte da reforma tribut\u00e1ria \u00e9 apoiada por 60%.<\/p>\n\n\n\n<p>Sobre os caminhos para atingir a meta fiscal, as duas propostas que contam com maior apoio \u2013 90% \u2013 s\u00e3o a redu\u00e7\u00e3o dos gastos com supersal\u00e1rios no setor p\u00fablico e o aumento da taxa\u00e7\u00e3o de das empresas de apostas. O aumento da taxa\u00e7\u00e3o das fintechs \u00e9 apoiado por 65% e a redu\u00e7\u00e3o dos benef\u00edcios fiscais das empresas, por 58%, \u00edndice pr\u00f3ximo ao da redu\u00e7\u00e3o dos gastos com previd\u00eancia dos militares (57%).<\/p>\n\n\n\n<p>Para 43%, a viol\u00eancia \u00e9 o maior problema do Brasil, com alta de 20 pontos percentuais sobre o resultado de junho. A pesquisa traz um bloco de propostas em discuss\u00e3o para enfrentar a escalada da viol\u00eancia e pergunta sobre a PEC da Seguran\u00e7a P\u00fablica, que ganhou apoio: 49% s\u00e3o a favor e 39% contra \u2013 em junho, 42% eram a favor e 42%, contra.<\/p>\n\n\n\n<p>A pesquisa perguntou sobre os planos dos congressistas para 2026 e constatou que 83% pretendem se candidatar \u00e0 reelei\u00e7\u00e3o como deputado. Apenas 6% pretendem concorrer a outro cargo e 4% n\u00e3o planejam candidatura. O resultados s\u00e3o semelhantes em todos os recortes: governo, independente, oposi\u00e7\u00e3o; esquerda, direita e centro; lulista, esquerda n\u00e3o lulista, direita n\u00e3o bolsonarista e bolsonarista. Entre independentes, 60% querem se candidatar, 7% n\u00e3o e 26% n\u00e3o sabem, ou n\u00e3o responderam.<\/p>\n\n\n\n<p><strong>Veja alguns destaques da pesquisa<\/strong><\/p>\n\n\n\n<figure class=\"wp-block-image size-large is-resized\"><img decoding=\"async\" src=\"http:\/\/newblogs.correiobraziliense.com.br\/blog-da-rosana-hessel\/wp-content\/uploads\/sites\/5\/2025\/12\/genilaquaestdez25-1024x582.jpeg\" alt=\"\" class=\"wp-image-34698\" style=\"width:510px;height:auto\" \/><\/figure>\n\n\n\n<figure class=\"wp-block-image size-large\"><img decoding=\"async\" src=\"http:\/\/newblogs.correiobraziliense.com.br\/blog-da-rosana-hessel\/wp-content\/uploads\/sites\/5\/2025\/12\/genialquaest25ax-1024x534.jpeg\" alt=\"\" class=\"wp-image-34697\" \/><\/figure>\n\n\n\n\n","protected":false},"excerpt":{"rendered":"<p>Pesquisa &#8220;O que pensam os deputados&#8221;, da Genial\/Quest revela que, apesar do empate t\u00e9cnico, avalia\u00e7\u00e3o negativa recuou entre independentes e de direita. J\u00e1 Fernando Haddad \u00e9 o ministro com pior avalia\u00e7\u00e3o<\/p>\n","protected":false},"author":10,"featured_media":34274,"comment_status":"closed","ping_status":"closed","sticky":false,"template":"","format":"standard","meta":{"_acf_changed":false,"inline_featured_image":false,"footnotes":""},"categories":[1],"tags":[1434,695,2000,1058,118,562],"class_list":["post-34694","post","type-post","status-publish","format-standard","has-post-thumbnail","hentry","category-sem-categoria","tag-avaliacao","tag-deputados","tag-eleicoes-2026","tag-haddad","tag-lula","tag-pesquisa-genial-quaest"],"acf":[],"yoast_head":"<!-- This site is optimized with the Yoast SEO plugin v27.3 - https:\/\/yoast.com\/product\/yoast-seo-wordpress\/ -->\n<title>Genial\/Quaest: Entre deputados, avalia\u00e7\u00e3o positiva de Lula empata com negativa - Blog da Rosana Hessel<\/title>\n<meta name=\"description\" content=\"Pesquisa &quot;O que pensam os deputados&quot;, da Genial\/Quest revela que, apesar do empate t\u00e9cnico, avalia\u00e7\u00e3o negativa recuou entre independentes e de direita. J\u00e1 Fernando Haddad \u00e9 o ministro com pior avalia\u00e7\u00e3o\" \/>\n<meta name=\"robots\" content=\"index, follow, max-snippet:-1, max-image-preview:large, max-video-preview:-1\" \/>\n<link rel=\"canonical\" href=\"https:\/\/newblogs.correiobraziliense.com.br\/blog-da-rosana-hessel\/genial-quaest-entre-deputados-avaliacao-positiva-de-lula-empata-negativa\/\" \/>\n<meta property=\"og:locale\" content=\"pt_BR\" \/>\n<meta property=\"og:type\" content=\"article\" \/>\n<meta property=\"og:title\" content=\"Genial\/Quaest: Entre deputados, avalia\u00e7\u00e3o positiva de Lula empata com negativa - Blog da Rosana Hessel\" \/>\n<meta property=\"og:description\" content=\"Pesquisa &quot;O que pensam os deputados&quot;, da Genial\/Quest revela que, apesar do empate t\u00e9cnico, avalia\u00e7\u00e3o negativa recuou entre independentes e de direita. J\u00e1 Fernando Haddad \u00e9 o ministro com pior avalia\u00e7\u00e3o\" \/>\n<meta property=\"og:url\" content=\"https:\/\/newblogs.correiobraziliense.com.br\/blog-da-rosana-hessel\/genial-quaest-entre-deputados-avaliacao-positiva-de-lula-empata-negativa\/\" \/>\n<meta property=\"og:site_name\" content=\"Blog da Rosana Hessel\" \/>\n<meta property=\"article:published_time\" content=\"2025-12-12T17:55:36+00:00\" \/>\n<meta property=\"article:modified_time\" content=\"2025-12-12T20:17:10+00:00\" \/>\n<meta property=\"og:image\" content=\"http:\/\/newblogs.correiobraziliense.com.br\/blog-da-rosana-hessel\/wp-content\/uploads\/sites\/5\/2025\/11\/Lula-presidente-do-Brasil.jpg\" \/>\n\t<meta property=\"og:image:width\" content=\"400\" \/>\n\t<meta property=\"og:image:height\" content=\"267\" \/>\n\t<meta property=\"og:image:type\" content=\"image\/jpeg\" \/>\n<meta name=\"author\" content=\"Rosana Hessel\" \/>\n<!-- \/ Yoast SEO plugin. -->","yoast_head_json":{"title":"Genial\/Quaest: Entre deputados, avalia\u00e7\u00e3o positiva de Lula empata com negativa - Blog da Rosana Hessel","description":"Pesquisa \"O que pensam os deputados\", da Genial\/Quest revela que, apesar do empate t\u00e9cnico, avalia\u00e7\u00e3o negativa recuou entre independentes e de direita. J\u00e1 Fernando Haddad \u00e9 o ministro com pior avalia\u00e7\u00e3o","robots":{"index":"index","follow":"follow","max-snippet":"max-snippet:-1","max-image-preview":"max-image-preview:large","max-video-preview":"max-video-preview:-1"},"canonical":"https:\/\/newblogs.correiobraziliense.com.br\/blog-da-rosana-hessel\/genial-quaest-entre-deputados-avaliacao-positiva-de-lula-empata-negativa\/","og_locale":"pt_BR","og_type":"article","og_title":"Genial\/Quaest: Entre deputados, avalia\u00e7\u00e3o positiva de Lula empata com negativa - Blog da Rosana Hessel","og_description":"Pesquisa \"O que pensam os deputados\", da Genial\/Quest revela que, apesar do empate t\u00e9cnico, avalia\u00e7\u00e3o negativa recuou entre independentes e de direita. J\u00e1 Fernando Haddad \u00e9 o ministro com pior avalia\u00e7\u00e3o","og_url":"https:\/\/newblogs.correiobraziliense.com.br\/blog-da-rosana-hessel\/genial-quaest-entre-deputados-avaliacao-positiva-de-lula-empata-negativa\/","og_site_name":"Blog da Rosana Hessel","article_published_time":"2025-12-12T17:55:36+00:00","article_modified_time":"2025-12-12T20:17:10+00:00","og_image":[{"width":400,"height":267,"url":"http:\/\/newblogs.correiobraziliense.com.br\/blog-da-rosana-hessel\/wp-content\/uploads\/sites\/5\/2025\/11\/Lula-presidente-do-Brasil.jpg","type":"image\/jpeg"}],"author":"Rosana Hessel","schema":{"@context":"https:\/\/schema.org","@graph":[{"@type":"Article","@id":"https:\/\/newblogs.correiobraziliense.com.br\/blog-da-rosana-hessel\/genial-quaest-entre-deputados-avaliacao-positiva-de-lula-empata-negativa\/#article","isPartOf":{"@id":"https:\/\/newblogs.correiobraziliense.com.br\/blog-da-rosana-hessel\/genial-quaest-entre-deputados-avaliacao-positiva-de-lula-empata-negativa\/"},"author":{"name":"Rosana Hessel","@id":"https:\/\/newblogs.correiobraziliense.com.br\/blog-da-rosana-hessel\/#\/schema\/person\/824cb3c631cf0d4056f75ca02599a930"},"headline":"Genial\/Quaest: Entre deputados, avalia\u00e7\u00e3o positiva de Lula empata com negativa","datePublished":"2025-12-12T17:55:36+00:00","dateModified":"2025-12-12T20:17:10+00:00","mainEntityOfPage":{"@id":"https:\/\/newblogs.correiobraziliense.com.br\/blog-da-rosana-hessel\/genial-quaest-entre-deputados-avaliacao-positiva-de-lula-empata-negativa\/"},"wordCount":917,"image":{"@id":"https:\/\/newblogs.correiobraziliense.com.br\/blog-da-rosana-hessel\/genial-quaest-entre-deputados-avaliacao-positiva-de-lula-empata-negativa\/#primaryimage"},"thumbnailUrl":"https:\/\/newblogs.correiobraziliense.com.br\/blog-da-rosana-hessel\/wp-content\/uploads\/sites\/5\/2025\/11\/Lula-presidente-do-Brasil.jpg","keywords":["avalia\u00e7\u00e3o","deputados","elei\u00e7\u00f5es 2026","Haddad","Lula","Pesquisa Genial\/Quaest"],"articleSection":["Macroeconomia"],"inLanguage":"pt-BR"},{"@type":"WebPage","@id":"https:\/\/newblogs.correiobraziliense.com.br\/blog-da-rosana-hessel\/genial-quaest-entre-deputados-avaliacao-positiva-de-lula-empata-negativa\/","url":"https:\/\/newblogs.correiobraziliense.com.br\/blog-da-rosana-hessel\/genial-quaest-entre-deputados-avaliacao-positiva-de-lula-empata-negativa\/","name":"Genial\/Quaest: Entre deputados, avalia\u00e7\u00e3o positiva de Lula empata com negativa - Blog da Rosana Hessel","isPartOf":{"@id":"https:\/\/newblogs.correiobraziliense.com.br\/blog-da-rosana-hessel\/#website"},"primaryImageOfPage":{"@id":"https:\/\/newblogs.correiobraziliense.com.br\/blog-da-rosana-hessel\/genial-quaest-entre-deputados-avaliacao-positiva-de-lula-empata-negativa\/#primaryimage"},"image":{"@id":"https:\/\/newblogs.correiobraziliense.com.br\/blog-da-rosana-hessel\/genial-quaest-entre-deputados-avaliacao-positiva-de-lula-empata-negativa\/#primaryimage"},"thumbnailUrl":"https:\/\/newblogs.correiobraziliense.com.br\/blog-da-rosana-hessel\/wp-content\/uploads\/sites\/5\/2025\/11\/Lula-presidente-do-Brasil.jpg","datePublished":"2025-12-12T17:55:36+00:00","dateModified":"2025-12-12T20:17:10+00:00","author":{"@id":"https:\/\/newblogs.correiobraziliense.com.br\/blog-da-rosana-hessel\/#\/schema\/person\/824cb3c631cf0d4056f75ca02599a930"},"description":"Pesquisa \"O que pensam os deputados\", da Genial\/Quest revela que, apesar do empate t\u00e9cnico, avalia\u00e7\u00e3o negativa recuou entre independentes e de direita. J\u00e1 Fernando Haddad \u00e9 o ministro com pior avalia\u00e7\u00e3o","breadcrumb":{"@id":"https:\/\/newblogs.correiobraziliense.com.br\/blog-da-rosana-hessel\/genial-quaest-entre-deputados-avaliacao-positiva-de-lula-empata-negativa\/#breadcrumb"},"inLanguage":"pt-BR","potentialAction":[{"@type":"ReadAction","target":["https:\/\/newblogs.correiobraziliense.com.br\/blog-da-rosana-hessel\/genial-quaest-entre-deputados-avaliacao-positiva-de-lula-empata-negativa\/"]}]},{"@type":"ImageObject","inLanguage":"pt-BR","@id":"https:\/\/newblogs.correiobraziliense.com.br\/blog-da-rosana-hessel\/genial-quaest-entre-deputados-avaliacao-positiva-de-lula-empata-negativa\/#primaryimage","url":"https:\/\/newblogs.correiobraziliense.com.br\/blog-da-rosana-hessel\/wp-content\/uploads\/sites\/5\/2025\/11\/Lula-presidente-do-Brasil.jpg","contentUrl":"https:\/\/newblogs.correiobraziliense.com.br\/blog-da-rosana-hessel\/wp-content\/uploads\/sites\/5\/2025\/11\/Lula-presidente-do-Brasil.jpg","width":400,"height":267,"caption":"Bras\u00edlia (DF) 03\/06\/2025 - O presidente Luiz In\u00e1cio Lula da Silva, durante entrevista coletiva no Pal\u00e1cio do Planalto Foto: Fabio Rodrigues-Pozzebom\/ Ag\u00eancia Brasil"},{"@type":"BreadcrumbList","@id":"https:\/\/newblogs.correiobraziliense.com.br\/blog-da-rosana-hessel\/genial-quaest-entre-deputados-avaliacao-positiva-de-lula-empata-negativa\/#breadcrumb","itemListElement":[{"@type":"ListItem","position":1,"name":"In\u00edcio","item":"https:\/\/newblogs.correiobraziliense.com.br\/blog-da-rosana-hessel\/"},{"@type":"ListItem","position":2,"name":"Genial\/Quaest: Entre deputados, avalia\u00e7\u00e3o positiva de Lula empata com negativa"}]},{"@type":"WebSite","@id":"https:\/\/newblogs.correiobraziliense.com.br\/blog-da-rosana-hessel\/#website","url":"https:\/\/newblogs.correiobraziliense.com.br\/blog-da-rosana-hessel\/","name":"Blog da Rosana Hessel","description":"Not\u00edcias atualizadas e an\u00e1lises sobre economia. Acompanhe-nos para entender as tend\u00eancias e os impactos econ\u00f4micos que influenciam o seu dia a dia, tanto no Brasil quanto no exterior.","potentialAction":[{"@type":"SearchAction","target":{"@type":"EntryPoint","urlTemplate":"https:\/\/newblogs.correiobraziliense.com.br\/blog-da-rosana-hessel\/?s={search_term_string}"},"query-input":{"@type":"PropertyValueSpecification","valueRequired":true,"valueName":"search_term_string"}}],"inLanguage":"pt-BR"},{"@type":"Person","@id":"https:\/\/newblogs.correiobraziliense.com.br\/blog-da-rosana-hessel\/#\/schema\/person\/824cb3c631cf0d4056f75ca02599a930","name":"Rosana Hessel","image":{"@type":"ImageObject","inLanguage":"pt-BR","@id":"https:\/\/secure.gravatar.com\/avatar\/fe780cf1839cf10cd6d682fb080611e0d2a459b64be8a8781778109777fbcfd3?s=96&d=mm&r=g","url":"https:\/\/secure.gravatar.com\/avatar\/fe780cf1839cf10cd6d682fb080611e0d2a459b64be8a8781778109777fbcfd3?s=96&d=mm&r=g","contentUrl":"https:\/\/secure.gravatar.com\/avatar\/fe780cf1839cf10cd6d682fb080611e0d2a459b64be8a8781778109777fbcfd3?s=96&d=mm&r=g","caption":"Rosana Hessel"},"description":"Formada pela Pontif\u00edcia Universidade Cat\u00f3lica de S\u00e3o Paulo (PUC-SP), \u00e9 jornalista de economia desde 1995, quando passou a integrar o time da Gazeta Mercantil. Est\u00e1 sempre atr\u00e1s da boa informa\u00e7\u00e3o. Possui especializa\u00e7\u00e3o em economia pela FGV e MBA em Finan\u00e7as pela FIA-USP. Trabalha no Correio Braziliense desde 2010. Ganhou o Pr\u00eamio Esso de Jornalismo Econ\u00f4mico em 2014 e em 2015 com a equipe do Correio. Foi finalista entre os 50 jornalistas +Admirados da Imprensa de Economia, Neg\u00f3cios e Finan\u00e7as 2024, promovido pela Jornalistas&amp;Cia.","url":"https:\/\/newblogs.correiobraziliense.com.br\/blog-da-rosana-hessel\/author\/rosanahessel\/"}]}},"_links":{"self":[{"href":"https:\/\/newblogs.correiobraziliense.com.br\/blog-da-rosana-hessel\/wp-json\/wp\/v2\/posts\/34694","targetHints":{"allow":["GET"]}}],"collection":[{"href":"https:\/\/newblogs.correiobraziliense.com.br\/blog-da-rosana-hessel\/wp-json\/wp\/v2\/posts"}],"about":[{"href":"https:\/\/newblogs.correiobraziliense.com.br\/blog-da-rosana-hessel\/wp-json\/wp\/v2\/types\/post"}],"author":[{"embeddable":true,"href":"https:\/\/newblogs.correiobraziliense.com.br\/blog-da-rosana-hessel\/wp-json\/wp\/v2\/users\/10"}],"replies":[{"embeddable":true,"href":"https:\/\/newblogs.correiobraziliense.com.br\/blog-da-rosana-hessel\/wp-json\/wp\/v2\/comments?post=34694"}],"version-history":[{"count":5,"href":"https:\/\/newblogs.correiobraziliense.com.br\/blog-da-rosana-hessel\/wp-json\/wp\/v2\/posts\/34694\/revisions"}],"predecessor-version":[{"id":34702,"href":"https:\/\/newblogs.correiobraziliense.com.br\/blog-da-rosana-hessel\/wp-json\/wp\/v2\/posts\/34694\/revisions\/34702"}],"wp:featuredmedia":[{"embeddable":true,"href":"https:\/\/newblogs.correiobraziliense.com.br\/blog-da-rosana-hessel\/wp-json\/wp\/v2\/media\/34274"}],"wp:attachment":[{"href":"https:\/\/newblogs.correiobraziliense.com.br\/blog-da-rosana-hessel\/wp-json\/wp\/v2\/media?parent=34694"}],"wp:term":[{"taxonomy":"category","embeddable":true,"href":"https:\/\/newblogs.correiobraziliense.com.br\/blog-da-rosana-hessel\/wp-json\/wp\/v2\/categories?post=34694"},{"taxonomy":"post_tag","embeddable":true,"href":"https:\/\/newblogs.correiobraziliense.com.br\/blog-da-rosana-hessel\/wp-json\/wp\/v2\/tags?post=34694"}],"curies":[{"name":"wp","href":"https:\/\/api.w.org\/{rel}","templated":true}]}}