{"id":34617,"date":"2025-12-10T07:00:00","date_gmt":"2025-12-10T10:00:00","guid":{"rendered":"https:\/\/newblogs.correiobraziliense.com.br\/blog-da-rosana-hessel\/?p=34617"},"modified":"2025-12-10T08:52:08","modified_gmt":"2025-12-10T11:52:08","slug":"senado-e-palco-de-lancamento-de-livro-brasil-no-espelho-de-felipe-nunes","status":"publish","type":"post","link":"https:\/\/newblogs.correiobraziliense.com.br\/blog-da-rosana-hessel\/senado-e-palco-de-lancamento-de-livro-brasil-no-espelho-de-felipe-nunes\/","title":{"rendered":"Senado \u00e9 palco de lan\u00e7amento de livro &#8220;Brasil no Espelho&#8221;, de Felipe Nunes"},"content":{"rendered":"\n\n\n\n\n<p>O presidente do Senado, Davi Alcolumbre (Uni\u00e3o-AP), vai abrir, nesta quarta-feira (10\/12), o evento de lan\u00e7amento do livro \u201cBrasil no Espelho\u201d, de Felipe Nunes, cientista pol\u00edtico e diretor da Quaest, consultoria que tem feito v\u00e1rias pesquisas eleitorais em parceira com a Genial Investimentos.<\/p>\n\n\n\n<p>O lan\u00e7amento ser\u00e1 no Sal\u00e3o Nobre do Senado, a partir das 18h30.  Publicado pela editora Globo Livro, a obra baseia-se em uma pesquisa exclusiva, feita para a TV Globo, na qual foram ouvidas quase 10 mil pessoas.  <\/p>\n\n\n\n<p>&#8220;Este n\u00e3o \u00e9 um livro sobre o que eu acho que \u00e9 o Brasil ou como ele deveria ser. \u00c9 um espelho objetivo sobre o Brasil que capturamos por meio da maior pesquisa j\u00e1 feita no pa\u00eds sobre os valores e atitudes dos brasileiros\u201d, diz Nunes, que, recentemente, foi apontado como um dos 100 consultores pol\u00edticos mais influentes do mundo pela revista Washington Compol.&nbsp; <\/p>\n\n\n\n<p>Bras\u00edlia \u00e9 a segunda capital que ter\u00e1 o lan\u00e7amento do &#8220;Brasil no Espelho&#8221; com aut\u00f3grafos do autor. No dia 2, o evento foi no Rio de Janeiro, e, amanh\u00e3, Nunes far\u00e1 aut\u00f3grafos em S\u00e3o Paulo, <\/p>\n\n\n\n<p>De acordo com o diretor da Quaest, o livro inova em dois campos. Primeiro, apresenta uma nova forma de entender os brasileiros, por meio de nove segmentos baseados em suas bolhas e identidades \u2013 a combina\u00e7\u00e3o de seus valores, interesses e desejos. Essa nova forma de classificar os brasileiros apresenta quem \u00e9 o militante de esquerda e a extrema direita, passando pelos conservador-crist\u00e3os, o liberal-social, os progressistas, o agro, a classe D e E, os empres\u00e1rios e os empreendedores individuais.<\/p>\n\n\n\n<p>No segundo campo de inova\u00e7\u00e3o, o autor tamb\u00e9m prop\u00f5e um outro arranjo da popula\u00e7\u00e3o em rela\u00e7\u00e3o \u00e0s faixas et\u00e1rias a partir de uma nomenclatura baseada nos contextos hist\u00f3ricos que moldaram cada \u00e9poca no Brasil. <\/p>\n\n\n\n<p>A nova divis\u00e3o et\u00e1ria ficou assim: a Gera\u00e7\u00e3o Bossa Nova (nascidos entre 1945 e 1964), marcada pelo fim da Era Vargas na primeira democracia do pa\u00eds; a Gera\u00e7\u00e3o Ordem e Progresso (1965\u20131984), formada durante a ditadura militar e o chamado milagre econ\u00f4mico; a Gera\u00e7\u00e3o Redemocratiza\u00e7\u00e3o (1985\u20131999), que cresceu na volta da democracia e na esperan\u00e7a de que o Brasil seria o pa\u00eds do futuro; e a Gera\u00e7\u00e3o.Com (2000\u20132009), os primeiros nativos digitais.&nbsp; Na avalia\u00e7\u00e3o de Nunes, essa classifica\u00e7\u00e3o revela como cada grupo carrega vis\u00f5es distintas \u2014 e, \u00e0s vezes, conflitantes \u2014 sobre religi\u00e3o, pol\u00edtica, trabalho e o pr\u00f3prio futuro do pa\u00eds.<\/p>\n\n\n\n\n","protected":false},"excerpt":{"rendered":"<p>Livro apresenta uma nova forma de entender os brasileiros, por meio de nove segmentos baseados em suas bolhas e identidades e a combina\u00e7\u00e3o de seus valores, interesses e desejos<\/p>\n","protected":false},"author":10,"featured_media":34624,"comment_status":"closed","ping_status":"closed","sticky":false,"template":"","format":"standard","meta":{"_acf_changed":false,"inline_featured_image":false,"footnotes":""},"categories":[1877,2226,1886],"tags":[2224,2225,398,399,101,749],"class_list":["post-34617","post","type-post","status-publish","format-standard","has-post-thumbnail","hentry","category-comportamento","category-eleicoes","category-pesquisa","tag-brasil-no-espelho","tag-felipe-nunes","tag-lancamento","tag-livro","tag-politica","tag-quaest"],"acf":[],"yoast_head":"<!-- This site is optimized with the Yoast SEO plugin v27.3 - https:\/\/yoast.com\/product\/yoast-seo-wordpress\/ -->\n<title>Senado \u00e9 palco de lan\u00e7amento de livro &quot;Brasil no Espelho&quot;, de Felipe Nunes - Blog da Rosana Hessel<\/title>\n<meta name=\"description\" content=\"Livro apresenta uma nova forma de entender os brasileiros, por meio de nove segmentos baseados em suas bolhas e identidades e a combina\u00e7\u00e3o de seus valores, interesses e desejos\" \/>\n<meta name=\"robots\" content=\"index, follow, max-snippet:-1, max-image-preview:large, max-video-preview:-1\" \/>\n<link rel=\"canonical\" href=\"https:\/\/newblogs.correiobraziliense.com.br\/blog-da-rosana-hessel\/senado-e-palco-de-lancamento-de-livro-brasil-no-espelho-de-felipe-nunes\/\" \/>\n<meta property=\"og:locale\" content=\"pt_BR\" \/>\n<meta property=\"og:type\" content=\"article\" \/>\n<meta property=\"og:title\" content=\"Senado \u00e9 palco de lan\u00e7amento de livro &quot;Brasil no Espelho&quot;, de Felipe Nunes - Blog da Rosana Hessel\" \/>\n<meta property=\"og:description\" content=\"Livro apresenta uma nova forma de entender os brasileiros, por meio de nove segmentos baseados em suas bolhas e identidades e a combina\u00e7\u00e3o de seus valores, interesses e desejos\" \/>\n<meta property=\"og:url\" content=\"https:\/\/newblogs.correiobraziliense.com.br\/blog-da-rosana-hessel\/senado-e-palco-de-lancamento-de-livro-brasil-no-espelho-de-felipe-nunes\/\" \/>\n<meta property=\"og:site_name\" content=\"Blog da Rosana Hessel\" \/>\n<meta property=\"article:published_time\" content=\"2025-12-10T10:00:00+00:00\" \/>\n<meta property=\"article:modified_time\" content=\"2025-12-10T11:52:08+00:00\" \/>\n<meta property=\"og:image\" content=\"http:\/\/newblogs.correiobraziliense.com.br\/blog-da-rosana-hessel\/wp-content\/uploads\/sites\/5\/2025\/12\/felipenunes1.jpeg\" \/>\n\t<meta property=\"og:image:width\" content=\"1584\" \/>\n\t<meta property=\"og:image:height\" content=\"1132\" \/>\n\t<meta property=\"og:image:type\" content=\"image\/jpeg\" \/>\n<meta name=\"author\" content=\"Rosana Hessel\" \/>\n<!-- \/ Yoast SEO plugin. -->","yoast_head_json":{"title":"Senado \u00e9 palco de lan\u00e7amento de livro \"Brasil no Espelho\", de Felipe Nunes - Blog da Rosana Hessel","description":"Livro apresenta uma nova forma de entender os brasileiros, por meio de nove segmentos baseados em suas bolhas e identidades e a combina\u00e7\u00e3o de seus valores, interesses e desejos","robots":{"index":"index","follow":"follow","max-snippet":"max-snippet:-1","max-image-preview":"max-image-preview:large","max-video-preview":"max-video-preview:-1"},"canonical":"https:\/\/newblogs.correiobraziliense.com.br\/blog-da-rosana-hessel\/senado-e-palco-de-lancamento-de-livro-brasil-no-espelho-de-felipe-nunes\/","og_locale":"pt_BR","og_type":"article","og_title":"Senado \u00e9 palco de lan\u00e7amento de livro \"Brasil no Espelho\", de Felipe Nunes - Blog da Rosana Hessel","og_description":"Livro apresenta uma nova forma de entender os brasileiros, por meio de nove segmentos baseados em suas bolhas e identidades e a combina\u00e7\u00e3o de seus valores, interesses e desejos","og_url":"https:\/\/newblogs.correiobraziliense.com.br\/blog-da-rosana-hessel\/senado-e-palco-de-lancamento-de-livro-brasil-no-espelho-de-felipe-nunes\/","og_site_name":"Blog da Rosana Hessel","article_published_time":"2025-12-10T10:00:00+00:00","article_modified_time":"2025-12-10T11:52:08+00:00","og_image":[{"width":1584,"height":1132,"url":"http:\/\/newblogs.correiobraziliense.com.br\/blog-da-rosana-hessel\/wp-content\/uploads\/sites\/5\/2025\/12\/felipenunes1.jpeg","type":"image\/jpeg"}],"author":"Rosana Hessel","schema":{"@context":"https:\/\/schema.org","@graph":[{"@type":"Article","@id":"https:\/\/newblogs.correiobraziliense.com.br\/blog-da-rosana-hessel\/senado-e-palco-de-lancamento-de-livro-brasil-no-espelho-de-felipe-nunes\/#article","isPartOf":{"@id":"https:\/\/newblogs.correiobraziliense.com.br\/blog-da-rosana-hessel\/senado-e-palco-de-lancamento-de-livro-brasil-no-espelho-de-felipe-nunes\/"},"author":{"name":"Rosana Hessel","@id":"https:\/\/newblogs.correiobraziliense.com.br\/blog-da-rosana-hessel\/#\/schema\/person\/824cb3c631cf0d4056f75ca02599a930"},"headline":"Senado \u00e9 palco de lan\u00e7amento de livro &#8220;Brasil no Espelho&#8221;, de Felipe Nunes","datePublished":"2025-12-10T10:00:00+00:00","dateModified":"2025-12-10T11:52:08+00:00","mainEntityOfPage":{"@id":"https:\/\/newblogs.correiobraziliense.com.br\/blog-da-rosana-hessel\/senado-e-palco-de-lancamento-de-livro-brasil-no-espelho-de-felipe-nunes\/"},"wordCount":435,"image":{"@id":"https:\/\/newblogs.correiobraziliense.com.br\/blog-da-rosana-hessel\/senado-e-palco-de-lancamento-de-livro-brasil-no-espelho-de-felipe-nunes\/#primaryimage"},"thumbnailUrl":"https:\/\/newblogs.correiobraziliense.com.br\/blog-da-rosana-hessel\/wp-content\/uploads\/sites\/5\/2025\/12\/felipenunes1.jpeg","keywords":["Brasil no Espelho","Felipe Nunes","lan\u00e7amento","livro","pol\u00edtica","Quaest"],"articleSection":["Comportamento","ELEI\u00c7\u00d5ES","Pesquisa"],"inLanguage":"pt-BR"},{"@type":"WebPage","@id":"https:\/\/newblogs.correiobraziliense.com.br\/blog-da-rosana-hessel\/senado-e-palco-de-lancamento-de-livro-brasil-no-espelho-de-felipe-nunes\/","url":"https:\/\/newblogs.correiobraziliense.com.br\/blog-da-rosana-hessel\/senado-e-palco-de-lancamento-de-livro-brasil-no-espelho-de-felipe-nunes\/","name":"Senado \u00e9 palco de lan\u00e7amento de livro \"Brasil no Espelho\", de Felipe Nunes - Blog da Rosana Hessel","isPartOf":{"@id":"https:\/\/newblogs.correiobraziliense.com.br\/blog-da-rosana-hessel\/#website"},"primaryImageOfPage":{"@id":"https:\/\/newblogs.correiobraziliense.com.br\/blog-da-rosana-hessel\/senado-e-palco-de-lancamento-de-livro-brasil-no-espelho-de-felipe-nunes\/#primaryimage"},"image":{"@id":"https:\/\/newblogs.correiobraziliense.com.br\/blog-da-rosana-hessel\/senado-e-palco-de-lancamento-de-livro-brasil-no-espelho-de-felipe-nunes\/#primaryimage"},"thumbnailUrl":"https:\/\/newblogs.correiobraziliense.com.br\/blog-da-rosana-hessel\/wp-content\/uploads\/sites\/5\/2025\/12\/felipenunes1.jpeg","datePublished":"2025-12-10T10:00:00+00:00","dateModified":"2025-12-10T11:52:08+00:00","author":{"@id":"https:\/\/newblogs.correiobraziliense.com.br\/blog-da-rosana-hessel\/#\/schema\/person\/824cb3c631cf0d4056f75ca02599a930"},"description":"Livro apresenta uma nova forma de entender os brasileiros, por meio de nove segmentos baseados em suas bolhas e identidades e a combina\u00e7\u00e3o de seus valores, interesses e desejos","breadcrumb":{"@id":"https:\/\/newblogs.correiobraziliense.com.br\/blog-da-rosana-hessel\/senado-e-palco-de-lancamento-de-livro-brasil-no-espelho-de-felipe-nunes\/#breadcrumb"},"inLanguage":"pt-BR","potentialAction":[{"@type":"ReadAction","target":["https:\/\/newblogs.correiobraziliense.com.br\/blog-da-rosana-hessel\/senado-e-palco-de-lancamento-de-livro-brasil-no-espelho-de-felipe-nunes\/"]}]},{"@type":"ImageObject","inLanguage":"pt-BR","@id":"https:\/\/newblogs.correiobraziliense.com.br\/blog-da-rosana-hessel\/senado-e-palco-de-lancamento-de-livro-brasil-no-espelho-de-felipe-nunes\/#primaryimage","url":"https:\/\/newblogs.correiobraziliense.com.br\/blog-da-rosana-hessel\/wp-content\/uploads\/sites\/5\/2025\/12\/felipenunes1.jpeg","contentUrl":"https:\/\/newblogs.correiobraziliense.com.br\/blog-da-rosana-hessel\/wp-content\/uploads\/sites\/5\/2025\/12\/felipenunes1.jpeg","width":1584,"height":1132},{"@type":"BreadcrumbList","@id":"https:\/\/newblogs.correiobraziliense.com.br\/blog-da-rosana-hessel\/senado-e-palco-de-lancamento-de-livro-brasil-no-espelho-de-felipe-nunes\/#breadcrumb","itemListElement":[{"@type":"ListItem","position":1,"name":"In\u00edcio","item":"https:\/\/newblogs.correiobraziliense.com.br\/blog-da-rosana-hessel\/"},{"@type":"ListItem","position":2,"name":"Senado \u00e9 palco de lan\u00e7amento de livro &#8220;Brasil no Espelho&#8221;, de Felipe Nunes"}]},{"@type":"WebSite","@id":"https:\/\/newblogs.correiobraziliense.com.br\/blog-da-rosana-hessel\/#website","url":"https:\/\/newblogs.correiobraziliense.com.br\/blog-da-rosana-hessel\/","name":"Blog da Rosana Hessel","description":"Not\u00edcias atualizadas e an\u00e1lises sobre economia. Acompanhe-nos para entender as tend\u00eancias e os impactos econ\u00f4micos que influenciam o seu dia a dia, tanto no Brasil quanto no exterior.","potentialAction":[{"@type":"SearchAction","target":{"@type":"EntryPoint","urlTemplate":"https:\/\/newblogs.correiobraziliense.com.br\/blog-da-rosana-hessel\/?s={search_term_string}"},"query-input":{"@type":"PropertyValueSpecification","valueRequired":true,"valueName":"search_term_string"}}],"inLanguage":"pt-BR"},{"@type":"Person","@id":"https:\/\/newblogs.correiobraziliense.com.br\/blog-da-rosana-hessel\/#\/schema\/person\/824cb3c631cf0d4056f75ca02599a930","name":"Rosana Hessel","image":{"@type":"ImageObject","inLanguage":"pt-BR","@id":"https:\/\/secure.gravatar.com\/avatar\/fe780cf1839cf10cd6d682fb080611e0d2a459b64be8a8781778109777fbcfd3?s=96&d=mm&r=g","url":"https:\/\/secure.gravatar.com\/avatar\/fe780cf1839cf10cd6d682fb080611e0d2a459b64be8a8781778109777fbcfd3?s=96&d=mm&r=g","contentUrl":"https:\/\/secure.gravatar.com\/avatar\/fe780cf1839cf10cd6d682fb080611e0d2a459b64be8a8781778109777fbcfd3?s=96&d=mm&r=g","caption":"Rosana Hessel"},"description":"Formada pela Pontif\u00edcia Universidade Cat\u00f3lica de S\u00e3o Paulo (PUC-SP), \u00e9 jornalista de economia desde 1995, quando passou a integrar o time da Gazeta Mercantil. Est\u00e1 sempre atr\u00e1s da boa informa\u00e7\u00e3o. Possui especializa\u00e7\u00e3o em economia pela FGV e MBA em Finan\u00e7as pela FIA-USP. Trabalha no Correio Braziliense desde 2010. Ganhou o Pr\u00eamio Esso de Jornalismo Econ\u00f4mico em 2014 e em 2015 com a equipe do Correio. Foi finalista entre os 50 jornalistas +Admirados da Imprensa de Economia, Neg\u00f3cios e Finan\u00e7as 2024, promovido pela Jornalistas&amp;Cia.","url":"https:\/\/newblogs.correiobraziliense.com.br\/blog-da-rosana-hessel\/author\/rosanahessel\/"}]}},"_links":{"self":[{"href":"https:\/\/newblogs.correiobraziliense.com.br\/blog-da-rosana-hessel\/wp-json\/wp\/v2\/posts\/34617","targetHints":{"allow":["GET"]}}],"collection":[{"href":"https:\/\/newblogs.correiobraziliense.com.br\/blog-da-rosana-hessel\/wp-json\/wp\/v2\/posts"}],"about":[{"href":"https:\/\/newblogs.correiobraziliense.com.br\/blog-da-rosana-hessel\/wp-json\/wp\/v2\/types\/post"}],"author":[{"embeddable":true,"href":"https:\/\/newblogs.correiobraziliense.com.br\/blog-da-rosana-hessel\/wp-json\/wp\/v2\/users\/10"}],"replies":[{"embeddable":true,"href":"https:\/\/newblogs.correiobraziliense.com.br\/blog-da-rosana-hessel\/wp-json\/wp\/v2\/comments?post=34617"}],"version-history":[{"count":5,"href":"https:\/\/newblogs.correiobraziliense.com.br\/blog-da-rosana-hessel\/wp-json\/wp\/v2\/posts\/34617\/revisions"}],"predecessor-version":[{"id":34625,"href":"https:\/\/newblogs.correiobraziliense.com.br\/blog-da-rosana-hessel\/wp-json\/wp\/v2\/posts\/34617\/revisions\/34625"}],"wp:featuredmedia":[{"embeddable":true,"href":"https:\/\/newblogs.correiobraziliense.com.br\/blog-da-rosana-hessel\/wp-json\/wp\/v2\/media\/34624"}],"wp:attachment":[{"href":"https:\/\/newblogs.correiobraziliense.com.br\/blog-da-rosana-hessel\/wp-json\/wp\/v2\/media?parent=34617"}],"wp:term":[{"taxonomy":"category","embeddable":true,"href":"https:\/\/newblogs.correiobraziliense.com.br\/blog-da-rosana-hessel\/wp-json\/wp\/v2\/categories?post=34617"},{"taxonomy":"post_tag","embeddable":true,"href":"https:\/\/newblogs.correiobraziliense.com.br\/blog-da-rosana-hessel\/wp-json\/wp\/v2\/tags?post=34617"}],"curies":[{"name":"wp","href":"https:\/\/api.w.org\/{rel}","templated":true}]}}