{"id":34583,"date":"2025-12-04T13:54:08","date_gmt":"2025-12-04T16:54:08","guid":{"rendered":"https:\/\/newblogs.correiobraziliense.com.br\/blog-da-rosana-hessel\/?p=34583"},"modified":"2025-12-05T21:15:40","modified_gmt":"2025-12-06T00:15:40","slug":"senado-aprova-reajuste-para-servidores-do-tcu-republica-org-critica-medida","status":"publish","type":"post","link":"https:\/\/newblogs.correiobraziliense.com.br\/blog-da-rosana-hessel\/senado-aprova-reajuste-para-servidores-do-tcu-republica-org-critica-medida\/","title":{"rendered":"Senado aprova reajuste para servidores do TCU. Rep\u00fablica.org critica medida"},"content":{"rendered":"\n<p>O Senado Federal aprovou, na noite de quarta-feira (3\/12), penduricalhos para servidores do Tribunal de Contas da Uni\u00e3o (TCU) que v\u00e3o na m\u00e3o do discurso de parlamentares da oposi\u00e7\u00e3o de que eles est\u00e3o preocupados com o desarranjo das contas p\u00fablicas. A medida escancara as desigualdades salariais da elite privilegiada do funcionalismo, que n\u00e3o quer abrir m\u00e3o de regalias \u00e0s custas do contribuinte. Logo, mais uma vez, o discurso de que o Parlamento est\u00e1 zelando pelo equil\u00edbrio fiscal \u00e9 desmoralizado e se alinha ao do governo que segue sem conseguir cumprir a meta do arcabou\u00e7o sem os abatimentos de despesas &#8212; que andam aumentando de tamanho.<\/p>\n\n\n\n<p>De autoria do pr\u00f3prio TCU, o Projeto de Lei 2829\/2025, autoriza, por exemplo, o pagamento de penduricalho adicional por ac\u00famulo de fun\u00e7\u00e3o para os auditores do TCU. Segundo o texto aprovado em vota\u00e7\u00e3o simb\u00f3lica pelos senadores, os vencimentos dos servidores da Corte de Contas poder\u00e3o chegar a R$ 58,6 mil, em 2029, extrapolando o teto do funcionalismo, de R$ 46,3 mil.  <\/p>\n\n\n\n<p>A proposta recebeu parecer favor\u00e1vel do relator, senador Veneziano Vital do R\u00eago (MDB-PB), e, de acordo com informa\u00e7\u00f5es do Senado, o impacto or\u00e7ament\u00e1rio da proposta, previsto no projeto da Lei de Diretrizes Or\u00e7ament\u00e1rias (LDO) de 2026, \u00e9 da ordem de R$ 24,5 milh\u00f5es ao ano.<\/p>\n\n\n\n<p>Em novembro, a C\u00e2mara dos Deputados aprovou o projeto que tenta diluir em quatro parcelas de 2026 a 2029 esse reajuste, al\u00e9m de criar duas novas categorias de fun\u00e7\u00f5es comissionadas. O projeto, agora, vai \u00e0 san\u00e7\u00e3o presidencial.<\/p>\n\n\n\n<p><strong>Cr\u00edticas<\/strong><\/p>\n\n\n\n<p>A Rep\u00fablica.org, criticou a proposta, em nota enviada ao <strong>Blog<\/strong>, nesta quinta-feira (4\/12). No documento destacou que o projeto de lei do penduricalho do TCU  &#8220;escancara uma distor\u00e7\u00e3o crescente no sistema remunerat\u00f3rio do servi\u00e7o p\u00fablico brasileiro&#8221;.  <\/p>\n\n\n\n<p>&#8220;A proposta reestrutura carreiras no TCU, amplia sal\u00e1rios, cria gratifica\u00e7\u00f5es e institui mecanismos que, na pr\u00e1tica, abrem caminho para remunera\u00e7\u00f5es acima do teto constitucional&#8221;, destacou a nota da Rep\u00fablica.org. Na avalia\u00e7\u00e3o da entidade, essa proposta \u00e9 mais um &#8220;movimento de categorias de elite do funcionalismo que, longe de buscarem efici\u00eancia e equidade, competem por privil\u00e9gios financiados pelo contribuinte&#8221;. Com base em estimativas da C\u00e2mara dos Deputados, que considera os reajustes e os novos adicionais, a institui\u00e7\u00e3o alertou que a remunera\u00e7\u00e3o de um auditor federal no \u00faltimo n\u00edvel da carreira pode passar dos atuais R$ 37 mil para R$ 58,6 mil em 2029, um aumento de at\u00e9 56% em quatro anos.<\/p>\n\n\n\n<p>&#8220;O novo modelo prev\u00ea gratifica\u00e7\u00f5es que chegam a 100% do vencimento b\u00e1sico, mas que tamb\u00e9m ser\u00e3o pagas a aposentados e pensionistas, o que descola o adicional de qualquer v\u00ednculo real com desempenho. Al\u00e9m disso, a cria\u00e7\u00e3o do Regime Especial de Dedica\u00e7\u00e3o Gerencial \u2013 com licen\u00e7as convertidas em dinheiro e classificadas como verbas indenizat\u00f3rias \u2013 reproduz pr\u00e1ticas j\u00e1 adotadas pela magistratura e pelo Minist\u00e9rio P\u00fablico&#8221;, complementou  nota, que criticou as gratifica\u00e7\u00f5es. <\/p>\n\n\n\n<p>&#8220;A chamada verba indenizat\u00f3ria fragiliza o teto remunerat\u00f3rio e amplia desigualdades dentro do pr\u00f3prio servi\u00e7o p\u00fablico&#8221;, completou a nota. Estudo realizado pela Transpar\u00eancia Brasil e a Rep\u00fablica.org neste ano revela que a convers\u00e3o de licen\u00e7as em pagamentos, apenas para magistrados, gerou um custo de R$ 2,3 bilh\u00f5es em 2024, &#8220;configurando um dos penduricalhos mais onerosos para a administra\u00e7\u00e3o p\u00fablica&#8221;.<\/p>\n\n\n\n<p>&#8220;A disputa por penduricalhos revela uma corrida por privil\u00e9gios incompat\u00edvel com a responsabilidade que se espera de institui\u00e7\u00f5es que deveriam zelar pelo bom uso do dinheiro p\u00fablico&#8221;, criticou a nota da Republica.org.<\/p>\n\n\n\n<p>Na avalia\u00e7\u00e3o da entidade, a sociedade n\u00e3o pode mais aceitar gambiarras que ampliam distor\u00e7\u00f5es e desigualdades. &#8220;\u00c9 urgente a mobiliza\u00e7\u00e3o social pelo fim dos mecanismos que violam os limites constitucionais e aprofundam desigualdades \u2013 que devem ser substitu\u00eddos por uma reforma ampla, transparente e republicana do sistema remunerat\u00f3rio, capaz de atrair bons profissionais sem recorrer a pr\u00e1ticas abusivas&#8221;, concluiu a nota. <\/p>\n\n\n\n<p>Procurado, o TCU informou, por meio de nota, que &#8220;o projeto de lei tem por objetivo repor perdas inflacion\u00e1rias e valorizar a carreira dos servidores do\u00a0TCU&#8221; e ainda informou que o impacto fiscal dos penduricalhos ser\u00e1 pequeno.<\/p>\n\n\n\n<p>&#8220;A verba para o novo plano de carreira sair\u00e1 estritamente do or\u00e7amento dispon\u00edvel para o\u00a0TCU. N\u00e3o haver\u00e1 qualquer solicita\u00e7\u00e3o de valor adicional \u00e0 Uni\u00e3o. Isso se dar\u00e1 mediante economia de recurso de outras rubricas or\u00e7ament\u00e1rias e adequa\u00e7\u00e3o do or\u00e7amento anual ao novo arcabou\u00e7o fiscal&#8221;, afirmou a nota. O documento informou ainda que &#8220;o\u00a0TCU\u00a0est\u00e1 investindo em solu\u00e7\u00f5es de Intelig\u00eancia Artificial como forma de otimizar suas atividades e reduzir custos operacionais, maximizando o proveitamento dos recursos destinados \u00e0s despesas de custeio&#8221;.<\/p>\n\n\n\n<p>&#8220;Em termos de responsabilidade fiscal, o limite de despesa com pessoal para o\u00a0TCU\u00a0\u00e9 de 0,43% da receita corrente l\u00edquida (RCL), sendo que o \u00faltimo Relat\u00f3rio de Gest\u00e3o Fiscal do\u00a0TCU\u00a0informa um percentual observado de 0,13% da RCL, equivalente a menos de um ter\u00e7o do limite&#8221;, destacou o documento. &#8220;A partir do reajuste, esse valor atingir\u00e1 0,14% da RCL, ou seja, um valor ainda bastante abaixo do limite de despesas com pessoal estabelecido pela Lei de Responsabilidade Fiscal (LRF) para o\u00a0TCU&#8221;, complementou.<\/p>\n\n\n\n<p>Vale lembrar que um estudo recente da Rep\u00fablica.org revela que o Brasil paga aos servidores muito mais do que pa\u00edses desenvolvidos e os supersal\u00e1rios do funcionalismo brasileiro custam mais de R$ 20 bilh\u00f5es por ano acima do teto constitucional para os cofres p\u00fablicos e, ao que tudo indica, essa cifra s\u00f3 tende a aumentar sem qualquer garantia de melhora na qualidade dos servi\u00e7os prestados ao contribuinte.<\/p>\n\n\n\n\n","protected":false},"excerpt":{"rendered":"<p>Com aprova\u00e7\u00e3o de penduricalhos adicionais, auditor do TCU poder\u00e1 ter reajuste de 56%, em quatro anos, e remunera\u00e7\u00e3o chegar\u00e1 a R$ 56,8 mil, acima do atual teto constitucional, de R$ 46,3 mil<\/p>\n","protected":false},"author":10,"featured_media":33282,"comment_status":"closed","ping_status":"closed","sticky":false,"template":"","format":"standard","meta":{"_acf_changed":false,"inline_featured_image":false,"footnotes":""},"categories":[1],"tags":[],"class_list":["post-34583","post","type-post","status-publish","format-standard","has-post-thumbnail","hentry","category-sem-categoria"],"acf":[],"yoast_head":"<!-- This site is optimized with the Yoast SEO plugin v27.3 - https:\/\/yoast.com\/product\/yoast-seo-wordpress\/ -->\n<title>Senado aprova reajuste para servidores do TCU. Rep\u00fablica.org critica medida - Blog da Rosana Hessel<\/title>\n<meta name=\"description\" content=\"Com aprova\u00e7\u00e3o de penduricalhos adicionais, auditor do TCU poder\u00e1 ter reajuste de 56%, em quatro anos, e remunera\u00e7\u00e3o chegar\u00e1 a R$ 56,8 mil, acima do atual teto constitucional, de R$ 46,3 mil\" \/>\n<meta name=\"robots\" content=\"index, follow, max-snippet:-1, max-image-preview:large, max-video-preview:-1\" \/>\n<link rel=\"canonical\" href=\"https:\/\/newblogs.correiobraziliense.com.br\/blog-da-rosana-hessel\/senado-aprova-reajuste-para-servidores-do-tcu-republica-org-critica-medida\/\" \/>\n<meta property=\"og:locale\" content=\"pt_BR\" \/>\n<meta property=\"og:type\" content=\"article\" \/>\n<meta property=\"og:title\" content=\"Senado aprova reajuste para servidores do TCU. Rep\u00fablica.org critica medida - Blog da Rosana Hessel\" \/>\n<meta property=\"og:description\" content=\"Com aprova\u00e7\u00e3o de penduricalhos adicionais, auditor do TCU poder\u00e1 ter reajuste de 56%, em quatro anos, e remunera\u00e7\u00e3o chegar\u00e1 a R$ 56,8 mil, acima do atual teto constitucional, de R$ 46,3 mil\" \/>\n<meta property=\"og:url\" content=\"https:\/\/newblogs.correiobraziliense.com.br\/blog-da-rosana-hessel\/senado-aprova-reajuste-para-servidores-do-tcu-republica-org-critica-medida\/\" \/>\n<meta property=\"og:site_name\" content=\"Blog da Rosana Hessel\" \/>\n<meta property=\"article:published_time\" content=\"2025-12-04T16:54:08+00:00\" \/>\n<meta property=\"article:modified_time\" content=\"2025-12-06T00:15:40+00:00\" \/>\n<meta property=\"og:image\" content=\"http:\/\/newblogs.correiobraziliense.com.br\/blog-da-rosana-hessel\/wp-content\/uploads\/sites\/5\/2025\/07\/congressonacional.jpg\" \/>\n\t<meta property=\"og:image:width\" content=\"1600\" \/>\n\t<meta property=\"og:image:height\" content=\"1200\" \/>\n\t<meta property=\"og:image:type\" content=\"image\/jpeg\" \/>\n<meta name=\"author\" content=\"Rosana Hessel\" \/>\n<!-- \/ Yoast SEO plugin. -->","yoast_head_json":{"title":"Senado aprova reajuste para servidores do TCU. Rep\u00fablica.org critica medida - Blog da Rosana Hessel","description":"Com aprova\u00e7\u00e3o de penduricalhos adicionais, auditor do TCU poder\u00e1 ter reajuste de 56%, em quatro anos, e remunera\u00e7\u00e3o chegar\u00e1 a R$ 56,8 mil, acima do atual teto constitucional, de R$ 46,3 mil","robots":{"index":"index","follow":"follow","max-snippet":"max-snippet:-1","max-image-preview":"max-image-preview:large","max-video-preview":"max-video-preview:-1"},"canonical":"https:\/\/newblogs.correiobraziliense.com.br\/blog-da-rosana-hessel\/senado-aprova-reajuste-para-servidores-do-tcu-republica-org-critica-medida\/","og_locale":"pt_BR","og_type":"article","og_title":"Senado aprova reajuste para servidores do TCU. Rep\u00fablica.org critica medida - Blog da Rosana Hessel","og_description":"Com aprova\u00e7\u00e3o de penduricalhos adicionais, auditor do TCU poder\u00e1 ter reajuste de 56%, em quatro anos, e remunera\u00e7\u00e3o chegar\u00e1 a R$ 56,8 mil, acima do atual teto constitucional, de R$ 46,3 mil","og_url":"https:\/\/newblogs.correiobraziliense.com.br\/blog-da-rosana-hessel\/senado-aprova-reajuste-para-servidores-do-tcu-republica-org-critica-medida\/","og_site_name":"Blog da Rosana Hessel","article_published_time":"2025-12-04T16:54:08+00:00","article_modified_time":"2025-12-06T00:15:40+00:00","og_image":[{"width":1600,"height":1200,"url":"http:\/\/newblogs.correiobraziliense.com.br\/blog-da-rosana-hessel\/wp-content\/uploads\/sites\/5\/2025\/07\/congressonacional.jpg","type":"image\/jpeg"}],"author":"Rosana Hessel","schema":{"@context":"https:\/\/schema.org","@graph":[{"@type":"Article","@id":"https:\/\/newblogs.correiobraziliense.com.br\/blog-da-rosana-hessel\/senado-aprova-reajuste-para-servidores-do-tcu-republica-org-critica-medida\/#article","isPartOf":{"@id":"https:\/\/newblogs.correiobraziliense.com.br\/blog-da-rosana-hessel\/senado-aprova-reajuste-para-servidores-do-tcu-republica-org-critica-medida\/"},"author":{"name":"Rosana Hessel","@id":"https:\/\/newblogs.correiobraziliense.com.br\/blog-da-rosana-hessel\/#\/schema\/person\/824cb3c631cf0d4056f75ca02599a930"},"headline":"Senado aprova reajuste para servidores do TCU. Rep\u00fablica.org critica medida","datePublished":"2025-12-04T16:54:08+00:00","dateModified":"2025-12-06T00:15:40+00:00","mainEntityOfPage":{"@id":"https:\/\/newblogs.correiobraziliense.com.br\/blog-da-rosana-hessel\/senado-aprova-reajuste-para-servidores-do-tcu-republica-org-critica-medida\/"},"wordCount":980,"image":{"@id":"https:\/\/newblogs.correiobraziliense.com.br\/blog-da-rosana-hessel\/senado-aprova-reajuste-para-servidores-do-tcu-republica-org-critica-medida\/#primaryimage"},"thumbnailUrl":"https:\/\/newblogs.correiobraziliense.com.br\/blog-da-rosana-hessel\/wp-content\/uploads\/sites\/5\/2025\/07\/congressonacional.jpg","articleSection":["Macroeconomia"],"inLanguage":"pt-BR"},{"@type":"WebPage","@id":"https:\/\/newblogs.correiobraziliense.com.br\/blog-da-rosana-hessel\/senado-aprova-reajuste-para-servidores-do-tcu-republica-org-critica-medida\/","url":"https:\/\/newblogs.correiobraziliense.com.br\/blog-da-rosana-hessel\/senado-aprova-reajuste-para-servidores-do-tcu-republica-org-critica-medida\/","name":"Senado aprova reajuste para servidores do TCU. Rep\u00fablica.org critica medida - Blog da Rosana Hessel","isPartOf":{"@id":"https:\/\/newblogs.correiobraziliense.com.br\/blog-da-rosana-hessel\/#website"},"primaryImageOfPage":{"@id":"https:\/\/newblogs.correiobraziliense.com.br\/blog-da-rosana-hessel\/senado-aprova-reajuste-para-servidores-do-tcu-republica-org-critica-medida\/#primaryimage"},"image":{"@id":"https:\/\/newblogs.correiobraziliense.com.br\/blog-da-rosana-hessel\/senado-aprova-reajuste-para-servidores-do-tcu-republica-org-critica-medida\/#primaryimage"},"thumbnailUrl":"https:\/\/newblogs.correiobraziliense.com.br\/blog-da-rosana-hessel\/wp-content\/uploads\/sites\/5\/2025\/07\/congressonacional.jpg","datePublished":"2025-12-04T16:54:08+00:00","dateModified":"2025-12-06T00:15:40+00:00","author":{"@id":"https:\/\/newblogs.correiobraziliense.com.br\/blog-da-rosana-hessel\/#\/schema\/person\/824cb3c631cf0d4056f75ca02599a930"},"description":"Com aprova\u00e7\u00e3o de penduricalhos adicionais, auditor do TCU poder\u00e1 ter reajuste de 56%, em quatro anos, e remunera\u00e7\u00e3o chegar\u00e1 a R$ 56,8 mil, acima do atual teto constitucional, de R$ 46,3 mil","breadcrumb":{"@id":"https:\/\/newblogs.correiobraziliense.com.br\/blog-da-rosana-hessel\/senado-aprova-reajuste-para-servidores-do-tcu-republica-org-critica-medida\/#breadcrumb"},"inLanguage":"pt-BR","potentialAction":[{"@type":"ReadAction","target":["https:\/\/newblogs.correiobraziliense.com.br\/blog-da-rosana-hessel\/senado-aprova-reajuste-para-servidores-do-tcu-republica-org-critica-medida\/"]}]},{"@type":"ImageObject","inLanguage":"pt-BR","@id":"https:\/\/newblogs.correiobraziliense.com.br\/blog-da-rosana-hessel\/senado-aprova-reajuste-para-servidores-do-tcu-republica-org-critica-medida\/#primaryimage","url":"https:\/\/newblogs.correiobraziliense.com.br\/blog-da-rosana-hessel\/wp-content\/uploads\/sites\/5\/2025\/07\/congressonacional.jpg","contentUrl":"https:\/\/newblogs.correiobraziliense.com.br\/blog-da-rosana-hessel\/wp-content\/uploads\/sites\/5\/2025\/07\/congressonacional.jpg","width":1600,"height":1200,"caption":"Congresso Nacional. Cr\u00e9dito Rosana Hessel\/DAPress"},{"@type":"BreadcrumbList","@id":"https:\/\/newblogs.correiobraziliense.com.br\/blog-da-rosana-hessel\/senado-aprova-reajuste-para-servidores-do-tcu-republica-org-critica-medida\/#breadcrumb","itemListElement":[{"@type":"ListItem","position":1,"name":"In\u00edcio","item":"https:\/\/newblogs.correiobraziliense.com.br\/blog-da-rosana-hessel\/"},{"@type":"ListItem","position":2,"name":"Senado aprova reajuste para servidores do TCU. Rep\u00fablica.org critica medida"}]},{"@type":"WebSite","@id":"https:\/\/newblogs.correiobraziliense.com.br\/blog-da-rosana-hessel\/#website","url":"https:\/\/newblogs.correiobraziliense.com.br\/blog-da-rosana-hessel\/","name":"Blog da Rosana Hessel","description":"Not\u00edcias atualizadas e an\u00e1lises sobre economia. Acompanhe-nos para entender as tend\u00eancias e os impactos econ\u00f4micos que influenciam o seu dia a dia, tanto no Brasil quanto no exterior.","potentialAction":[{"@type":"SearchAction","target":{"@type":"EntryPoint","urlTemplate":"https:\/\/newblogs.correiobraziliense.com.br\/blog-da-rosana-hessel\/?s={search_term_string}"},"query-input":{"@type":"PropertyValueSpecification","valueRequired":true,"valueName":"search_term_string"}}],"inLanguage":"pt-BR"},{"@type":"Person","@id":"https:\/\/newblogs.correiobraziliense.com.br\/blog-da-rosana-hessel\/#\/schema\/person\/824cb3c631cf0d4056f75ca02599a930","name":"Rosana Hessel","image":{"@type":"ImageObject","inLanguage":"pt-BR","@id":"https:\/\/secure.gravatar.com\/avatar\/fe780cf1839cf10cd6d682fb080611e0d2a459b64be8a8781778109777fbcfd3?s=96&d=mm&r=g","url":"https:\/\/secure.gravatar.com\/avatar\/fe780cf1839cf10cd6d682fb080611e0d2a459b64be8a8781778109777fbcfd3?s=96&d=mm&r=g","contentUrl":"https:\/\/secure.gravatar.com\/avatar\/fe780cf1839cf10cd6d682fb080611e0d2a459b64be8a8781778109777fbcfd3?s=96&d=mm&r=g","caption":"Rosana Hessel"},"description":"Formada pela Pontif\u00edcia Universidade Cat\u00f3lica de S\u00e3o Paulo (PUC-SP), \u00e9 jornalista de economia desde 1995, quando passou a integrar o time da Gazeta Mercantil. Est\u00e1 sempre atr\u00e1s da boa informa\u00e7\u00e3o. Possui especializa\u00e7\u00e3o em economia pela FGV e MBA em Finan\u00e7as pela FIA-USP. Trabalha no Correio Braziliense desde 2010. Ganhou o Pr\u00eamio Esso de Jornalismo Econ\u00f4mico em 2014 e em 2015 com a equipe do Correio. Foi finalista entre os 50 jornalistas +Admirados da Imprensa de Economia, Neg\u00f3cios e Finan\u00e7as 2024, promovido pela Jornalistas&amp;Cia.","url":"https:\/\/newblogs.correiobraziliense.com.br\/blog-da-rosana-hessel\/author\/rosanahessel\/"}]}},"_links":{"self":[{"href":"https:\/\/newblogs.correiobraziliense.com.br\/blog-da-rosana-hessel\/wp-json\/wp\/v2\/posts\/34583","targetHints":{"allow":["GET"]}}],"collection":[{"href":"https:\/\/newblogs.correiobraziliense.com.br\/blog-da-rosana-hessel\/wp-json\/wp\/v2\/posts"}],"about":[{"href":"https:\/\/newblogs.correiobraziliense.com.br\/blog-da-rosana-hessel\/wp-json\/wp\/v2\/types\/post"}],"author":[{"embeddable":true,"href":"https:\/\/newblogs.correiobraziliense.com.br\/blog-da-rosana-hessel\/wp-json\/wp\/v2\/users\/10"}],"replies":[{"embeddable":true,"href":"https:\/\/newblogs.correiobraziliense.com.br\/blog-da-rosana-hessel\/wp-json\/wp\/v2\/comments?post=34583"}],"version-history":[{"count":15,"href":"https:\/\/newblogs.correiobraziliense.com.br\/blog-da-rosana-hessel\/wp-json\/wp\/v2\/posts\/34583\/revisions"}],"predecessor-version":[{"id":34615,"href":"https:\/\/newblogs.correiobraziliense.com.br\/blog-da-rosana-hessel\/wp-json\/wp\/v2\/posts\/34583\/revisions\/34615"}],"wp:featuredmedia":[{"embeddable":true,"href":"https:\/\/newblogs.correiobraziliense.com.br\/blog-da-rosana-hessel\/wp-json\/wp\/v2\/media\/33282"}],"wp:attachment":[{"href":"https:\/\/newblogs.correiobraziliense.com.br\/blog-da-rosana-hessel\/wp-json\/wp\/v2\/media?parent=34583"}],"wp:term":[{"taxonomy":"category","embeddable":true,"href":"https:\/\/newblogs.correiobraziliense.com.br\/blog-da-rosana-hessel\/wp-json\/wp\/v2\/categories?post=34583"},{"taxonomy":"post_tag","embeddable":true,"href":"https:\/\/newblogs.correiobraziliense.com.br\/blog-da-rosana-hessel\/wp-json\/wp\/v2\/tags?post=34583"}],"curies":[{"name":"wp","href":"https:\/\/api.w.org\/{rel}","templated":true}]}}