{"id":34289,"date":"2025-11-14T08:00:00","date_gmt":"2025-11-14T11:00:00","guid":{"rendered":"https:\/\/newblogs.correiobraziliense.com.br\/blog-da-rosana-hessel\/?p=34289"},"modified":"2025-11-14T13:36:51","modified_gmt":"2025-11-14T16:36:51","slug":"em-2025-mudancas-climaticas-causaram-r-31-bilhoes-em-perdas","status":"publish","type":"post","link":"https:\/\/newblogs.correiobraziliense.com.br\/blog-da-rosana-hessel\/em-2025-mudancas-climaticas-causaram-r-31-bilhoes-em-perdas\/","title":{"rendered":"Em 2025, mudan\u00e7as clim\u00e1ticas causaram R$ 31 bilh\u00f5es em perdas, segundo CNSeg"},"content":{"rendered":"\n<p><strong>Bel\u00e9m &#8212;<\/strong> As mudan\u00e7as clim\u00e1ticas provocaram R$ 31 bilh\u00f5es de perdas de janeiro a junho, em 10 eventos identificados pela Confedera\u00e7\u00e3o Nacional das Seguradoras (CNSeg) no \u201cRadar de Eventos Clim\u00e1ticos e Seguros\u201d, lan\u00e7ado oficialmente, nesta sexta-feira (14\/11), em Bel\u00e9m, na Casa do Seguro, em evento paralelo \u00e0 30\u00aa Confer\u00eancia da Organiza\u00e7\u00e3o das Na\u00e7\u00f5es Unidas (ONU) sobre Mudan\u00e7as Clim\u00e1ticas (COP30). Esses dados, contudo, ainda n\u00e3o incluem eventos recentes como o tornado que atingiu a cidade de Rio Bonito das Gar\u00e7as, no Paran\u00e1, no \u00faltimo fim de semana.<\/p>\n\n\n\n<p>Elaborado pela CNSeg em parceria com a Ernst &amp; Young (EY) com coleta de dados junto \u00e0s seguradoras associadas, o Radar identificou as perdas com 67 eventos significativos entre 2022 e 2024, somaram R$ 184 bilh\u00f5es nos \u00faltimos tr\u00eas anos. Com isso, a m\u00e9dia anual foi de aproximadamente R$ 60 bilh\u00f5es por ano, conforme antecipado pelo&nbsp; presidente da CNSeg, Dyogo Oliveira, na quarta-feira (12\/11).&nbsp;<\/p>\n\n\n\n<p>Em 2024, por exemplo, o total das perdas somou R$ 60,4 bilh\u00f5es e foram pagos R$ 7,3 bilh\u00f5es em indeniza\u00e7\u00f5es relacionadas a eventos clim\u00e1ticos, o equivalente a 13%, sobretudo nos ramos patrimonial (58%), autom\u00f3vel (19%), rural (15%) e habitacional (6%).&nbsp;&nbsp;<\/p>\n\n\n\n<p>Al\u00e9m disso, o Radar integra o primeiro m\u00f3dulo do Hub de Intelig\u00eancia Clim\u00e1tica da CNseg que, segundo o presidente da CNseg, a ferramenta vai fornecer dados relevantes que permitir\u00e3o ampliar o di\u00e1logo t\u00e9cnico entre o setor segurador e outros setores importantes da economia.&nbsp;<\/p>\n\n\n\n<p>\u201cA partir do Radar, \u00e9 poss\u00edvel ter um mapa que efetivamente vai dizer, em cada evento clim\u00e1tico, quanto isso custou em indeniza\u00e7\u00e3o paga pelo setor de seguros, sendo poss\u00edvel calcular qual \u00e9 a lacuna de prote\u00e7\u00e3o e o impacto direto na economia, permitindo propor pol\u00edticas p\u00fablicas, parcerias com outras institui\u00e7\u00f5es, sejam elas p\u00fablicas ou privadas, e subsidiar a interlocu\u00e7\u00e3o de alto n\u00edvel com o governo\u201d, afirmou.<\/p>\n\n\n\n<p>O presidente da CNSeg lembrou que os desastres clim\u00e1ticos, que est\u00e3o cada vez mais frequentes, acabam impactando as contas p\u00fablicas, porque geram aumento de custos nas contas p\u00fablicas que n\u00e3o estavam programados no Or\u00e7amento, como aconteceu em 2024, com as enchentes do Rio Grande do Sul, que provocaram R$ 35,6 bilh\u00f5es em perdas diretas, afetando 2,4 milh\u00f5es de pessoas e causando 182 mortes.<\/p>\n\n\n\n<p><strong>Lacunas de prote\u00e7\u00e3o<\/strong><\/p>\n\n\n\n<p>O estudo ser\u00e1 atualizada anualmente com o objetivo de colaborar para o entendimento do cen\u00e1rio e as perdas provocadas por desastres provocados por mudan\u00e7as clim\u00e1ticas. A ideia \u00e9 criar uma s\u00e9rie hist\u00f3rica nacional compar\u00e1vel aos relat\u00f3rios internacionais da Swiss Re e da Howden, ampliando a capacidade do Brasil de monitorar riscos e planejar pol\u00edticas de adapta\u00e7\u00e3o.&nbsp;<\/p>\n\n\n\n<p>Conforme os dados do Radar, estima-se que cerca de 9% das perdas econ\u00f4micas dos desastres clim\u00e1ticos s\u00e3o cobertas pelo mercado segurador brasileiro. Em 2024, essa m\u00e9dia atingiu 13%, principalmente em fun\u00e7\u00e3o das enchentes no Rio Grande do Sul. Mas, em compara\u00e7\u00e3o \u00e0 experi\u00eancia de pa\u00edses desenvolvidos, a cobertura m\u00e9dia estimada varia entre 20% e 55%, a depender da metodologia no per\u00edodo analisado pelo estudo.<\/p>\n\n\n\n<p>Embora chuvas extremas e inunda\u00e7\u00f5es sejam os epis\u00f3dios mais frequentes, as secas s\u00e3o os eventos clim\u00e1ticos que geram os maiores danos financeiros nos per\u00edodos analisados, uma vez que atingem vastas \u00e1reas e de forma prolongada, de acordo dados do estudo. O documento de quase 90 p\u00e1ginas exp\u00f5e desigualdades regionais na capacidade de enfrentamento aos eventos clim\u00e1ticos: o Sul do pa\u00eds concentrou as maiores perdas econ\u00f4micas, mas o Norte e o Nordeste apresentaram os menores n\u00edveis de prote\u00e7\u00e3o, com menos de 2% das perdas seguradas.<\/p>\n\n\n\n<p>A partir de estudo realizado pela CNseg junto \u00e0s suas associadas, estima-se que cerca de 9% das perdas econ\u00f4micas dos desastres clim\u00e1ticos s\u00e3o cobertas pelo mercado segurador brasileiro. Em 2024 essa m\u00e9dia atingiu 13%, principalmente em fun\u00e7\u00e3o das enchentes no Rio Grande do Sul).&nbsp; Mas, em compara\u00e7\u00e3o a experi\u00eancia de pa\u00edses desenvolvidos, a cobertura m\u00e9dia estimada varia entre 20% e 55%, a depender da metodologia, per\u00edodo analisado e recorte considerado pelo estudo.<\/p>\n\n\n\n<p>Luciana Dall\u2019Agnol, superintendente de sustentabilidade da CNseg, destacou que o radar lan\u00e7ado pela entidade indica que, al\u00e9m das perdas financeiras, o estudo indica perdas indiretas e impacto socioecon\u00f4mico identificadas pelo radar. \u201cH\u00e1 um incremento acentuado na quantidade de eventos clim\u00e1ticos ao longo do tempo e, obviamente, h\u00e1 uma frequ\u00eancia maior em outros anos, a depender da previsibilidade\u201c, afirmou.<\/p>\n\n\n\n<p>De acordo com a executiva, a meta da entidade \u00e9 aumentar em 30% o acesso ao seguro, e, por conta disso, a CNSeg trabalha na cria\u00e7\u00e3o do&nbsp; seguro cat\u00e1strofe e, em conjunto com a Superintend\u00eancia Nacional do Seguro Privado (Susep), participa de um grupo de trabalho para desenvolver o modelo de um fundo para desastres clim\u00e1ticos, a fim de criar uma cobertura para fazer o atendimento \u00e0s pessoas impactadas por esses eventos.<\/p>\n\n\n\n<p>\u201cO objetivo \u00e9 criar espa\u00e7o para o acesso ao seguro dos mais expostos ao risco clim\u00e1tico e que n\u00e3o possuem nenhum tipo de cobertura e que precisam de uma ajuda imediata do governo\u201d, afirmou a executiva da CNSeg. Ela informou que os indiv\u00edduos pretos, pobres e moradores de periferia s\u00e3o os mais afetados pelos efeitos clim\u00e1ticos, e, portanto, uma das fun\u00e7\u00f5es do impulsionamento de seguros \u00e9 atender comunidades perif\u00e9ricas.<\/p>\n\n\n\n<p>Al\u00e9m disso, a executiva lembrou que n\u00e3o existe atualmente cobertura para estruturas do governo federal. \u201cE quando falamos em aumentar a cobertura, \u00e9 preciso ampliar o seguro para obras p\u00fablicas tamb\u00e9m. No caso do Rio Grande do Sul, por exemplo, o aeroporto de Porto Alegre tinha uma cobertura m\u00ednima, que n\u00e3o cobriu todos os preju\u00edzos provocados pelas enchentes no ano passado\u201d, destacou Luciana Dall\u2019Agnol.&nbsp;<\/p>\n\n\n\n<p><em>*A jornalista viajou a convite da CNSeg<\/em><\/p>\n","protected":false},"excerpt":{"rendered":"<p>Preju\u00edzo foi registrado pela pela CNSeg de janeiro a junho deste ano e, conforme dados do &#8220;Radar de Eventos Clim\u00e1ticos e Seguros&#8221;, divulgado nesta sexta-feira (14\/11). Nos \u00faltimos tr\u00eas anos, perdas com desastres clim\u00e1ticos no pa\u00eds somaram R$ 184 bilh\u00f5es<\/p>\n","protected":false},"author":10,"featured_media":34290,"comment_status":"closed","ping_status":"closed","sticky":false,"template":"","format":"standard","meta":{"_acf_changed":false,"inline_featured_image":false,"footnotes":""},"categories":[2041],"tags":[1461,2200,510,2042],"class_list":["post-34289","post","type-post","status-publish","format-standard","has-post-thumbnail","hentry","category-seguros","tag-cnseg","tag-cop30","tag-perdas","tag-seguros"],"acf":[],"yoast_head":"<!-- This site is optimized with the Yoast SEO plugin v27.3 - https:\/\/yoast.com\/product\/yoast-seo-wordpress\/ -->\n<title>Em 2025, mudan\u00e7as clim\u00e1ticas causaram R$ 31 bilh\u00f5es em perdas, segundo CNSeg - Blog da Rosana Hessel<\/title>\n<meta name=\"description\" content=\"Preju\u00edzo foi registrado pela pela CNSeg de janeiro a junho deste ano e, conforme dados do &quot;Radar de Eventos Clim\u00e1ticos e Seguros&quot;, divulgado nesta sexta-feira (14\/11). Nos \u00faltimos tr\u00eas anos, perdas com desastres clim\u00e1ticos no pa\u00eds somaram R$ 184 bilh\u00f5es\" \/>\n<meta name=\"robots\" content=\"index, follow, max-snippet:-1, max-image-preview:large, max-video-preview:-1\" \/>\n<link rel=\"canonical\" href=\"https:\/\/newblogs.correiobraziliense.com.br\/blog-da-rosana-hessel\/em-2025-mudancas-climaticas-causaram-r-31-bilhoes-em-perdas\/\" \/>\n<meta property=\"og:locale\" content=\"pt_BR\" \/>\n<meta property=\"og:type\" content=\"article\" \/>\n<meta property=\"og:title\" content=\"Em 2025, mudan\u00e7as clim\u00e1ticas causaram R$ 31 bilh\u00f5es em perdas, segundo CNSeg - Blog da Rosana Hessel\" \/>\n<meta property=\"og:description\" content=\"Preju\u00edzo foi registrado pela pela CNSeg de janeiro a junho deste ano e, conforme dados do &quot;Radar de Eventos Clim\u00e1ticos e Seguros&quot;, divulgado nesta sexta-feira (14\/11). Nos \u00faltimos tr\u00eas anos, perdas com desastres clim\u00e1ticos no pa\u00eds somaram R$ 184 bilh\u00f5es\" \/>\n<meta property=\"og:url\" content=\"https:\/\/newblogs.correiobraziliense.com.br\/blog-da-rosana-hessel\/em-2025-mudancas-climaticas-causaram-r-31-bilhoes-em-perdas\/\" \/>\n<meta property=\"og:site_name\" content=\"Blog da Rosana Hessel\" \/>\n<meta property=\"article:published_time\" content=\"2025-11-14T11:00:00+00:00\" \/>\n<meta property=\"article:modified_time\" content=\"2025-11-14T16:36:51+00:00\" \/>\n<meta property=\"og:image\" content=\"http:\/\/newblogs.correiobraziliense.com.br\/blog-da-rosana-hessel\/wp-content\/uploads\/sites\/5\/2025\/11\/Dyogo-Oliveira-CNSeg-Casa-do-Seguro.jpg\" \/>\n\t<meta property=\"og:image:width\" content=\"1649\" \/>\n\t<meta property=\"og:image:height\" content=\"1635\" \/>\n\t<meta property=\"og:image:type\" content=\"image\/jpeg\" \/>\n<meta name=\"author\" content=\"Rosana Hessel\" \/>\n<!-- \/ Yoast SEO plugin. -->","yoast_head_json":{"title":"Em 2025, mudan\u00e7as clim\u00e1ticas causaram R$ 31 bilh\u00f5es em perdas, segundo CNSeg - Blog da Rosana Hessel","description":"Preju\u00edzo foi registrado pela pela CNSeg de janeiro a junho deste ano e, conforme dados do \"Radar de Eventos Clim\u00e1ticos e Seguros\", divulgado nesta sexta-feira (14\/11). Nos \u00faltimos tr\u00eas anos, perdas com desastres clim\u00e1ticos no pa\u00eds somaram R$ 184 bilh\u00f5es","robots":{"index":"index","follow":"follow","max-snippet":"max-snippet:-1","max-image-preview":"max-image-preview:large","max-video-preview":"max-video-preview:-1"},"canonical":"https:\/\/newblogs.correiobraziliense.com.br\/blog-da-rosana-hessel\/em-2025-mudancas-climaticas-causaram-r-31-bilhoes-em-perdas\/","og_locale":"pt_BR","og_type":"article","og_title":"Em 2025, mudan\u00e7as clim\u00e1ticas causaram R$ 31 bilh\u00f5es em perdas, segundo CNSeg - Blog da Rosana Hessel","og_description":"Preju\u00edzo foi registrado pela pela CNSeg de janeiro a junho deste ano e, conforme dados do \"Radar de Eventos Clim\u00e1ticos e Seguros\", divulgado nesta sexta-feira (14\/11). Nos \u00faltimos tr\u00eas anos, perdas com desastres clim\u00e1ticos no pa\u00eds somaram R$ 184 bilh\u00f5es","og_url":"https:\/\/newblogs.correiobraziliense.com.br\/blog-da-rosana-hessel\/em-2025-mudancas-climaticas-causaram-r-31-bilhoes-em-perdas\/","og_site_name":"Blog da Rosana Hessel","article_published_time":"2025-11-14T11:00:00+00:00","article_modified_time":"2025-11-14T16:36:51+00:00","og_image":[{"width":1649,"height":1635,"url":"http:\/\/newblogs.correiobraziliense.com.br\/blog-da-rosana-hessel\/wp-content\/uploads\/sites\/5\/2025\/11\/Dyogo-Oliveira-CNSeg-Casa-do-Seguro.jpg","type":"image\/jpeg"}],"author":"Rosana Hessel","schema":{"@context":"https:\/\/schema.org","@graph":[{"@type":"Article","@id":"https:\/\/newblogs.correiobraziliense.com.br\/blog-da-rosana-hessel\/em-2025-mudancas-climaticas-causaram-r-31-bilhoes-em-perdas\/#article","isPartOf":{"@id":"https:\/\/newblogs.correiobraziliense.com.br\/blog-da-rosana-hessel\/em-2025-mudancas-climaticas-causaram-r-31-bilhoes-em-perdas\/"},"author":{"name":"Rosana Hessel","@id":"https:\/\/newblogs.correiobraziliense.com.br\/blog-da-rosana-hessel\/#\/schema\/person\/824cb3c631cf0d4056f75ca02599a930"},"headline":"Em 2025, mudan\u00e7as clim\u00e1ticas causaram R$ 31 bilh\u00f5es em perdas, segundo CNSeg","datePublished":"2025-11-14T11:00:00+00:00","dateModified":"2025-11-14T16:36:51+00:00","mainEntityOfPage":{"@id":"https:\/\/newblogs.correiobraziliense.com.br\/blog-da-rosana-hessel\/em-2025-mudancas-climaticas-causaram-r-31-bilhoes-em-perdas\/"},"wordCount":1007,"image":{"@id":"https:\/\/newblogs.correiobraziliense.com.br\/blog-da-rosana-hessel\/em-2025-mudancas-climaticas-causaram-r-31-bilhoes-em-perdas\/#primaryimage"},"thumbnailUrl":"https:\/\/newblogs.correiobraziliense.com.br\/blog-da-rosana-hessel\/wp-content\/uploads\/sites\/5\/2025\/11\/Dyogo-Oliveira-CNSeg-Casa-do-Seguro.jpg","keywords":["CNseg","cop30","perdas","seguros"],"articleSection":["SEGUROS"],"inLanguage":"pt-BR"},{"@type":"WebPage","@id":"https:\/\/newblogs.correiobraziliense.com.br\/blog-da-rosana-hessel\/em-2025-mudancas-climaticas-causaram-r-31-bilhoes-em-perdas\/","url":"https:\/\/newblogs.correiobraziliense.com.br\/blog-da-rosana-hessel\/em-2025-mudancas-climaticas-causaram-r-31-bilhoes-em-perdas\/","name":"Em 2025, mudan\u00e7as clim\u00e1ticas causaram R$ 31 bilh\u00f5es em perdas, segundo CNSeg - Blog da Rosana Hessel","isPartOf":{"@id":"https:\/\/newblogs.correiobraziliense.com.br\/blog-da-rosana-hessel\/#website"},"primaryImageOfPage":{"@id":"https:\/\/newblogs.correiobraziliense.com.br\/blog-da-rosana-hessel\/em-2025-mudancas-climaticas-causaram-r-31-bilhoes-em-perdas\/#primaryimage"},"image":{"@id":"https:\/\/newblogs.correiobraziliense.com.br\/blog-da-rosana-hessel\/em-2025-mudancas-climaticas-causaram-r-31-bilhoes-em-perdas\/#primaryimage"},"thumbnailUrl":"https:\/\/newblogs.correiobraziliense.com.br\/blog-da-rosana-hessel\/wp-content\/uploads\/sites\/5\/2025\/11\/Dyogo-Oliveira-CNSeg-Casa-do-Seguro.jpg","datePublished":"2025-11-14T11:00:00+00:00","dateModified":"2025-11-14T16:36:51+00:00","author":{"@id":"https:\/\/newblogs.correiobraziliense.com.br\/blog-da-rosana-hessel\/#\/schema\/person\/824cb3c631cf0d4056f75ca02599a930"},"description":"Preju\u00edzo foi registrado pela pela CNSeg de janeiro a junho deste ano e, conforme dados do \"Radar de Eventos Clim\u00e1ticos e Seguros\", divulgado nesta sexta-feira (14\/11). Nos \u00faltimos tr\u00eas anos, perdas com desastres clim\u00e1ticos no pa\u00eds somaram R$ 184 bilh\u00f5es","breadcrumb":{"@id":"https:\/\/newblogs.correiobraziliense.com.br\/blog-da-rosana-hessel\/em-2025-mudancas-climaticas-causaram-r-31-bilhoes-em-perdas\/#breadcrumb"},"inLanguage":"pt-BR","potentialAction":[{"@type":"ReadAction","target":["https:\/\/newblogs.correiobraziliense.com.br\/blog-da-rosana-hessel\/em-2025-mudancas-climaticas-causaram-r-31-bilhoes-em-perdas\/"]}]},{"@type":"ImageObject","inLanguage":"pt-BR","@id":"https:\/\/newblogs.correiobraziliense.com.br\/blog-da-rosana-hessel\/em-2025-mudancas-climaticas-causaram-r-31-bilhoes-em-perdas\/#primaryimage","url":"https:\/\/newblogs.correiobraziliense.com.br\/blog-da-rosana-hessel\/wp-content\/uploads\/sites\/5\/2025\/11\/Dyogo-Oliveira-CNSeg-Casa-do-Seguro.jpg","contentUrl":"https:\/\/newblogs.correiobraziliense.com.br\/blog-da-rosana-hessel\/wp-content\/uploads\/sites\/5\/2025\/11\/Dyogo-Oliveira-CNSeg-Casa-do-Seguro.jpg","width":1649,"height":1635},{"@type":"BreadcrumbList","@id":"https:\/\/newblogs.correiobraziliense.com.br\/blog-da-rosana-hessel\/em-2025-mudancas-climaticas-causaram-r-31-bilhoes-em-perdas\/#breadcrumb","itemListElement":[{"@type":"ListItem","position":1,"name":"In\u00edcio","item":"https:\/\/newblogs.correiobraziliense.com.br\/blog-da-rosana-hessel\/"},{"@type":"ListItem","position":2,"name":"Em 2025, mudan\u00e7as clim\u00e1ticas causaram R$ 31 bilh\u00f5es em perdas, segundo CNSeg"}]},{"@type":"WebSite","@id":"https:\/\/newblogs.correiobraziliense.com.br\/blog-da-rosana-hessel\/#website","url":"https:\/\/newblogs.correiobraziliense.com.br\/blog-da-rosana-hessel\/","name":"Blog da Rosana Hessel","description":"Not\u00edcias atualizadas e an\u00e1lises sobre economia. Acompanhe-nos para entender as tend\u00eancias e os impactos econ\u00f4micos que influenciam o seu dia a dia, tanto no Brasil quanto no exterior.","potentialAction":[{"@type":"SearchAction","target":{"@type":"EntryPoint","urlTemplate":"https:\/\/newblogs.correiobraziliense.com.br\/blog-da-rosana-hessel\/?s={search_term_string}"},"query-input":{"@type":"PropertyValueSpecification","valueRequired":true,"valueName":"search_term_string"}}],"inLanguage":"pt-BR"},{"@type":"Person","@id":"https:\/\/newblogs.correiobraziliense.com.br\/blog-da-rosana-hessel\/#\/schema\/person\/824cb3c631cf0d4056f75ca02599a930","name":"Rosana Hessel","image":{"@type":"ImageObject","inLanguage":"pt-BR","@id":"https:\/\/secure.gravatar.com\/avatar\/fe780cf1839cf10cd6d682fb080611e0d2a459b64be8a8781778109777fbcfd3?s=96&d=mm&r=g","url":"https:\/\/secure.gravatar.com\/avatar\/fe780cf1839cf10cd6d682fb080611e0d2a459b64be8a8781778109777fbcfd3?s=96&d=mm&r=g","contentUrl":"https:\/\/secure.gravatar.com\/avatar\/fe780cf1839cf10cd6d682fb080611e0d2a459b64be8a8781778109777fbcfd3?s=96&d=mm&r=g","caption":"Rosana Hessel"},"description":"Formada pela Pontif\u00edcia Universidade Cat\u00f3lica de S\u00e3o Paulo (PUC-SP), \u00e9 jornalista de economia desde 1995, quando passou a integrar o time da Gazeta Mercantil. Est\u00e1 sempre atr\u00e1s da boa informa\u00e7\u00e3o. Possui especializa\u00e7\u00e3o em economia pela FGV e MBA em Finan\u00e7as pela FIA-USP. Trabalha no Correio Braziliense desde 2010. Ganhou o Pr\u00eamio Esso de Jornalismo Econ\u00f4mico em 2014 e em 2015 com a equipe do Correio. Foi finalista entre os 50 jornalistas +Admirados da Imprensa de Economia, Neg\u00f3cios e Finan\u00e7as 2024, promovido pela Jornalistas&amp;Cia.","url":"https:\/\/newblogs.correiobraziliense.com.br\/blog-da-rosana-hessel\/author\/rosanahessel\/"}]}},"_links":{"self":[{"href":"https:\/\/newblogs.correiobraziliense.com.br\/blog-da-rosana-hessel\/wp-json\/wp\/v2\/posts\/34289","targetHints":{"allow":["GET"]}}],"collection":[{"href":"https:\/\/newblogs.correiobraziliense.com.br\/blog-da-rosana-hessel\/wp-json\/wp\/v2\/posts"}],"about":[{"href":"https:\/\/newblogs.correiobraziliense.com.br\/blog-da-rosana-hessel\/wp-json\/wp\/v2\/types\/post"}],"author":[{"embeddable":true,"href":"https:\/\/newblogs.correiobraziliense.com.br\/blog-da-rosana-hessel\/wp-json\/wp\/v2\/users\/10"}],"replies":[{"embeddable":true,"href":"https:\/\/newblogs.correiobraziliense.com.br\/blog-da-rosana-hessel\/wp-json\/wp\/v2\/comments?post=34289"}],"version-history":[{"count":5,"href":"https:\/\/newblogs.correiobraziliense.com.br\/blog-da-rosana-hessel\/wp-json\/wp\/v2\/posts\/34289\/revisions"}],"predecessor-version":[{"id":34296,"href":"https:\/\/newblogs.correiobraziliense.com.br\/blog-da-rosana-hessel\/wp-json\/wp\/v2\/posts\/34289\/revisions\/34296"}],"wp:featuredmedia":[{"embeddable":true,"href":"https:\/\/newblogs.correiobraziliense.com.br\/blog-da-rosana-hessel\/wp-json\/wp\/v2\/media\/34290"}],"wp:attachment":[{"href":"https:\/\/newblogs.correiobraziliense.com.br\/blog-da-rosana-hessel\/wp-json\/wp\/v2\/media?parent=34289"}],"wp:term":[{"taxonomy":"category","embeddable":true,"href":"https:\/\/newblogs.correiobraziliense.com.br\/blog-da-rosana-hessel\/wp-json\/wp\/v2\/categories?post=34289"},{"taxonomy":"post_tag","embeddable":true,"href":"https:\/\/newblogs.correiobraziliense.com.br\/blog-da-rosana-hessel\/wp-json\/wp\/v2\/tags?post=34289"}],"curies":[{"name":"wp","href":"https:\/\/api.w.org\/{rel}","templated":true}]}}