{"id":34126,"date":"2025-10-29T16:33:57","date_gmt":"2025-10-29T19:33:57","guid":{"rendered":"https:\/\/newblogs.correiobraziliense.com.br\/blog-da-rosana-hessel\/?p=34126"},"modified":"2025-10-29T20:58:50","modified_gmt":"2025-10-29T23:58:50","slug":"fed-faz-novo-corte-de-juros-mas-sinaliza-pausa-em-dezembro","status":"publish","type":"post","link":"https:\/\/newblogs.correiobraziliense.com.br\/blog-da-rosana-hessel\/fed-faz-novo-corte-de-juros-mas-sinaliza-pausa-em-dezembro\/","title":{"rendered":"Fed faz novo corte de juros, mas sinaliza pausa em dezembro"},"content":{"rendered":"\n<p>O Federal Reserve (Fed, banco central dos Estados Unidos) anunciou, nesta quarta-feira (29\/10), novo corte de juros, de 0,25 ponto percentual, reduzindo o intervalo da taxa b\u00e1sica para 3,75% a 4% ao ano, em uma decis\u00e3o que n\u00e3o foi un\u00e2nime. Ao mesmo tempo, sinalizou uma pausa em dezembro para avaliar os impactos das duas reuni\u00f5es.<\/p>\n\n\n\n<p>&#8220;A incerteza sobre as perspectivas econ\u00f4micas permanece elevada. O Comit\u00ea est\u00e1 atento aos riscos para ambos os lados de seu duplo mandato e considera que os riscos de queda para o emprego aumentaram nos \u00faltimos meses\u201d, afirmou o comunicado do Fomc, o comit\u00ea de pol\u00edtica monet\u00e1ria do Fed.<\/p>\n\n\n\n<p>Al\u00e9m do presidente do Fed, Jerome Powell, votaram a favor do corte de 0,25 ponto percentual nos juros b\u00e1sicos: John C. Williams, vice-presidente; Michael S. Barr; Michelle W. Bowman; Susan M. Collins; Lisa D. Cook; Austan D. Goolsbee; Philip N. Jefferson; Alberto G. Musalem; e Christopher J. Waller. O rec\u00e9m empossado no banco Stephen I. Miran defendeu um corte maior, de 0,5 ponto percentual, como na reuni\u00e3o anterior. E, por \u00faltimo, Jeffrey R. Schmid, votou pela manuten\u00e7\u00e3o.&nbsp;<\/p>\n\n\n\n<p>No comunicado, os membros do colegiado reconheceram que a atividade econ\u00f4mica continua crescendo, \u201cmas em ritmo moderado\u201d. Segundo a institui\u00e7\u00e3o, os dados de emprego apresentaram desacelera\u00e7\u00e3o na cria\u00e7\u00e3o de empregos em agosto e a taxa de desemprego permaneceu baixa, contudo, a infla\u00e7\u00e3o subiu desde o in\u00edcio do ano \u201ce permanece um pouco elevada\u201d.<\/p>\n\n\n\n<p>De acordo com analistas, a decis\u00e3o de novo corte de 0,25 ponto percentual era esperada, e, com isso, essa expectativa contribuiu, em grande parte, para a queda do d\u00f3lar frente ao real nos \u00faltimos dias. Pouco antes da decis\u00e3o, a divisa norte-americana era negociada a R$ 5,34, com desvaloriza\u00e7\u00e3o de 0,28%, mas voltou a subir e a ficar acima de R$ 5,35 ap\u00f3s as declara\u00e7\u00f5es de Powell.<\/p>\n\n\n\n<p>Eduardo Velho, economista-chefe da Equador Investimentos, apontou que a principal novidade do discurso do Fed \u00e9 de que n\u00e3o h\u00e1 garantia de queda de juros em dezembro. &#8220;Por isso, o d\u00f3lar voltou a subir um pouco\u201d, destacou. Segundo ele, frente a outras moedas, o d\u00f3lar ainda apresentava uma leve alta, em torno de 0,2%, em rela\u00e7\u00e3o ao conjunto de seis moedas de maior liquidez e consideradas fortes \u2013\u00a0 euro, iene, d\u00f3lar canadense, d\u00f3lar australiano, libra esterlina, coroa sueca e franco sui\u00e7o \u2013 que comp\u00f5em o \u00cdndice DXY. &#8220;Houve um pequeno no mercado ajuste ap\u00f3s a decis\u00e3o&#8221;, disse.<\/p>\n\n\n\n<p>O economista Gustavo Cruz, estrategista da RB Investimentos, ressaltou que o mercado ainda tem uma expectativa do mercado para mais um corte de juros na pr\u00f3xima reuni\u00e3o do Fed, em dezembro, mas Powell afirmou na coletiva que &#8220;dezembro n\u00e3o est\u00e1 garantido&#8221;. Uma das surpresas na decis\u00e3o foi a diverg\u00eancia dupla, com o \u00faltimo indicado de Trump, Miran, pedindo corte maior.\u00a0 \u201cIsso at\u00e9 estava no radar, mas um dos dirigentes pediu para manter a taxa de juros\u201d, afirmou.<\/p>\n\n\n\n<p>Na avalia\u00e7\u00e3o de Jason Vieira, economista-chefe da Lev Intelligence, o Fed tentou passar uma mensagem de confian\u00e7a no arrefecimento da economia, &#8220;por\u00e9m os dados podem ainda n\u00e3o corroborar com esta vis\u00e3o\u201d. Ele destacou o fato que o BC norte-americano, finalmente, \u201ccolocou um ponto final no aperto quantitativo (Quantitative Tightening)\u201d. <\/p>\n\n\n\n<p>\u201cO mercado vinha cobrando h\u00e1 meses. Isso marca o fim do processo de drenagem de liquidez iniciada em 2022, que se arrastou al\u00e9m do razo\u00e1vel (deveria ter sido finalizado muito antes), com impacto desnecess\u00e1rio sobre as condi\u00e7\u00f5es financeiras globais e o excesso de liquidez\u201d, acrescentou.&nbsp;<\/p>\n\n\n\n<p>Para Vieira, o problema \u00e9 que os indicadores de demanda e investimento dos EUA ainda mostram ritmo mais forte do que o desejado, especialmente nos servi\u00e7os e consumo das fam\u00edlias. \u201cSe essa din\u00e2mica persistir, o risco do Fed \u00e9 precisar reverter o corte ou postergar novos\u201d, alertou. Para ele, a dissid\u00eancia dentro do Fomc foi outro ponto relevante no comunicado. \u201cTal contraste ainda n\u00e3o refor\u00e7a a falta de consenso sobre o est\u00e1gio do ciclo monet\u00e1rio e evidencia a incerteza quanto \u00e0 for\u00e7a da economia, especialmente pela figura pol\u00eamica de Miran\u201d, afirmou.&nbsp;<\/p>\n\n\n\n\n","protected":false},"excerpt":{"rendered":"<p>Em decis\u00e3o dividida, banco central dos EUA reduz taxa b\u00e1sica em 0,25 ponto percentual, para 3,75% e 4% ao ano, e n\u00e3o d\u00e1 certeza de corte na pr\u00f3xima e \u00faltima reuni\u00e3o do ano <\/p>\n","protected":false},"author":10,"featured_media":33085,"comment_status":"closed","ping_status":"closed","sticky":false,"template":"","format":"standard","meta":{"_acf_changed":false,"inline_featured_image":false,"footnotes":""},"categories":[1,1870],"tags":[831,36,125,37,39,2124],"class_list":["post-34126","post","type-post","status-publish","format-standard","has-post-thumbnail","hentry","category-sem-categoria","category-politica-monetaria","tag-decisao","tag-dolar","tag-estados-unidos","tag-fed","tag-juros","tag-powell"],"acf":[],"yoast_head":"<!-- This site is optimized with the Yoast SEO plugin v27.3 - https:\/\/yoast.com\/product\/yoast-seo-wordpress\/ -->\n<title>Fed faz novo corte de juros, mas sinaliza pausa em dezembro - Blog da Rosana Hessel<\/title>\n<meta name=\"description\" content=\"Em decis\u00e3o dividida, banco central dos EUA reduz taxa b\u00e1sica em 0,25 ponto percentual, para 3,75% e 4% ao ano, e n\u00e3o d\u00e1 certeza de corte na pr\u00f3xima e \u00faltima reuni\u00e3o do ano\" \/>\n<meta name=\"robots\" content=\"index, follow, max-snippet:-1, max-image-preview:large, max-video-preview:-1\" \/>\n<link rel=\"canonical\" href=\"https:\/\/newblogs.correiobraziliense.com.br\/blog-da-rosana-hessel\/fed-faz-novo-corte-de-juros-mas-sinaliza-pausa-em-dezembro\/\" \/>\n<meta property=\"og:locale\" content=\"pt_BR\" \/>\n<meta property=\"og:type\" content=\"article\" \/>\n<meta property=\"og:title\" content=\"Fed faz novo corte de juros, mas sinaliza pausa em dezembro - Blog da Rosana Hessel\" \/>\n<meta property=\"og:description\" content=\"Em decis\u00e3o dividida, banco central dos EUA reduz taxa b\u00e1sica em 0,25 ponto percentual, para 3,75% e 4% ao ano, e n\u00e3o d\u00e1 certeza de corte na pr\u00f3xima e \u00faltima reuni\u00e3o do ano\" \/>\n<meta property=\"og:url\" content=\"https:\/\/newblogs.correiobraziliense.com.br\/blog-da-rosana-hessel\/fed-faz-novo-corte-de-juros-mas-sinaliza-pausa-em-dezembro\/\" \/>\n<meta property=\"og:site_name\" content=\"Blog da Rosana Hessel\" \/>\n<meta property=\"article:published_time\" content=\"2025-10-29T19:33:57+00:00\" \/>\n<meta property=\"article:modified_time\" content=\"2025-10-29T23:58:50+00:00\" \/>\n<meta property=\"og:image\" content=\"http:\/\/newblogs.correiobraziliense.com.br\/blog-da-rosana-hessel\/wp-content\/uploads\/sites\/5\/2025\/06\/063_2151003858-36708025.jpg\" \/>\n\t<meta property=\"og:image:width\" content=\"1200\" \/>\n\t<meta property=\"og:image:height\" content=\"799\" \/>\n\t<meta property=\"og:image:type\" content=\"image\/jpeg\" \/>\n<meta name=\"author\" content=\"Rosana Hessel\" \/>\n<!-- \/ Yoast SEO plugin. -->","yoast_head_json":{"title":"Fed faz novo corte de juros, mas sinaliza pausa em dezembro - Blog da Rosana Hessel","description":"Em decis\u00e3o dividida, banco central dos EUA reduz taxa b\u00e1sica em 0,25 ponto percentual, para 3,75% e 4% ao ano, e n\u00e3o d\u00e1 certeza de corte na pr\u00f3xima e \u00faltima reuni\u00e3o do ano","robots":{"index":"index","follow":"follow","max-snippet":"max-snippet:-1","max-image-preview":"max-image-preview:large","max-video-preview":"max-video-preview:-1"},"canonical":"https:\/\/newblogs.correiobraziliense.com.br\/blog-da-rosana-hessel\/fed-faz-novo-corte-de-juros-mas-sinaliza-pausa-em-dezembro\/","og_locale":"pt_BR","og_type":"article","og_title":"Fed faz novo corte de juros, mas sinaliza pausa em dezembro - Blog da Rosana Hessel","og_description":"Em decis\u00e3o dividida, banco central dos EUA reduz taxa b\u00e1sica em 0,25 ponto percentual, para 3,75% e 4% ao ano, e n\u00e3o d\u00e1 certeza de corte na pr\u00f3xima e \u00faltima reuni\u00e3o do ano","og_url":"https:\/\/newblogs.correiobraziliense.com.br\/blog-da-rosana-hessel\/fed-faz-novo-corte-de-juros-mas-sinaliza-pausa-em-dezembro\/","og_site_name":"Blog da Rosana Hessel","article_published_time":"2025-10-29T19:33:57+00:00","article_modified_time":"2025-10-29T23:58:50+00:00","og_image":[{"width":1200,"height":799,"url":"http:\/\/newblogs.correiobraziliense.com.br\/blog-da-rosana-hessel\/wp-content\/uploads\/sites\/5\/2025\/06\/063_2151003858-36708025.jpg","type":"image\/jpeg"}],"author":"Rosana Hessel","schema":{"@context":"https:\/\/schema.org","@graph":[{"@type":"Article","@id":"https:\/\/newblogs.correiobraziliense.com.br\/blog-da-rosana-hessel\/fed-faz-novo-corte-de-juros-mas-sinaliza-pausa-em-dezembro\/#article","isPartOf":{"@id":"https:\/\/newblogs.correiobraziliense.com.br\/blog-da-rosana-hessel\/fed-faz-novo-corte-de-juros-mas-sinaliza-pausa-em-dezembro\/"},"author":{"name":"Rosana Hessel","@id":"https:\/\/newblogs.correiobraziliense.com.br\/blog-da-rosana-hessel\/#\/schema\/person\/824cb3c631cf0d4056f75ca02599a930"},"headline":"Fed faz novo corte de juros, mas sinaliza pausa em dezembro","datePublished":"2025-10-29T19:33:57+00:00","dateModified":"2025-10-29T23:58:50+00:00","mainEntityOfPage":{"@id":"https:\/\/newblogs.correiobraziliense.com.br\/blog-da-rosana-hessel\/fed-faz-novo-corte-de-juros-mas-sinaliza-pausa-em-dezembro\/"},"wordCount":714,"image":{"@id":"https:\/\/newblogs.correiobraziliense.com.br\/blog-da-rosana-hessel\/fed-faz-novo-corte-de-juros-mas-sinaliza-pausa-em-dezembro\/#primaryimage"},"thumbnailUrl":"https:\/\/newblogs.correiobraziliense.com.br\/blog-da-rosana-hessel\/wp-content\/uploads\/sites\/5\/2025\/06\/063_2151003858-36708025.jpg","keywords":["decis\u00e3o","d\u00f3lar","Estados Unidos","Fed","juros","Powell"],"articleSection":["Macroeconomia","Pol\u00edtica monet\u00e1ria"],"inLanguage":"pt-BR"},{"@type":"WebPage","@id":"https:\/\/newblogs.correiobraziliense.com.br\/blog-da-rosana-hessel\/fed-faz-novo-corte-de-juros-mas-sinaliza-pausa-em-dezembro\/","url":"https:\/\/newblogs.correiobraziliense.com.br\/blog-da-rosana-hessel\/fed-faz-novo-corte-de-juros-mas-sinaliza-pausa-em-dezembro\/","name":"Fed faz novo corte de juros, mas sinaliza pausa em dezembro - Blog da Rosana Hessel","isPartOf":{"@id":"https:\/\/newblogs.correiobraziliense.com.br\/blog-da-rosana-hessel\/#website"},"primaryImageOfPage":{"@id":"https:\/\/newblogs.correiobraziliense.com.br\/blog-da-rosana-hessel\/fed-faz-novo-corte-de-juros-mas-sinaliza-pausa-em-dezembro\/#primaryimage"},"image":{"@id":"https:\/\/newblogs.correiobraziliense.com.br\/blog-da-rosana-hessel\/fed-faz-novo-corte-de-juros-mas-sinaliza-pausa-em-dezembro\/#primaryimage"},"thumbnailUrl":"https:\/\/newblogs.correiobraziliense.com.br\/blog-da-rosana-hessel\/wp-content\/uploads\/sites\/5\/2025\/06\/063_2151003858-36708025.jpg","datePublished":"2025-10-29T19:33:57+00:00","dateModified":"2025-10-29T23:58:50+00:00","author":{"@id":"https:\/\/newblogs.correiobraziliense.com.br\/blog-da-rosana-hessel\/#\/schema\/person\/824cb3c631cf0d4056f75ca02599a930"},"description":"Em decis\u00e3o dividida, banco central dos EUA reduz taxa b\u00e1sica em 0,25 ponto percentual, para 3,75% e 4% ao ano, e n\u00e3o d\u00e1 certeza de corte na pr\u00f3xima e \u00faltima reuni\u00e3o do ano","breadcrumb":{"@id":"https:\/\/newblogs.correiobraziliense.com.br\/blog-da-rosana-hessel\/fed-faz-novo-corte-de-juros-mas-sinaliza-pausa-em-dezembro\/#breadcrumb"},"inLanguage":"pt-BR","potentialAction":[{"@type":"ReadAction","target":["https:\/\/newblogs.correiobraziliense.com.br\/blog-da-rosana-hessel\/fed-faz-novo-corte-de-juros-mas-sinaliza-pausa-em-dezembro\/"]}]},{"@type":"ImageObject","inLanguage":"pt-BR","@id":"https:\/\/newblogs.correiobraziliense.com.br\/blog-da-rosana-hessel\/fed-faz-novo-corte-de-juros-mas-sinaliza-pausa-em-dezembro\/#primaryimage","url":"https:\/\/newblogs.correiobraziliense.com.br\/blog-da-rosana-hessel\/wp-content\/uploads\/sites\/5\/2025\/06\/063_2151003858-36708025.jpg","contentUrl":"https:\/\/newblogs.correiobraziliense.com.br\/blog-da-rosana-hessel\/wp-content\/uploads\/sites\/5\/2025\/06\/063_2151003858-36708025.jpg","width":1200,"height":799,"caption":"Jerome Powell, presidente do Fed\/ Chip Somodevilla\/Getty Images\/AFP"},{"@type":"BreadcrumbList","@id":"https:\/\/newblogs.correiobraziliense.com.br\/blog-da-rosana-hessel\/fed-faz-novo-corte-de-juros-mas-sinaliza-pausa-em-dezembro\/#breadcrumb","itemListElement":[{"@type":"ListItem","position":1,"name":"In\u00edcio","item":"https:\/\/newblogs.correiobraziliense.com.br\/blog-da-rosana-hessel\/"},{"@type":"ListItem","position":2,"name":"Fed faz novo corte de juros, mas sinaliza pausa em dezembro"}]},{"@type":"WebSite","@id":"https:\/\/newblogs.correiobraziliense.com.br\/blog-da-rosana-hessel\/#website","url":"https:\/\/newblogs.correiobraziliense.com.br\/blog-da-rosana-hessel\/","name":"Blog da Rosana Hessel","description":"Not\u00edcias atualizadas e an\u00e1lises sobre economia. Acompanhe-nos para entender as tend\u00eancias e os impactos econ\u00f4micos que influenciam o seu dia a dia, tanto no Brasil quanto no exterior.","potentialAction":[{"@type":"SearchAction","target":{"@type":"EntryPoint","urlTemplate":"https:\/\/newblogs.correiobraziliense.com.br\/blog-da-rosana-hessel\/?s={search_term_string}"},"query-input":{"@type":"PropertyValueSpecification","valueRequired":true,"valueName":"search_term_string"}}],"inLanguage":"pt-BR"},{"@type":"Person","@id":"https:\/\/newblogs.correiobraziliense.com.br\/blog-da-rosana-hessel\/#\/schema\/person\/824cb3c631cf0d4056f75ca02599a930","name":"Rosana Hessel","image":{"@type":"ImageObject","inLanguage":"pt-BR","@id":"https:\/\/secure.gravatar.com\/avatar\/fe780cf1839cf10cd6d682fb080611e0d2a459b64be8a8781778109777fbcfd3?s=96&d=mm&r=g","url":"https:\/\/secure.gravatar.com\/avatar\/fe780cf1839cf10cd6d682fb080611e0d2a459b64be8a8781778109777fbcfd3?s=96&d=mm&r=g","contentUrl":"https:\/\/secure.gravatar.com\/avatar\/fe780cf1839cf10cd6d682fb080611e0d2a459b64be8a8781778109777fbcfd3?s=96&d=mm&r=g","caption":"Rosana Hessel"},"description":"Formada pela Pontif\u00edcia Universidade Cat\u00f3lica de S\u00e3o Paulo (PUC-SP), \u00e9 jornalista de economia desde 1995, quando passou a integrar o time da Gazeta Mercantil. Est\u00e1 sempre atr\u00e1s da boa informa\u00e7\u00e3o. Possui especializa\u00e7\u00e3o em economia pela FGV e MBA em Finan\u00e7as pela FIA-USP. Trabalha no Correio Braziliense desde 2010. Ganhou o Pr\u00eamio Esso de Jornalismo Econ\u00f4mico em 2014 e em 2015 com a equipe do Correio. Foi finalista entre os 50 jornalistas +Admirados da Imprensa de Economia, Neg\u00f3cios e Finan\u00e7as 2024, promovido pela Jornalistas&amp;Cia.","url":"https:\/\/newblogs.correiobraziliense.com.br\/blog-da-rosana-hessel\/author\/rosanahessel\/"}]}},"_links":{"self":[{"href":"https:\/\/newblogs.correiobraziliense.com.br\/blog-da-rosana-hessel\/wp-json\/wp\/v2\/posts\/34126","targetHints":{"allow":["GET"]}}],"collection":[{"href":"https:\/\/newblogs.correiobraziliense.com.br\/blog-da-rosana-hessel\/wp-json\/wp\/v2\/posts"}],"about":[{"href":"https:\/\/newblogs.correiobraziliense.com.br\/blog-da-rosana-hessel\/wp-json\/wp\/v2\/types\/post"}],"author":[{"embeddable":true,"href":"https:\/\/newblogs.correiobraziliense.com.br\/blog-da-rosana-hessel\/wp-json\/wp\/v2\/users\/10"}],"replies":[{"embeddable":true,"href":"https:\/\/newblogs.correiobraziliense.com.br\/blog-da-rosana-hessel\/wp-json\/wp\/v2\/comments?post=34126"}],"version-history":[{"count":13,"href":"https:\/\/newblogs.correiobraziliense.com.br\/blog-da-rosana-hessel\/wp-json\/wp\/v2\/posts\/34126\/revisions"}],"predecessor-version":[{"id":34150,"href":"https:\/\/newblogs.correiobraziliense.com.br\/blog-da-rosana-hessel\/wp-json\/wp\/v2\/posts\/34126\/revisions\/34150"}],"wp:featuredmedia":[{"embeddable":true,"href":"https:\/\/newblogs.correiobraziliense.com.br\/blog-da-rosana-hessel\/wp-json\/wp\/v2\/media\/33085"}],"wp:attachment":[{"href":"https:\/\/newblogs.correiobraziliense.com.br\/blog-da-rosana-hessel\/wp-json\/wp\/v2\/media?parent=34126"}],"wp:term":[{"taxonomy":"category","embeddable":true,"href":"https:\/\/newblogs.correiobraziliense.com.br\/blog-da-rosana-hessel\/wp-json\/wp\/v2\/categories?post=34126"},{"taxonomy":"post_tag","embeddable":true,"href":"https:\/\/newblogs.correiobraziliense.com.br\/blog-da-rosana-hessel\/wp-json\/wp\/v2\/tags?post=34126"}],"curies":[{"name":"wp","href":"https:\/\/api.w.org\/{rel}","templated":true}]}}