{"id":34025,"date":"2025-10-21T03:59:00","date_gmt":"2025-10-21T06:59:00","guid":{"rendered":"https:\/\/newblogs.correiobraziliense.com.br\/blog-da-rosana-hessel\/?p=34025"},"modified":"2025-10-20T22:59:46","modified_gmt":"2025-10-21T01:59:46","slug":"orcamento-na-berlinda","status":"publish","type":"post","link":"https:\/\/newblogs.correiobraziliense.com.br\/blog-da-rosana-hessel\/orcamento-na-berlinda\/","title":{"rendered":"Or\u00e7amento na berlinda"},"content":{"rendered":"\n<p>&nbsp;A vota\u00e7\u00e3o do Projeto de Lei de Diretrizes Or\u00e7ament\u00e1rias (PLDO) de 2026 segue sem data&nbsp;definida na Comiss\u00e3o Mista de Or\u00e7amento (CMO) do Congresso. A LDO tra\u00e7a as linhas mestras do Or\u00e7amento e deveria ter sido aprovada em julho \u2014&nbsp; antes do recesso parlamentar, como \u00e9 a praxe.&nbsp;<\/p>\n\n\n\n<p>A expectativa era de que o relat\u00f3rio do PLDO de 2026 fosse analisado hoje na comiss\u00e3o, mas a sess\u00e3o para aprecia\u00e7\u00e3o foi adiada pela terceira vez apenas neste m\u00eas. De acordo com o presidente da CMO, senador Efraim Filho (Uni\u00e3o-PB), foi o governo quem pediu o adiamento \u201cdevido a incertezas sobre aumentos de impostos e dificuldades em corte de&nbsp;gastos\u201d.&nbsp; \u201cNova data a definir, ainda de acordo com o encaminhamento do governo\u201d, acrescentou o parlamentar, que alertou sobre os riscos de mais uma posterga\u00e7\u00e3o. \u201cO nosso alerta \u00e9 que esses atrasos em sequ\u00eancia colocam em risco a agenda de vota\u00e7\u00e3o do Or\u00e7amento para 2026. E, caso atrase, isso \u00e9 not\u00edcia ruim para o governo, para o Congresso&nbsp;e, pior, para o Brasil\u201d, afirmou Efraim \u00e0 coluna.&nbsp;<\/p>\n\n\n\n<p>\u00bb &nbsp; \u00bb &nbsp; \u00bb &nbsp; \u00bb &nbsp; \u00bb &nbsp; \u00bb<\/p>\n\n\n\n<p>O projeto de Lei Or\u00e7ament\u00e1ria Anual (Ploa) de 2026, enviado no fim de agosto ao Congresso, mal para em p\u00e9. Isso porque as proje\u00e7\u00f5es s\u00e3o otimistas e a meta fiscal, de um superavit prim\u00e1rio de R$ 34,3 bilh\u00f5es \u2014 ou 0,25% do Produto Interno Bruto (PIB) \u2014 segue sendo imposs\u00edvel de ser cumprida. Tanto que o consenso entre analistas do mercado \u00e9 de que a meta precisar\u00e1 ser alterada pelo governo no PLDO que ainda n\u00e3o foi votado.<\/p>\n\n\n\n<p><strong>Contas no vermelho<\/strong><\/p>\n\n\n\n<p>Enquanto o Or\u00e7amento de 2026 segue sem defini\u00e7\u00e3o, o quadro das contas p\u00fablicas est\u00e1 cada vez mais preocupante. Pelas novas proje\u00e7\u00f5es de Felipe Salto, economista-chefe da&nbsp;Warren Investimentos, a meta fiscal de 2026 precisar\u00e1 ser ajustada em R$ 38,7&nbsp;bilh\u00f5es, uma vez que a receita do Ploa est\u00e1 superestimada e as despesas est\u00e3o&nbsp;subestimadas. A pe\u00e7a or\u00e7ament\u00e1ria enviada ao Congresso prev\u00ea um&nbsp;rombo fiscal de R$ 23,3 bilh\u00f5es e s\u00f3 h\u00e1 o cumprimento da meta devido&nbsp;ao abatimento de R$ 58,7 bilh\u00f5es em precat\u00f3rios (d\u00edvidas judiciais).&nbsp;<\/p>\n\n\n\n<p>Salto estima um rombo das contas p\u00fablicas de R$ 96,6 bilh\u00f5es, em 2026, superior ao previsto para este ano, de R$ 73,4 bilh\u00f5es \u2014 e, considerando o mesmo abatimento de precat\u00f3rios, \u201cainda seriam necess\u00e1rios R$ 38,7 bilh\u00f5es para o governo fechar as contas\u201d.<\/p>\n\n\n\n<p><strong>D\u00edvida explosiva<\/strong><\/p>\n\n\n\n<p>E, como o governo n\u00e3o deve conseguir zerar o rombo das contas p\u00fablicas t\u00e3o cedo, a d\u00edvida p\u00fablica deve seguir crescendo, podendo chegar a 100% do PIB em 2030, pelas novas estimativas da Warren Investimentos \u2014 acima das previs\u00f5es do Fundo Monet\u00e1rio Internacional (FMI), de 98,1% do PIB. \u201cNossa avalia\u00e7\u00e3o, nessa nova rodada de atualiza\u00e7\u00f5es de proje\u00e7\u00f5es, \u00e9 de refor\u00e7o ao cen\u00e1rio de necessidade de altera\u00e7\u00e3o da meta de resultado prim\u00e1rio do ano que vem\u201d, afirmou Felipe Salto \u00e0 coluna.&nbsp;<\/p>\n\n\n\n<p>De acordo com ele, essas estimativas n\u00e3o consideram apenas a derrota do governo na vota\u00e7\u00e3o da Medida Provis\u00f3ria (MP) 1.303\/2025, de medidas complementares ao Imposto sobre Opera\u00e7\u00f5es Financeiras (IOF), mas de todas as outras incertezas que permeiam o projeto de Or\u00e7amento para 2026. A din\u00e2mica das receitas ainda \u00e9 positiva, segundo Salto, \u201cmas a desacelera\u00e7\u00e3o j\u00e1 est\u00e1 em curso e isso tamb\u00e9m vai dificultar a entrega do&nbsp;compromisso pretendido no PLDO\u201d.<\/p>\n\n\n\n<p><strong>Tapa-buraco<\/strong><\/p>\n\n\n\n<p>Depois do enterro da MP 1.303\/2025 no Congresso, o governo vem quebrando a cabe\u00e7a para encontrar novas fontes complementares de receita. E, pelo visto, a expectativa \u00e9 de que ele envie ao Congresso, nos pr\u00f3ximos dias, duas propostas para tapar o buraco deixado pela MP no Or\u00e7amento. Uma delas ser\u00e1 para tributar as fintechs e aumentar para 18% a taxa\u00e7\u00e3o das bets. Outra, para \u201cconten\u00e7\u00e3o\u201d de gastos, segundo o l\u00edder do governo no Congresso, Randolfe Rodrigues (PT-AP). Ele acha de bom tom separar os temas e afirma que a proposta de corte dever\u00e1 seguir a linha do que foi pacificado na medida provis\u00f3ria de compensa\u00e7\u00e3o do IOF.<\/p>\n\n\n\n<p><strong>Bets na mira<\/strong><\/p>\n\n\n\n<p>A insist\u00eancia do governo em taxar as bets \u2014 que n\u00e3o ajudam o PIB do pa\u00eds crescer \u2014 \u00e9 positiva, na avalia\u00e7\u00e3o de Felipe Salto. \u201cO governo est\u00e1 certo em insistir na tributa\u00e7\u00e3o das bets\u201d, afirmou. O economista acredita que o governo deve ressuscitar e reaproveitar temas contidos na MP 1.303 que t\u00eam maior apelo, mas \u201cisso n\u00e3o ser\u00e1 suficiente\u201d. \u201cSer\u00e1 preciso ir al\u00e9m do pretendido com aquela iniciativa. Um projeto importante \u00e9 o do deputado Jos\u00e9 Guimar\u00e3es (PT-CE), enviado no dia do encaminhamento do Ploa ao Congresso, que trata do corte de benef\u00edcios e de gastos tribut\u00e1rios. As emendas parlamentares tamb\u00e9m deveriam&nbsp;entrar na dan\u00e7a. Mas duvido muito que isso aconte\u00e7a a essa altura do campeonato\u201d, afirmou.<\/p>\n\n\n\n<p>Apostas x Bolsa Fam\u00edlia<\/p>\n\n\n\n<p>O bloqueio de benefici\u00e1rios do Bolsa Fam\u00edlia e do Cad\u00danico em casas de apostas esportivas tem sido mais dif\u00edcil que o esperado, tanto para o governo quanto para o setor. Algumas empresas de apostas on-line t\u00eam questionado judicialmente o fato de o governo julgar&nbsp;como o benefici\u00e1rio pode usar o dinheiro que recebe.&nbsp;<\/p>\n\n\n\n<p>Muitos acreditam que isso pode abrir um precedente para outros setores mais \u00e0 frente. O segmento tamb\u00e9m se preocupa com aqueles que n\u00e3o recebem mais o benef\u00edcio, mas continuam no cadastro dos programas por mais dois anos e, por isso, estariam proibidos de jogar em bets.<\/p>\n\n\n\n<p><strong>Marca\u00e7\u00e3o cerrada<\/strong><\/p>\n\n\n\n<p>A oposi\u00e7\u00e3o est\u00e1 pressionando para que o governo corte gastos, visando a redu\u00e7\u00e3o da taxa de juros. H\u00e1 chances de apresentarem um destaque na LDO, visando \u201cresponsabilidade fiscal\u201d. O l\u00edder da oposi\u00e7\u00e3o no Senado, Rog\u00e9rio Marinho (PL-RN), tem defendido essa tese junto aos parlamentares.<\/p>\n\n\n\n<p><strong>Percep\u00e7\u00e3o das IAs<\/strong><\/p>\n\n\n\n<p>A pesquisa da Nexus revelou que 51% dos brasileiros acreditam que a intelig\u00eancia artificial (IA) pode tomar decis\u00f5es melhores do que os humanos em certas situa\u00e7\u00f5es. Quarenta por cento dos entrevistados acreditam que a IA n\u00e3o supera a decis\u00e3o humana e 4% n\u00e3o souberam ou n\u00e3o responderam. A gera\u00e7\u00e3o Z (18 a 30 anos) acredita mais que a IA pode tomar decis\u00f5es melhores, assim como os brasileiros no ensino m\u00e9dio, quem recebe at\u00e9 cinco sal\u00e1rios m\u00ednimos e moradores do Norte e do Centro-Oeste do pa\u00eds. Enquanto isso,&nbsp;brasileiros com mais de 60 anos, homens, com ensino fundamental e moradores do Nordeste, acreditam que a IA n\u00e3o supera a decis\u00e3o humana.<\/p>\n\n\n\n<p><strong>Refresco na infla\u00e7\u00e3o<\/strong><\/p>\n\n\n\n<p>A queda de 4,9% no pre\u00e7o da gasolina A nas refinarias, a partir de hoje, deve ter um impacto na infla\u00e7\u00e3o de outubro relativamente pequeno, e dever\u00e1 ser captado com maior intensidade em novembro, com impacto total de 0,08 ponto percentual no \u00cdndice de&nbsp;Pre\u00e7os ao Consumidor Amplo (IPCA), pelas estimativas de Basiliki Litvac, economista da 4intelligence. <\/p>\n\n\n\n<p>Ap\u00f3s o an\u00fancio da Petrobras, ontem, ela revisou a previs\u00e3o do IPCA deste ano de 4,72% para 4,64%, ainda acima do teto da meta, de 4,50%, considerando bandeira amarela na conta de luz de dezembro. \u201cCaso as condi\u00e7\u00f5es h\u00eddricas permitam o acionamento de bandeira verde, por exemplo, nossa proje\u00e7\u00e3o em dezembro seria reduzida em 0,10 ponto percentual, levando o IPCA para muito pr\u00f3ximo do teto da meta\u201d, explicou Litvac.<\/p>\n","protected":false},"excerpt":{"rendered":"<p>&#8220;Atrasos em sequ\u00eancia colocam em risco a vota\u00e7\u00e3o do Or\u00e7amento de 2026&#8221;, alerta presidente da CMO, senador Efraim Filho (Uni\u00e3o-PB) <\/p>\n","protected":false},"author":10,"featured_media":34026,"comment_status":"closed","ping_status":"closed","sticky":false,"template":"","format":"standard","meta":{"_acf_changed":false,"inline_featured_image":false,"footnotes":""},"categories":[2179,2130,1869],"tags":[313,2181,32,315,2180,1927,719],"class_list":["post-34025","post","type-post","status-publish","format-standard","has-post-thumbnail","hentry","category-brasilia-df-2","category-congresso","category-contas-publicas","tag-contas-publicas","tag-gasolina","tag-inflacao","tag-orcamento","tag-pldo","tag-ploa","tag-rombo-fiscal"],"acf":[],"yoast_head":"<!-- This site is optimized with the Yoast SEO plugin v27.3 - https:\/\/yoast.com\/product\/yoast-seo-wordpress\/ -->\n<title>Or\u00e7amento na berlinda - Blog da Rosana Hessel<\/title>\n<meta name=\"description\" content=\"&quot;Atrasos em sequ\u00eancia colocam em risco a vota\u00e7\u00e3o do Or\u00e7amento de 2026&quot;, alerta presidente da CMO, senador Efraim Filho (Uni\u00e3o-PB)\" \/>\n<meta name=\"robots\" content=\"index, follow, max-snippet:-1, max-image-preview:large, max-video-preview:-1\" \/>\n<link rel=\"canonical\" href=\"https:\/\/newblogs.correiobraziliense.com.br\/blog-da-rosana-hessel\/orcamento-na-berlinda\/\" \/>\n<meta property=\"og:locale\" content=\"pt_BR\" \/>\n<meta property=\"og:type\" content=\"article\" \/>\n<meta property=\"og:title\" content=\"Or\u00e7amento na berlinda - Blog da Rosana Hessel\" \/>\n<meta property=\"og:description\" content=\"&quot;Atrasos em sequ\u00eancia colocam em risco a vota\u00e7\u00e3o do Or\u00e7amento de 2026&quot;, alerta presidente da CMO, senador Efraim Filho (Uni\u00e3o-PB)\" \/>\n<meta property=\"og:url\" content=\"https:\/\/newblogs.correiobraziliense.com.br\/blog-da-rosana-hessel\/orcamento-na-berlinda\/\" \/>\n<meta property=\"og:site_name\" content=\"Blog da Rosana Hessel\" \/>\n<meta property=\"article:published_time\" content=\"2025-10-21T06:59:00+00:00\" \/>\n<meta property=\"og:image\" content=\"https:\/\/newblogs.correiobraziliense.com.br\/blog-da-rosana-hessel\/wp-content\/uploads\/sites\/5\/2025\/10\/bsbdf2110-60119406.jpg\" \/>\n\t<meta property=\"og:image:width\" content=\"1228\" \/>\n\t<meta property=\"og:image:height\" content=\"1614\" \/>\n\t<meta property=\"og:image:type\" content=\"image\/jpeg\" \/>\n<meta name=\"author\" content=\"Rosana Hessel\" \/>\n<!-- \/ Yoast SEO plugin. -->","yoast_head_json":{"title":"Or\u00e7amento na berlinda - Blog da Rosana Hessel","description":"\"Atrasos em sequ\u00eancia colocam em risco a vota\u00e7\u00e3o do Or\u00e7amento de 2026\", alerta presidente da CMO, senador Efraim Filho (Uni\u00e3o-PB)","robots":{"index":"index","follow":"follow","max-snippet":"max-snippet:-1","max-image-preview":"max-image-preview:large","max-video-preview":"max-video-preview:-1"},"canonical":"https:\/\/newblogs.correiobraziliense.com.br\/blog-da-rosana-hessel\/orcamento-na-berlinda\/","og_locale":"pt_BR","og_type":"article","og_title":"Or\u00e7amento na berlinda - Blog da Rosana Hessel","og_description":"\"Atrasos em sequ\u00eancia colocam em risco a vota\u00e7\u00e3o do Or\u00e7amento de 2026\", alerta presidente da CMO, senador Efraim Filho (Uni\u00e3o-PB)","og_url":"https:\/\/newblogs.correiobraziliense.com.br\/blog-da-rosana-hessel\/orcamento-na-berlinda\/","og_site_name":"Blog da Rosana Hessel","article_published_time":"2025-10-21T06:59:00+00:00","og_image":[{"width":1228,"height":1614,"url":"https:\/\/newblogs.correiobraziliense.com.br\/blog-da-rosana-hessel\/wp-content\/uploads\/sites\/5\/2025\/10\/bsbdf2110-60119406.jpg","type":"image\/jpeg"}],"author":"Rosana Hessel","schema":{"@context":"https:\/\/schema.org","@graph":[{"@type":"Article","@id":"https:\/\/newblogs.correiobraziliense.com.br\/blog-da-rosana-hessel\/orcamento-na-berlinda\/#article","isPartOf":{"@id":"https:\/\/newblogs.correiobraziliense.com.br\/blog-da-rosana-hessel\/orcamento-na-berlinda\/"},"author":{"name":"Rosana Hessel","@id":"https:\/\/newblogs.correiobraziliense.com.br\/blog-da-rosana-hessel\/#\/schema\/person\/824cb3c631cf0d4056f75ca02599a930"},"headline":"Or\u00e7amento na berlinda","datePublished":"2025-10-21T06:59:00+00:00","mainEntityOfPage":{"@id":"https:\/\/newblogs.correiobraziliense.com.br\/blog-da-rosana-hessel\/orcamento-na-berlinda\/"},"wordCount":1267,"image":{"@id":"https:\/\/newblogs.correiobraziliense.com.br\/blog-da-rosana-hessel\/orcamento-na-berlinda\/#primaryimage"},"thumbnailUrl":"https:\/\/newblogs.correiobraziliense.com.br\/blog-da-rosana-hessel\/wp-content\/uploads\/sites\/5\/2025\/10\/bsbdf2110-60119406.jpg","keywords":["contas p\u00fablicas","gasolina","infla\u00e7\u00e3o","or\u00e7amento","PLDO","Ploa","Rombo fiscal"],"articleSection":["BRAS\u00cdLIA-DF","Congresso","Contas p\u00fablicas"],"inLanguage":"pt-BR"},{"@type":"WebPage","@id":"https:\/\/newblogs.correiobraziliense.com.br\/blog-da-rosana-hessel\/orcamento-na-berlinda\/","url":"https:\/\/newblogs.correiobraziliense.com.br\/blog-da-rosana-hessel\/orcamento-na-berlinda\/","name":"Or\u00e7amento na berlinda - Blog da Rosana Hessel","isPartOf":{"@id":"https:\/\/newblogs.correiobraziliense.com.br\/blog-da-rosana-hessel\/#website"},"primaryImageOfPage":{"@id":"https:\/\/newblogs.correiobraziliense.com.br\/blog-da-rosana-hessel\/orcamento-na-berlinda\/#primaryimage"},"image":{"@id":"https:\/\/newblogs.correiobraziliense.com.br\/blog-da-rosana-hessel\/orcamento-na-berlinda\/#primaryimage"},"thumbnailUrl":"https:\/\/newblogs.correiobraziliense.com.br\/blog-da-rosana-hessel\/wp-content\/uploads\/sites\/5\/2025\/10\/bsbdf2110-60119406.jpg","datePublished":"2025-10-21T06:59:00+00:00","author":{"@id":"https:\/\/newblogs.correiobraziliense.com.br\/blog-da-rosana-hessel\/#\/schema\/person\/824cb3c631cf0d4056f75ca02599a930"},"description":"\"Atrasos em sequ\u00eancia colocam em risco a vota\u00e7\u00e3o do Or\u00e7amento de 2026\", alerta presidente da CMO, senador Efraim Filho (Uni\u00e3o-PB)","breadcrumb":{"@id":"https:\/\/newblogs.correiobraziliense.com.br\/blog-da-rosana-hessel\/orcamento-na-berlinda\/#breadcrumb"},"inLanguage":"pt-BR","potentialAction":[{"@type":"ReadAction","target":["https:\/\/newblogs.correiobraziliense.com.br\/blog-da-rosana-hessel\/orcamento-na-berlinda\/"]}]},{"@type":"ImageObject","inLanguage":"pt-BR","@id":"https:\/\/newblogs.correiobraziliense.com.br\/blog-da-rosana-hessel\/orcamento-na-berlinda\/#primaryimage","url":"https:\/\/newblogs.correiobraziliense.com.br\/blog-da-rosana-hessel\/wp-content\/uploads\/sites\/5\/2025\/10\/bsbdf2110-60119406.jpg","contentUrl":"https:\/\/newblogs.correiobraziliense.com.br\/blog-da-rosana-hessel\/wp-content\/uploads\/sites\/5\/2025\/10\/bsbdf2110-60119406.jpg","width":1228,"height":1614},{"@type":"BreadcrumbList","@id":"https:\/\/newblogs.correiobraziliense.com.br\/blog-da-rosana-hessel\/orcamento-na-berlinda\/#breadcrumb","itemListElement":[{"@type":"ListItem","position":1,"name":"In\u00edcio","item":"https:\/\/newblogs.correiobraziliense.com.br\/blog-da-rosana-hessel\/"},{"@type":"ListItem","position":2,"name":"Or\u00e7amento na berlinda"}]},{"@type":"WebSite","@id":"https:\/\/newblogs.correiobraziliense.com.br\/blog-da-rosana-hessel\/#website","url":"https:\/\/newblogs.correiobraziliense.com.br\/blog-da-rosana-hessel\/","name":"Blog da Rosana Hessel","description":"Not\u00edcias atualizadas e an\u00e1lises sobre economia. Acompanhe-nos para entender as tend\u00eancias e os impactos econ\u00f4micos que influenciam o seu dia a dia, tanto no Brasil quanto no exterior.","potentialAction":[{"@type":"SearchAction","target":{"@type":"EntryPoint","urlTemplate":"https:\/\/newblogs.correiobraziliense.com.br\/blog-da-rosana-hessel\/?s={search_term_string}"},"query-input":{"@type":"PropertyValueSpecification","valueRequired":true,"valueName":"search_term_string"}}],"inLanguage":"pt-BR"},{"@type":"Person","@id":"https:\/\/newblogs.correiobraziliense.com.br\/blog-da-rosana-hessel\/#\/schema\/person\/824cb3c631cf0d4056f75ca02599a930","name":"Rosana Hessel","image":{"@type":"ImageObject","inLanguage":"pt-BR","@id":"https:\/\/secure.gravatar.com\/avatar\/fe780cf1839cf10cd6d682fb080611e0d2a459b64be8a8781778109777fbcfd3?s=96&d=mm&r=g","url":"https:\/\/secure.gravatar.com\/avatar\/fe780cf1839cf10cd6d682fb080611e0d2a459b64be8a8781778109777fbcfd3?s=96&d=mm&r=g","contentUrl":"https:\/\/secure.gravatar.com\/avatar\/fe780cf1839cf10cd6d682fb080611e0d2a459b64be8a8781778109777fbcfd3?s=96&d=mm&r=g","caption":"Rosana Hessel"},"description":"Formada pela Pontif\u00edcia Universidade Cat\u00f3lica de S\u00e3o Paulo (PUC-SP), \u00e9 jornalista de economia desde 1995, quando passou a integrar o time da Gazeta Mercantil. Est\u00e1 sempre atr\u00e1s da boa informa\u00e7\u00e3o. Possui especializa\u00e7\u00e3o em economia pela FGV e MBA em Finan\u00e7as pela FIA-USP. Trabalha no Correio Braziliense desde 2010. Ganhou o Pr\u00eamio Esso de Jornalismo Econ\u00f4mico em 2014 e em 2015 com a equipe do Correio. Foi finalista entre os 50 jornalistas +Admirados da Imprensa de Economia, Neg\u00f3cios e Finan\u00e7as 2024, promovido pela Jornalistas&amp;Cia.","url":"https:\/\/newblogs.correiobraziliense.com.br\/blog-da-rosana-hessel\/author\/rosanahessel\/"}]}},"_links":{"self":[{"href":"https:\/\/newblogs.correiobraziliense.com.br\/blog-da-rosana-hessel\/wp-json\/wp\/v2\/posts\/34025","targetHints":{"allow":["GET"]}}],"collection":[{"href":"https:\/\/newblogs.correiobraziliense.com.br\/blog-da-rosana-hessel\/wp-json\/wp\/v2\/posts"}],"about":[{"href":"https:\/\/newblogs.correiobraziliense.com.br\/blog-da-rosana-hessel\/wp-json\/wp\/v2\/types\/post"}],"author":[{"embeddable":true,"href":"https:\/\/newblogs.correiobraziliense.com.br\/blog-da-rosana-hessel\/wp-json\/wp\/v2\/users\/10"}],"replies":[{"embeddable":true,"href":"https:\/\/newblogs.correiobraziliense.com.br\/blog-da-rosana-hessel\/wp-json\/wp\/v2\/comments?post=34025"}],"version-history":[{"count":5,"href":"https:\/\/newblogs.correiobraziliense.com.br\/blog-da-rosana-hessel\/wp-json\/wp\/v2\/posts\/34025\/revisions"}],"predecessor-version":[{"id":34031,"href":"https:\/\/newblogs.correiobraziliense.com.br\/blog-da-rosana-hessel\/wp-json\/wp\/v2\/posts\/34025\/revisions\/34031"}],"wp:featuredmedia":[{"embeddable":true,"href":"https:\/\/newblogs.correiobraziliense.com.br\/blog-da-rosana-hessel\/wp-json\/wp\/v2\/media\/34026"}],"wp:attachment":[{"href":"https:\/\/newblogs.correiobraziliense.com.br\/blog-da-rosana-hessel\/wp-json\/wp\/v2\/media?parent=34025"}],"wp:term":[{"taxonomy":"category","embeddable":true,"href":"https:\/\/newblogs.correiobraziliense.com.br\/blog-da-rosana-hessel\/wp-json\/wp\/v2\/categories?post=34025"},{"taxonomy":"post_tag","embeddable":true,"href":"https:\/\/newblogs.correiobraziliense.com.br\/blog-da-rosana-hessel\/wp-json\/wp\/v2\/tags?post=34025"}],"curies":[{"name":"wp","href":"https:\/\/api.w.org\/{rel}","templated":true}]}}