{"id":33812,"date":"2025-09-19T18:59:22","date_gmt":"2025-09-19T21:59:22","guid":{"rendered":"https:\/\/newblogs.correiobraziliense.com.br\/blog-da-rosana-hessel\/?p=33812"},"modified":"2025-09-19T19:00:43","modified_gmt":"2025-09-19T22:00:43","slug":"bolsa-bate-4o-recorde-na-semana-em-cenario-de-selic-elevada-por-mais-tempo","status":"publish","type":"post","link":"https:\/\/newblogs.correiobraziliense.com.br\/blog-da-rosana-hessel\/bolsa-bate-4o-recorde-na-semana-em-cenario-de-selic-elevada-por-mais-tempo\/","title":{"rendered":"Bolsa bate 4\u00ba recorde na semana em cen\u00e1rio de Selic elevada por mais tempo"},"content":{"rendered":"\n<p>A Bolsa de Valores de S\u00e3o Paulo (B3) bateu novo recorde, nesta sexta-feira (19\/9), ao encerrar o preg\u00e3o com alta de 0,25%, aos 145.865 pontos, a quarta m\u00e1xima hist\u00f3rica apenas nesta semana. Ao longo do dia, o \u00cdndice Bovespa, principal indicador da B3, chegou a atingir a m\u00e1xima de 146.399 pontos ao avan\u00e7ar 0,62%. Na semana, a B3 acumula alta de 2,53%. No m\u00eas, a valoriza\u00e7\u00e3o foi de 3,14% e, no ano, de 21,27%.<\/p>\n\n\n\n<p>Esse movimento da Bolsa \u00e9 um tanto at\u00edpico ap\u00f3s o Banco Central refor\u00e7ar, na quarta-feira (17\/9), que pretende manter a taxa b\u00e1sica da economia (Selic) em 15% ao ano por um per\u00edodo prolongado e ainda sinalizou que pode at\u00e9 subir os juros se for necess\u00e1rio. <\/p>\n\n\n\n<p>De acordo com analistas, esse novo recorde da Bolsa est\u00e1 mais relacionado com o cen\u00e1rio externo e a perspectiva de queda nos juros dos Estados Unidos. Na quarta-feira, o Federal Reserve (Fed, banco central norte-americano) reduziu os juros b\u00e1sicos em 0,25 ponto percentual, ap\u00f3s 9 meses de estabilidade, para 4% a 4,25%, e essa mudan\u00e7a contribuiu para a queda do d\u00f3lar no mundo e animou os investidores brasileiros tamb\u00e9m.  <\/p>\n\n\n\n<p>Apesar de ter rompido o piso de R$ 5,30 na v\u00e9spera da decis\u00e3o do Fed, o d\u00f3lar a subir marginalmente, nesta sexta-feira, encerrando o preg\u00e3o cotado a R$ 5,32, para a venda, com alta de 0,03%, em um dia considerado tranquilo. Em Nova York, o \u00cdndice Dow Jones subiu 0,37% e a Nasdaq, bolsa das empresas de tecnologia, avan\u00e7ou 0,57%. <\/p>\n\n\n\n<p>Na B3, empresas do setor de planos de sa\u00fade lideraram as altas da B3. Na quinta-feira, o plen\u00e1rio do Supremo Tribunal Federal (STF) tomou uma decis\u00e3o favor\u00e1vel \u00e0s operadoras de planos de sa\u00fade, que deixaram de ser obrigadas a cobrir tratamentos que n\u00e3o est\u00e3o no rol da Ag\u00eancia Nacional de Sa\u00fade Suplementar (ANS). As a\u00e7\u00f5es da Qualicorp encerraram o dia com valoriza\u00e7\u00e3o de 9,48%.<\/p>\n\n\n\n<p>Alexandre Espirito Santo, economista-chefe da Way Investimentos, acredita que tudo o que est\u00e1 acontecendo na Bolsa e no c\u00e2mbio est\u00e1 relacionado com o cen\u00e1rio externo, pois mais quase 60% dos investidores da B3 s\u00e3o estrangeiros.&nbsp; \u201cEsses investidores \u00e9 que est\u00e3o ditando os grandes investimentos na Bolsa e isso vai continuar assim, a n\u00e3o ser que venha mais alguma puni\u00e7\u00e3o do presidente dos Estados Unidos, Donald Trump\u201d, afirmou. <\/p>\n\n\n\n<p>Neste m\u00eas, conforme os dados da B3, o percentual de investidores n\u00e3o residentes est\u00e1 em 58,1%, acima dos 55,8% contabilizados em 2024.&nbsp;Na semana, a Bolsa acumula alta de 2,53%. <\/p>\n\n\n\n<p>Outro dado que tem animado os investidores locais \u00e9 o tal \u201cpacote Tarc\u00edsio\u201d, uma aposta dos operadores na candidatura do governador de S\u00e3o Paulo, Tarcisio de Freitas (Republicanos). \u201cO mercado est\u00e1 animado com essa poss\u00edvel candidatura, mas ela foi negada por ele na \u00faltima quarta-feira\u201d, destacou Santo. \u00a0<\/p>\n\n\n\n<p><strong>Mudan\u00e7a de paradigma<\/strong><\/p>\n\n\n\n<p>O problema, segundo os analistas, \u00e9 que o mercado financeiro est\u00e1 tendo um comportamento fora do comum quando os juros acabam ficando mais altos, o que afugenta o investidor do mercado de a\u00e7\u00f5es. Na quarta-feira, o Comit\u00ea de Pol\u00edtica Monet\u00e1ria (Copom), do Banco Central brasileiro, deixou claro que n\u00e3o pretende baixar os juros t\u00e3o cedo, e, mesmo assim, a bolsa acabou subindo, na contram\u00e3o do esperado nesses momentos, pois juros mais altos deixam a renda fixa mais atrativa e n\u00e3o os investimentos na renda vari\u00e1vel, como \u00e9 o caso da Bolsa, que tem mais risco para o aplicador.\u00a0<\/p>\n\n\n\n<p>\u201cA renda fixa \u00e9 mais atrativa quando os juros est\u00e3o elevados, como atualmente. Mas a quest\u00e3o da Bolsa em alta \u00e9 explicada tamb\u00e9m por conta de alguns fatores, como a atividade econ\u00f4mica que ainda continua aquecida, apesar da desacelera\u00e7\u00e3o em curso. Ou seja, o pior do cen\u00e1rio esperado com o tarifa\u00e7o dos Estados Unidos n\u00e3o aconteceu\u201d, destacou Miguel Jos\u00e9 Ribeiro de Oliveira, diretor executivo de Estudos e Pesquisas Econ\u00f4micas da Associa\u00e7\u00e3o Nacional dos Executivos de Finan\u00e7as, Administra\u00e7\u00e3o e Contabilidade (Anefac).<\/p>\n\n\n\n<p>\u201cO Fed sinalizou que vai continuar cortando os juros e isso atrai investidores estrangeiros para a Bolsa brasileira. Al\u00e9m disso, as a\u00e7\u00f5es tamb\u00e9m est\u00e3o pagando bons dividendos apesar de todo esse quadro mais incerto na economia dom\u00e9stica. Isso atrai mais gente interessada na Bolsa\u201d, explicou. Contudo, ele lembrou que, de um modo geral,&nbsp;tecnicamente, quando os juros sobem, beneficia a renda fixa e prejudica a Bolsa. \u201cAgora, est\u00e1 ocorrendo o contr\u00e1rio\u201d, destacou.&nbsp;<\/p>\n\n\n\n<p>Para Alexandre Espirito Santo, da Way, o mercado de risco est\u00e1 tendo um comportamento bastante estranho nesses 38 anos que ele acompanha a Bolsa. \u201cH\u00e1 uma mudan\u00e7a de paradigmas e a forma de precifica\u00e7\u00e3o das a\u00e7\u00f5es. \u00c9 tudo intelig\u00eancia artificial, com o d\u00f3lar mais fraco no mundo e todo mundo apostando nisso. Isso \u00e9 perigoso, porque se algo mudar, n\u00e3o vai dar tempo de fazer nada\u201d, alertou.<\/p>\n","protected":false},"excerpt":{"rendered":"<p>Bolsa atinge nova m\u00e1xima hist\u00f3rica no fechamento, de 145.865 pontos, ao subir 0,25% e acumular alta de 2,53% na semana, embalada por cen\u00e1rio de corte de juros nos EUA. D\u00f3lar sobe 0,03%, para R$ 5,32<\/p>\n","protected":false},"author":10,"featured_media":30912,"comment_status":"closed","ping_status":"closed","sticky":false,"template":"","format":"standard","meta":{"_acf_changed":false,"inline_featured_image":false,"footnotes":""},"categories":[2059],"tags":[1235,1237,35,83,36,37,1241,39,318],"class_list":["post-33812","post","type-post","status-publish","format-standard","has-post-thumbnail","hentry","category-mercado-financeiro","tag-acoes","tag-b3","tag-bolsa","tag-copom","tag-dolar","tag-fed","tag-ibovespa","tag-juros","tag-mercado-financeiro"],"acf":[],"yoast_head":"<!-- This site is optimized with the Yoast SEO plugin v27.3 - https:\/\/yoast.com\/product\/yoast-seo-wordpress\/ -->\n<title>Bolsa bate 4\u00ba recorde na semana em cen\u00e1rio de Selic elevada por mais tempo - Blog da Rosana Hessel<\/title>\n<meta name=\"description\" content=\"Bolsa atinge nova m\u00e1xima hist\u00f3rica no fechamento, de 145.865 pontos, ao subir 0,25% e acumular alta de 2,53% na semana, embalada por cen\u00e1rio de corte de juros nos EUA. D\u00f3lar sobe 0,03%, para R$ 5,32\" \/>\n<meta name=\"robots\" content=\"index, follow, max-snippet:-1, max-image-preview:large, max-video-preview:-1\" \/>\n<link rel=\"canonical\" href=\"https:\/\/newblogs.correiobraziliense.com.br\/blog-da-rosana-hessel\/bolsa-bate-4o-recorde-na-semana-em-cenario-de-selic-elevada-por-mais-tempo\/\" \/>\n<meta property=\"og:locale\" content=\"pt_BR\" \/>\n<meta property=\"og:type\" content=\"article\" \/>\n<meta property=\"og:title\" content=\"Bolsa bate 4\u00ba recorde na semana em cen\u00e1rio de Selic elevada por mais tempo - Blog da Rosana Hessel\" \/>\n<meta property=\"og:description\" content=\"Bolsa atinge nova m\u00e1xima hist\u00f3rica no fechamento, de 145.865 pontos, ao subir 0,25% e acumular alta de 2,53% na semana, embalada por cen\u00e1rio de corte de juros nos EUA. D\u00f3lar sobe 0,03%, para R$ 5,32\" \/>\n<meta property=\"og:url\" content=\"https:\/\/newblogs.correiobraziliense.com.br\/blog-da-rosana-hessel\/bolsa-bate-4o-recorde-na-semana-em-cenario-de-selic-elevada-por-mais-tempo\/\" \/>\n<meta property=\"og:site_name\" content=\"Blog da Rosana Hessel\" \/>\n<meta property=\"article:published_time\" content=\"2025-09-19T21:59:22+00:00\" \/>\n<meta property=\"article:modified_time\" content=\"2025-09-19T22:00:43+00:00\" \/>\n<meta property=\"og:image\" content=\"http:\/\/newblogs.correiobraziliense.com.br\/blog-da-rosana-hessel\/wp-content\/uploads\/sites\/5\/2024\/06\/CBIFOT010620211080bolsa.jpg\" \/>\n\t<meta property=\"og:image:width\" content=\"800\" \/>\n\t<meta property=\"og:image:height\" content=\"533\" \/>\n\t<meta property=\"og:image:type\" content=\"image\/jpeg\" \/>\n<meta name=\"author\" content=\"Rosana Hessel\" \/>\n<!-- \/ Yoast SEO plugin. -->","yoast_head_json":{"title":"Bolsa bate 4\u00ba recorde na semana em cen\u00e1rio de Selic elevada por mais tempo - Blog da Rosana Hessel","description":"Bolsa atinge nova m\u00e1xima hist\u00f3rica no fechamento, de 145.865 pontos, ao subir 0,25% e acumular alta de 2,53% na semana, embalada por cen\u00e1rio de corte de juros nos EUA. D\u00f3lar sobe 0,03%, para R$ 5,32","robots":{"index":"index","follow":"follow","max-snippet":"max-snippet:-1","max-image-preview":"max-image-preview:large","max-video-preview":"max-video-preview:-1"},"canonical":"https:\/\/newblogs.correiobraziliense.com.br\/blog-da-rosana-hessel\/bolsa-bate-4o-recorde-na-semana-em-cenario-de-selic-elevada-por-mais-tempo\/","og_locale":"pt_BR","og_type":"article","og_title":"Bolsa bate 4\u00ba recorde na semana em cen\u00e1rio de Selic elevada por mais tempo - Blog da Rosana Hessel","og_description":"Bolsa atinge nova m\u00e1xima hist\u00f3rica no fechamento, de 145.865 pontos, ao subir 0,25% e acumular alta de 2,53% na semana, embalada por cen\u00e1rio de corte de juros nos EUA. D\u00f3lar sobe 0,03%, para R$ 5,32","og_url":"https:\/\/newblogs.correiobraziliense.com.br\/blog-da-rosana-hessel\/bolsa-bate-4o-recorde-na-semana-em-cenario-de-selic-elevada-por-mais-tempo\/","og_site_name":"Blog da Rosana Hessel","article_published_time":"2025-09-19T21:59:22+00:00","article_modified_time":"2025-09-19T22:00:43+00:00","og_image":[{"width":800,"height":533,"url":"http:\/\/newblogs.correiobraziliense.com.br\/blog-da-rosana-hessel\/wp-content\/uploads\/sites\/5\/2024\/06\/CBIFOT010620211080bolsa.jpg","type":"image\/jpeg"}],"author":"Rosana Hessel","schema":{"@context":"https:\/\/schema.org","@graph":[{"@type":"Article","@id":"https:\/\/newblogs.correiobraziliense.com.br\/blog-da-rosana-hessel\/bolsa-bate-4o-recorde-na-semana-em-cenario-de-selic-elevada-por-mais-tempo\/#article","isPartOf":{"@id":"https:\/\/newblogs.correiobraziliense.com.br\/blog-da-rosana-hessel\/bolsa-bate-4o-recorde-na-semana-em-cenario-de-selic-elevada-por-mais-tempo\/"},"author":{"name":"Rosana Hessel","@id":"https:\/\/newblogs.correiobraziliense.com.br\/blog-da-rosana-hessel\/#\/schema\/person\/824cb3c631cf0d4056f75ca02599a930"},"headline":"Bolsa bate 4\u00ba recorde na semana em cen\u00e1rio de Selic elevada por mais tempo","datePublished":"2025-09-19T21:59:22+00:00","dateModified":"2025-09-19T22:00:43+00:00","mainEntityOfPage":{"@id":"https:\/\/newblogs.correiobraziliense.com.br\/blog-da-rosana-hessel\/bolsa-bate-4o-recorde-na-semana-em-cenario-de-selic-elevada-por-mais-tempo\/"},"wordCount":839,"image":{"@id":"https:\/\/newblogs.correiobraziliense.com.br\/blog-da-rosana-hessel\/bolsa-bate-4o-recorde-na-semana-em-cenario-de-selic-elevada-por-mais-tempo\/#primaryimage"},"thumbnailUrl":"https:\/\/newblogs.correiobraziliense.com.br\/blog-da-rosana-hessel\/wp-content\/uploads\/sites\/5\/2024\/06\/CBIFOT010620211080bolsa.jpg","keywords":["a\u00e7\u00f5es","B3","bolsa","Copom","d\u00f3lar","Fed","Ibovespa","juros","mercado financeiro"],"articleSection":["Mercado financeiro"],"inLanguage":"pt-BR"},{"@type":"WebPage","@id":"https:\/\/newblogs.correiobraziliense.com.br\/blog-da-rosana-hessel\/bolsa-bate-4o-recorde-na-semana-em-cenario-de-selic-elevada-por-mais-tempo\/","url":"https:\/\/newblogs.correiobraziliense.com.br\/blog-da-rosana-hessel\/bolsa-bate-4o-recorde-na-semana-em-cenario-de-selic-elevada-por-mais-tempo\/","name":"Bolsa bate 4\u00ba recorde na semana em cen\u00e1rio de Selic elevada por mais tempo - Blog da Rosana Hessel","isPartOf":{"@id":"https:\/\/newblogs.correiobraziliense.com.br\/blog-da-rosana-hessel\/#website"},"primaryImageOfPage":{"@id":"https:\/\/newblogs.correiobraziliense.com.br\/blog-da-rosana-hessel\/bolsa-bate-4o-recorde-na-semana-em-cenario-de-selic-elevada-por-mais-tempo\/#primaryimage"},"image":{"@id":"https:\/\/newblogs.correiobraziliense.com.br\/blog-da-rosana-hessel\/bolsa-bate-4o-recorde-na-semana-em-cenario-de-selic-elevada-por-mais-tempo\/#primaryimage"},"thumbnailUrl":"https:\/\/newblogs.correiobraziliense.com.br\/blog-da-rosana-hessel\/wp-content\/uploads\/sites\/5\/2024\/06\/CBIFOT010620211080bolsa.jpg","datePublished":"2025-09-19T21:59:22+00:00","dateModified":"2025-09-19T22:00:43+00:00","author":{"@id":"https:\/\/newblogs.correiobraziliense.com.br\/blog-da-rosana-hessel\/#\/schema\/person\/824cb3c631cf0d4056f75ca02599a930"},"description":"Bolsa atinge nova m\u00e1xima hist\u00f3rica no fechamento, de 145.865 pontos, ao subir 0,25% e acumular alta de 2,53% na semana, embalada por cen\u00e1rio de corte de juros nos EUA. D\u00f3lar sobe 0,03%, para R$ 5,32","breadcrumb":{"@id":"https:\/\/newblogs.correiobraziliense.com.br\/blog-da-rosana-hessel\/bolsa-bate-4o-recorde-na-semana-em-cenario-de-selic-elevada-por-mais-tempo\/#breadcrumb"},"inLanguage":"pt-BR","potentialAction":[{"@type":"ReadAction","target":["https:\/\/newblogs.correiobraziliense.com.br\/blog-da-rosana-hessel\/bolsa-bate-4o-recorde-na-semana-em-cenario-de-selic-elevada-por-mais-tempo\/"]}]},{"@type":"ImageObject","inLanguage":"pt-BR","@id":"https:\/\/newblogs.correiobraziliense.com.br\/blog-da-rosana-hessel\/bolsa-bate-4o-recorde-na-semana-em-cenario-de-selic-elevada-por-mais-tempo\/#primaryimage","url":"https:\/\/newblogs.correiobraziliense.com.br\/blog-da-rosana-hessel\/wp-content\/uploads\/sites\/5\/2024\/06\/CBIFOT010620211080bolsa.jpg","contentUrl":"https:\/\/newblogs.correiobraziliense.com.br\/blog-da-rosana-hessel\/wp-content\/uploads\/sites\/5\/2024\/06\/CBIFOT010620211080bolsa.jpg","width":800,"height":533},{"@type":"BreadcrumbList","@id":"https:\/\/newblogs.correiobraziliense.com.br\/blog-da-rosana-hessel\/bolsa-bate-4o-recorde-na-semana-em-cenario-de-selic-elevada-por-mais-tempo\/#breadcrumb","itemListElement":[{"@type":"ListItem","position":1,"name":"In\u00edcio","item":"https:\/\/newblogs.correiobraziliense.com.br\/blog-da-rosana-hessel\/"},{"@type":"ListItem","position":2,"name":"Bolsa bate 4\u00ba recorde na semana em cen\u00e1rio de Selic elevada por mais tempo"}]},{"@type":"WebSite","@id":"https:\/\/newblogs.correiobraziliense.com.br\/blog-da-rosana-hessel\/#website","url":"https:\/\/newblogs.correiobraziliense.com.br\/blog-da-rosana-hessel\/","name":"Blog da Rosana Hessel","description":"Not\u00edcias atualizadas e an\u00e1lises sobre economia. Acompanhe-nos para entender as tend\u00eancias e os impactos econ\u00f4micos que influenciam o seu dia a dia, tanto no Brasil quanto no exterior.","potentialAction":[{"@type":"SearchAction","target":{"@type":"EntryPoint","urlTemplate":"https:\/\/newblogs.correiobraziliense.com.br\/blog-da-rosana-hessel\/?s={search_term_string}"},"query-input":{"@type":"PropertyValueSpecification","valueRequired":true,"valueName":"search_term_string"}}],"inLanguage":"pt-BR"},{"@type":"Person","@id":"https:\/\/newblogs.correiobraziliense.com.br\/blog-da-rosana-hessel\/#\/schema\/person\/824cb3c631cf0d4056f75ca02599a930","name":"Rosana Hessel","image":{"@type":"ImageObject","inLanguage":"pt-BR","@id":"https:\/\/secure.gravatar.com\/avatar\/fe780cf1839cf10cd6d682fb080611e0d2a459b64be8a8781778109777fbcfd3?s=96&d=mm&r=g","url":"https:\/\/secure.gravatar.com\/avatar\/fe780cf1839cf10cd6d682fb080611e0d2a459b64be8a8781778109777fbcfd3?s=96&d=mm&r=g","contentUrl":"https:\/\/secure.gravatar.com\/avatar\/fe780cf1839cf10cd6d682fb080611e0d2a459b64be8a8781778109777fbcfd3?s=96&d=mm&r=g","caption":"Rosana Hessel"},"description":"Formada pela Pontif\u00edcia Universidade Cat\u00f3lica de S\u00e3o Paulo (PUC-SP), \u00e9 jornalista de economia desde 1995, quando passou a integrar o time da Gazeta Mercantil. Est\u00e1 sempre atr\u00e1s da boa informa\u00e7\u00e3o. Possui especializa\u00e7\u00e3o em economia pela FGV e MBA em Finan\u00e7as pela FIA-USP. Trabalha no Correio Braziliense desde 2010. Ganhou o Pr\u00eamio Esso de Jornalismo Econ\u00f4mico em 2014 e em 2015 com a equipe do Correio. Foi finalista entre os 50 jornalistas +Admirados da Imprensa de Economia, Neg\u00f3cios e Finan\u00e7as 2024, promovido pela Jornalistas&amp;Cia.","url":"https:\/\/newblogs.correiobraziliense.com.br\/blog-da-rosana-hessel\/author\/rosanahessel\/"}]}},"_links":{"self":[{"href":"https:\/\/newblogs.correiobraziliense.com.br\/blog-da-rosana-hessel\/wp-json\/wp\/v2\/posts\/33812","targetHints":{"allow":["GET"]}}],"collection":[{"href":"https:\/\/newblogs.correiobraziliense.com.br\/blog-da-rosana-hessel\/wp-json\/wp\/v2\/posts"}],"about":[{"href":"https:\/\/newblogs.correiobraziliense.com.br\/blog-da-rosana-hessel\/wp-json\/wp\/v2\/types\/post"}],"author":[{"embeddable":true,"href":"https:\/\/newblogs.correiobraziliense.com.br\/blog-da-rosana-hessel\/wp-json\/wp\/v2\/users\/10"}],"replies":[{"embeddable":true,"href":"https:\/\/newblogs.correiobraziliense.com.br\/blog-da-rosana-hessel\/wp-json\/wp\/v2\/comments?post=33812"}],"version-history":[{"count":10,"href":"https:\/\/newblogs.correiobraziliense.com.br\/blog-da-rosana-hessel\/wp-json\/wp\/v2\/posts\/33812\/revisions"}],"predecessor-version":[{"id":33823,"href":"https:\/\/newblogs.correiobraziliense.com.br\/blog-da-rosana-hessel\/wp-json\/wp\/v2\/posts\/33812\/revisions\/33823"}],"wp:featuredmedia":[{"embeddable":true,"href":"https:\/\/newblogs.correiobraziliense.com.br\/blog-da-rosana-hessel\/wp-json\/wp\/v2\/media\/30912"}],"wp:attachment":[{"href":"https:\/\/newblogs.correiobraziliense.com.br\/blog-da-rosana-hessel\/wp-json\/wp\/v2\/media?parent=33812"}],"wp:term":[{"taxonomy":"category","embeddable":true,"href":"https:\/\/newblogs.correiobraziliense.com.br\/blog-da-rosana-hessel\/wp-json\/wp\/v2\/categories?post=33812"},{"taxonomy":"post_tag","embeddable":true,"href":"https:\/\/newblogs.correiobraziliense.com.br\/blog-da-rosana-hessel\/wp-json\/wp\/v2\/tags?post=33812"}],"curies":[{"name":"wp","href":"https:\/\/api.w.org\/{rel}","templated":true}]}}