{"id":33659,"date":"2025-09-07T09:00:00","date_gmt":"2025-09-07T12:00:00","guid":{"rendered":"https:\/\/newblogs.correiobraziliense.com.br\/blog-da-rosana-hessel\/?p=33659"},"modified":"2025-09-05T22:16:53","modified_gmt":"2025-09-06T01:16:53","slug":"artigo-guizos-invisiveis-ainda-produzem-ruidos","status":"publish","type":"post","link":"https:\/\/newblogs.correiobraziliense.com.br\/blog-da-rosana-hessel\/artigo-guizos-invisiveis-ainda-produzem-ruidos\/","title":{"rendered":"ARTIGO: Guizos invis\u00edveis ainda produzem ru\u00eddos?"},"content":{"rendered":"\n<p><em>Por Luiz Recena Grassi*<\/em><\/p>\n\n\n\n<p>Est\u00e1 a esgotar-se o prazo que o presidente dos Estados Unidos, Donald Trump, concedeu aos pa\u00edses europeus para que ponham guizos ao pesco\u00e7o do gato russo. \u00c9 um felino que comeu o queijo da Ucr\u00e2nia e, h\u00e1 mais de tr\u00eas anos, segura uma guerra sozinho, a enfrentar bloqueios econ\u00f4micos de toda Uni\u00e3o Europeia, com ajuda militar dos EUA.<\/p>\n\n\n\n<p>\u00c9 tempo de paz, informa Trump, que desenha um novo cen\u00e1rio para si e para o conflito armado. Quer continuar seu apoio, mas n\u00e3o quer gastar mais. Tudo que sair de seus pai\u00f3is, agora, ser\u00e1 financiado e pago pelos pa\u00edses europeus via a Organiza\u00e7\u00e3o do Tratado do Atl\u00e2ntico Norte (Otan). Em linha direta nada. J\u00e1 informou, por exemplo, que os pa\u00edses b\u00e1lticos n\u00e3o ganhar\u00e3o mais armas ou outros brinquedos mort\u00edferos a partir deste in\u00edcio de setembro.<\/p>\n\n\n\n<p>Na lista dos 26 apoiadores de agora, europeus, somados a Austr\u00e1lia, Nova Zel\u00e2ndia, Canad\u00e1 e Jap\u00e3o, poucos ainda recebem armas diretamente. Para os europeus o recado de Trump \u00e9 claro: armamentos s\u00f3 via Otan, que se transforma em nova ag\u00eancia armamentista formal, com juros e tudo o que mais implica em transa\u00e7\u00f5es do tipo.<\/p>\n\n\n\n<p>A Fran\u00e7a reclama nos cantos, mas mant\u00e9m seu discursinho de apoio at\u00e9 a morte aos ucranianos; a Inglaterra diz que pode mandar soldados; uma fal\u00e1cia que ainda precisar\u00e1 do apoio do Parlamento, um obst\u00e1culo para quem tem maioria fr\u00e1gil, condi\u00e7\u00e3o atual de Keir Starmer; a Alemanha subiu no muro e n\u00e3o quer descer t\u00e3o cedo, seu neg\u00f3cio \u00e9 refor\u00e7ar o pr\u00f3prio ex\u00e9rcito e capacitar a ind\u00fastria defensiva para melhorar o cacife nas mesas de negocia\u00e7\u00e3o.<\/p>\n\n\n\n<p>Os outros pa\u00edses contam pouco ou nada. Trump mandou o presidente ucraniano Volodymyr Zelensky convencer seus aliados a n\u00e3o negociarem mais petr\u00f3leo com os russos. Parada dif\u00edcil e at\u00e9 agora sem resultados concretos. Houve alguma redu\u00e7\u00e3o, sim, mas em 2024 os gastos chegaram a US$ 1.29 bilh\u00f5es. Os aliados estimam ou esperam n\u00fameros menores para este ano.<\/p>\n\n\n\n<p>Com aliados como esses, Trump prefere ir beber \u00e1gua na fonte: liga para o presidente russo Vladimir Putin toda hora. O Kremlin fechou a semana com duas ideias claras: conversar com Trump e marcar novo encontro. A segunda foi ler com clareza leis de guerra: soldados identific\u00e1veis, nos fronts ucranianos, s\u00e3o alvos no conflito armado, podem ser abatidos. Recado dado. Trump ganhou outras raz\u00f5es para seus movimentos t\u00e1ticos: acha que os EUA estariam perdendo a \u00cdndia, a Coreia do Norte e at\u00e9 a R\u00fassia para a China.<\/p>\n\n\n\n<p>Depois do desfile militar da semana, em comemora\u00e7\u00e3o \u00e0 vit\u00f3ria na Segunda Guerra Mundial &#8211; parte do Pac\u00edfico, mostrou um pouco do que tem em armas modernas. O presidente da China, Xi Jinping, exibiu-se feliz com o palanque oficial, onde brilharam o indiano Modi e o russo Putin. Donald Trump botou o topete de molho em tinta laranja e prometeu renovar contatos. Assim, a reuni\u00e3o dos Pa\u00edses Dispostos, como a batizou Zelensky, pareceu um convescote em Paris. Sem trabalho ou decis\u00f5es. Estas, poucas, s\u00e3o as que j\u00e1 foram apresentadas por Trump.<\/p>\n\n\n\n<p>O grupo encerrou a reuni\u00e3o sendo taxado de confuso e ningu\u00e9m produziu os guizos para controlar os gatos russos. Estes, tamb\u00e9m est\u00e3o no ver\u00e3o deles, com resultados para apresentar, principalmente no setor da guerra, onde continuam a amealhar vit\u00f3rias no campo de batalha.<\/p>\n\n\n\n<p>O CORREIO SABE PORQUE VIU.<\/p>\n\n\n\n<p>Estava l\u00e1. O Museu sovi\u00e9tico Hermitage, em Leningrado (S\u00e3o Petersburgo), n\u00e3o tinha nenhuma obra de Rembrandt. O bilion\u00e1rio Hammer resolveu: comprou um quadro e fez a doa\u00e7\u00e3o ao museu. O mestre est\u00e1 l\u00e1 at\u00e9 hoje. Em 1986, a Uni\u00e3o Sovi\u00e9tica n\u00e3o sabia bem o que fazer com as v\u00edtimas do acidente de Chernobyl.<\/p>\n\n\n\n<p>O bilion\u00e1rio Hammer mandou dinheiro e um hospital de emerg\u00eancias para cuidar dos feridos. Muitos foram levados para outros pa\u00edses e l\u00e1 receberam cuidados. Armand Hammer era um bilion\u00e1rio norte-americano, filho de russos e nascido em Nova York. O pai m\u00e9dico era comunista. Em 1921, rec\u00e9m formado em medicina e j\u00e1 dono de uma rede de farm\u00e1cias, Hammer foi para a Uni\u00e3o Sovi\u00e9tica, onde passou sete anos e fez v\u00e1rios neg\u00f3cios. Voltou para os EUA e nunca deixou seus contatos com os sovi\u00e9ticos.<\/p>\n\n\n\n<p>Durante a Grande Depress\u00e3o promoveu grandes exposi\u00e7\u00f5es e leil\u00f5es de artes em Nova York. Foi deposit\u00e1rio e negociante da cole\u00e7\u00e3o de joias e obras dos Romanov, \u00faltima fam\u00edlia a dirigir o imp\u00e9rio russo. Isso deu-lhe fama, pois dinheiro ele tinha de neg\u00f3cios em v\u00e1rios segmentos, notadamente na explora\u00e7\u00e3o de petr\u00f3leo e g\u00e1s nos EUA e nos pa\u00edses \u00e1rabes. N\u00e3o teve apoio de Kennedy em seus projetos na URSS; mas ganhou toda a for\u00e7a no governo Lyndon B. Jonhson, quando estabeleceu uma extensa e variada rede de neg\u00f3cios e possibilidades de interc\u00e2mbio econ\u00f4mico entre os sovi\u00e9ticos e os norte-americanos. Morreu aos 90 anos em 1992, na Calif\u00f3rnia. \u00c9 longa a folha de neg\u00f3cios dele com os sovi\u00e9ticos. \u00c9 sempre citado como exemplo pessoal das rela\u00e7\u00f5es entre os dois pa\u00edses.<\/p>\n\n\n\n<p>*<em>O jornalista foi, por muitos anos, correspondente do\u00a0<\/em><strong><em>Correio Braziliense<\/em><\/strong><em>\u00a0em Moscou<\/em><\/p>\n","protected":false},"excerpt":{"rendered":"<p>\u00c9 tempo de paz, informa Trump, que desenha um novo cen\u00e1rio para si e para o conflito armado. Quer continuar seu apoio, mas n\u00e3o quer gastar mais<\/p>\n","protected":false},"author":10,"featured_media":33658,"comment_status":"closed","ping_status":"closed","sticky":false,"template":"","format":"standard","meta":{"_acf_changed":false,"inline_featured_image":false,"footnotes":""},"categories":[1952,1953],"tags":[2010,125,128,307,132,134,135,1385,2154],"class_list":["post-33659","post","type-post","status-publish","format-standard","has-post-thumbnail","hentry","category-artigo","category-opiniao","tag-donald-trump","tag-estados-unidos","tag-guerra","tag-otan","tag-russia","tag-ucrania","tag-uniao-europeia","tag-vladimir-putin","tag-volodymyr-zelensky"],"acf":[],"yoast_head":"<!-- This site is optimized with the Yoast SEO plugin v27.3 - https:\/\/yoast.com\/product\/yoast-seo-wordpress\/ -->\n<title>ARTIGO: Guizos invis\u00edveis ainda produzem ru\u00eddos? - Blog da Rosana Hessel<\/title>\n<meta name=\"description\" content=\"\u00c9 tempo de paz, informa Trump, que desenha um novo cen\u00e1rio para si e para o conflito armado. Quer continuar seu apoio, mas n\u00e3o quer gastar mais\" \/>\n<meta name=\"robots\" content=\"index, follow, max-snippet:-1, max-image-preview:large, max-video-preview:-1\" \/>\n<link rel=\"canonical\" href=\"https:\/\/newblogs.correiobraziliense.com.br\/blog-da-rosana-hessel\/artigo-guizos-invisiveis-ainda-produzem-ruidos\/\" \/>\n<meta property=\"og:locale\" content=\"pt_BR\" \/>\n<meta property=\"og:type\" content=\"article\" \/>\n<meta property=\"og:title\" content=\"ARTIGO: Guizos invis\u00edveis ainda produzem ru\u00eddos? - Blog da Rosana Hessel\" \/>\n<meta property=\"og:description\" content=\"\u00c9 tempo de paz, informa Trump, que desenha um novo cen\u00e1rio para si e para o conflito armado. Quer continuar seu apoio, mas n\u00e3o quer gastar mais\" \/>\n<meta property=\"og:url\" content=\"https:\/\/newblogs.correiobraziliense.com.br\/blog-da-rosana-hessel\/artigo-guizos-invisiveis-ainda-produzem-ruidos\/\" \/>\n<meta property=\"og:site_name\" content=\"Blog da Rosana Hessel\" \/>\n<meta property=\"article:published_time\" content=\"2025-09-07T12:00:00+00:00\" \/>\n<meta property=\"og:image\" content=\"https:\/\/newblogs.correiobraziliense.com.br\/blog-da-rosana-hessel\/wp-content\/uploads\/sites\/5\/2025\/09\/1_000-738a99u-58973488.jpg\" \/>\n\t<meta property=\"og:image:width\" content=\"412\" \/>\n\t<meta property=\"og:image:height\" content=\"283\" \/>\n\t<meta property=\"og:image:type\" content=\"image\/jpeg\" \/>\n<meta name=\"author\" content=\"Rosana Hessel\" \/>\n<!-- \/ Yoast SEO plugin. -->","yoast_head_json":{"title":"ARTIGO: Guizos invis\u00edveis ainda produzem ru\u00eddos? - Blog da Rosana Hessel","description":"\u00c9 tempo de paz, informa Trump, que desenha um novo cen\u00e1rio para si e para o conflito armado. Quer continuar seu apoio, mas n\u00e3o quer gastar mais","robots":{"index":"index","follow":"follow","max-snippet":"max-snippet:-1","max-image-preview":"max-image-preview:large","max-video-preview":"max-video-preview:-1"},"canonical":"https:\/\/newblogs.correiobraziliense.com.br\/blog-da-rosana-hessel\/artigo-guizos-invisiveis-ainda-produzem-ruidos\/","og_locale":"pt_BR","og_type":"article","og_title":"ARTIGO: Guizos invis\u00edveis ainda produzem ru\u00eddos? - Blog da Rosana Hessel","og_description":"\u00c9 tempo de paz, informa Trump, que desenha um novo cen\u00e1rio para si e para o conflito armado. Quer continuar seu apoio, mas n\u00e3o quer gastar mais","og_url":"https:\/\/newblogs.correiobraziliense.com.br\/blog-da-rosana-hessel\/artigo-guizos-invisiveis-ainda-produzem-ruidos\/","og_site_name":"Blog da Rosana Hessel","article_published_time":"2025-09-07T12:00:00+00:00","og_image":[{"width":412,"height":283,"url":"https:\/\/newblogs.correiobraziliense.com.br\/blog-da-rosana-hessel\/wp-content\/uploads\/sites\/5\/2025\/09\/1_000-738a99u-58973488.jpg","type":"image\/jpeg"}],"author":"Rosana Hessel","schema":{"@context":"https:\/\/schema.org","@graph":[{"@type":"Article","@id":"https:\/\/newblogs.correiobraziliense.com.br\/blog-da-rosana-hessel\/artigo-guizos-invisiveis-ainda-produzem-ruidos\/#article","isPartOf":{"@id":"https:\/\/newblogs.correiobraziliense.com.br\/blog-da-rosana-hessel\/artigo-guizos-invisiveis-ainda-produzem-ruidos\/"},"author":{"name":"Rosana Hessel","@id":"https:\/\/newblogs.correiobraziliense.com.br\/blog-da-rosana-hessel\/#\/schema\/person\/824cb3c631cf0d4056f75ca02599a930"},"headline":"ARTIGO: Guizos invis\u00edveis ainda produzem ru\u00eddos?","datePublished":"2025-09-07T12:00:00+00:00","mainEntityOfPage":{"@id":"https:\/\/newblogs.correiobraziliense.com.br\/blog-da-rosana-hessel\/artigo-guizos-invisiveis-ainda-produzem-ruidos\/"},"wordCount":927,"image":{"@id":"https:\/\/newblogs.correiobraziliense.com.br\/blog-da-rosana-hessel\/artigo-guizos-invisiveis-ainda-produzem-ruidos\/#primaryimage"},"thumbnailUrl":"https:\/\/newblogs.correiobraziliense.com.br\/blog-da-rosana-hessel\/wp-content\/uploads\/sites\/5\/2025\/09\/1_000-738a99u-58973488.jpg","keywords":["Donald Trump","Estados Unidos","guerra","Otan","R\u00fassia","Ucr\u00e2nia","Uni\u00e3o Europeia","Vladimir Putin","Volodymyr Zelensky"],"articleSection":["ARTIGO","OPINI\u00c3O"],"inLanguage":"pt-BR"},{"@type":"WebPage","@id":"https:\/\/newblogs.correiobraziliense.com.br\/blog-da-rosana-hessel\/artigo-guizos-invisiveis-ainda-produzem-ruidos\/","url":"https:\/\/newblogs.correiobraziliense.com.br\/blog-da-rosana-hessel\/artigo-guizos-invisiveis-ainda-produzem-ruidos\/","name":"ARTIGO: Guizos invis\u00edveis ainda produzem ru\u00eddos? - Blog da Rosana Hessel","isPartOf":{"@id":"https:\/\/newblogs.correiobraziliense.com.br\/blog-da-rosana-hessel\/#website"},"primaryImageOfPage":{"@id":"https:\/\/newblogs.correiobraziliense.com.br\/blog-da-rosana-hessel\/artigo-guizos-invisiveis-ainda-produzem-ruidos\/#primaryimage"},"image":{"@id":"https:\/\/newblogs.correiobraziliense.com.br\/blog-da-rosana-hessel\/artigo-guizos-invisiveis-ainda-produzem-ruidos\/#primaryimage"},"thumbnailUrl":"https:\/\/newblogs.correiobraziliense.com.br\/blog-da-rosana-hessel\/wp-content\/uploads\/sites\/5\/2025\/09\/1_000-738a99u-58973488.jpg","datePublished":"2025-09-07T12:00:00+00:00","author":{"@id":"https:\/\/newblogs.correiobraziliense.com.br\/blog-da-rosana-hessel\/#\/schema\/person\/824cb3c631cf0d4056f75ca02599a930"},"description":"\u00c9 tempo de paz, informa Trump, que desenha um novo cen\u00e1rio para si e para o conflito armado. Quer continuar seu apoio, mas n\u00e3o quer gastar mais","breadcrumb":{"@id":"https:\/\/newblogs.correiobraziliense.com.br\/blog-da-rosana-hessel\/artigo-guizos-invisiveis-ainda-produzem-ruidos\/#breadcrumb"},"inLanguage":"pt-BR","potentialAction":[{"@type":"ReadAction","target":["https:\/\/newblogs.correiobraziliense.com.br\/blog-da-rosana-hessel\/artigo-guizos-invisiveis-ainda-produzem-ruidos\/"]}]},{"@type":"ImageObject","inLanguage":"pt-BR","@id":"https:\/\/newblogs.correiobraziliense.com.br\/blog-da-rosana-hessel\/artigo-guizos-invisiveis-ainda-produzem-ruidos\/#primaryimage","url":"https:\/\/newblogs.correiobraziliense.com.br\/blog-da-rosana-hessel\/wp-content\/uploads\/sites\/5\/2025\/09\/1_000-738a99u-58973488.jpg","contentUrl":"https:\/\/newblogs.correiobraziliense.com.br\/blog-da-rosana-hessel\/wp-content\/uploads\/sites\/5\/2025\/09\/1_000-738a99u-58973488.jpg","width":412,"height":283,"caption":"Donald Trump faz pronunciamento no Sal\u00e3o Oval da Casa Branca \/\/Cr\u00e9dito: Saul Loeb\/AFP"},{"@type":"BreadcrumbList","@id":"https:\/\/newblogs.correiobraziliense.com.br\/blog-da-rosana-hessel\/artigo-guizos-invisiveis-ainda-produzem-ruidos\/#breadcrumb","itemListElement":[{"@type":"ListItem","position":1,"name":"In\u00edcio","item":"https:\/\/newblogs.correiobraziliense.com.br\/blog-da-rosana-hessel\/"},{"@type":"ListItem","position":2,"name":"ARTIGO: Guizos invis\u00edveis ainda produzem ru\u00eddos?"}]},{"@type":"WebSite","@id":"https:\/\/newblogs.correiobraziliense.com.br\/blog-da-rosana-hessel\/#website","url":"https:\/\/newblogs.correiobraziliense.com.br\/blog-da-rosana-hessel\/","name":"Blog da Rosana Hessel","description":"Not\u00edcias atualizadas e an\u00e1lises sobre economia. Acompanhe-nos para entender as tend\u00eancias e os impactos econ\u00f4micos que influenciam o seu dia a dia, tanto no Brasil quanto no exterior.","potentialAction":[{"@type":"SearchAction","target":{"@type":"EntryPoint","urlTemplate":"https:\/\/newblogs.correiobraziliense.com.br\/blog-da-rosana-hessel\/?s={search_term_string}"},"query-input":{"@type":"PropertyValueSpecification","valueRequired":true,"valueName":"search_term_string"}}],"inLanguage":"pt-BR"},{"@type":"Person","@id":"https:\/\/newblogs.correiobraziliense.com.br\/blog-da-rosana-hessel\/#\/schema\/person\/824cb3c631cf0d4056f75ca02599a930","name":"Rosana Hessel","image":{"@type":"ImageObject","inLanguage":"pt-BR","@id":"https:\/\/secure.gravatar.com\/avatar\/fe780cf1839cf10cd6d682fb080611e0d2a459b64be8a8781778109777fbcfd3?s=96&d=mm&r=g","url":"https:\/\/secure.gravatar.com\/avatar\/fe780cf1839cf10cd6d682fb080611e0d2a459b64be8a8781778109777fbcfd3?s=96&d=mm&r=g","contentUrl":"https:\/\/secure.gravatar.com\/avatar\/fe780cf1839cf10cd6d682fb080611e0d2a459b64be8a8781778109777fbcfd3?s=96&d=mm&r=g","caption":"Rosana Hessel"},"description":"Formada pela Pontif\u00edcia Universidade Cat\u00f3lica de S\u00e3o Paulo (PUC-SP), \u00e9 jornalista de economia desde 1995, quando passou a integrar o time da Gazeta Mercantil. Est\u00e1 sempre atr\u00e1s da boa informa\u00e7\u00e3o. Possui especializa\u00e7\u00e3o em economia pela FGV e MBA em Finan\u00e7as pela FIA-USP. Trabalha no Correio Braziliense desde 2010. Ganhou o Pr\u00eamio Esso de Jornalismo Econ\u00f4mico em 2014 e em 2015 com a equipe do Correio. Foi finalista entre os 50 jornalistas +Admirados da Imprensa de Economia, Neg\u00f3cios e Finan\u00e7as 2024, promovido pela Jornalistas&amp;Cia.","url":"https:\/\/newblogs.correiobraziliense.com.br\/blog-da-rosana-hessel\/author\/rosanahessel\/"}]}},"_links":{"self":[{"href":"https:\/\/newblogs.correiobraziliense.com.br\/blog-da-rosana-hessel\/wp-json\/wp\/v2\/posts\/33659","targetHints":{"allow":["GET"]}}],"collection":[{"href":"https:\/\/newblogs.correiobraziliense.com.br\/blog-da-rosana-hessel\/wp-json\/wp\/v2\/posts"}],"about":[{"href":"https:\/\/newblogs.correiobraziliense.com.br\/blog-da-rosana-hessel\/wp-json\/wp\/v2\/types\/post"}],"author":[{"embeddable":true,"href":"https:\/\/newblogs.correiobraziliense.com.br\/blog-da-rosana-hessel\/wp-json\/wp\/v2\/users\/10"}],"replies":[{"embeddable":true,"href":"https:\/\/newblogs.correiobraziliense.com.br\/blog-da-rosana-hessel\/wp-json\/wp\/v2\/comments?post=33659"}],"version-history":[{"count":2,"href":"https:\/\/newblogs.correiobraziliense.com.br\/blog-da-rosana-hessel\/wp-json\/wp\/v2\/posts\/33659\/revisions"}],"predecessor-version":[{"id":33661,"href":"https:\/\/newblogs.correiobraziliense.com.br\/blog-da-rosana-hessel\/wp-json\/wp\/v2\/posts\/33659\/revisions\/33661"}],"wp:featuredmedia":[{"embeddable":true,"href":"https:\/\/newblogs.correiobraziliense.com.br\/blog-da-rosana-hessel\/wp-json\/wp\/v2\/media\/33658"}],"wp:attachment":[{"href":"https:\/\/newblogs.correiobraziliense.com.br\/blog-da-rosana-hessel\/wp-json\/wp\/v2\/media?parent=33659"}],"wp:term":[{"taxonomy":"category","embeddable":true,"href":"https:\/\/newblogs.correiobraziliense.com.br\/blog-da-rosana-hessel\/wp-json\/wp\/v2\/categories?post=33659"},{"taxonomy":"post_tag","embeddable":true,"href":"https:\/\/newblogs.correiobraziliense.com.br\/blog-da-rosana-hessel\/wp-json\/wp\/v2\/tags?post=33659"}],"curies":[{"name":"wp","href":"https:\/\/api.w.org\/{rel}","templated":true}]}}