{"id":33630,"date":"2025-09-05T16:51:18","date_gmt":"2025-09-05T19:51:18","guid":{"rendered":"https:\/\/newblogs.correiobraziliense.com.br\/blog-da-rosana-hessel\/?p=33630"},"modified":"2025-09-05T17:29:15","modified_gmt":"2025-09-05T20:29:15","slug":"cade-aprova-por-unanimidade-fusao-entre-marfrig-e-brf","status":"publish","type":"post","link":"https:\/\/newblogs.correiobraziliense.com.br\/blog-da-rosana-hessel\/cade-aprova-por-unanimidade-fusao-entre-marfrig-e-brf\/","title":{"rendered":"Cade aprova, por unanimidade, fus\u00e3o entre Marfrig e BRF"},"content":{"rendered":"\n<p>&nbsp;O tribunal do Conselho Administrativo de Defesa Econ\u00f4mica (Cade) aprovou, nesta sexta-feira (5\/9), em sess\u00e3o extraordin\u00e1ria, a fus\u00e3o entre Marfrig e a BRF, criando a MBRF Global Foods, empresa que nasce como uma das maiores do setor de alimentos do mundo, dona de marcas como Sadia, Perdig\u00e3o, Qualy e Bassi.<\/p>\n\n\n\n<p>A decis\u00e3o foi un\u00e2nime e ratifica as an\u00e1lises anteriores do \u00f3rg\u00e3o antitruste reafirmando que as empresas j\u00e1 integravam o mesmo grupo econ\u00f4mico, sem apresentar riscos concorrenciais, e formaliza a autoriza\u00e7\u00e3o da autarquia para a cria\u00e7\u00e3o da MBRF. <\/p>\n\n\n\n<p>O conselheiro do Cade Carlos Jacques, que havia pedido vistas do processo em 20 de agosto, liberou seu voto na \u00faltima sess\u00e3o ordin\u00e1ria, na quarta-feira (3\/9), e foi convocada sess\u00e3o extraordin\u00e1ria nesta sexta para a conclus\u00e3o do julgamento. Com a apresenta\u00e7\u00e3o do voto que faltava, foi declarado o resultado, com a aprova\u00e7\u00e3o da opera\u00e7\u00e3o, sem restri\u00e7\u00f5es.<\/p>\n\n\n\n<p>&#8220;A aprova\u00e7\u00e3o pela autarquia fazia parte das condi\u00e7\u00f5es previstas no protocolo celebrado entre as empresas em 15 de maio de 2025. A fus\u00e3o j\u00e1 havia sido aprovada pela ampla maioria dos acionistas de ambas as companhias, em assembleias gerais extraordin\u00e1rias realizadas em 5 de agosto de 2025&#8221;, de acordo com nota da BRF. <\/p>\n\n\n\n<p>Com receita l\u00edquida anual de R$ 152 bilh\u00f5es e 38% do portf\u00f3lio composto por produtos de valor agregado, a MBRF consolida uma opera\u00e7\u00e3o robusta e estrat\u00e9gica no mercado global. A fus\u00e3o, segundo informa\u00e7\u00f5es da BRF, permitir\u00e1 a captura de sinergias relevantes entre os neg\u00f3cios e amplia as vantagens competitivas nos diversos mercados e setores em que atuam em 117 pa\u00edses. <\/p>\n\n\n\n<p>&#8220;A fus\u00e3o potencializa a presen\u00e7a global das marcas e a gera\u00e7\u00e3o de valor para acionistas, colaboradores, parceiros, clientes, consumidores e para a sociedade&#8221;, informou a nota. <\/p>\n\n\n\n<p>A empresa possui 130 mil colaboradores e produzem 8 milh\u00f5es de toneladas de produtos por ano, que chegam a mais de 425 mil clientes e a milh\u00f5es de consumidores em todo mundo. <\/p>\n\n\n\n<p>De acordo com informa\u00e7\u00f5es de comunicado das duas empresas na \u00e9poca do an\u00fancio da fus\u00e3o, a transa\u00e7\u00e3o prev\u00ea a incorpora\u00e7\u00e3o das a\u00e7\u00f5es da BRF pela Marfrig em uma rela\u00e7\u00e3o de troca de 0,8521 a\u00e7\u00e3o da Marfrig por cada a\u00e7\u00e3o da BRF detida, que j\u00e1 considera a distribui\u00e7\u00e3o m\u00e1xima de proventos pelas companhias sendo R$ 2,5 bilh\u00f5es pela Marfrig e R$ 3,5 bilh\u00f5es pela BRF aos acionistas.\u202f\u00a0<\/p>\n\n\n\n\n","protected":false},"excerpt":{"rendered":"<p>Em reuni\u00e3o extraordin\u00e1ria, Cade aprova fus\u00e3o para a cria\u00e7\u00e3o da MBRF, que nasce com receita l\u00edquida anual de R$ 152 bilh\u00f5es e presen\u00e7a em 117 pa\u00edses<\/p>\n","protected":false},"author":10,"featured_media":33632,"comment_status":"closed","ping_status":"closed","sticky":false,"template":"","format":"standard","meta":{"_acf_changed":false,"inline_featured_image":false,"footnotes":""},"categories":[2007],"tags":[939,2151,2150,2149,6,2152,2153],"class_list":["post-33630","post","type-post","status-publish","format-standard","has-post-thumbnail","hentry","category-negocios","tag-alimentos","tag-brf","tag-cade","tag-fusao","tag-industria","tag-marfrig","tag-mbrf"],"acf":[],"yoast_head":"<!-- This site is optimized with the Yoast SEO plugin v27.3 - https:\/\/yoast.com\/product\/yoast-seo-wordpress\/ -->\n<title>Cade aprova, por unanimidade, fus\u00e3o entre Marfrig e BRF - Blog da Rosana Hessel<\/title>\n<meta name=\"description\" content=\"Em reuni\u00e3o extraordin\u00e1ria, Cade aprova fus\u00e3o para a cria\u00e7\u00e3o da MBRF, que nasce com receita l\u00edquida anual de R$ 152 bilh\u00f5es e presen\u00e7a em 117 pa\u00edses\" \/>\n<meta name=\"robots\" content=\"index, follow, max-snippet:-1, max-image-preview:large, max-video-preview:-1\" \/>\n<link rel=\"canonical\" href=\"https:\/\/newblogs.correiobraziliense.com.br\/blog-da-rosana-hessel\/cade-aprova-por-unanimidade-fusao-entre-marfrig-e-brf\/\" \/>\n<meta property=\"og:locale\" content=\"pt_BR\" \/>\n<meta property=\"og:type\" content=\"article\" \/>\n<meta property=\"og:title\" content=\"Cade aprova, por unanimidade, fus\u00e3o entre Marfrig e BRF - Blog da Rosana Hessel\" \/>\n<meta property=\"og:description\" content=\"Em reuni\u00e3o extraordin\u00e1ria, Cade aprova fus\u00e3o para a cria\u00e7\u00e3o da MBRF, que nasce com receita l\u00edquida anual de R$ 152 bilh\u00f5es e presen\u00e7a em 117 pa\u00edses\" \/>\n<meta property=\"og:url\" content=\"https:\/\/newblogs.correiobraziliense.com.br\/blog-da-rosana-hessel\/cade-aprova-por-unanimidade-fusao-entre-marfrig-e-brf\/\" \/>\n<meta property=\"og:site_name\" content=\"Blog da Rosana Hessel\" \/>\n<meta property=\"article:published_time\" content=\"2025-09-05T19:51:18+00:00\" \/>\n<meta property=\"article:modified_time\" content=\"2025-09-05T20:29:15+00:00\" \/>\n<meta property=\"og:image\" content=\"http:\/\/newblogs.correiobraziliense.com.br\/blog-da-rosana-hessel\/wp-content\/uploads\/sites\/5\/2025\/09\/marfrigbrf.jpg\" \/>\n\t<meta property=\"og:image:width\" content=\"700\" \/>\n\t<meta property=\"og:image:height\" content=\"523\" \/>\n\t<meta property=\"og:image:type\" content=\"image\/jpeg\" \/>\n<meta name=\"author\" content=\"Rosana Hessel\" \/>\n<!-- \/ Yoast SEO plugin. -->","yoast_head_json":{"title":"Cade aprova, por unanimidade, fus\u00e3o entre Marfrig e BRF - Blog da Rosana Hessel","description":"Em reuni\u00e3o extraordin\u00e1ria, Cade aprova fus\u00e3o para a cria\u00e7\u00e3o da MBRF, que nasce com receita l\u00edquida anual de R$ 152 bilh\u00f5es e presen\u00e7a em 117 pa\u00edses","robots":{"index":"index","follow":"follow","max-snippet":"max-snippet:-1","max-image-preview":"max-image-preview:large","max-video-preview":"max-video-preview:-1"},"canonical":"https:\/\/newblogs.correiobraziliense.com.br\/blog-da-rosana-hessel\/cade-aprova-por-unanimidade-fusao-entre-marfrig-e-brf\/","og_locale":"pt_BR","og_type":"article","og_title":"Cade aprova, por unanimidade, fus\u00e3o entre Marfrig e BRF - Blog da Rosana Hessel","og_description":"Em reuni\u00e3o extraordin\u00e1ria, Cade aprova fus\u00e3o para a cria\u00e7\u00e3o da MBRF, que nasce com receita l\u00edquida anual de R$ 152 bilh\u00f5es e presen\u00e7a em 117 pa\u00edses","og_url":"https:\/\/newblogs.correiobraziliense.com.br\/blog-da-rosana-hessel\/cade-aprova-por-unanimidade-fusao-entre-marfrig-e-brf\/","og_site_name":"Blog da Rosana Hessel","article_published_time":"2025-09-05T19:51:18+00:00","article_modified_time":"2025-09-05T20:29:15+00:00","og_image":[{"width":700,"height":523,"url":"http:\/\/newblogs.correiobraziliense.com.br\/blog-da-rosana-hessel\/wp-content\/uploads\/sites\/5\/2025\/09\/marfrigbrf.jpg","type":"image\/jpeg"}],"author":"Rosana Hessel","schema":{"@context":"https:\/\/schema.org","@graph":[{"@type":"Article","@id":"https:\/\/newblogs.correiobraziliense.com.br\/blog-da-rosana-hessel\/cade-aprova-por-unanimidade-fusao-entre-marfrig-e-brf\/#article","isPartOf":{"@id":"https:\/\/newblogs.correiobraziliense.com.br\/blog-da-rosana-hessel\/cade-aprova-por-unanimidade-fusao-entre-marfrig-e-brf\/"},"author":{"name":"Rosana Hessel","@id":"https:\/\/newblogs.correiobraziliense.com.br\/blog-da-rosana-hessel\/#\/schema\/person\/824cb3c631cf0d4056f75ca02599a930"},"headline":"Cade aprova, por unanimidade, fus\u00e3o entre Marfrig e BRF","datePublished":"2025-09-05T19:51:18+00:00","dateModified":"2025-09-05T20:29:15+00:00","mainEntityOfPage":{"@id":"https:\/\/newblogs.correiobraziliense.com.br\/blog-da-rosana-hessel\/cade-aprova-por-unanimidade-fusao-entre-marfrig-e-brf\/"},"wordCount":427,"image":{"@id":"https:\/\/newblogs.correiobraziliense.com.br\/blog-da-rosana-hessel\/cade-aprova-por-unanimidade-fusao-entre-marfrig-e-brf\/#primaryimage"},"thumbnailUrl":"https:\/\/newblogs.correiobraziliense.com.br\/blog-da-rosana-hessel\/wp-content\/uploads\/sites\/5\/2025\/09\/marfrigbrf.jpg","keywords":["Alimentos","BRF","Cade","Fus\u00e3o","Ind\u00fastria","Marfrig","MBRF"],"articleSection":["Neg\u00f3cios"],"inLanguage":"pt-BR"},{"@type":"WebPage","@id":"https:\/\/newblogs.correiobraziliense.com.br\/blog-da-rosana-hessel\/cade-aprova-por-unanimidade-fusao-entre-marfrig-e-brf\/","url":"https:\/\/newblogs.correiobraziliense.com.br\/blog-da-rosana-hessel\/cade-aprova-por-unanimidade-fusao-entre-marfrig-e-brf\/","name":"Cade aprova, por unanimidade, fus\u00e3o entre Marfrig e BRF - Blog da Rosana Hessel","isPartOf":{"@id":"https:\/\/newblogs.correiobraziliense.com.br\/blog-da-rosana-hessel\/#website"},"primaryImageOfPage":{"@id":"https:\/\/newblogs.correiobraziliense.com.br\/blog-da-rosana-hessel\/cade-aprova-por-unanimidade-fusao-entre-marfrig-e-brf\/#primaryimage"},"image":{"@id":"https:\/\/newblogs.correiobraziliense.com.br\/blog-da-rosana-hessel\/cade-aprova-por-unanimidade-fusao-entre-marfrig-e-brf\/#primaryimage"},"thumbnailUrl":"https:\/\/newblogs.correiobraziliense.com.br\/blog-da-rosana-hessel\/wp-content\/uploads\/sites\/5\/2025\/09\/marfrigbrf.jpg","datePublished":"2025-09-05T19:51:18+00:00","dateModified":"2025-09-05T20:29:15+00:00","author":{"@id":"https:\/\/newblogs.correiobraziliense.com.br\/blog-da-rosana-hessel\/#\/schema\/person\/824cb3c631cf0d4056f75ca02599a930"},"description":"Em reuni\u00e3o extraordin\u00e1ria, Cade aprova fus\u00e3o para a cria\u00e7\u00e3o da MBRF, que nasce com receita l\u00edquida anual de R$ 152 bilh\u00f5es e presen\u00e7a em 117 pa\u00edses","breadcrumb":{"@id":"https:\/\/newblogs.correiobraziliense.com.br\/blog-da-rosana-hessel\/cade-aprova-por-unanimidade-fusao-entre-marfrig-e-brf\/#breadcrumb"},"inLanguage":"pt-BR","potentialAction":[{"@type":"ReadAction","target":["https:\/\/newblogs.correiobraziliense.com.br\/blog-da-rosana-hessel\/cade-aprova-por-unanimidade-fusao-entre-marfrig-e-brf\/"]}]},{"@type":"ImageObject","inLanguage":"pt-BR","@id":"https:\/\/newblogs.correiobraziliense.com.br\/blog-da-rosana-hessel\/cade-aprova-por-unanimidade-fusao-entre-marfrig-e-brf\/#primaryimage","url":"https:\/\/newblogs.correiobraziliense.com.br\/blog-da-rosana-hessel\/wp-content\/uploads\/sites\/5\/2025\/09\/marfrigbrf.jpg","contentUrl":"https:\/\/newblogs.correiobraziliense.com.br\/blog-da-rosana-hessel\/wp-content\/uploads\/sites\/5\/2025\/09\/marfrigbrf.jpg","width":700,"height":523,"caption":"Divulga\u00e7\u00e3o-BRF-Marfrig fusao"},{"@type":"BreadcrumbList","@id":"https:\/\/newblogs.correiobraziliense.com.br\/blog-da-rosana-hessel\/cade-aprova-por-unanimidade-fusao-entre-marfrig-e-brf\/#breadcrumb","itemListElement":[{"@type":"ListItem","position":1,"name":"In\u00edcio","item":"https:\/\/newblogs.correiobraziliense.com.br\/blog-da-rosana-hessel\/"},{"@type":"ListItem","position":2,"name":"Cade aprova, por unanimidade, fus\u00e3o entre Marfrig e BRF"}]},{"@type":"WebSite","@id":"https:\/\/newblogs.correiobraziliense.com.br\/blog-da-rosana-hessel\/#website","url":"https:\/\/newblogs.correiobraziliense.com.br\/blog-da-rosana-hessel\/","name":"Blog da Rosana Hessel","description":"Not\u00edcias atualizadas e an\u00e1lises sobre economia. Acompanhe-nos para entender as tend\u00eancias e os impactos econ\u00f4micos que influenciam o seu dia a dia, tanto no Brasil quanto no exterior.","potentialAction":[{"@type":"SearchAction","target":{"@type":"EntryPoint","urlTemplate":"https:\/\/newblogs.correiobraziliense.com.br\/blog-da-rosana-hessel\/?s={search_term_string}"},"query-input":{"@type":"PropertyValueSpecification","valueRequired":true,"valueName":"search_term_string"}}],"inLanguage":"pt-BR"},{"@type":"Person","@id":"https:\/\/newblogs.correiobraziliense.com.br\/blog-da-rosana-hessel\/#\/schema\/person\/824cb3c631cf0d4056f75ca02599a930","name":"Rosana Hessel","image":{"@type":"ImageObject","inLanguage":"pt-BR","@id":"https:\/\/secure.gravatar.com\/avatar\/fe780cf1839cf10cd6d682fb080611e0d2a459b64be8a8781778109777fbcfd3?s=96&d=mm&r=g","url":"https:\/\/secure.gravatar.com\/avatar\/fe780cf1839cf10cd6d682fb080611e0d2a459b64be8a8781778109777fbcfd3?s=96&d=mm&r=g","contentUrl":"https:\/\/secure.gravatar.com\/avatar\/fe780cf1839cf10cd6d682fb080611e0d2a459b64be8a8781778109777fbcfd3?s=96&d=mm&r=g","caption":"Rosana Hessel"},"description":"Formada pela Pontif\u00edcia Universidade Cat\u00f3lica de S\u00e3o Paulo (PUC-SP), \u00e9 jornalista de economia desde 1995, quando passou a integrar o time da Gazeta Mercantil. Est\u00e1 sempre atr\u00e1s da boa informa\u00e7\u00e3o. Possui especializa\u00e7\u00e3o em economia pela FGV e MBA em Finan\u00e7as pela FIA-USP. Trabalha no Correio Braziliense desde 2010. Ganhou o Pr\u00eamio Esso de Jornalismo Econ\u00f4mico em 2014 e em 2015 com a equipe do Correio. Foi finalista entre os 50 jornalistas +Admirados da Imprensa de Economia, Neg\u00f3cios e Finan\u00e7as 2024, promovido pela Jornalistas&amp;Cia.","url":"https:\/\/newblogs.correiobraziliense.com.br\/blog-da-rosana-hessel\/author\/rosanahessel\/"}]}},"_links":{"self":[{"href":"https:\/\/newblogs.correiobraziliense.com.br\/blog-da-rosana-hessel\/wp-json\/wp\/v2\/posts\/33630","targetHints":{"allow":["GET"]}}],"collection":[{"href":"https:\/\/newblogs.correiobraziliense.com.br\/blog-da-rosana-hessel\/wp-json\/wp\/v2\/posts"}],"about":[{"href":"https:\/\/newblogs.correiobraziliense.com.br\/blog-da-rosana-hessel\/wp-json\/wp\/v2\/types\/post"}],"author":[{"embeddable":true,"href":"https:\/\/newblogs.correiobraziliense.com.br\/blog-da-rosana-hessel\/wp-json\/wp\/v2\/users\/10"}],"replies":[{"embeddable":true,"href":"https:\/\/newblogs.correiobraziliense.com.br\/blog-da-rosana-hessel\/wp-json\/wp\/v2\/comments?post=33630"}],"version-history":[{"count":8,"href":"https:\/\/newblogs.correiobraziliense.com.br\/blog-da-rosana-hessel\/wp-json\/wp\/v2\/posts\/33630\/revisions"}],"predecessor-version":[{"id":33656,"href":"https:\/\/newblogs.correiobraziliense.com.br\/blog-da-rosana-hessel\/wp-json\/wp\/v2\/posts\/33630\/revisions\/33656"}],"wp:featuredmedia":[{"embeddable":true,"href":"https:\/\/newblogs.correiobraziliense.com.br\/blog-da-rosana-hessel\/wp-json\/wp\/v2\/media\/33632"}],"wp:attachment":[{"href":"https:\/\/newblogs.correiobraziliense.com.br\/blog-da-rosana-hessel\/wp-json\/wp\/v2\/media?parent=33630"}],"wp:term":[{"taxonomy":"category","embeddable":true,"href":"https:\/\/newblogs.correiobraziliense.com.br\/blog-da-rosana-hessel\/wp-json\/wp\/v2\/categories?post=33630"},{"taxonomy":"post_tag","embeddable":true,"href":"https:\/\/newblogs.correiobraziliense.com.br\/blog-da-rosana-hessel\/wp-json\/wp\/v2\/tags?post=33630"}],"curies":[{"name":"wp","href":"https:\/\/api.w.org\/{rel}","templated":true}]}}