{"id":33541,"date":"2025-08-24T09:00:00","date_gmt":"2025-08-24T12:00:00","guid":{"rendered":"https:\/\/newblogs.correiobraziliense.com.br\/blog-da-rosana-hessel\/?p=33541"},"modified":"2025-08-23T19:07:43","modified_gmt":"2025-08-23T22:07:43","slug":"artigo-a-paz-possivel-mesmo-com-sombras-de-guerra","status":"publish","type":"post","link":"https:\/\/newblogs.correiobraziliense.com.br\/blog-da-rosana-hessel\/artigo-a-paz-possivel-mesmo-com-sombras-de-guerra\/","title":{"rendered":"ARTIGO: A paz poss\u00edvel mesmo com sombras de guerra"},"content":{"rendered":"\n<p><em>Por Luiz Recena Grassi*<\/em><\/p>\n\n\n\n<p>Muita intriga e poucas propostas. Foi assim a primeira semana depois das reuni\u00f5es em Anchorage, no Alasca, e da Casa Branca sobre o conflito entre R\u00fassia e Ucr\u00e2nia. Informa\u00e7\u00e3o perto da verdade est\u00e1 a nota da ag\u00eancia <em>Reuters<\/em>, baseada em duas fontes do Kremlin, as tr\u00eas condi\u00e7\u00f5es do presidente russo Vladimir Putin para a paz: ren\u00fancia da Ucr\u00e2nia a regi\u00e3o do Donbass; ren\u00fancia a qualquer participa\u00e7\u00e3o ou ambi\u00e7\u00f5es na Organiza\u00e7\u00e3o do Tratado do Atl\u00e2ntico Norte (Otan); e a perman\u00eancia definitiva na condi\u00e7\u00e3o de pa\u00eds neutro na regi\u00e3o, mantendo-se longe de quaisquer tropas ocidentais ou americanas.\u00a0<\/p>\n\n\n\n<p>Para os ingleses, a proposta resumida das pretens\u00f5es de Putin teria sido entregue ao pr\u00f3prio Trump, durante o encontro no Alasca. Se o presidente norte-americano, Donald Trump, debateu isso com o presidente da Ucr\u00e2nia, Volodymyr Zelensky, e os demais convidados, ainda n\u00e3o se sabe ao certo. <\/p>\n\n\n\n<p>Mas as rea\u00e7\u00f5es j\u00e1 come\u00e7aram, puxadas pela chefe das rela\u00e7\u00f5es exteriores da Uni\u00e3o Europeia (UE), Kaja Kallas.  \u201c\u00c9 uma armadilha\u201d, garantiu, ao aconselhar os europeus a n\u00e3o morder a isca. Disse que ela e os demais deveriam rejeitar essas ideias russas. Ela \u00e9 da Est\u00f4nia, uma das rep\u00fablicas b\u00e1lticas (as outras s\u00e3o Let\u00f4nia e Litu\u00e2nia), que foram aliadas dos nazistas na Segunda Guerra Mundial, passaram para o lado sovi\u00e9tico quando Adolf Hitler come\u00e7ou a perder, ficaram na sombra por um tempo e farejaram dez anos antes a derrocada dos bolcheviques. ontorcionistas pol\u00edticos, passaram a colaborar com os americanos antes de terminar a Guerra Fria. E assim seguem at\u00e9 hoje.\u00a0<\/p>\n\n\n\n<p>S\u00f3 que a estrela desse grupo \u00e9 o presidente da Finl\u00e2ndia, Alexander Stubb, alto, magro e jogador de golfe. Tem s\u00f3lida forma\u00e7\u00e3o superior em escolas dos Estados Undios, p\u00f3s na Fran\u00e7a e carreira na burocracia da Uni\u00e3o Europeia (UE). Foi primeiro-ministro antes de ser presidente. \u00c9 amigo pr\u00f3ximo de Trump, com quem joga golfe e a quem o americano mima.&nbsp;<\/p>\n\n\n\n<p>A Finl\u00e2ndia \u00e9 a mais h\u00e1bil. Lutou ao lado dos nazis de 1941 a 1944. Participou do cerco a Leningrado (atual S\u00e3o Petersburgo), onde os russos perderam 1,3 milh\u00e3o de pessoas, entre soldados, civis, crian\u00e7as. Muitos de fome e frio. A ascens\u00e3o de Stubb tem a ver com as quedas russas. Sempre apoiado pelos EUA, a quem prestou muitos favores desde os bancos escolares, o h\u00e1bil Stubb chegou aonde est\u00e1. E est\u00e1 mais pr\u00f3ximo de Zelensky e outras lideran\u00e7as da UE. Ter\u00e1 papel importante na execu\u00e7\u00e3o dos desejos e vontades do seu novo l\u00edder.&nbsp;<\/p>\n\n\n\n<p>Zelensky tamb\u00e9m recebeu afagos na reuni\u00e3o da Casa Branca e saiu dali mais alto sem precisar mexer no salto do sapato. Cacifou-se para receber mais apoio, armas e dinheiro dos europeus. Os dois primeiros vir\u00e3o, o terceiro \u00e9 mais dif\u00edcil. Est\u00e1 raro. Se aparecer, j\u00e1 tem destino. Zelensky ter\u00e1 de lidar com os pa\u00edses l\u00edderes: Alemanha, Fran\u00e7a, It\u00e1lia e Inglaterra; e o grupo B, Uni\u00e3o Europeia e Otan.<\/p>\n\n\n\n<p>Dos primeiros, tr\u00eas n\u00e3o est\u00e3o em bons lugares em termos de Segunda Guerra. Alemanha e It\u00e1lia perderam feio. A Fran\u00e7a faz <em>mea culpa<\/em> at\u00e9 hoje pelo comportamento adesista, a Rep\u00fablica de Vichy e pequenas mesquinharias mortais contra judeus, partisans e comunistas. A sorte hist\u00f3rica foi providencial, bem como o marketing p\u00f3s-guerra. E, ainda, a lideran\u00e7a do general Charles de Gaulle. Mesmo exilado em Londres, sem ex\u00e9rcito, s\u00f3 a r\u00e1dio BBC soube manter acesa a chama de uma resist\u00eancia pobre em meios, rica em a\u00e7\u00f5es.&nbsp;<\/p>\n\n\n\n<p>A Inglaterra \u00e9 a \u00fanica a encher o peito e gritar vit\u00f3ria. Os ingleses sabiam lutar e lutaram. Com o apoio material americano, mas com seus pr\u00f3prios e brilhantes generais e um l\u00edder pol\u00edtico que atravessou tempos e at\u00e9 hoje \u00e9 estudado: Winston Churchill (ex-primeiro-ministro brit\u00e2nico). Sobram dois: a presidente da Comiss\u00e3o Europeia, Ursula von der Leyen, e o secret\u00e1rio-geral da Otan, Mark Rutte.&nbsp;<\/p>\n\n\n\n<p>A primeira \u00e9 a t\u00edpica alem\u00e3 de direita antiga, bastante conservadora e belicosa, antissovi\u00e9tica, anticomunista, antirrussa. \u00c9 do grupo perdedor da Segunda Guerra. O outro, Ruttee, \u00e9 holand\u00eas, integra o bloco de pa\u00edses que fez jogo duplo, pendendo primeiro para o lado nazi, depois para os aliados. Hitler aproveitou a Holanda para dali entrar em setores da Fran\u00e7a, al\u00e9m de buscar oportunidades para invadir partes da Inglaterra.&nbsp;<\/p>\n\n\n\n<p>Assim, pelo prisma da Segunda Guerra sobram dois atores. O primeiro levou os escolhidos para a Casa Branca e disse ter pressa para resolver a guerra. O segundo j\u00e1 tinha conversado com o primeiro bem longe, no Alasca. Disse tamb\u00e9m querer a paz e proteger seu pa\u00eds dos nazistas, ou neonazistas.&nbsp; N\u00e3o quer perder 24 milh\u00f5es de pessoas novamente. Donald Trump e Vladimir Putin podem n\u00e3o ser o que existe de melhor entre os representantes dos que ganharam a grande guerra. Mas est\u00e3o no poder e sabem o papel que cabe a cada um dos pa\u00edses que dirigem.<\/p>\n\n\n\n<p>O CORREIO SABE PORQUE VIU.&nbsp;<\/p>\n\n\n\n<p>Estava l\u00e1. Fontes me cobraram outras hist\u00f3rias sobre momentos de aproxima\u00e7\u00e3o entre Estados Unidos e R\u00fassia. \u00c9 um tema rico e exige espa\u00e7o. Desta vez, o factual da semana exigiu mais. Fico a dever para a pr\u00f3xima coluna.<\/p>\n\n\n\n<p>*<em>O jornalista foi, por muitos anos, correspondente do&nbsp;<\/em><strong><em>Correio Braziliense<\/em><\/strong><em>&nbsp;em Moscou<\/em><\/p>\n","protected":false},"excerpt":{"rendered":"<p>Trump e Putin podem n\u00e3o ser o que existe de melhor entre os representantes dos que ganharam a grande guerra. Mas est\u00e3o no poder e sabem o papel que cabe a cada um dos pa\u00edses que dirigem<\/p>\n","protected":false},"author":10,"featured_media":33485,"comment_status":"closed","ping_status":"closed","sticky":false,"template":"","format":"standard","meta":{"_acf_changed":false,"inline_featured_image":false,"footnotes":""},"categories":[1953],"tags":[125,128,307,132,134,135],"class_list":["post-33541","post","type-post","status-publish","format-standard","has-post-thumbnail","hentry","category-opiniao","tag-estados-unidos","tag-guerra","tag-otan","tag-russia","tag-ucrania","tag-uniao-europeia"],"acf":[],"yoast_head":"<!-- This site is optimized with the Yoast SEO plugin v27.3 - https:\/\/yoast.com\/product\/yoast-seo-wordpress\/ -->\n<title>ARTIGO: A paz poss\u00edvel mesmo com sombras de guerra - Blog da Rosana Hessel<\/title>\n<meta name=\"description\" content=\"Trump e Putin podem n\u00e3o ser o que existe de melhor entre os representantes dos que ganharam a grande guerra. Mas est\u00e3o no poder e sabem o papel que cabe a cada um dos pa\u00edses que dirigem\" \/>\n<meta name=\"robots\" content=\"index, follow, max-snippet:-1, max-image-preview:large, max-video-preview:-1\" \/>\n<link rel=\"canonical\" href=\"https:\/\/newblogs.correiobraziliense.com.br\/blog-da-rosana-hessel\/artigo-a-paz-possivel-mesmo-com-sombras-de-guerra\/\" \/>\n<meta property=\"og:locale\" content=\"pt_BR\" \/>\n<meta property=\"og:type\" content=\"article\" \/>\n<meta property=\"og:title\" content=\"ARTIGO: A paz poss\u00edvel mesmo com sombras de guerra - Blog da Rosana Hessel\" \/>\n<meta property=\"og:description\" content=\"Trump e Putin podem n\u00e3o ser o que existe de melhor entre os representantes dos que ganharam a grande guerra. Mas est\u00e3o no poder e sabem o papel que cabe a cada um dos pa\u00edses que dirigem\" \/>\n<meta property=\"og:url\" content=\"https:\/\/newblogs.correiobraziliense.com.br\/blog-da-rosana-hessel\/artigo-a-paz-possivel-mesmo-com-sombras-de-guerra\/\" \/>\n<meta property=\"og:site_name\" content=\"Blog da Rosana Hessel\" \/>\n<meta property=\"article:published_time\" content=\"2025-08-24T12:00:00+00:00\" \/>\n<meta property=\"og:image\" content=\"https:\/\/newblogs.correiobraziliense.com.br\/blog-da-rosana-hessel\/wp-content\/uploads\/sites\/5\/2025\/08\/afp-20250815-69n77ew-v1-highres-usukrainerussiaconflictsummittrumpputin-58518014-scaled.jpg\" \/>\n\t<meta property=\"og:image:width\" content=\"2560\" \/>\n\t<meta property=\"og:image:height\" content=\"1733\" \/>\n\t<meta property=\"og:image:type\" content=\"image\/jpeg\" \/>\n<meta name=\"author\" content=\"Rosana Hessel\" \/>\n<!-- \/ Yoast SEO plugin. -->","yoast_head_json":{"title":"ARTIGO: A paz poss\u00edvel mesmo com sombras de guerra - Blog da Rosana Hessel","description":"Trump e Putin podem n\u00e3o ser o que existe de melhor entre os representantes dos que ganharam a grande guerra. Mas est\u00e3o no poder e sabem o papel que cabe a cada um dos pa\u00edses que dirigem","robots":{"index":"index","follow":"follow","max-snippet":"max-snippet:-1","max-image-preview":"max-image-preview:large","max-video-preview":"max-video-preview:-1"},"canonical":"https:\/\/newblogs.correiobraziliense.com.br\/blog-da-rosana-hessel\/artigo-a-paz-possivel-mesmo-com-sombras-de-guerra\/","og_locale":"pt_BR","og_type":"article","og_title":"ARTIGO: A paz poss\u00edvel mesmo com sombras de guerra - Blog da Rosana Hessel","og_description":"Trump e Putin podem n\u00e3o ser o que existe de melhor entre os representantes dos que ganharam a grande guerra. Mas est\u00e3o no poder e sabem o papel que cabe a cada um dos pa\u00edses que dirigem","og_url":"https:\/\/newblogs.correiobraziliense.com.br\/blog-da-rosana-hessel\/artigo-a-paz-possivel-mesmo-com-sombras-de-guerra\/","og_site_name":"Blog da Rosana Hessel","article_published_time":"2025-08-24T12:00:00+00:00","og_image":[{"width":2560,"height":1733,"url":"https:\/\/newblogs.correiobraziliense.com.br\/blog-da-rosana-hessel\/wp-content\/uploads\/sites\/5\/2025\/08\/afp-20250815-69n77ew-v1-highres-usukrainerussiaconflictsummittrumpputin-58518014-scaled.jpg","type":"image\/jpeg"}],"author":"Rosana Hessel","schema":{"@context":"https:\/\/schema.org","@graph":[{"@type":"Article","@id":"https:\/\/newblogs.correiobraziliense.com.br\/blog-da-rosana-hessel\/artigo-a-paz-possivel-mesmo-com-sombras-de-guerra\/#article","isPartOf":{"@id":"https:\/\/newblogs.correiobraziliense.com.br\/blog-da-rosana-hessel\/artigo-a-paz-possivel-mesmo-com-sombras-de-guerra\/"},"author":{"name":"Rosana Hessel","@id":"https:\/\/newblogs.correiobraziliense.com.br\/blog-da-rosana-hessel\/#\/schema\/person\/824cb3c631cf0d4056f75ca02599a930"},"headline":"ARTIGO: A paz poss\u00edvel mesmo com sombras de guerra","datePublished":"2025-08-24T12:00:00+00:00","mainEntityOfPage":{"@id":"https:\/\/newblogs.correiobraziliense.com.br\/blog-da-rosana-hessel\/artigo-a-paz-possivel-mesmo-com-sombras-de-guerra\/"},"wordCount":949,"image":{"@id":"https:\/\/newblogs.correiobraziliense.com.br\/blog-da-rosana-hessel\/artigo-a-paz-possivel-mesmo-com-sombras-de-guerra\/#primaryimage"},"thumbnailUrl":"https:\/\/newblogs.correiobraziliense.com.br\/blog-da-rosana-hessel\/wp-content\/uploads\/sites\/5\/2025\/08\/afp-20250815-69n77ew-v1-highres-usukrainerussiaconflictsummittrumpputin-58518014-scaled.jpg","keywords":["Estados Unidos","guerra","Otan","R\u00fassia","Ucr\u00e2nia","Uni\u00e3o Europeia"],"articleSection":["OPINI\u00c3O"],"inLanguage":"pt-BR"},{"@type":"WebPage","@id":"https:\/\/newblogs.correiobraziliense.com.br\/blog-da-rosana-hessel\/artigo-a-paz-possivel-mesmo-com-sombras-de-guerra\/","url":"https:\/\/newblogs.correiobraziliense.com.br\/blog-da-rosana-hessel\/artigo-a-paz-possivel-mesmo-com-sombras-de-guerra\/","name":"ARTIGO: A paz poss\u00edvel mesmo com sombras de guerra - Blog da Rosana Hessel","isPartOf":{"@id":"https:\/\/newblogs.correiobraziliense.com.br\/blog-da-rosana-hessel\/#website"},"primaryImageOfPage":{"@id":"https:\/\/newblogs.correiobraziliense.com.br\/blog-da-rosana-hessel\/artigo-a-paz-possivel-mesmo-com-sombras-de-guerra\/#primaryimage"},"image":{"@id":"https:\/\/newblogs.correiobraziliense.com.br\/blog-da-rosana-hessel\/artigo-a-paz-possivel-mesmo-com-sombras-de-guerra\/#primaryimage"},"thumbnailUrl":"https:\/\/newblogs.correiobraziliense.com.br\/blog-da-rosana-hessel\/wp-content\/uploads\/sites\/5\/2025\/08\/afp-20250815-69n77ew-v1-highres-usukrainerussiaconflictsummittrumpputin-58518014-scaled.jpg","datePublished":"2025-08-24T12:00:00+00:00","author":{"@id":"https:\/\/newblogs.correiobraziliense.com.br\/blog-da-rosana-hessel\/#\/schema\/person\/824cb3c631cf0d4056f75ca02599a930"},"description":"Trump e Putin podem n\u00e3o ser o que existe de melhor entre os representantes dos que ganharam a grande guerra. Mas est\u00e3o no poder e sabem o papel que cabe a cada um dos pa\u00edses que dirigem","breadcrumb":{"@id":"https:\/\/newblogs.correiobraziliense.com.br\/blog-da-rosana-hessel\/artigo-a-paz-possivel-mesmo-com-sombras-de-guerra\/#breadcrumb"},"inLanguage":"pt-BR","potentialAction":[{"@type":"ReadAction","target":["https:\/\/newblogs.correiobraziliense.com.br\/blog-da-rosana-hessel\/artigo-a-paz-possivel-mesmo-com-sombras-de-guerra\/"]}]},{"@type":"ImageObject","inLanguage":"pt-BR","@id":"https:\/\/newblogs.correiobraziliense.com.br\/blog-da-rosana-hessel\/artigo-a-paz-possivel-mesmo-com-sombras-de-guerra\/#primaryimage","url":"https:\/\/newblogs.correiobraziliense.com.br\/blog-da-rosana-hessel\/wp-content\/uploads\/sites\/5\/2025\/08\/afp-20250815-69n77ew-v1-highres-usukrainerussiaconflictsummittrumpputin-58518014-scaled.jpg","contentUrl":"https:\/\/newblogs.correiobraziliense.com.br\/blog-da-rosana-hessel\/wp-content\/uploads\/sites\/5\/2025\/08\/afp-20250815-69n77ew-v1-highres-usukrainerussiaconflictsummittrumpputin-58518014-scaled.jpg","width":2560,"height":1733,"caption":"Trump e Putin em encontro no Alasca (Photo by ANDREW CABALLERO-REYNOLDS \/ AFP)"},{"@type":"BreadcrumbList","@id":"https:\/\/newblogs.correiobraziliense.com.br\/blog-da-rosana-hessel\/artigo-a-paz-possivel-mesmo-com-sombras-de-guerra\/#breadcrumb","itemListElement":[{"@type":"ListItem","position":1,"name":"In\u00edcio","item":"https:\/\/newblogs.correiobraziliense.com.br\/blog-da-rosana-hessel\/"},{"@type":"ListItem","position":2,"name":"ARTIGO: A paz poss\u00edvel mesmo com sombras de guerra"}]},{"@type":"WebSite","@id":"https:\/\/newblogs.correiobraziliense.com.br\/blog-da-rosana-hessel\/#website","url":"https:\/\/newblogs.correiobraziliense.com.br\/blog-da-rosana-hessel\/","name":"Blog da Rosana Hessel","description":"Not\u00edcias atualizadas e an\u00e1lises sobre economia. Acompanhe-nos para entender as tend\u00eancias e os impactos econ\u00f4micos que influenciam o seu dia a dia, tanto no Brasil quanto no exterior.","potentialAction":[{"@type":"SearchAction","target":{"@type":"EntryPoint","urlTemplate":"https:\/\/newblogs.correiobraziliense.com.br\/blog-da-rosana-hessel\/?s={search_term_string}"},"query-input":{"@type":"PropertyValueSpecification","valueRequired":true,"valueName":"search_term_string"}}],"inLanguage":"pt-BR"},{"@type":"Person","@id":"https:\/\/newblogs.correiobraziliense.com.br\/blog-da-rosana-hessel\/#\/schema\/person\/824cb3c631cf0d4056f75ca02599a930","name":"Rosana Hessel","image":{"@type":"ImageObject","inLanguage":"pt-BR","@id":"https:\/\/secure.gravatar.com\/avatar\/fe780cf1839cf10cd6d682fb080611e0d2a459b64be8a8781778109777fbcfd3?s=96&d=mm&r=g","url":"https:\/\/secure.gravatar.com\/avatar\/fe780cf1839cf10cd6d682fb080611e0d2a459b64be8a8781778109777fbcfd3?s=96&d=mm&r=g","contentUrl":"https:\/\/secure.gravatar.com\/avatar\/fe780cf1839cf10cd6d682fb080611e0d2a459b64be8a8781778109777fbcfd3?s=96&d=mm&r=g","caption":"Rosana Hessel"},"description":"Formada pela Pontif\u00edcia Universidade Cat\u00f3lica de S\u00e3o Paulo (PUC-SP), \u00e9 jornalista de economia desde 1995, quando passou a integrar o time da Gazeta Mercantil. Est\u00e1 sempre atr\u00e1s da boa informa\u00e7\u00e3o. Possui especializa\u00e7\u00e3o em economia pela FGV e MBA em Finan\u00e7as pela FIA-USP. Trabalha no Correio Braziliense desde 2010. Ganhou o Pr\u00eamio Esso de Jornalismo Econ\u00f4mico em 2014 e em 2015 com a equipe do Correio. Foi finalista entre os 50 jornalistas +Admirados da Imprensa de Economia, Neg\u00f3cios e Finan\u00e7as 2024, promovido pela Jornalistas&amp;Cia.","url":"https:\/\/newblogs.correiobraziliense.com.br\/blog-da-rosana-hessel\/author\/rosanahessel\/"}]}},"_links":{"self":[{"href":"https:\/\/newblogs.correiobraziliense.com.br\/blog-da-rosana-hessel\/wp-json\/wp\/v2\/posts\/33541","targetHints":{"allow":["GET"]}}],"collection":[{"href":"https:\/\/newblogs.correiobraziliense.com.br\/blog-da-rosana-hessel\/wp-json\/wp\/v2\/posts"}],"about":[{"href":"https:\/\/newblogs.correiobraziliense.com.br\/blog-da-rosana-hessel\/wp-json\/wp\/v2\/types\/post"}],"author":[{"embeddable":true,"href":"https:\/\/newblogs.correiobraziliense.com.br\/blog-da-rosana-hessel\/wp-json\/wp\/v2\/users\/10"}],"replies":[{"embeddable":true,"href":"https:\/\/newblogs.correiobraziliense.com.br\/blog-da-rosana-hessel\/wp-json\/wp\/v2\/comments?post=33541"}],"version-history":[{"count":6,"href":"https:\/\/newblogs.correiobraziliense.com.br\/blog-da-rosana-hessel\/wp-json\/wp\/v2\/posts\/33541\/revisions"}],"predecessor-version":[{"id":33547,"href":"https:\/\/newblogs.correiobraziliense.com.br\/blog-da-rosana-hessel\/wp-json\/wp\/v2\/posts\/33541\/revisions\/33547"}],"wp:featuredmedia":[{"embeddable":true,"href":"https:\/\/newblogs.correiobraziliense.com.br\/blog-da-rosana-hessel\/wp-json\/wp\/v2\/media\/33485"}],"wp:attachment":[{"href":"https:\/\/newblogs.correiobraziliense.com.br\/blog-da-rosana-hessel\/wp-json\/wp\/v2\/media?parent=33541"}],"wp:term":[{"taxonomy":"category","embeddable":true,"href":"https:\/\/newblogs.correiobraziliense.com.br\/blog-da-rosana-hessel\/wp-json\/wp\/v2\/categories?post=33541"},{"taxonomy":"post_tag","embeddable":true,"href":"https:\/\/newblogs.correiobraziliense.com.br\/blog-da-rosana-hessel\/wp-json\/wp\/v2\/tags?post=33541"}],"curies":[{"name":"wp","href":"https:\/\/api.w.org\/{rel}","templated":true}]}}