{"id":33512,"date":"2025-08-21T07:00:00","date_gmt":"2025-08-21T10:00:00","guid":{"rendered":"https:\/\/newblogs.correiobraziliense.com.br\/blog-da-rosana-hessel\/?p=33512"},"modified":"2025-08-20T21:52:48","modified_gmt":"2025-08-21T00:52:48","slug":"genial-quaest-lula-amplia-vantagem-sobre-adversarios-na-corrida-eleitoral","status":"publish","type":"post","link":"https:\/\/newblogs.correiobraziliense.com.br\/blog-da-rosana-hessel\/genial-quaest-lula-amplia-vantagem-sobre-adversarios-na-corrida-eleitoral\/","title":{"rendered":"Genial\/Quaest: Lula amplia vantagem sobre advers\u00e1rios na corrida eleitoral"},"content":{"rendered":"\n<p>A melhora na avalia\u00e7\u00e3o do governo ap\u00f3s o tarifa\u00e7o de 50% sobre os produtos brasileiros aplicado pelo presidente dos Estados Unidos, Donald Trump, que entrou em vigor no \u00faltimo dia 6, n\u00e3o s\u00f3 ajudou a melhorar a avalia\u00e7\u00e3o do governo do presidente Luiz In\u00e1cio Lula da Silva (PT) como ampliou a vantagem dele sobre os rivais na corrida eleitoral de 2026.\u00a0<\/p>\n\n\n\n<p>Dados da Pesquisa Genial\/Quaest, divulgada nesta quinta-feira (21\/8), mostram que Lula venceria os rivais, em um eventual segundo turno, nos nove cen\u00e1rios estimulados, com vantagens de oito a 16 pontos percentuais. <\/p>\n\n\n\n<p>A menor diferen\u00e7a ficou contra o governador de S\u00e3o Paulo, Tarcisio de Freitas (Republicanos),&nbsp; com um placar de 43% a 35%. Contra o ex-presidente Jair Bolsonaro (PL), que est\u00e1 ineleg\u00edvel por decis\u00e3o do Tribunal Superior Eleitoral (TSE), Lula teria uma vit\u00f3ria mais ampla do que contra Tarc\u00edsio. O ex-capit\u00e3o perderia do petista por 12 pontos percentuais, com placar de 47% a 35%.<\/p>\n\n\n\n<p>Em um embate contra os demais potenciais candidatos da direita, a vantagem de Lula oscilou entre 10 a 16 pontos percentuais. As inten\u00e7\u00f5es de votos para o atual presidente variaram de 43% a 48% nos nove cen\u00e1rios.&nbsp; <\/p>\n\n\n\n<p>Contra o governador do Paran\u00e1, Ratinho J\u00fanior (PSD), por exemplo, a vantagem de Lula \u00e9 de 10 pontos, segundo a pesquisa. J\u00e1 contra a ex-primeira-dama Michelle Bolsonaro (PL), a diferen\u00e7a do petista \u00e9 maior, de 13 pontos percentuais. Os governadores do Rio Grande do Sul, Eduardo Leite (PSD), de Goi\u00e1s, Ronaldo Caiado (Uni\u00e3o Brasil), e o senador Fl\u00e1vio Bolsonaro (PL-RJ) seriam derrotados por Lula pela maior diferen\u00e7a entre os demais rivais, de 16 pontos percentuais.&nbsp;<\/p>\n\n\n\n<p>Um dado positivo da pesquisa para Lula \u00e9 que 47% dos entrevistados t\u00eam mais medo da volta de Bolsonaro do que a reelei\u00e7\u00e3o do petista. Em julho, esse percentual era menor, de 44%. J\u00e1 os eleitores que temem mais a reelei\u00e7\u00e3o de Lula recuou de 41% para 39%, na mesma base de compara\u00e7\u00e3o.&nbsp;<\/p>\n\n\n\n<p><strong>Desempenho nos estados<\/strong><\/p>\n\n\n\n<p>A pesquisa eleitoral da Quaest, em parceria com a Genial Investimentos, foi realizada entre os dias 13 e 17 de agosto. Foram realizadas 12.150 entrevistas presenciais, e o levantamento apresentou uma amostra especial sobre a opini\u00e3o dos eleitores de oito estados: S\u00e3o Paulo, Minas Gerais, Rio de Janeiro, Paran\u00e1, Rio Grande do Sul, Goi\u00e1s, Bahia e Pernambuco. A margem de erro \u00e9 de dois pontos percentuais, na amostra nacional e na de S\u00e3o Paulo, e de tr\u00eas pontos percentuais nos demais estados.&nbsp;<\/p>\n\n\n\n<p>Contra Tarc\u00edsio, Lula s\u00f3 venceria na Bahia (com placar de 63% a 21%) e em Pernambuco (61% a 27%). Em S\u00e3o Paulo, perderia de 52% a 35%; no Paran\u00e1, de 46% a 32%; em Goi\u00e1s, de 47% a 32%. Em Minas, ficaria empatado tecnicamente com o governador paulista com 37% a 39%. No Rio de Janeiro, o empate \u00e9 num\u00e9rico, de 35%. E, no Rio Grande do Sul, haveria empate na margem de erro, sendo 47% para Tarc\u00edsio e 32% para Lula.&nbsp;&nbsp;<\/p>\n\n\n\n<p>Para 58% dos eleitores acha que Lula n\u00e3o deveria ser candidato \u00e0 reelei\u00e7\u00e3o, mesmo percentual da pesquisa de julho. Entre os estados, essa opini\u00e3o \u00e9 majorit\u00e1ria em todos os estados, menos na Bahia e em Pernambuco. Nesses dois estados, o percentual dos eleitores que s\u00e3o contra a candidatura de Lula em 2026 foi de 42%.&nbsp; Em rela\u00e7\u00e3o a Bolsonaro, 65% dos entrevistados acham que ele deveria desistir e apoiar outro candidato, opini\u00e3o que tem a concord\u00e2ncia superior a 60% em todos os estados destacados.&nbsp;&nbsp;<\/p>\n\n\n\n<p>Na pesquisa espont\u00e2nea, o nome de Lula aparece com 16% das cita\u00e7\u00f5es, e o de Bolsonaro, com 9%. Ciro Gomes (PDT), Michelle, Ratinho Jr. e Tarc\u00edsio foram citados por apenas 1% dos entrevistados, enquanto 4% informaram que votar\u00e3o em branco ou nulo, ou n\u00e3o ir\u00e3o votar. Os indecisos somaram 66%.&nbsp;<\/p>\n\n\n\n<p><strong>Veja alguns recortes da pesquisa: <\/strong><\/p>\n\n\n\n<figure class=\"wp-block-image size-large is-resized\"><img decoding=\"async\" src=\"http:\/\/newblogs.correiobraziliense.com.br\/blog-da-rosana-hessel\/wp-content\/uploads\/sites\/5\/2025\/08\/genialquaest2ago25a-1024x602.jpg\" alt=\"\" class=\"wp-image-33515\" style=\"width:534px;height:auto\" \/><\/figure>\n\n\n\n<figure class=\"wp-block-image size-large\"><img decoding=\"async\" src=\"http:\/\/newblogs.correiobraziliense.com.br\/blog-da-rosana-hessel\/wp-content\/uploads\/sites\/5\/2025\/08\/genialquaest2ago25c-1024x601.jpg\" alt=\"\" class=\"wp-image-33513\" \/><\/figure>\n\n\n\n<figure class=\"wp-block-image size-large\"><img decoding=\"async\" src=\"http:\/\/newblogs.correiobraziliense.com.br\/blog-da-rosana-hessel\/wp-content\/uploads\/sites\/5\/2025\/08\/genialquaes2ago25b-1024x589.jpg\" alt=\"\" class=\"wp-image-33514\" \/><\/figure>\n","protected":false},"excerpt":{"rendered":"<p>Pesquisa Genial\/Quaest revela que, em um eventual segundo turno, o presidente Lula venceria os rivais da direita em nove cen\u00e1rios estimulados <\/p>\n","protected":false},"author":10,"featured_media":33517,"comment_status":"closed","ping_status":"closed","sticky":false,"template":"","format":"standard","meta":{"_acf_changed":false,"inline_featured_image":false,"footnotes":""},"categories":[1886],"tags":[593,2000,118,562,2140],"class_list":["post-33512","post","type-post","status-publish","format-standard","has-post-thumbnail","hentry","category-pesquisa","tag-bolsonaro","tag-eleicoes-2026","tag-lula","tag-pesquisa-genial-quaest","tag-tarcisio-de-freitas-2"],"acf":[],"yoast_head":"<!-- This site is optimized with the Yoast SEO plugin v27.3 - https:\/\/yoast.com\/product\/yoast-seo-wordpress\/ -->\n<title>Genial\/Quaest: Lula amplia vantagem sobre advers\u00e1rios na corrida eleitoral - Blog da Rosana Hessel<\/title>\n<meta name=\"description\" content=\"Pesquisa Genial\/Quaest revela que, em um eventual segundo turno, o presidente Lula venceria os rivais da direita em nove cen\u00e1rios estimulados\" \/>\n<meta name=\"robots\" content=\"index, follow, max-snippet:-1, max-image-preview:large, max-video-preview:-1\" \/>\n<link rel=\"canonical\" href=\"https:\/\/newblogs.correiobraziliense.com.br\/blog-da-rosana-hessel\/genial-quaest-lula-amplia-vantagem-sobre-adversarios-na-corrida-eleitoral\/\" \/>\n<meta property=\"og:locale\" content=\"pt_BR\" \/>\n<meta property=\"og:type\" content=\"article\" \/>\n<meta property=\"og:title\" content=\"Genial\/Quaest: Lula amplia vantagem sobre advers\u00e1rios na corrida eleitoral - Blog da Rosana Hessel\" \/>\n<meta property=\"og:description\" content=\"Pesquisa Genial\/Quaest revela que, em um eventual segundo turno, o presidente Lula venceria os rivais da direita em nove cen\u00e1rios estimulados\" \/>\n<meta property=\"og:url\" content=\"https:\/\/newblogs.correiobraziliense.com.br\/blog-da-rosana-hessel\/genial-quaest-lula-amplia-vantagem-sobre-adversarios-na-corrida-eleitoral\/\" \/>\n<meta property=\"og:site_name\" content=\"Blog da Rosana Hessel\" \/>\n<meta property=\"article:published_time\" content=\"2025-08-21T10:00:00+00:00\" \/>\n<meta property=\"og:image\" content=\"https:\/\/newblogs.correiobraziliense.com.br\/blog-da-rosana-hessel\/wp-content\/uploads\/sites\/5\/2025\/08\/Lulavisitamontadorachinesa.jpg\" \/>\n\t<meta property=\"og:image:width\" content=\"800\" \/>\n\t<meta property=\"og:image:height\" content=\"533\" \/>\n\t<meta property=\"og:image:type\" content=\"image\/jpeg\" \/>\n<meta name=\"author\" content=\"Rosana Hessel\" \/>\n<!-- \/ Yoast SEO plugin. -->","yoast_head_json":{"title":"Genial\/Quaest: Lula amplia vantagem sobre advers\u00e1rios na corrida eleitoral - Blog da Rosana Hessel","description":"Pesquisa Genial\/Quaest revela que, em um eventual segundo turno, o presidente Lula venceria os rivais da direita em nove cen\u00e1rios estimulados","robots":{"index":"index","follow":"follow","max-snippet":"max-snippet:-1","max-image-preview":"max-image-preview:large","max-video-preview":"max-video-preview:-1"},"canonical":"https:\/\/newblogs.correiobraziliense.com.br\/blog-da-rosana-hessel\/genial-quaest-lula-amplia-vantagem-sobre-adversarios-na-corrida-eleitoral\/","og_locale":"pt_BR","og_type":"article","og_title":"Genial\/Quaest: Lula amplia vantagem sobre advers\u00e1rios na corrida eleitoral - Blog da Rosana Hessel","og_description":"Pesquisa Genial\/Quaest revela que, em um eventual segundo turno, o presidente Lula venceria os rivais da direita em nove cen\u00e1rios estimulados","og_url":"https:\/\/newblogs.correiobraziliense.com.br\/blog-da-rosana-hessel\/genial-quaest-lula-amplia-vantagem-sobre-adversarios-na-corrida-eleitoral\/","og_site_name":"Blog da Rosana Hessel","article_published_time":"2025-08-21T10:00:00+00:00","og_image":[{"width":800,"height":533,"url":"https:\/\/newblogs.correiobraziliense.com.br\/blog-da-rosana-hessel\/wp-content\/uploads\/sites\/5\/2025\/08\/Lulavisitamontadorachinesa.jpg","type":"image\/jpeg"}],"author":"Rosana Hessel","schema":{"@context":"https:\/\/schema.org","@graph":[{"@type":"Article","@id":"https:\/\/newblogs.correiobraziliense.com.br\/blog-da-rosana-hessel\/genial-quaest-lula-amplia-vantagem-sobre-adversarios-na-corrida-eleitoral\/#article","isPartOf":{"@id":"https:\/\/newblogs.correiobraziliense.com.br\/blog-da-rosana-hessel\/genial-quaest-lula-amplia-vantagem-sobre-adversarios-na-corrida-eleitoral\/"},"author":{"name":"Rosana Hessel","@id":"https:\/\/newblogs.correiobraziliense.com.br\/blog-da-rosana-hessel\/#\/schema\/person\/824cb3c631cf0d4056f75ca02599a930"},"headline":"Genial\/Quaest: Lula amplia vantagem sobre advers\u00e1rios na corrida eleitoral","datePublished":"2025-08-21T10:00:00+00:00","mainEntityOfPage":{"@id":"https:\/\/newblogs.correiobraziliense.com.br\/blog-da-rosana-hessel\/genial-quaest-lula-amplia-vantagem-sobre-adversarios-na-corrida-eleitoral\/"},"wordCount":642,"image":{"@id":"https:\/\/newblogs.correiobraziliense.com.br\/blog-da-rosana-hessel\/genial-quaest-lula-amplia-vantagem-sobre-adversarios-na-corrida-eleitoral\/#primaryimage"},"thumbnailUrl":"https:\/\/newblogs.correiobraziliense.com.br\/blog-da-rosana-hessel\/wp-content\/uploads\/sites\/5\/2025\/08\/Lulavisitamontadorachinesa.jpg","keywords":["Bolsonaro","elei\u00e7\u00f5es 2026","Lula","Pesquisa Genial\/Quaest","Tarc\u00edsio de Freitas"],"articleSection":["Pesquisa"],"inLanguage":"pt-BR"},{"@type":"WebPage","@id":"https:\/\/newblogs.correiobraziliense.com.br\/blog-da-rosana-hessel\/genial-quaest-lula-amplia-vantagem-sobre-adversarios-na-corrida-eleitoral\/","url":"https:\/\/newblogs.correiobraziliense.com.br\/blog-da-rosana-hessel\/genial-quaest-lula-amplia-vantagem-sobre-adversarios-na-corrida-eleitoral\/","name":"Genial\/Quaest: Lula amplia vantagem sobre advers\u00e1rios na corrida eleitoral - Blog da Rosana Hessel","isPartOf":{"@id":"https:\/\/newblogs.correiobraziliense.com.br\/blog-da-rosana-hessel\/#website"},"primaryImageOfPage":{"@id":"https:\/\/newblogs.correiobraziliense.com.br\/blog-da-rosana-hessel\/genial-quaest-lula-amplia-vantagem-sobre-adversarios-na-corrida-eleitoral\/#primaryimage"},"image":{"@id":"https:\/\/newblogs.correiobraziliense.com.br\/blog-da-rosana-hessel\/genial-quaest-lula-amplia-vantagem-sobre-adversarios-na-corrida-eleitoral\/#primaryimage"},"thumbnailUrl":"https:\/\/newblogs.correiobraziliense.com.br\/blog-da-rosana-hessel\/wp-content\/uploads\/sites\/5\/2025\/08\/Lulavisitamontadorachinesa.jpg","datePublished":"2025-08-21T10:00:00+00:00","author":{"@id":"https:\/\/newblogs.correiobraziliense.com.br\/blog-da-rosana-hessel\/#\/schema\/person\/824cb3c631cf0d4056f75ca02599a930"},"description":"Pesquisa Genial\/Quaest revela que, em um eventual segundo turno, o presidente Lula venceria os rivais da direita em nove cen\u00e1rios estimulados","breadcrumb":{"@id":"https:\/\/newblogs.correiobraziliense.com.br\/blog-da-rosana-hessel\/genial-quaest-lula-amplia-vantagem-sobre-adversarios-na-corrida-eleitoral\/#breadcrumb"},"inLanguage":"pt-BR","potentialAction":[{"@type":"ReadAction","target":["https:\/\/newblogs.correiobraziliense.com.br\/blog-da-rosana-hessel\/genial-quaest-lula-amplia-vantagem-sobre-adversarios-na-corrida-eleitoral\/"]}]},{"@type":"ImageObject","inLanguage":"pt-BR","@id":"https:\/\/newblogs.correiobraziliense.com.br\/blog-da-rosana-hessel\/genial-quaest-lula-amplia-vantagem-sobre-adversarios-na-corrida-eleitoral\/#primaryimage","url":"https:\/\/newblogs.correiobraziliense.com.br\/blog-da-rosana-hessel\/wp-content\/uploads\/sites\/5\/2025\/08\/Lulavisitamontadorachinesa.jpg","contentUrl":"https:\/\/newblogs.correiobraziliense.com.br\/blog-da-rosana-hessel\/wp-content\/uploads\/sites\/5\/2025\/08\/Lulavisitamontadorachinesa.jpg","width":800,"height":533,"caption":"Presidente da Rep\u00fablica, Luiz In\u00e1cio Lula da Silva, durante visita aos carros da GWM. Pequim - China. Foto: Ricardo Stuckert \/ PR"},{"@type":"BreadcrumbList","@id":"https:\/\/newblogs.correiobraziliense.com.br\/blog-da-rosana-hessel\/genial-quaest-lula-amplia-vantagem-sobre-adversarios-na-corrida-eleitoral\/#breadcrumb","itemListElement":[{"@type":"ListItem","position":1,"name":"In\u00edcio","item":"https:\/\/newblogs.correiobraziliense.com.br\/blog-da-rosana-hessel\/"},{"@type":"ListItem","position":2,"name":"Genial\/Quaest: Lula amplia vantagem sobre advers\u00e1rios na corrida eleitoral"}]},{"@type":"WebSite","@id":"https:\/\/newblogs.correiobraziliense.com.br\/blog-da-rosana-hessel\/#website","url":"https:\/\/newblogs.correiobraziliense.com.br\/blog-da-rosana-hessel\/","name":"Blog da Rosana Hessel","description":"Not\u00edcias atualizadas e an\u00e1lises sobre economia. Acompanhe-nos para entender as tend\u00eancias e os impactos econ\u00f4micos que influenciam o seu dia a dia, tanto no Brasil quanto no exterior.","potentialAction":[{"@type":"SearchAction","target":{"@type":"EntryPoint","urlTemplate":"https:\/\/newblogs.correiobraziliense.com.br\/blog-da-rosana-hessel\/?s={search_term_string}"},"query-input":{"@type":"PropertyValueSpecification","valueRequired":true,"valueName":"search_term_string"}}],"inLanguage":"pt-BR"},{"@type":"Person","@id":"https:\/\/newblogs.correiobraziliense.com.br\/blog-da-rosana-hessel\/#\/schema\/person\/824cb3c631cf0d4056f75ca02599a930","name":"Rosana Hessel","image":{"@type":"ImageObject","inLanguage":"pt-BR","@id":"https:\/\/secure.gravatar.com\/avatar\/fe780cf1839cf10cd6d682fb080611e0d2a459b64be8a8781778109777fbcfd3?s=96&d=mm&r=g","url":"https:\/\/secure.gravatar.com\/avatar\/fe780cf1839cf10cd6d682fb080611e0d2a459b64be8a8781778109777fbcfd3?s=96&d=mm&r=g","contentUrl":"https:\/\/secure.gravatar.com\/avatar\/fe780cf1839cf10cd6d682fb080611e0d2a459b64be8a8781778109777fbcfd3?s=96&d=mm&r=g","caption":"Rosana Hessel"},"description":"Formada pela Pontif\u00edcia Universidade Cat\u00f3lica de S\u00e3o Paulo (PUC-SP), \u00e9 jornalista de economia desde 1995, quando passou a integrar o time da Gazeta Mercantil. Est\u00e1 sempre atr\u00e1s da boa informa\u00e7\u00e3o. Possui especializa\u00e7\u00e3o em economia pela FGV e MBA em Finan\u00e7as pela FIA-USP. Trabalha no Correio Braziliense desde 2010. Ganhou o Pr\u00eamio Esso de Jornalismo Econ\u00f4mico em 2014 e em 2015 com a equipe do Correio. Foi finalista entre os 50 jornalistas +Admirados da Imprensa de Economia, Neg\u00f3cios e Finan\u00e7as 2024, promovido pela Jornalistas&amp;Cia.","url":"https:\/\/newblogs.correiobraziliense.com.br\/blog-da-rosana-hessel\/author\/rosanahessel\/"}]}},"_links":{"self":[{"href":"https:\/\/newblogs.correiobraziliense.com.br\/blog-da-rosana-hessel\/wp-json\/wp\/v2\/posts\/33512","targetHints":{"allow":["GET"]}}],"collection":[{"href":"https:\/\/newblogs.correiobraziliense.com.br\/blog-da-rosana-hessel\/wp-json\/wp\/v2\/posts"}],"about":[{"href":"https:\/\/newblogs.correiobraziliense.com.br\/blog-da-rosana-hessel\/wp-json\/wp\/v2\/types\/post"}],"author":[{"embeddable":true,"href":"https:\/\/newblogs.correiobraziliense.com.br\/blog-da-rosana-hessel\/wp-json\/wp\/v2\/users\/10"}],"replies":[{"embeddable":true,"href":"https:\/\/newblogs.correiobraziliense.com.br\/blog-da-rosana-hessel\/wp-json\/wp\/v2\/comments?post=33512"}],"version-history":[{"count":7,"href":"https:\/\/newblogs.correiobraziliense.com.br\/blog-da-rosana-hessel\/wp-json\/wp\/v2\/posts\/33512\/revisions"}],"predecessor-version":[{"id":33525,"href":"https:\/\/newblogs.correiobraziliense.com.br\/blog-da-rosana-hessel\/wp-json\/wp\/v2\/posts\/33512\/revisions\/33525"}],"wp:featuredmedia":[{"embeddable":true,"href":"https:\/\/newblogs.correiobraziliense.com.br\/blog-da-rosana-hessel\/wp-json\/wp\/v2\/media\/33517"}],"wp:attachment":[{"href":"https:\/\/newblogs.correiobraziliense.com.br\/blog-da-rosana-hessel\/wp-json\/wp\/v2\/media?parent=33512"}],"wp:term":[{"taxonomy":"category","embeddable":true,"href":"https:\/\/newblogs.correiobraziliense.com.br\/blog-da-rosana-hessel\/wp-json\/wp\/v2\/categories?post=33512"},{"taxonomy":"post_tag","embeddable":true,"href":"https:\/\/newblogs.correiobraziliense.com.br\/blog-da-rosana-hessel\/wp-json\/wp\/v2\/tags?post=33512"}],"curies":[{"name":"wp","href":"https:\/\/api.w.org\/{rel}","templated":true}]}}