{"id":33495,"date":"2025-08-20T07:00:00","date_gmt":"2025-08-20T10:00:00","guid":{"rendered":"https:\/\/newblogs.correiobraziliense.com.br\/blog-da-rosana-hessel\/?p=33495"},"modified":"2025-08-20T08:53:37","modified_gmt":"2025-08-20T11:53:37","slug":"genial-quaest-com-ajuda-de-trump-desaprovacao-de-lula-diminui-para-51","status":"publish","type":"post","link":"https:\/\/newblogs.correiobraziliense.com.br\/blog-da-rosana-hessel\/genial-quaest-com-ajuda-de-trump-desaprovacao-de-lula-diminui-para-51\/","title":{"rendered":"Genial\/Quaest: Com ajuda de Trump, desaprova\u00e7\u00e3o de Lula diminui para 51%"},"content":{"rendered":"\n<p>O presidente dos Estados Unidos, Donald Trump, segue ajudando a melhorar a avalia\u00e7\u00e3o do governo do presidente Luiz In\u00e1cio Lula da Silva (PT), que registrou o menor \u00edndice de desaprova\u00e7\u00e3o do ano na quinta rodada da Pesquisa Genial\/Quaest de 2025, divulgada nesta quarta-feira (20\/8).&nbsp;&nbsp;<\/p>\n\n\n\n<p>De acordo com o levantamento, o petista \u00e9 desaprovado por 51% dos eleitores, apresentando a terceira queda seguida desde o pico da rejei\u00e7\u00e3o, de 57%, registrado em mar\u00e7o. A melhora \u00e9 resultado do tarifa\u00e7o de 50% imposto Trump aos produtos brasileiros, que passou a vigorar no \u00faltimo dia 6, e da queda dos pre\u00e7os dos alimentos.<\/p>\n\n\n\n<p>A aprova\u00e7\u00e3o do governo petista melhorou na mesma base de compara\u00e7\u00e3o. Passou de 40%, em mar\u00e7o, para 46%, em agosto.&nbsp; O percentual dos eleitores que avaliam o governo Lula negativo passou de 40% para 39% entre julho e agosto. Enquanto isso, aqueles que acham o governo positivo, subiu de 28% para 31%.<\/p>\n\n\n\n<p>A pesquisa indicou que a desaprova\u00e7\u00e3o do governo diminuiu em todas as regi\u00f5es pesquisadas, menos no Sul, onde permaneceu est\u00e1vel em 61%. O Nordeste foi a regi\u00e3o com o maior recuo, de 44% para 37% entre julho e agosto. A aprova\u00e7\u00e3o, no mesmo per\u00edodo, avan\u00e7ou de 53% para 60%.&nbsp;<\/p>\n\n\n\n<p>Conforme os dados da Quaest, o percentual de eleitores que afirmaram saber da carta de Trump para Lula aumentou, passando de 60% para 84% entre julho e agosto. E, para 71% dos entrevistados, o presidente norte-americano est\u00e1 errado ao impor taxas por acreditar que existe persegui\u00e7\u00e3o ao ex-presidente Jair Bolsonaro (PL).<\/p>\n\n\n\n<p>Para 48% dos eleitores, Lula e o PT est\u00e3o fazendo o que \u00e9 mais certo, percentual acima do registrado na edi\u00e7\u00e3o anterior, de 44%. E, para 28% dos entrevistados, Bolsonaro e seus aliados \u00e9 que t\u00eam raz\u00e3o. Outros 15% acham que&nbsp; ningu\u00e9m est\u00e1 certo nessa guerra tarif\u00e1ria e de vers\u00f5es.&nbsp;&nbsp;<\/p>\n\n\n\n<p>\u201cA percep\u00e7\u00e3o do comportamento do pre\u00e7o dos alimentos trouxe al\u00edvio \u00e0s fam\u00edlias e reduziu a press\u00e3o sobre o custo de vida. Ao mesmo tempo, a postura firme de Lula diante do tarifa\u00e7o imposto por Trump foi vista como sinal de lideran\u00e7a e defesa dos interesses nacionais. Menos press\u00e3o inflacion\u00e1ria somada \u00e0 imagem de um presidente que reage a desafios externos ajudam a explicar o avan\u00e7o de sua aprova\u00e7\u00e3o neste momento\u201d, disse cientista pol\u00edtico e CEO da Quaest, Felipe Nunes. <\/p>\n\n\n\n<p>Sobre o deputado Eduardo Bolsonaro (PL-SP), que est\u00e1 nos Estados Unidos articulando com o governo dos EUA para adotar medidas contra o Brasil, 69% afirmam que o parlamentar licenciado est\u00e1 defendendo os pr\u00f3prios interesses e da fam\u00edlia. Apenas 23% acreditam que ele est\u00e1 defendendo os interesses do Brasil.&nbsp; Governadores de S\u00e3o Paulo, Minas, Goi\u00e1s e Paran\u00e1 tamb\u00e9m tiveram a imagem arranhada junto ao eleitorado.&nbsp;<\/p>\n\n\n\n<p>Na avalia\u00e7\u00e3o de 77% dos eleitores, a popula\u00e7\u00e3o brasileira ser\u00e1 prejudicada pela sobretaxa de Trump, porque os pre\u00e7os dos alimentos devem subir. A maioria (67%) defende que o Brasil negocie com os EUA, enquanto 28% pensam que o pa\u00eds deveria reagir taxando os produtos norte-americanos. Em rela\u00e7\u00e3o \u00e0 possibilidade de sucesso nas negocia\u00e7\u00f5es, as opini\u00f5es se dividem no levantamento: 48% acreditam que Lula conseguir\u00e1 um acordo e 45% dizem que n\u00e3o.<\/p>\n\n\n\n<p>Para 46% dos entrevistados, nos \u00faltimos 12 meses, a economia brasileira piorou \u2013 mesmo percentual da pesquisa anterior, realizada em julho. Outros 30% acreditam que a economia ficou do mesmo jeito e 22% consideram que houve melhora.&nbsp;<\/p>\n\n\n\n<p>A pesquisa foi ampla, ouviu 12.150 pessoas entre os dias 13 e 17 deste m\u00eas, e \u00e9 o maior panorama pol\u00edtico em oito estados brasileiros. Nacionalmente, foram 2004 entrevistados. A margem de erro estimada da pesquisa \u00e9 de 2 pontos percentuais para mais ou para menos, e o \u00edndice de confian\u00e7a \u00e9 de 95%.<\/p>\n\n\n\n<p><strong>Veja alguns destaques da pesquisa:<\/strong><\/p>\n\n\n\n<figure class=\"wp-block-image size-large\"><img loading=\"lazy\" decoding=\"async\" width=\"887\" height=\"1024\" src=\"https:\/\/newblogs.correiobraziliense.com.br\/blog-da-rosana-hessel\/wp-content\/uploads\/sites\/5\/2025\/08\/quaestago251-887x1024.jpg\" alt=\"\" class=\"wp-image-33496\" srcset=\"https:\/\/newblogs.correiobraziliense.com.br\/blog-da-rosana-hessel\/wp-content\/uploads\/sites\/5\/2025\/08\/quaestago251-887x1024.jpg 887w, https:\/\/newblogs.correiobraziliense.com.br\/blog-da-rosana-hessel\/wp-content\/uploads\/sites\/5\/2025\/08\/quaestago251-260x300.jpg 260w, https:\/\/newblogs.correiobraziliense.com.br\/blog-da-rosana-hessel\/wp-content\/uploads\/sites\/5\/2025\/08\/quaestago251-768x886.jpg 768w, https:\/\/newblogs.correiobraziliense.com.br\/blog-da-rosana-hessel\/wp-content\/uploads\/sites\/5\/2025\/08\/quaestago251.jpg 1109w\" sizes=\"auto, (max-width: 887px) 100vw, 887px\" \/><\/figure>\n\n\n\n<figure class=\"wp-block-image size-large\"><img loading=\"lazy\" decoding=\"async\" width=\"1024\" height=\"586\" src=\"https:\/\/newblogs.correiobraziliense.com.br\/blog-da-rosana-hessel\/wp-content\/uploads\/sites\/5\/2025\/08\/genialquaestago252-1024x586.jpg\" alt=\"\" class=\"wp-image-33497\" srcset=\"https:\/\/newblogs.correiobraziliense.com.br\/blog-da-rosana-hessel\/wp-content\/uploads\/sites\/5\/2025\/08\/genialquaestago252-1024x586.jpg 1024w, https:\/\/newblogs.correiobraziliense.com.br\/blog-da-rosana-hessel\/wp-content\/uploads\/sites\/5\/2025\/08\/genialquaestago252-300x172.jpg 300w, https:\/\/newblogs.correiobraziliense.com.br\/blog-da-rosana-hessel\/wp-content\/uploads\/sites\/5\/2025\/08\/genialquaestago252-768x439.jpg 768w, https:\/\/newblogs.correiobraziliense.com.br\/blog-da-rosana-hessel\/wp-content\/uploads\/sites\/5\/2025\/08\/genialquaestago252.jpg 1173w\" sizes=\"auto, (max-width: 1024px) 100vw, 1024px\" \/><\/figure>\n\n\n\n<figure class=\"wp-block-image size-large\"><img decoding=\"async\" src=\"https:\/\/newblogs.correiobraziliense.com.br\/blog-da-rosana-hessel\/wp-content\/uploads\/sites\/5\/2025\/08\/genialquaestago253-1024x611.jpg\" alt=\"\" class=\"wp-image-33498\" \/><\/figure>\n","protected":false},"excerpt":{"rendered":"<p>Tarifa\u00e7o do presidente dos EUA, Donald Trump, contra o Brasil contribui para segunda queda consecutiva na desaprova\u00e7\u00e3o do governo, que atinge menor patamar do ano em agosto, segundo Pesquisa Genial\/Quaest<\/p>\n","protected":false},"author":10,"featured_media":33503,"comment_status":"closed","ping_status":"closed","sticky":false,"template":"","format":"standard","meta":{"_acf_changed":false,"inline_featured_image":false,"footnotes":""},"categories":[1886],"tags":[1309,114,366,118,562,2049],"class_list":["post-33495","post","type-post","status-publish","format-standard","has-post-thumbnail","hentry","category-pesquisa","tag-aprovacao","tag-economia","tag-eleicoes","tag-lula","tag-pesquisa-genial-quaest","tag-tarifaco"],"acf":[],"yoast_head":"<!-- This site is optimized with the Yoast SEO plugin v27.3 - https:\/\/yoast.com\/product\/yoast-seo-wordpress\/ -->\n<title>Genial\/Quaest: Com ajuda de Trump, desaprova\u00e7\u00e3o de Lula diminui para 51% - Blog da Rosana Hessel<\/title>\n<meta name=\"description\" content=\"Tarifa\u00e7o do presidente dos EUA, Donald Trump, contra o Brasil contribui para segunda queda consecutiva na desaprova\u00e7\u00e3o do governo, que atinge menor patamar do ano em agosto, segundo Pesquisa Genial\/Quaest\" \/>\n<meta name=\"robots\" content=\"index, follow, max-snippet:-1, max-image-preview:large, max-video-preview:-1\" \/>\n<link rel=\"canonical\" href=\"https:\/\/newblogs.correiobraziliense.com.br\/blog-da-rosana-hessel\/genial-quaest-com-ajuda-de-trump-desaprovacao-de-lula-diminui-para-51\/\" \/>\n<meta property=\"og:locale\" content=\"pt_BR\" \/>\n<meta property=\"og:type\" content=\"article\" \/>\n<meta property=\"og:title\" content=\"Genial\/Quaest: Com ajuda de Trump, desaprova\u00e7\u00e3o de Lula diminui para 51% - Blog da Rosana Hessel\" \/>\n<meta property=\"og:description\" content=\"Tarifa\u00e7o do presidente dos EUA, Donald Trump, contra o Brasil contribui para segunda queda consecutiva na desaprova\u00e7\u00e3o do governo, que atinge menor patamar do ano em agosto, segundo Pesquisa Genial\/Quaest\" \/>\n<meta property=\"og:url\" content=\"https:\/\/newblogs.correiobraziliense.com.br\/blog-da-rosana-hessel\/genial-quaest-com-ajuda-de-trump-desaprovacao-de-lula-diminui-para-51\/\" \/>\n<meta property=\"og:site_name\" content=\"Blog da Rosana Hessel\" \/>\n<meta property=\"article:published_time\" content=\"2025-08-20T10:00:00+00:00\" \/>\n<meta property=\"article:modified_time\" content=\"2025-08-20T11:53:37+00:00\" \/>\n<meta property=\"og:image\" content=\"http:\/\/newblogs.correiobraziliense.com.br\/blog-da-rosana-hessel\/wp-content\/uploads\/sites\/5\/2025\/08\/54717958732_599076ca61_w.jpg\" \/>\n\t<meta property=\"og:image:width\" content=\"400\" \/>\n\t<meta property=\"og:image:height\" content=\"267\" \/>\n\t<meta property=\"og:image:type\" content=\"image\/jpeg\" \/>\n<meta name=\"author\" content=\"Rosana Hessel\" \/>\n<!-- \/ Yoast SEO plugin. -->","yoast_head_json":{"title":"Genial\/Quaest: Com ajuda de Trump, desaprova\u00e7\u00e3o de Lula diminui para 51% - Blog da Rosana Hessel","description":"Tarifa\u00e7o do presidente dos EUA, Donald Trump, contra o Brasil contribui para segunda queda consecutiva na desaprova\u00e7\u00e3o do governo, que atinge menor patamar do ano em agosto, segundo Pesquisa Genial\/Quaest","robots":{"index":"index","follow":"follow","max-snippet":"max-snippet:-1","max-image-preview":"max-image-preview:large","max-video-preview":"max-video-preview:-1"},"canonical":"https:\/\/newblogs.correiobraziliense.com.br\/blog-da-rosana-hessel\/genial-quaest-com-ajuda-de-trump-desaprovacao-de-lula-diminui-para-51\/","og_locale":"pt_BR","og_type":"article","og_title":"Genial\/Quaest: Com ajuda de Trump, desaprova\u00e7\u00e3o de Lula diminui para 51% - Blog da Rosana Hessel","og_description":"Tarifa\u00e7o do presidente dos EUA, Donald Trump, contra o Brasil contribui para segunda queda consecutiva na desaprova\u00e7\u00e3o do governo, que atinge menor patamar do ano em agosto, segundo Pesquisa Genial\/Quaest","og_url":"https:\/\/newblogs.correiobraziliense.com.br\/blog-da-rosana-hessel\/genial-quaest-com-ajuda-de-trump-desaprovacao-de-lula-diminui-para-51\/","og_site_name":"Blog da Rosana Hessel","article_published_time":"2025-08-20T10:00:00+00:00","article_modified_time":"2025-08-20T11:53:37+00:00","og_image":[{"width":400,"height":267,"url":"http:\/\/newblogs.correiobraziliense.com.br\/blog-da-rosana-hessel\/wp-content\/uploads\/sites\/5\/2025\/08\/54717958732_599076ca61_w.jpg","type":"image\/jpeg"}],"author":"Rosana Hessel","schema":{"@context":"https:\/\/schema.org","@graph":[{"@type":"Article","@id":"https:\/\/newblogs.correiobraziliense.com.br\/blog-da-rosana-hessel\/genial-quaest-com-ajuda-de-trump-desaprovacao-de-lula-diminui-para-51\/#article","isPartOf":{"@id":"https:\/\/newblogs.correiobraziliense.com.br\/blog-da-rosana-hessel\/genial-quaest-com-ajuda-de-trump-desaprovacao-de-lula-diminui-para-51\/"},"author":{"name":"Rosana Hessel","@id":"https:\/\/newblogs.correiobraziliense.com.br\/blog-da-rosana-hessel\/#\/schema\/person\/824cb3c631cf0d4056f75ca02599a930"},"headline":"Genial\/Quaest: Com ajuda de Trump, desaprova\u00e7\u00e3o de Lula diminui para 51%","datePublished":"2025-08-20T10:00:00+00:00","dateModified":"2025-08-20T11:53:37+00:00","mainEntityOfPage":{"@id":"https:\/\/newblogs.correiobraziliense.com.br\/blog-da-rosana-hessel\/genial-quaest-com-ajuda-de-trump-desaprovacao-de-lula-diminui-para-51\/"},"wordCount":637,"image":{"@id":"https:\/\/newblogs.correiobraziliense.com.br\/blog-da-rosana-hessel\/genial-quaest-com-ajuda-de-trump-desaprovacao-de-lula-diminui-para-51\/#primaryimage"},"thumbnailUrl":"https:\/\/newblogs.correiobraziliense.com.br\/blog-da-rosana-hessel\/wp-content\/uploads\/sites\/5\/2025\/08\/54717958732_599076ca61_w.jpg","keywords":["aprova\u00e7\u00e3o","economia","elei\u00e7\u00f5es","Lula","Pesquisa Genial\/Quaest","tarifa\u00e7o"],"articleSection":["Pesquisa"],"inLanguage":"pt-BR"},{"@type":"WebPage","@id":"https:\/\/newblogs.correiobraziliense.com.br\/blog-da-rosana-hessel\/genial-quaest-com-ajuda-de-trump-desaprovacao-de-lula-diminui-para-51\/","url":"https:\/\/newblogs.correiobraziliense.com.br\/blog-da-rosana-hessel\/genial-quaest-com-ajuda-de-trump-desaprovacao-de-lula-diminui-para-51\/","name":"Genial\/Quaest: Com ajuda de Trump, desaprova\u00e7\u00e3o de Lula diminui para 51% - Blog da Rosana Hessel","isPartOf":{"@id":"https:\/\/newblogs.correiobraziliense.com.br\/blog-da-rosana-hessel\/#website"},"primaryImageOfPage":{"@id":"https:\/\/newblogs.correiobraziliense.com.br\/blog-da-rosana-hessel\/genial-quaest-com-ajuda-de-trump-desaprovacao-de-lula-diminui-para-51\/#primaryimage"},"image":{"@id":"https:\/\/newblogs.correiobraziliense.com.br\/blog-da-rosana-hessel\/genial-quaest-com-ajuda-de-trump-desaprovacao-de-lula-diminui-para-51\/#primaryimage"},"thumbnailUrl":"https:\/\/newblogs.correiobraziliense.com.br\/blog-da-rosana-hessel\/wp-content\/uploads\/sites\/5\/2025\/08\/54717958732_599076ca61_w.jpg","datePublished":"2025-08-20T10:00:00+00:00","dateModified":"2025-08-20T11:53:37+00:00","author":{"@id":"https:\/\/newblogs.correiobraziliense.com.br\/blog-da-rosana-hessel\/#\/schema\/person\/824cb3c631cf0d4056f75ca02599a930"},"description":"Tarifa\u00e7o do presidente dos EUA, Donald Trump, contra o Brasil contribui para segunda queda consecutiva na desaprova\u00e7\u00e3o do governo, que atinge menor patamar do ano em agosto, segundo Pesquisa Genial\/Quaest","breadcrumb":{"@id":"https:\/\/newblogs.correiobraziliense.com.br\/blog-da-rosana-hessel\/genial-quaest-com-ajuda-de-trump-desaprovacao-de-lula-diminui-para-51\/#breadcrumb"},"inLanguage":"pt-BR","potentialAction":[{"@type":"ReadAction","target":["https:\/\/newblogs.correiobraziliense.com.br\/blog-da-rosana-hessel\/genial-quaest-com-ajuda-de-trump-desaprovacao-de-lula-diminui-para-51\/"]}]},{"@type":"ImageObject","inLanguage":"pt-BR","@id":"https:\/\/newblogs.correiobraziliense.com.br\/blog-da-rosana-hessel\/genial-quaest-com-ajuda-de-trump-desaprovacao-de-lula-diminui-para-51\/#primaryimage","url":"https:\/\/newblogs.correiobraziliense.com.br\/blog-da-rosana-hessel\/wp-content\/uploads\/sites\/5\/2025\/08\/54717958732_599076ca61_w.jpg","contentUrl":"https:\/\/newblogs.correiobraziliense.com.br\/blog-da-rosana-hessel\/wp-content\/uploads\/sites\/5\/2025\/08\/54717958732_599076ca61_w.jpg","width":400,"height":267,"caption":"Presidente da Rep\u00fablica, Luiz In\u00e1cio Lula da Silva, durante cerim\u00f4nia de assinatura da Medida Provis\u00f3ria \u201cBrasil Soberano\u201d. Pal\u00e1cio do Planalto, Bras\u00edlia \u2013 DF. Foto: Ricardo Stuckert \/ PR"},{"@type":"BreadcrumbList","@id":"https:\/\/newblogs.correiobraziliense.com.br\/blog-da-rosana-hessel\/genial-quaest-com-ajuda-de-trump-desaprovacao-de-lula-diminui-para-51\/#breadcrumb","itemListElement":[{"@type":"ListItem","position":1,"name":"In\u00edcio","item":"https:\/\/newblogs.correiobraziliense.com.br\/blog-da-rosana-hessel\/"},{"@type":"ListItem","position":2,"name":"Genial\/Quaest: Com ajuda de Trump, desaprova\u00e7\u00e3o de Lula diminui para 51%"}]},{"@type":"WebSite","@id":"https:\/\/newblogs.correiobraziliense.com.br\/blog-da-rosana-hessel\/#website","url":"https:\/\/newblogs.correiobraziliense.com.br\/blog-da-rosana-hessel\/","name":"Blog da Rosana Hessel","description":"Not\u00edcias atualizadas e an\u00e1lises sobre economia. Acompanhe-nos para entender as tend\u00eancias e os impactos econ\u00f4micos que influenciam o seu dia a dia, tanto no Brasil quanto no exterior.","potentialAction":[{"@type":"SearchAction","target":{"@type":"EntryPoint","urlTemplate":"https:\/\/newblogs.correiobraziliense.com.br\/blog-da-rosana-hessel\/?s={search_term_string}"},"query-input":{"@type":"PropertyValueSpecification","valueRequired":true,"valueName":"search_term_string"}}],"inLanguage":"pt-BR"},{"@type":"Person","@id":"https:\/\/newblogs.correiobraziliense.com.br\/blog-da-rosana-hessel\/#\/schema\/person\/824cb3c631cf0d4056f75ca02599a930","name":"Rosana Hessel","image":{"@type":"ImageObject","inLanguage":"pt-BR","@id":"https:\/\/secure.gravatar.com\/avatar\/fe780cf1839cf10cd6d682fb080611e0d2a459b64be8a8781778109777fbcfd3?s=96&d=mm&r=g","url":"https:\/\/secure.gravatar.com\/avatar\/fe780cf1839cf10cd6d682fb080611e0d2a459b64be8a8781778109777fbcfd3?s=96&d=mm&r=g","contentUrl":"https:\/\/secure.gravatar.com\/avatar\/fe780cf1839cf10cd6d682fb080611e0d2a459b64be8a8781778109777fbcfd3?s=96&d=mm&r=g","caption":"Rosana Hessel"},"description":"Formada pela Pontif\u00edcia Universidade Cat\u00f3lica de S\u00e3o Paulo (PUC-SP), \u00e9 jornalista de economia desde 1995, quando passou a integrar o time da Gazeta Mercantil. Est\u00e1 sempre atr\u00e1s da boa informa\u00e7\u00e3o. Possui especializa\u00e7\u00e3o em economia pela FGV e MBA em Finan\u00e7as pela FIA-USP. Trabalha no Correio Braziliense desde 2010. Ganhou o Pr\u00eamio Esso de Jornalismo Econ\u00f4mico em 2014 e em 2015 com a equipe do Correio. Foi finalista entre os 50 jornalistas +Admirados da Imprensa de Economia, Neg\u00f3cios e Finan\u00e7as 2024, promovido pela Jornalistas&amp;Cia.","url":"https:\/\/newblogs.correiobraziliense.com.br\/blog-da-rosana-hessel\/author\/rosanahessel\/"}]}},"_links":{"self":[{"href":"https:\/\/newblogs.correiobraziliense.com.br\/blog-da-rosana-hessel\/wp-json\/wp\/v2\/posts\/33495","targetHints":{"allow":["GET"]}}],"collection":[{"href":"https:\/\/newblogs.correiobraziliense.com.br\/blog-da-rosana-hessel\/wp-json\/wp\/v2\/posts"}],"about":[{"href":"https:\/\/newblogs.correiobraziliense.com.br\/blog-da-rosana-hessel\/wp-json\/wp\/v2\/types\/post"}],"author":[{"embeddable":true,"href":"https:\/\/newblogs.correiobraziliense.com.br\/blog-da-rosana-hessel\/wp-json\/wp\/v2\/users\/10"}],"replies":[{"embeddable":true,"href":"https:\/\/newblogs.correiobraziliense.com.br\/blog-da-rosana-hessel\/wp-json\/wp\/v2\/comments?post=33495"}],"version-history":[{"count":10,"href":"https:\/\/newblogs.correiobraziliense.com.br\/blog-da-rosana-hessel\/wp-json\/wp\/v2\/posts\/33495\/revisions"}],"predecessor-version":[{"id":33510,"href":"https:\/\/newblogs.correiobraziliense.com.br\/blog-da-rosana-hessel\/wp-json\/wp\/v2\/posts\/33495\/revisions\/33510"}],"wp:featuredmedia":[{"embeddable":true,"href":"https:\/\/newblogs.correiobraziliense.com.br\/blog-da-rosana-hessel\/wp-json\/wp\/v2\/media\/33503"}],"wp:attachment":[{"href":"https:\/\/newblogs.correiobraziliense.com.br\/blog-da-rosana-hessel\/wp-json\/wp\/v2\/media?parent=33495"}],"wp:term":[{"taxonomy":"category","embeddable":true,"href":"https:\/\/newblogs.correiobraziliense.com.br\/blog-da-rosana-hessel\/wp-json\/wp\/v2\/categories?post=33495"},{"taxonomy":"post_tag","embeddable":true,"href":"https:\/\/newblogs.correiobraziliense.com.br\/blog-da-rosana-hessel\/wp-json\/wp\/v2\/tags?post=33495"}],"curies":[{"name":"wp","href":"https:\/\/api.w.org\/{rel}","templated":true}]}}