{"id":33486,"date":"2025-08-17T09:00:00","date_gmt":"2025-08-17T12:00:00","guid":{"rendered":"https:\/\/newblogs.correiobraziliense.com.br\/blog-da-rosana-hessel\/?p=33486"},"modified":"2025-08-16T17:21:08","modified_gmt":"2025-08-16T20:21:08","slug":"artigo-alasca-comecar-de-novo-para-putin-e-trump","status":"publish","type":"post","link":"https:\/\/newblogs.correiobraziliense.com.br\/blog-da-rosana-hessel\/artigo-alasca-comecar-de-novo-para-putin-e-trump\/","title":{"rendered":"ARTIGO: Alasca: Come\u00e7ar de novo para Putin e Trump"},"content":{"rendered":"\n<p><em>Por Luiz Recena Grassi*<\/em><\/p>\n\n\n\n<p>O presidente russo, Vladimir Putin, e o norte-americano, Donald Trump, tiveram tr\u00eas horas de reuni\u00e3o e avisaram ao mundo que est\u00e3o a fazer tudo para ficar de bem outra vez. N\u00e3o fizeram detalhadas revela\u00e7\u00f5es sobre o que produziu o encontro: o conflito armado entre russos e ucranianos, o estado geral do mundo. Elogiaram a oportunidade de restabelecer a amizade entre eles e anunciaram um prov\u00e1vel reencontro para breve, talvez em Moscou.&nbsp;<\/p>\n\n\n\n<p>A Uni\u00e3o Europeia n\u00e3o gostou, mesmo que Trump tenha prometido telefonar e explicar as conversas do Alasca. A Organiza\u00e7\u00e3o do Tratado do Atl\u00e2ntico Norte (Otan) est\u00e1 muda. Quem n\u00e3o gostou foi a m\u00eddia norte-americana e seus aliados europeus pr\u00f3-Ucr\u00e2nia.&nbsp;Est\u00e3o \u201cputins da vida\u201d com o que foi anunciado sobre o encontro badalado e alimentado por eles h\u00e1 uma semana. Queriam men\u00e7\u00f5es sobre tarifas, cessar-fogo, armas, amea\u00e7as ou novas san\u00e7\u00f5es.&nbsp;<\/p>\n\n\n\n<p>Nada disso foi referido pelos dois l\u00edderes. Putin falou de hist\u00f3ria, gestos m\u00fatuos de alian\u00e7as para g\u00e1s e petr\u00f3leo, bases de bombas escondidas para a defesa antes e depois da segunda guerra mundial, o conv\u00edvio respeitoso mesmo durante a guerra fria e outros momentos em que os \u201cvizinhos\u201d se ajudaram. Quer melhorar a vizinhan\u00e7a.&nbsp; Elogiou muito o comportamento de Trump neste segundo mandato.&nbsp;<\/p>\n\n\n\n<p>Sentou a pua em Joe Biden (ex-presidente dos EUA) e o governo dele. Inchado pelos elogios, o americano divagou sobre um futuro risonho. Um l\u00edder fala de passado; o outro responde com o futuro. Para quem torce o nariz para uma melhora nas rela\u00e7\u00f5es entre eles, n\u00e3o custa lembrar: Henry Ford era entusiasta da revolu\u00e7\u00e3o sovi\u00e9tica e f\u00e3 de L\u00eanin. Presenteou a revolu\u00e7\u00e3o com 20 mil tratores.&nbsp;<\/p>\n\n\n\n<p>L\u00eanin retribu\u00eda a admira\u00e7\u00e3o e usou exemplos do capital para formular a NEP, nova pol\u00edtica econ\u00f4mica, interrompida com a morte dele e desfeita com a viol\u00eancia dos burocratas bolcheviques e os equ\u00edvocos econ\u00f4micos de Josef St\u00e1lin. Os dois pa\u00edses voltaram a juntar-se na segunda guerra para combater o nazismo. At\u00e9 ensaiaram um novo projeto de coopera\u00e7\u00e3o e amizade.&nbsp;<\/p>\n\n\n\n<p>Os tempos eram outros e o fim do conflito deu lugar ao per\u00edodo da guerra fria. Tudo ficou em banho-maria, \u00e0 espera de nova oportunidade. Essa veio com a Perestroika de Mikhail Gorbatchov. Boas mudan\u00e7as para os dois lados, principalmente para os russos e seus sat\u00e9lites sovi\u00e9ticos. Ucr\u00e2nia inclu\u00edda. \u201cA manh\u00e3 \u00e9 mais s\u00e1bia que a tarde\u201d.\u00a0<\/p>\n\n\n\n<p>O prov\u00e9rbio russo foi lembrado por uma fonte do<strong> Blog <\/strong>em Moscou. At\u00e9 a hora de dormir a reuni\u00e3o foi acompanhada. Via Fox americana. \u201cNo deal\u201d foi a frase de Trump pescada para an\u00e1lise. A ela seguiu-se a explica\u00e7\u00e3o de que n\u00e3o haver\u00e1 acordo enquanto n\u00e3o se fizer acordo.&nbsp;<\/p>\n\n\n\n<p>Na manh\u00e3 de s\u00e1bado, mais detalhes. Putin disse que foi \u00fatil e oportuna a reuni\u00e3o com Trump. E mais: haveria um caminho sendo pavimentado para novas alian\u00e7as produtivas. Tradu\u00e7\u00e3o: h\u00e1, sim, acordos \u00e0 vista. E r\u00e1pidos, a depender de Trump.&nbsp;<\/p>\n\n\n\n<p>O norte-americano j\u00e1 telefonou para Volodymyr Zelensky e lideran\u00e7as europeias. O ucraniano deve abrir sua semana em Washington. Um emburrado Emmanuel Macron, presidente da Fran\u00e7a, insiste em san\u00e7\u00f5es contra a R\u00fassia. O h\u00e1bil Keir Starmer, primeiro-ministro brit\u00e2nico, garante que deve-se fazer todos os esfor\u00e7os agora para obter um bom resultado final.&nbsp;<\/p>\n\n\n\n<p>O ingl\u00eas fez novo acordo com Trump. O franc\u00eas n\u00e3o, al\u00e9m de estar com grandes problemas internos no seu Parlamento e no calend\u00e1rio eleitoral que se aproxima. Tenta fazer pose. Ursula Von der Leyen, da UE, aplaudiu e agradeceu Trump por seus esfor\u00e7os. A roda da hist\u00f3ria girou. Devagar. Pode continuar assim ou acelerar.&nbsp;<\/p>\n\n\n\n<p>Enquanto isso, continua a opera\u00e7\u00e3o militar. A R\u00fassia bombardeando, a Ucr\u00e2nia a defender-se. Deve sacrificar territ\u00f3rios para obter retorno positivo e agradar a Trump. A conversa no Alasca consolidou as duas lideran\u00e7as do mundo. A R\u00fassia volta aos poucos e Trump ser\u00e1 fiador. A imagem do pacificador, com pr\u00eamio ou n\u00e3o, sai fortalecida.<\/p>\n\n\n\n<p>O COREIO SABE PORQUE VIU. <\/p>\n\n\n\n<p>Estava l\u00e1. &#8211; Voc\u00ea tem alguns d\u00f3lares em casa? De t\u00e3o repetitiva a pergunta perdeu-se na poeira do tempo e, hoje, nega qualquer autoria. Era de todos. Nunca tive chance de guardar dinheiro. N\u00e3o tinha d\u00f3lares em casa. Mas prometi ajudar. Estavam a pagar entre 15 e 20 vezes mais do que a cota\u00e7\u00e3o oficial, coisa que antes nem havia. Nessas condi\u00e7\u00f5es n\u00e3o foi dif\u00edcil ajud\u00e1-los.<\/p>\n\n\n\n<p>]<\/p>\n\n\n\n<p>Colegas, amigos e conhecidos, todos estrangeiros, responderam aos chamados do mercado negro e se deram bem. Despesas em moeda russa despencaram. Por que todo esse esfor\u00e7o? Ora, viajar para os Estados Unidos, para conhecer e tentar o sonho americano. Muitos quebraram a cara, deram-se mal. N\u00e3o importava. Foram para a Am\u00e9rica, viram e preferiram voltar \u00e0 casa. Entre uma vodca e outra desfilavam lembran\u00e7as sentidas.&nbsp;<\/p>\n\n\n\n<p>Se o sonho morreu, n\u00e3o morreu a simpatia deles pelos yankees. Foi f\u00e1cil derrubar o que sobrou do regime bolchevique. Foram ao fundo do po\u00e7o e ressurgiram fortes, armados e ricos. Reconquistaram poder. N\u00e3o vai ser f\u00e1cil acabar com isso de novo.<\/p>\n\n\n\n<p>*<em>O jornalista foi, por muitos anos, correspondente do&nbsp;<\/em><strong><em>Correio Braziliense<\/em><\/strong><em>&nbsp;em Moscou<\/em><\/p>\n\n\n\n\n","protected":false},"excerpt":{"rendered":"<p>Quem n\u00e3o gostou est\u00e3o \u201cputins da vida\u201d com o que foi anunciado sobre o encontro badalado entre os l\u00edderes dos EUA e da R\u00fassia <\/p>\n","protected":false},"author":10,"featured_media":33484,"comment_status":"closed","ping_status":"closed","sticky":false,"template":"","format":"standard","meta":{"_acf_changed":false,"inline_featured_image":false,"footnotes":""},"categories":[1952,1953],"tags":[2138,1961,307,130,132,622,134,135],"class_list":["post-33486","post","type-post","status-publish","format-standard","has-post-thumbnail","hentry","category-artigo","category-opiniao","tag-alasca","tag-eua","tag-otan","tag-putin","tag-russia","tag-trump","tag-ucrania","tag-uniao-europeia"],"acf":[],"yoast_head":"<!-- This site is optimized with the Yoast SEO plugin v27.3 - https:\/\/yoast.com\/product\/yoast-seo-wordpress\/ -->\n<title>ARTIGO: Alasca: Come\u00e7ar de novo para Putin e Trump - Blog da Rosana Hessel<\/title>\n<meta name=\"description\" content=\"Quem n\u00e3o gostou est\u00e3o \u201cputins da vida\u201d com o que foi anunciado sobre o encontro badalado entre os l\u00edderes dos EUA e da R\u00fassia\" \/>\n<meta name=\"robots\" content=\"index, follow, max-snippet:-1, max-image-preview:large, max-video-preview:-1\" \/>\n<link rel=\"canonical\" href=\"https:\/\/newblogs.correiobraziliense.com.br\/blog-da-rosana-hessel\/artigo-alasca-comecar-de-novo-para-putin-e-trump\/\" \/>\n<meta property=\"og:locale\" content=\"pt_BR\" \/>\n<meta property=\"og:type\" content=\"article\" \/>\n<meta property=\"og:title\" content=\"ARTIGO: Alasca: Come\u00e7ar de novo para Putin e Trump - Blog da Rosana Hessel\" \/>\n<meta property=\"og:description\" content=\"Quem n\u00e3o gostou est\u00e3o \u201cputins da vida\u201d com o que foi anunciado sobre o encontro badalado entre os l\u00edderes dos EUA e da R\u00fassia\" \/>\n<meta property=\"og:url\" content=\"https:\/\/newblogs.correiobraziliense.com.br\/blog-da-rosana-hessel\/artigo-alasca-comecar-de-novo-para-putin-e-trump\/\" \/>\n<meta property=\"og:site_name\" content=\"Blog da Rosana Hessel\" \/>\n<meta property=\"article:published_time\" content=\"2025-08-17T12:00:00+00:00\" \/>\n<meta property=\"og:image\" content=\"https:\/\/newblogs.correiobraziliense.com.br\/blog-da-rosana-hessel\/wp-content\/uploads\/sites\/5\/2025\/08\/trumpeputinalasca-scaled.jpg\" \/>\n\t<meta property=\"og:image:width\" content=\"2560\" \/>\n\t<meta property=\"og:image:height\" content=\"1536\" \/>\n\t<meta property=\"og:image:type\" content=\"image\/jpeg\" \/>\n<meta name=\"author\" content=\"Rosana Hessel\" \/>\n<!-- \/ Yoast SEO plugin. -->","yoast_head_json":{"title":"ARTIGO: Alasca: Come\u00e7ar de novo para Putin e Trump - Blog da Rosana Hessel","description":"Quem n\u00e3o gostou est\u00e3o \u201cputins da vida\u201d com o que foi anunciado sobre o encontro badalado entre os l\u00edderes dos EUA e da R\u00fassia","robots":{"index":"index","follow":"follow","max-snippet":"max-snippet:-1","max-image-preview":"max-image-preview:large","max-video-preview":"max-video-preview:-1"},"canonical":"https:\/\/newblogs.correiobraziliense.com.br\/blog-da-rosana-hessel\/artigo-alasca-comecar-de-novo-para-putin-e-trump\/","og_locale":"pt_BR","og_type":"article","og_title":"ARTIGO: Alasca: Come\u00e7ar de novo para Putin e Trump - Blog da Rosana Hessel","og_description":"Quem n\u00e3o gostou est\u00e3o \u201cputins da vida\u201d com o que foi anunciado sobre o encontro badalado entre os l\u00edderes dos EUA e da R\u00fassia","og_url":"https:\/\/newblogs.correiobraziliense.com.br\/blog-da-rosana-hessel\/artigo-alasca-comecar-de-novo-para-putin-e-trump\/","og_site_name":"Blog da Rosana Hessel","article_published_time":"2025-08-17T12:00:00+00:00","og_image":[{"width":2560,"height":1536,"url":"https:\/\/newblogs.correiobraziliense.com.br\/blog-da-rosana-hessel\/wp-content\/uploads\/sites\/5\/2025\/08\/trumpeputinalasca-scaled.jpg","type":"image\/jpeg"}],"author":"Rosana Hessel","schema":{"@context":"https:\/\/schema.org","@graph":[{"@type":"Article","@id":"https:\/\/newblogs.correiobraziliense.com.br\/blog-da-rosana-hessel\/artigo-alasca-comecar-de-novo-para-putin-e-trump\/#article","isPartOf":{"@id":"https:\/\/newblogs.correiobraziliense.com.br\/blog-da-rosana-hessel\/artigo-alasca-comecar-de-novo-para-putin-e-trump\/"},"author":{"name":"Rosana Hessel","@id":"https:\/\/newblogs.correiobraziliense.com.br\/blog-da-rosana-hessel\/#\/schema\/person\/824cb3c631cf0d4056f75ca02599a930"},"headline":"ARTIGO: Alasca: Come\u00e7ar de novo para Putin e Trump","datePublished":"2025-08-17T12:00:00+00:00","mainEntityOfPage":{"@id":"https:\/\/newblogs.correiobraziliense.com.br\/blog-da-rosana-hessel\/artigo-alasca-comecar-de-novo-para-putin-e-trump\/"},"wordCount":945,"image":{"@id":"https:\/\/newblogs.correiobraziliense.com.br\/blog-da-rosana-hessel\/artigo-alasca-comecar-de-novo-para-putin-e-trump\/#primaryimage"},"thumbnailUrl":"https:\/\/newblogs.correiobraziliense.com.br\/blog-da-rosana-hessel\/wp-content\/uploads\/sites\/5\/2025\/08\/trumpeputinalasca-scaled.jpg","keywords":["Alasca","EUA","Otan","Putin","R\u00fassia","Trump","Ucr\u00e2nia","Uni\u00e3o Europeia"],"articleSection":["ARTIGO","OPINI\u00c3O"],"inLanguage":"pt-BR"},{"@type":"WebPage","@id":"https:\/\/newblogs.correiobraziliense.com.br\/blog-da-rosana-hessel\/artigo-alasca-comecar-de-novo-para-putin-e-trump\/","url":"https:\/\/newblogs.correiobraziliense.com.br\/blog-da-rosana-hessel\/artigo-alasca-comecar-de-novo-para-putin-e-trump\/","name":"ARTIGO: Alasca: Come\u00e7ar de novo para Putin e Trump - Blog da Rosana Hessel","isPartOf":{"@id":"https:\/\/newblogs.correiobraziliense.com.br\/blog-da-rosana-hessel\/#website"},"primaryImageOfPage":{"@id":"https:\/\/newblogs.correiobraziliense.com.br\/blog-da-rosana-hessel\/artigo-alasca-comecar-de-novo-para-putin-e-trump\/#primaryimage"},"image":{"@id":"https:\/\/newblogs.correiobraziliense.com.br\/blog-da-rosana-hessel\/artigo-alasca-comecar-de-novo-para-putin-e-trump\/#primaryimage"},"thumbnailUrl":"https:\/\/newblogs.correiobraziliense.com.br\/blog-da-rosana-hessel\/wp-content\/uploads\/sites\/5\/2025\/08\/trumpeputinalasca-scaled.jpg","datePublished":"2025-08-17T12:00:00+00:00","author":{"@id":"https:\/\/newblogs.correiobraziliense.com.br\/blog-da-rosana-hessel\/#\/schema\/person\/824cb3c631cf0d4056f75ca02599a930"},"description":"Quem n\u00e3o gostou est\u00e3o \u201cputins da vida\u201d com o que foi anunciado sobre o encontro badalado entre os l\u00edderes dos EUA e da R\u00fassia","breadcrumb":{"@id":"https:\/\/newblogs.correiobraziliense.com.br\/blog-da-rosana-hessel\/artigo-alasca-comecar-de-novo-para-putin-e-trump\/#breadcrumb"},"inLanguage":"pt-BR","potentialAction":[{"@type":"ReadAction","target":["https:\/\/newblogs.correiobraziliense.com.br\/blog-da-rosana-hessel\/artigo-alasca-comecar-de-novo-para-putin-e-trump\/"]}]},{"@type":"ImageObject","inLanguage":"pt-BR","@id":"https:\/\/newblogs.correiobraziliense.com.br\/blog-da-rosana-hessel\/artigo-alasca-comecar-de-novo-para-putin-e-trump\/#primaryimage","url":"https:\/\/newblogs.correiobraziliense.com.br\/blog-da-rosana-hessel\/wp-content\/uploads\/sites\/5\/2025\/08\/trumpeputinalasca-scaled.jpg","contentUrl":"https:\/\/newblogs.correiobraziliense.com.br\/blog-da-rosana-hessel\/wp-content\/uploads\/sites\/5\/2025\/08\/trumpeputinalasca-scaled.jpg","width":2560,"height":1536,"caption":"Trump e Putin em encontro no Alasca, (Photo by ANDREW CABALLERO-REYNOLDS \/ AFP)"},{"@type":"BreadcrumbList","@id":"https:\/\/newblogs.correiobraziliense.com.br\/blog-da-rosana-hessel\/artigo-alasca-comecar-de-novo-para-putin-e-trump\/#breadcrumb","itemListElement":[{"@type":"ListItem","position":1,"name":"In\u00edcio","item":"https:\/\/newblogs.correiobraziliense.com.br\/blog-da-rosana-hessel\/"},{"@type":"ListItem","position":2,"name":"ARTIGO: Alasca: Come\u00e7ar de novo para Putin e Trump"}]},{"@type":"WebSite","@id":"https:\/\/newblogs.correiobraziliense.com.br\/blog-da-rosana-hessel\/#website","url":"https:\/\/newblogs.correiobraziliense.com.br\/blog-da-rosana-hessel\/","name":"Blog da Rosana Hessel","description":"Not\u00edcias atualizadas e an\u00e1lises sobre economia. Acompanhe-nos para entender as tend\u00eancias e os impactos econ\u00f4micos que influenciam o seu dia a dia, tanto no Brasil quanto no exterior.","potentialAction":[{"@type":"SearchAction","target":{"@type":"EntryPoint","urlTemplate":"https:\/\/newblogs.correiobraziliense.com.br\/blog-da-rosana-hessel\/?s={search_term_string}"},"query-input":{"@type":"PropertyValueSpecification","valueRequired":true,"valueName":"search_term_string"}}],"inLanguage":"pt-BR"},{"@type":"Person","@id":"https:\/\/newblogs.correiobraziliense.com.br\/blog-da-rosana-hessel\/#\/schema\/person\/824cb3c631cf0d4056f75ca02599a930","name":"Rosana Hessel","image":{"@type":"ImageObject","inLanguage":"pt-BR","@id":"https:\/\/secure.gravatar.com\/avatar\/fe780cf1839cf10cd6d682fb080611e0d2a459b64be8a8781778109777fbcfd3?s=96&d=mm&r=g","url":"https:\/\/secure.gravatar.com\/avatar\/fe780cf1839cf10cd6d682fb080611e0d2a459b64be8a8781778109777fbcfd3?s=96&d=mm&r=g","contentUrl":"https:\/\/secure.gravatar.com\/avatar\/fe780cf1839cf10cd6d682fb080611e0d2a459b64be8a8781778109777fbcfd3?s=96&d=mm&r=g","caption":"Rosana Hessel"},"description":"Formada pela Pontif\u00edcia Universidade Cat\u00f3lica de S\u00e3o Paulo (PUC-SP), \u00e9 jornalista de economia desde 1995, quando passou a integrar o time da Gazeta Mercantil. Est\u00e1 sempre atr\u00e1s da boa informa\u00e7\u00e3o. Possui especializa\u00e7\u00e3o em economia pela FGV e MBA em Finan\u00e7as pela FIA-USP. Trabalha no Correio Braziliense desde 2010. Ganhou o Pr\u00eamio Esso de Jornalismo Econ\u00f4mico em 2014 e em 2015 com a equipe do Correio. Foi finalista entre os 50 jornalistas +Admirados da Imprensa de Economia, Neg\u00f3cios e Finan\u00e7as 2024, promovido pela Jornalistas&amp;Cia.","url":"https:\/\/newblogs.correiobraziliense.com.br\/blog-da-rosana-hessel\/author\/rosanahessel\/"}]}},"_links":{"self":[{"href":"https:\/\/newblogs.correiobraziliense.com.br\/blog-da-rosana-hessel\/wp-json\/wp\/v2\/posts\/33486","targetHints":{"allow":["GET"]}}],"collection":[{"href":"https:\/\/newblogs.correiobraziliense.com.br\/blog-da-rosana-hessel\/wp-json\/wp\/v2\/posts"}],"about":[{"href":"https:\/\/newblogs.correiobraziliense.com.br\/blog-da-rosana-hessel\/wp-json\/wp\/v2\/types\/post"}],"author":[{"embeddable":true,"href":"https:\/\/newblogs.correiobraziliense.com.br\/blog-da-rosana-hessel\/wp-json\/wp\/v2\/users\/10"}],"replies":[{"embeddable":true,"href":"https:\/\/newblogs.correiobraziliense.com.br\/blog-da-rosana-hessel\/wp-json\/wp\/v2\/comments?post=33486"}],"version-history":[{"count":8,"href":"https:\/\/newblogs.correiobraziliense.com.br\/blog-da-rosana-hessel\/wp-json\/wp\/v2\/posts\/33486\/revisions"}],"predecessor-version":[{"id":33494,"href":"https:\/\/newblogs.correiobraziliense.com.br\/blog-da-rosana-hessel\/wp-json\/wp\/v2\/posts\/33486\/revisions\/33494"}],"wp:featuredmedia":[{"embeddable":true,"href":"https:\/\/newblogs.correiobraziliense.com.br\/blog-da-rosana-hessel\/wp-json\/wp\/v2\/media\/33484"}],"wp:attachment":[{"href":"https:\/\/newblogs.correiobraziliense.com.br\/blog-da-rosana-hessel\/wp-json\/wp\/v2\/media?parent=33486"}],"wp:term":[{"taxonomy":"category","embeddable":true,"href":"https:\/\/newblogs.correiobraziliense.com.br\/blog-da-rosana-hessel\/wp-json\/wp\/v2\/categories?post=33486"},{"taxonomy":"post_tag","embeddable":true,"href":"https:\/\/newblogs.correiobraziliense.com.br\/blog-da-rosana-hessel\/wp-json\/wp\/v2\/tags?post=33486"}],"curies":[{"name":"wp","href":"https:\/\/api.w.org\/{rel}","templated":true}]}}