{"id":33392,"date":"2025-08-03T09:00:00","date_gmt":"2025-08-03T12:00:00","guid":{"rendered":"https:\/\/newblogs.correiobraziliense.com.br\/blog-da-rosana-hessel\/?p=33392"},"modified":"2025-08-02T19:22:58","modified_gmt":"2025-08-02T22:22:58","slug":"artigo-tsunami-de-paz-dificil-aceitar-esse-caviar","status":"publish","type":"post","link":"https:\/\/newblogs.correiobraziliense.com.br\/blog-da-rosana-hessel\/artigo-tsunami-de-paz-dificil-aceitar-esse-caviar\/","title":{"rendered":"ARTIGO: Tsunami de paz? Dif\u00edcil aceitar esse caviar"},"content":{"rendered":"\n<p><em>Por Luiz Recena Grassi*<\/em><\/p>\n\n\n\n<p>A R\u00fassia escapou por pouco de uma grande trag\u00e9dia anunciada por um tsunami na costa de Kamchatka A amea\u00e7a veio depois de terremoto que atingiu 8,8 graus na Escala Richter, que vai at\u00e9 11. O fen\u00f4meno chegou ao Jap\u00e3o, Hava\u00ed (Estados Unidos), Alaska (EUA) e, mais calmo, at\u00e9 aos portos do Peru e Equador. Todos os amea\u00e7ados estavam preparados e resistiram sem v\u00edtimas humanas.\u00a0<\/p>\n\n\n\n<p>Ao mesmo tempo, um outro momento, pol\u00edtico, foi prometido \u00e0 R\u00fassia: o l\u00edder dos Estados Unidos, Donald Trump, se disse sem mais paci\u00eancia para aturar as manobras do presidente da R\u00fassia, Vladimir Putin, e sinalizou com novos e mais curtos prazos ao fim dos quais vai partir para novas san\u00e7\u00f5es econ\u00f4micas contra o Kremlin.&nbsp;<\/p>\n\n\n\n<p>Putin passeou na Pra\u00e7a Vermelha e mais n\u00e3o fez. O aliado Dmitri Medvedev, ex-presidente russo, \u00e9 quem opera nessas horas. Amea\u00e7ou usar armas nucleares se Trump fizesse alguma maldade. Ressuscitou o \u201cM\u00e3o Morta\u201d, sistema t\u00e9trico de defesa nuclear sovi\u00e9tico dos tempos da Guerra Fria.&nbsp;<\/p>\n\n\n\n<p>Sopa no mel! M\u00fasica para o Senhor do Imp\u00e9rio Laranja, como j\u00e1 est\u00e1 a ser chamado, pela inusitada cor de seus cabelos. Ele determinou o deslocamento de dois submarinos nucleares para \u00e1guas pr\u00f3ximas da R\u00fassia. Tudo isso quando o quadro geral melhora, R\u00fassia e Ucr\u00e2nia voltam a negociar de verdade e Putin elogia Kiev por aceitar negociar \u201csem c\u00e2maras e em ambiente calmo\u201d.&nbsp;<\/p>\n\n\n\n<p>No lado laranja, est\u00e1 quase conclu\u00eddo o detalhamento do acordo com a Uni\u00e3o Europeia, que est\u00e1 a ceder tudo para n\u00e3o entrar em guerra tarif\u00e1ria. Ou como disse o l\u00edder h\u00fangaro, Viktor Orb\u00e1n, \u201cna Esc\u00f3cia, Trump comeu Ursula von der Leyen ao caf\u00e9 da manh\u00e3\u201d. E, antes do almo\u00e7o, conseguiu tudo o que queria. No resto do mundo h\u00e1 v\u00e1rios acordos ou expectativas de entendimento.&nbsp;<\/p>\n\n\n\n<p>Mesmo em pa\u00edses onde Trump quer misturar economia com pol\u00edtica interna, caso do Brasil, um entendimento tarif\u00e1rio est\u00e1 saindo, com tarifas contra o Brasil, mas com exce\u00e7\u00f5es para centenas de produtos. Assim, fica reduzido o espa\u00e7o para terremotos e tsunamis que venham de Washington.&nbsp;<\/p>\n\n\n\n<p>E \u00e9 bem poss\u00edvel que, apesar da dist\u00e2ncia, Estados Unidos e R\u00fassia consigam dar passos de entendimento. O caviar e a paz estariam garantidos. No plano do conflito o ritmo \u00e9 o mesmo, com novos fatos para o lado russo, que depois de mais de ano entrou em Chasiv Yar, cidade chave para a conquista final da regi\u00e3o de Donetsk. Os dois lados continuam a trocar prisioneiros. Na sexta-feira, foram 303 de cada lado.&nbsp;<\/p>\n\n\n\n<p>A guerra dos n\u00fameros continua. A Ucr\u00e2nia diz que a R\u00fassia j\u00e1 perdeu mais de um milh\u00e3o de soldados, somando-se aqui, presos, mortos e feridos em pouco mais de tr\u00eas anos de combates. As fontes, al\u00e9m do governo de Kiev, s\u00e3o todas de entidades ou pa\u00edses aliados. A R\u00fassia nega tudo, diz que as perdas humanas andam na casa dos 300 mil soldados. E muda de assunto, para destacar as perdas materiais dos ucranianos, que passam do milhar em todos os quesitos: drones, m\u00edsseis, avi\u00f5es, tanques de combate e de transportes, armas pesadas, leves e muitas e muitas muni\u00e7\u00f5es.&nbsp;<\/p>\n\n\n\n<p>Durante o conflito, a R\u00fassia organizou alguns museus com o material conquistado. O de Moscou tem foco em armas, tanques e outros equipamentos b\u00e9licos origin\u00e1rios de outros pa\u00edses que n\u00e3o a Ucr\u00e2nia. Na \u00faltima semana, os russos mostraram centenas de ve\u00edculos leves e pesados utilizados nos ataques a Kursk, uma vit\u00f3ria de guerra e midi\u00e1tica da Ucr\u00e2nia.&nbsp;<\/p>\n\n\n\n<p>Os russos retomaram tudo e agora mostram o que foi conquistado, armamentos em sua maioria vindos da Inglaterra, Alemanha, Estados Unidos, Pol\u00f4nia, Pa\u00edses B\u00e1lticos e outros menos votados. Fato a ser usado na guerra paralela de propaganda.<\/p>\n\n\n\n<p>O CORREIO SABE PORQUE VIU.&nbsp;<\/p>\n\n\n\n<p>Estava l\u00e1. Conheci algumas pessoas da Kamchatka durante meus quatro anos em Moscou. Para os moscovitas, eram sovi\u00e9ticos do extremo norte e nada mais. Com as exce\u00e7\u00f5es de sempre, n\u00e3o davam muita aten\u00e7\u00e3o a eles. Os que conheci e convivi eram amigos de brasileiros, o que sempre era sinal de alegria e bom conv\u00edvio.&nbsp;<\/p>\n\n\n\n<p>Mesmo que passassem a maior parte do tempo deles no frio, eram c\u00e1lidos e animados nas rela\u00e7\u00f5es pessoais. Entre eles, e com os novos amigos. Os homens n\u00e3o eram altos, mas fortes.&nbsp;<\/p>\n\n\n\n<p>Bebiam como quem mora na neve. E tentaram ensinar-me uma brincadeira deles: botar uma garrafinha de meio litro de vodka na boca, trincar os dentes e s\u00f3 cuspi-la quando estivesse seca. Faziam demonstra\u00e7\u00f5es, tentavam me convencer. N\u00e3o conseguiram. Passei. Confesso que o medo foi mais forte.&nbsp;<\/p>\n\n\n\n<p>As mo\u00e7as tinham tamanho m\u00e9dio, nem grandes nem pequenas. Mais para magras que a maioria. Alegres e bailarinas. E, n\u00e3o esquecer boas tamb\u00e9m de copos. Com os insumos b\u00e1sicos dispon\u00edveis, o resto era s\u00f3 alegria. Sorte que o tsunami n\u00e3o veio e o terremoto, mesmo poderoso, fez seus estragos no plano material.<\/p>\n\n\n\n<p>*<em>O jornalista foi, por muitos anos, correspondente do\u00a0<\/em><strong><em>Correio Braziliense<\/em><\/strong><em>\u00a0em Moscou<\/em><\/p>\n\n\n\n\n","protected":false},"excerpt":{"rendered":"<p>Trump se disse sem mais paci\u00eancia para aturar as manobras de Putin, e sinalizou com novos e mais curtos prazos ao fim dos quais vai partir para novas san\u00e7\u00f5es econ\u00f4micas contra o Kremlin\u00a0<\/p>\n","protected":false},"author":10,"featured_media":33393,"comment_status":"closed","ping_status":"closed","sticky":false,"template":"","format":"standard","meta":{"_acf_changed":false,"inline_featured_image":false,"footnotes":""},"categories":[1952,1953],"tags":[125,128,2129,130,132,2128,622,2127,134,1975,312],"class_list":["post-33392","post","type-post","status-publish","format-standard","has-post-thumbnail","hentry","category-artigo","category-opiniao","tag-estados-unidos","tag-guerra","tag-kamchatka","tag-putin","tag-russia","tag-terremoto","tag-trump","tag-tsunami","tag-ucrania","tag-ue","tag-ursula-von-der-leyen"],"acf":[],"yoast_head":"<!-- This site is optimized with the Yoast SEO plugin v27.3 - https:\/\/yoast.com\/product\/yoast-seo-wordpress\/ -->\n<title>ARTIGO: Tsunami de paz? Dif\u00edcil aceitar esse caviar - Blog da Rosana Hessel<\/title>\n<meta name=\"description\" content=\"Trump se disse sem mais paci\u00eancia para aturar as manobras de Putin, e sinalizou com novos e mais curtos prazos ao fim dos quais vai partir para novas san\u00e7\u00f5es econ\u00f4micas contra o Kremlin\u00a0\" \/>\n<meta name=\"robots\" content=\"index, follow, max-snippet:-1, max-image-preview:large, max-video-preview:-1\" \/>\n<link rel=\"canonical\" href=\"https:\/\/newblogs.correiobraziliense.com.br\/blog-da-rosana-hessel\/artigo-tsunami-de-paz-dificil-aceitar-esse-caviar\/\" \/>\n<meta property=\"og:locale\" content=\"pt_BR\" \/>\n<meta property=\"og:type\" content=\"article\" \/>\n<meta property=\"og:title\" content=\"ARTIGO: Tsunami de paz? Dif\u00edcil aceitar esse caviar - Blog da Rosana Hessel\" \/>\n<meta property=\"og:description\" content=\"Trump se disse sem mais paci\u00eancia para aturar as manobras de Putin, e sinalizou com novos e mais curtos prazos ao fim dos quais vai partir para novas san\u00e7\u00f5es econ\u00f4micas contra o Kremlin\u00a0\" \/>\n<meta property=\"og:url\" content=\"https:\/\/newblogs.correiobraziliense.com.br\/blog-da-rosana-hessel\/artigo-tsunami-de-paz-dificil-aceitar-esse-caviar\/\" \/>\n<meta property=\"og:site_name\" content=\"Blog da Rosana Hessel\" \/>\n<meta property=\"article:published_time\" content=\"2025-08-03T12:00:00+00:00\" \/>\n<meta property=\"og:image\" content=\"https:\/\/newblogs.correiobraziliense.com.br\/blog-da-rosana-hessel\/wp-content\/uploads\/sites\/5\/2025\/08\/russiatsunami.webp\" \/>\n\t<meta property=\"og:image:width\" content=\"360\" \/>\n\t<meta property=\"og:image:height\" content=\"240\" \/>\n\t<meta property=\"og:image:type\" content=\"image\/webp\" \/>\n<meta name=\"author\" content=\"Rosana Hessel\" \/>\n<!-- \/ Yoast SEO plugin. -->","yoast_head_json":{"title":"ARTIGO: Tsunami de paz? Dif\u00edcil aceitar esse caviar - Blog da Rosana Hessel","description":"Trump se disse sem mais paci\u00eancia para aturar as manobras de Putin, e sinalizou com novos e mais curtos prazos ao fim dos quais vai partir para novas san\u00e7\u00f5es econ\u00f4micas contra o Kremlin\u00a0","robots":{"index":"index","follow":"follow","max-snippet":"max-snippet:-1","max-image-preview":"max-image-preview:large","max-video-preview":"max-video-preview:-1"},"canonical":"https:\/\/newblogs.correiobraziliense.com.br\/blog-da-rosana-hessel\/artigo-tsunami-de-paz-dificil-aceitar-esse-caviar\/","og_locale":"pt_BR","og_type":"article","og_title":"ARTIGO: Tsunami de paz? Dif\u00edcil aceitar esse caviar - Blog da Rosana Hessel","og_description":"Trump se disse sem mais paci\u00eancia para aturar as manobras de Putin, e sinalizou com novos e mais curtos prazos ao fim dos quais vai partir para novas san\u00e7\u00f5es econ\u00f4micas contra o Kremlin\u00a0","og_url":"https:\/\/newblogs.correiobraziliense.com.br\/blog-da-rosana-hessel\/artigo-tsunami-de-paz-dificil-aceitar-esse-caviar\/","og_site_name":"Blog da Rosana Hessel","article_published_time":"2025-08-03T12:00:00+00:00","og_image":[{"width":360,"height":240,"url":"https:\/\/newblogs.correiobraziliense.com.br\/blog-da-rosana-hessel\/wp-content\/uploads\/sites\/5\/2025\/08\/russiatsunami.webp","type":"image\/webp"}],"author":"Rosana Hessel","schema":{"@context":"https:\/\/schema.org","@graph":[{"@type":"Article","@id":"https:\/\/newblogs.correiobraziliense.com.br\/blog-da-rosana-hessel\/artigo-tsunami-de-paz-dificil-aceitar-esse-caviar\/#article","isPartOf":{"@id":"https:\/\/newblogs.correiobraziliense.com.br\/blog-da-rosana-hessel\/artigo-tsunami-de-paz-dificil-aceitar-esse-caviar\/"},"author":{"name":"Rosana Hessel","@id":"https:\/\/newblogs.correiobraziliense.com.br\/blog-da-rosana-hessel\/#\/schema\/person\/824cb3c631cf0d4056f75ca02599a930"},"headline":"ARTIGO: Tsunami de paz? Dif\u00edcil aceitar esse caviar","datePublished":"2025-08-03T12:00:00+00:00","mainEntityOfPage":{"@id":"https:\/\/newblogs.correiobraziliense.com.br\/blog-da-rosana-hessel\/artigo-tsunami-de-paz-dificil-aceitar-esse-caviar\/"},"wordCount":907,"image":{"@id":"https:\/\/newblogs.correiobraziliense.com.br\/blog-da-rosana-hessel\/artigo-tsunami-de-paz-dificil-aceitar-esse-caviar\/#primaryimage"},"thumbnailUrl":"https:\/\/newblogs.correiobraziliense.com.br\/blog-da-rosana-hessel\/wp-content\/uploads\/sites\/5\/2025\/08\/russiatsunami.webp","keywords":["Estados Unidos","guerra","Kamchatka","Putin","R\u00fassia","terremoto","Trump","tsunami","Ucr\u00e2nia","UE","Ursula von der Leyen"],"articleSection":["ARTIGO","OPINI\u00c3O"],"inLanguage":"pt-BR"},{"@type":"WebPage","@id":"https:\/\/newblogs.correiobraziliense.com.br\/blog-da-rosana-hessel\/artigo-tsunami-de-paz-dificil-aceitar-esse-caviar\/","url":"https:\/\/newblogs.correiobraziliense.com.br\/blog-da-rosana-hessel\/artigo-tsunami-de-paz-dificil-aceitar-esse-caviar\/","name":"ARTIGO: Tsunami de paz? Dif\u00edcil aceitar esse caviar - Blog da Rosana Hessel","isPartOf":{"@id":"https:\/\/newblogs.correiobraziliense.com.br\/blog-da-rosana-hessel\/#website"},"primaryImageOfPage":{"@id":"https:\/\/newblogs.correiobraziliense.com.br\/blog-da-rosana-hessel\/artigo-tsunami-de-paz-dificil-aceitar-esse-caviar\/#primaryimage"},"image":{"@id":"https:\/\/newblogs.correiobraziliense.com.br\/blog-da-rosana-hessel\/artigo-tsunami-de-paz-dificil-aceitar-esse-caviar\/#primaryimage"},"thumbnailUrl":"https:\/\/newblogs.correiobraziliense.com.br\/blog-da-rosana-hessel\/wp-content\/uploads\/sites\/5\/2025\/08\/russiatsunami.webp","datePublished":"2025-08-03T12:00:00+00:00","author":{"@id":"https:\/\/newblogs.correiobraziliense.com.br\/blog-da-rosana-hessel\/#\/schema\/person\/824cb3c631cf0d4056f75ca02599a930"},"description":"Trump se disse sem mais paci\u00eancia para aturar as manobras de Putin, e sinalizou com novos e mais curtos prazos ao fim dos quais vai partir para novas san\u00e7\u00f5es econ\u00f4micas contra o Kremlin\u00a0","breadcrumb":{"@id":"https:\/\/newblogs.correiobraziliense.com.br\/blog-da-rosana-hessel\/artigo-tsunami-de-paz-dificil-aceitar-esse-caviar\/#breadcrumb"},"inLanguage":"pt-BR","potentialAction":[{"@type":"ReadAction","target":["https:\/\/newblogs.correiobraziliense.com.br\/blog-da-rosana-hessel\/artigo-tsunami-de-paz-dificil-aceitar-esse-caviar\/"]}]},{"@type":"ImageObject","inLanguage":"pt-BR","@id":"https:\/\/newblogs.correiobraziliense.com.br\/blog-da-rosana-hessel\/artigo-tsunami-de-paz-dificil-aceitar-esse-caviar\/#primaryimage","url":"https:\/\/newblogs.correiobraziliense.com.br\/blog-da-rosana-hessel\/wp-content\/uploads\/sites\/5\/2025\/08\/russiatsunami.webp","contentUrl":"https:\/\/newblogs.correiobraziliense.com.br\/blog-da-rosana-hessel\/wp-content\/uploads\/sites\/5\/2025\/08\/russiatsunami.webp","width":360,"height":240,"caption":"Tsunami atinge a costa leste da R\u00fassia - (cr\u00e9dito: Reprodu\u00e7\u00e3o\/X\/DAPress)"},{"@type":"BreadcrumbList","@id":"https:\/\/newblogs.correiobraziliense.com.br\/blog-da-rosana-hessel\/artigo-tsunami-de-paz-dificil-aceitar-esse-caviar\/#breadcrumb","itemListElement":[{"@type":"ListItem","position":1,"name":"In\u00edcio","item":"https:\/\/newblogs.correiobraziliense.com.br\/blog-da-rosana-hessel\/"},{"@type":"ListItem","position":2,"name":"ARTIGO: Tsunami de paz? Dif\u00edcil aceitar esse caviar"}]},{"@type":"WebSite","@id":"https:\/\/newblogs.correiobraziliense.com.br\/blog-da-rosana-hessel\/#website","url":"https:\/\/newblogs.correiobraziliense.com.br\/blog-da-rosana-hessel\/","name":"Blog da Rosana Hessel","description":"Not\u00edcias atualizadas e an\u00e1lises sobre economia. Acompanhe-nos para entender as tend\u00eancias e os impactos econ\u00f4micos que influenciam o seu dia a dia, tanto no Brasil quanto no exterior.","potentialAction":[{"@type":"SearchAction","target":{"@type":"EntryPoint","urlTemplate":"https:\/\/newblogs.correiobraziliense.com.br\/blog-da-rosana-hessel\/?s={search_term_string}"},"query-input":{"@type":"PropertyValueSpecification","valueRequired":true,"valueName":"search_term_string"}}],"inLanguage":"pt-BR"},{"@type":"Person","@id":"https:\/\/newblogs.correiobraziliense.com.br\/blog-da-rosana-hessel\/#\/schema\/person\/824cb3c631cf0d4056f75ca02599a930","name":"Rosana Hessel","image":{"@type":"ImageObject","inLanguage":"pt-BR","@id":"https:\/\/secure.gravatar.com\/avatar\/fe780cf1839cf10cd6d682fb080611e0d2a459b64be8a8781778109777fbcfd3?s=96&d=mm&r=g","url":"https:\/\/secure.gravatar.com\/avatar\/fe780cf1839cf10cd6d682fb080611e0d2a459b64be8a8781778109777fbcfd3?s=96&d=mm&r=g","contentUrl":"https:\/\/secure.gravatar.com\/avatar\/fe780cf1839cf10cd6d682fb080611e0d2a459b64be8a8781778109777fbcfd3?s=96&d=mm&r=g","caption":"Rosana Hessel"},"description":"Formada pela Pontif\u00edcia Universidade Cat\u00f3lica de S\u00e3o Paulo (PUC-SP), \u00e9 jornalista de economia desde 1995, quando passou a integrar o time da Gazeta Mercantil. Est\u00e1 sempre atr\u00e1s da boa informa\u00e7\u00e3o. Possui especializa\u00e7\u00e3o em economia pela FGV e MBA em Finan\u00e7as pela FIA-USP. Trabalha no Correio Braziliense desde 2010. Ganhou o Pr\u00eamio Esso de Jornalismo Econ\u00f4mico em 2014 e em 2015 com a equipe do Correio. Foi finalista entre os 50 jornalistas +Admirados da Imprensa de Economia, Neg\u00f3cios e Finan\u00e7as 2024, promovido pela Jornalistas&amp;Cia.","url":"https:\/\/newblogs.correiobraziliense.com.br\/blog-da-rosana-hessel\/author\/rosanahessel\/"}]}},"_links":{"self":[{"href":"https:\/\/newblogs.correiobraziliense.com.br\/blog-da-rosana-hessel\/wp-json\/wp\/v2\/posts\/33392","targetHints":{"allow":["GET"]}}],"collection":[{"href":"https:\/\/newblogs.correiobraziliense.com.br\/blog-da-rosana-hessel\/wp-json\/wp\/v2\/posts"}],"about":[{"href":"https:\/\/newblogs.correiobraziliense.com.br\/blog-da-rosana-hessel\/wp-json\/wp\/v2\/types\/post"}],"author":[{"embeddable":true,"href":"https:\/\/newblogs.correiobraziliense.com.br\/blog-da-rosana-hessel\/wp-json\/wp\/v2\/users\/10"}],"replies":[{"embeddable":true,"href":"https:\/\/newblogs.correiobraziliense.com.br\/blog-da-rosana-hessel\/wp-json\/wp\/v2\/comments?post=33392"}],"version-history":[{"count":3,"href":"https:\/\/newblogs.correiobraziliense.com.br\/blog-da-rosana-hessel\/wp-json\/wp\/v2\/posts\/33392\/revisions"}],"predecessor-version":[{"id":33396,"href":"https:\/\/newblogs.correiobraziliense.com.br\/blog-da-rosana-hessel\/wp-json\/wp\/v2\/posts\/33392\/revisions\/33396"}],"wp:featuredmedia":[{"embeddable":true,"href":"https:\/\/newblogs.correiobraziliense.com.br\/blog-da-rosana-hessel\/wp-json\/wp\/v2\/media\/33393"}],"wp:attachment":[{"href":"https:\/\/newblogs.correiobraziliense.com.br\/blog-da-rosana-hessel\/wp-json\/wp\/v2\/media?parent=33392"}],"wp:term":[{"taxonomy":"category","embeddable":true,"href":"https:\/\/newblogs.correiobraziliense.com.br\/blog-da-rosana-hessel\/wp-json\/wp\/v2\/categories?post=33392"},{"taxonomy":"post_tag","embeddable":true,"href":"https:\/\/newblogs.correiobraziliense.com.br\/blog-da-rosana-hessel\/wp-json\/wp\/v2\/tags?post=33392"}],"curies":[{"name":"wp","href":"https:\/\/api.w.org\/{rel}","templated":true}]}}