{"id":33340,"date":"2025-07-20T07:00:00","date_gmt":"2025-07-20T10:00:00","guid":{"rendered":"https:\/\/newblogs.correiobraziliense.com.br\/blog-da-rosana-hessel\/?p=33340"},"modified":"2025-07-23T17:31:04","modified_gmt":"2025-07-23T20:31:04","slug":"33340-2","status":"publish","type":"post","link":"https:\/\/newblogs.correiobraziliense.com.br\/blog-da-rosana-hessel\/33340-2\/","title":{"rendered":"ARTIGO: O imperador, a cor laranja e o bobo"},"content":{"rendered":"\n<p><em>Por Luiz Recena Grassi<\/em>*<\/p>\n\n\n\n<p>Lidar com os russos pode ser f\u00e1cil e dif\u00edcil ao mesmo tempo. O presidente dos Estados Unidos, Donald Trump, est\u00e1 descobrindo isso. J\u00e1 n\u00e3o ama com intensidade seu hom\u00f3logo russo, Vladimir Putin. Acusa-o de prometer paz e depois s\u00f3 fazer a guerra. Contrariado, decidiu rearmar a defesa da Ucr\u00e2nia a curto prazo. A m\u00e9dio prazo, mandar para Kiev armas.<\/p>\n\n\n\n<p>O presidente ucraniano, Volodymyr Zelensky, est\u00e1 contente e fez reformas em seu governo Yulia Svyrydenko deixou de cuidar da Economia, o que fazia h\u00e1 cinco anos, e assumiu como primeira-ministra. Denys Shmyhal, passou o cargo e foi cuidar da Defesa, agora com expectativas de melhores chances para executar sua tarefa principal, defender seu pa\u00eds dos bombardeios russos que, at\u00e9 agora, conquistaram mais de 20% do territ\u00f3rio da Ucr\u00e2nia. Mesmo sabendo que vai ter de carregar pedras, assume confiante e otimista. At\u00e9 agora, n\u00e3o falou de paz, mas isso ao que parece \u00e9 s\u00f3 detalhe.<\/p>\n\n\n\n<p>Trump tamb\u00e9m est\u00e1 contente, pois arrumou quem pague a astron\u00f4mica despesa de bilh\u00f5es de d\u00f3lares. Os pa\u00edses europeus, pelo menos os principais, pagar\u00e3o a conta. E aqui come\u00e7am as fissuras. Cada sistema Patriot, o melhor da defesa do Ocidente, pode custar entre US$ 1 bilh\u00e3o, o modelito mais simples, a US$ 3,7 bilh\u00f5es, os modelos de \u00faltima gera\u00e7\u00e3o, totalmente equipados.<\/p>\n\n\n\n<p>A ideia de Trump \u00e9 come\u00e7ar a mandar agora o material de guerra para a Organiza\u00e7\u00e3o do Tratado do Atl\u00e2ntico Norte (Otan), que repassar\u00e1 aos poucos para as tropas de Kiev. Tudo vinculado aos pagamentos a serem feitos pelos europeus. Op\u00e7\u00e3o para o novo acordo \u00e9 que pa\u00edses que t\u00eam alguma arma, adiantem o envio para a Ucr\u00e2nia.<\/p>\n\n\n\n<p>Esses ficariam em primeiro lugar nas novas filas de armas. E o dinheiro? A bufunfa, de onde realmente vir\u00e1? Em tese dos europeus da Otan. Mas haver\u00e1 espa\u00e7o para outros, entre eles Reino Unido e Canad\u00e1. Esse seria o desenho perfeito. S\u00f3 que os europeus ainda n\u00e3o reagiram e n\u00e3o h\u00e1 ind\u00edcio de ucranianos usando novas armas at\u00e9 o fim do ver\u00e3o. Seguir\u00e3o apanhando do ex\u00e9rcito russo, perdendo terreno e contando seus mortos.<\/p>\n\n\n\n<p>Nesse tema continua a troca de presos, vivos ou mortos, entre os dois pa\u00edses. Situa\u00e7\u00e3o constrangedora ocorreu na \u00faltima troca de corpos ca\u00eddos em combate. A R\u00fassia entregou mil cad\u00e1veres aos ucranianos. A Ucr\u00e2nia respondeu entregando 19 corpos.<\/p>\n\n\n\n<p>Os analistas n\u00e3o sabem explicar o que isso significa. A voz comum \u00e9 constatar que Kiev ficou mal na foto. Ou n\u00e3o abateu tantos russos quanto informou ao longo do tempo, ou sumiu com suas v\u00edtimas. O tema \u00e9 delicado demais para estimular proje\u00e7\u00f5es ou achismos.<\/p>\n\n\n\n<p>Resta ao presidente Trump uma vit\u00f3ria no papel, uma comemora\u00e7\u00e3o imediatista e um bobo: o secret\u00e1rio-geral da Otan, Mark Rutte. Na Casa Branca, quase chorou de tanta alegria. Criou m\u00fasculos e para agradar o chefe Trump saiu amea\u00e7ando quem eventualmente atrapalhe o projeto do homem cor de laranja, ou o Imperador do mundo.<\/p>\n\n\n\n<p>O alvo principal s\u00e3o pa\u00edses dos Brics. \u00cdndia, China e Brasil foram nominalmente amea\u00e7ados: quem negociar com a R\u00fassia ser\u00e1 castigado com san\u00e7\u00f5es e sobre pre\u00e7os. A Otan n\u00e3o \u00e9 organismo comercial, s\u00f3 isso deixa nu o Bobo da corte do Imperador Laranja. Este tem dinheiro e armas, mas o que quer mesmo \u00e9 fazer alguma paz entre R\u00fassia e Ucr\u00e2nia, por isso deu 50 dias e deixou uma janela aberta para Putin.<\/p>\n\n\n\n<p>O russo tudo entendeu, demorou a responder, fez suspense e, por fim, em conversa com Tayyip Erdogan, da Turquia, garantiu que est\u00e1 pronto para a paz, a qualquer dia e a qualquer hora. Com ou sem intermedia\u00e7\u00e3o dos Estados Unidos. Trump n\u00e3o vai perder essa. Est\u00e1 pront\u00edssimo para participar e sair bem na foto, para desconfian\u00e7a dos europeus e desespero de seu Bobo. A fobia de alguns governos contra a R\u00fassia estimula Kiev a tentar ataques aos russos.<\/p>\n\n\n\n<p>Num esquema de quase guerrilha, a intelig\u00eancia ucraniana atacou bases da gigante Gazprom, territ\u00f3rio russo. Alguns danos materiais e nada mais. Serve para agradar o Imperador Laranja, preocupado em meter o bedelho nas quest\u00f5es internas de parceiros antigos. O Ver\u00e3o est\u00e1 muito mais quente este ano. O que ajuda a entender rea\u00e7\u00f5es desmioladas de lideran\u00e7as atuais. Comportamento tipo \u201cbiruta de aeroporto\u201d, que muda de posi\u00e7\u00e3o segundo o lado de onde sopra o vento.<\/p>\n\n\n\n<p>O CORREIO SABE PORQUE VIU<\/p>\n\n\n\n<p><br \/>Estava l\u00e1. O Ver\u00e3o pode avariar cabe\u00e7as em Moscou. Recebi a visita de colegas de outros pa\u00edses e levei-os a passear. Com sede, pediram \u00e1gua. Fomos todos a uma m\u00e1quina de rua. A ideia de poucos copos em cada m\u00e1quina, lavados tipo meia boca n\u00e3o agradou. A sede era forte. Piorou. N\u00e3o havia l\u00edquido.<\/p>\n\n\n\n<p>Fomos a um quiosque que reverberava. Ali sempre tinha cerveja fresca. N\u00e3o tinha. Nada. Meus colegas conclu\u00edram que assim n\u00e3o se poderia viver. E voltaram para o hotel. Levaram-me junto. Europeus todos, discutiram sobre a minha canoniza\u00e7\u00e3o. Entre uma \u00e1gua fresca e uma cerveja bem gelada. N\u00e3o rejeitei o t\u00edtulo.<\/p>\n\n\n\n<p>*<em>O jornalista foi, por muitos anos, correspondente do\u00a0<\/em><strong><em>Correio Braziliense<\/em><\/strong><em>\u00a0em Moscou<\/em><\/p>\n","protected":false},"excerpt":{"rendered":"<p>O presidente dos EUA, Donald Trump, j\u00e1 n\u00e3o ama com intensidade seu hom\u00f3logo russo, Vladimir Putin. Acusa-o de prometer paz e depois s\u00f3 fazer a guerra<\/p>\n","protected":false},"author":10,"featured_media":33342,"comment_status":"closed","ping_status":"closed","sticky":false,"template":"","format":"standard","meta":{"_acf_changed":false,"inline_featured_image":false,"footnotes":""},"categories":[1953],"tags":[2010,125,128,307,132,134,1385,2123],"class_list":["post-33340","post","type-post","status-publish","format-standard","has-post-thumbnail","hentry","category-opiniao","tag-donald-trump","tag-estados-unidos","tag-guerra","tag-otan","tag-russia","tag-ucrania","tag-vladimir-putin","tag-zelensnky"],"acf":[],"yoast_head":"<!-- This site is optimized with the Yoast SEO plugin v27.3 - https:\/\/yoast.com\/product\/yoast-seo-wordpress\/ -->\n<title>ARTIGO: O imperador, a cor laranja e o bobo - Blog da Rosana Hessel<\/title>\n<meta name=\"description\" content=\"O presidente dos EUA, Donald Trump, j\u00e1 n\u00e3o ama com intensidade seu hom\u00f3logo russo, Vladimir Putin. Acusa-o de prometer paz e depois s\u00f3 fazer a guerra\" \/>\n<meta name=\"robots\" content=\"index, follow, max-snippet:-1, max-image-preview:large, max-video-preview:-1\" \/>\n<link rel=\"canonical\" href=\"https:\/\/newblogs.correiobraziliense.com.br\/blog-da-rosana-hessel\/33340-2\/\" \/>\n<meta property=\"og:locale\" content=\"pt_BR\" \/>\n<meta property=\"og:type\" content=\"article\" \/>\n<meta property=\"og:title\" content=\"ARTIGO: O imperador, a cor laranja e o bobo - Blog da Rosana Hessel\" \/>\n<meta property=\"og:description\" content=\"O presidente dos EUA, Donald Trump, j\u00e1 n\u00e3o ama com intensidade seu hom\u00f3logo russo, Vladimir Putin. Acusa-o de prometer paz e depois s\u00f3 fazer a guerra\" \/>\n<meta property=\"og:url\" content=\"https:\/\/newblogs.correiobraziliense.com.br\/blog-da-rosana-hessel\/33340-2\/\" \/>\n<meta property=\"og:site_name\" content=\"Blog da Rosana Hessel\" \/>\n<meta property=\"article:published_time\" content=\"2025-07-20T10:00:00+00:00\" \/>\n<meta property=\"article:modified_time\" content=\"2025-07-23T20:31:04+00:00\" \/>\n<meta property=\"og:image\" content=\"http:\/\/newblogs.correiobraziliense.com.br\/blog-da-rosana-hessel\/wp-content\/uploads\/sites\/5\/2025\/07\/CBIFOT180720180646.webp\" \/>\n\t<meta property=\"og:image:width\" content=\"400\" \/>\n\t<meta property=\"og:image:height\" content=\"254\" \/>\n\t<meta property=\"og:image:type\" content=\"image\/webp\" \/>\n<meta name=\"author\" content=\"Rosana Hessel\" \/>\n<!-- \/ Yoast SEO plugin. -->","yoast_head_json":{"title":"ARTIGO: O imperador, a cor laranja e o bobo - Blog da Rosana Hessel","description":"O presidente dos EUA, Donald Trump, j\u00e1 n\u00e3o ama com intensidade seu hom\u00f3logo russo, Vladimir Putin. Acusa-o de prometer paz e depois s\u00f3 fazer a guerra","robots":{"index":"index","follow":"follow","max-snippet":"max-snippet:-1","max-image-preview":"max-image-preview:large","max-video-preview":"max-video-preview:-1"},"canonical":"https:\/\/newblogs.correiobraziliense.com.br\/blog-da-rosana-hessel\/33340-2\/","og_locale":"pt_BR","og_type":"article","og_title":"ARTIGO: O imperador, a cor laranja e o bobo - Blog da Rosana Hessel","og_description":"O presidente dos EUA, Donald Trump, j\u00e1 n\u00e3o ama com intensidade seu hom\u00f3logo russo, Vladimir Putin. Acusa-o de prometer paz e depois s\u00f3 fazer a guerra","og_url":"https:\/\/newblogs.correiobraziliense.com.br\/blog-da-rosana-hessel\/33340-2\/","og_site_name":"Blog da Rosana Hessel","article_published_time":"2025-07-20T10:00:00+00:00","article_modified_time":"2025-07-23T20:31:04+00:00","og_image":[{"width":400,"height":254,"url":"http:\/\/newblogs.correiobraziliense.com.br\/blog-da-rosana-hessel\/wp-content\/uploads\/sites\/5\/2025\/07\/CBIFOT180720180646.webp","type":"image\/webp"}],"author":"Rosana Hessel","schema":{"@context":"https:\/\/schema.org","@graph":[{"@type":"Article","@id":"https:\/\/newblogs.correiobraziliense.com.br\/blog-da-rosana-hessel\/33340-2\/#article","isPartOf":{"@id":"https:\/\/newblogs.correiobraziliense.com.br\/blog-da-rosana-hessel\/33340-2\/"},"author":{"name":"Rosana Hessel","@id":"https:\/\/newblogs.correiobraziliense.com.br\/blog-da-rosana-hessel\/#\/schema\/person\/824cb3c631cf0d4056f75ca02599a930"},"headline":"ARTIGO: O imperador, a cor laranja e o bobo","datePublished":"2025-07-20T10:00:00+00:00","dateModified":"2025-07-23T20:31:04+00:00","mainEntityOfPage":{"@id":"https:\/\/newblogs.correiobraziliense.com.br\/blog-da-rosana-hessel\/33340-2\/"},"wordCount":911,"image":{"@id":"https:\/\/newblogs.correiobraziliense.com.br\/blog-da-rosana-hessel\/33340-2\/#primaryimage"},"thumbnailUrl":"https:\/\/newblogs.correiobraziliense.com.br\/blog-da-rosana-hessel\/wp-content\/uploads\/sites\/5\/2025\/07\/CBIFOT180720180646.webp","keywords":["Donald Trump","Estados Unidos","guerra","Otan","R\u00fassia","Ucr\u00e2nia","Vladimir Putin","Zelensnky"],"articleSection":["OPINI\u00c3O"],"inLanguage":"pt-BR"},{"@type":"WebPage","@id":"https:\/\/newblogs.correiobraziliense.com.br\/blog-da-rosana-hessel\/33340-2\/","url":"https:\/\/newblogs.correiobraziliense.com.br\/blog-da-rosana-hessel\/33340-2\/","name":"ARTIGO: O imperador, a cor laranja e o bobo - Blog da Rosana Hessel","isPartOf":{"@id":"https:\/\/newblogs.correiobraziliense.com.br\/blog-da-rosana-hessel\/#website"},"primaryImageOfPage":{"@id":"https:\/\/newblogs.correiobraziliense.com.br\/blog-da-rosana-hessel\/33340-2\/#primaryimage"},"image":{"@id":"https:\/\/newblogs.correiobraziliense.com.br\/blog-da-rosana-hessel\/33340-2\/#primaryimage"},"thumbnailUrl":"https:\/\/newblogs.correiobraziliense.com.br\/blog-da-rosana-hessel\/wp-content\/uploads\/sites\/5\/2025\/07\/CBIFOT180720180646.webp","datePublished":"2025-07-20T10:00:00+00:00","dateModified":"2025-07-23T20:31:04+00:00","author":{"@id":"https:\/\/newblogs.correiobraziliense.com.br\/blog-da-rosana-hessel\/#\/schema\/person\/824cb3c631cf0d4056f75ca02599a930"},"description":"O presidente dos EUA, Donald Trump, j\u00e1 n\u00e3o ama com intensidade seu hom\u00f3logo russo, Vladimir Putin. Acusa-o de prometer paz e depois s\u00f3 fazer a guerra","breadcrumb":{"@id":"https:\/\/newblogs.correiobraziliense.com.br\/blog-da-rosana-hessel\/33340-2\/#breadcrumb"},"inLanguage":"pt-BR","potentialAction":[{"@type":"ReadAction","target":["https:\/\/newblogs.correiobraziliense.com.br\/blog-da-rosana-hessel\/33340-2\/"]}]},{"@type":"ImageObject","inLanguage":"pt-BR","@id":"https:\/\/newblogs.correiobraziliense.com.br\/blog-da-rosana-hessel\/33340-2\/#primaryimage","url":"https:\/\/newblogs.correiobraziliense.com.br\/blog-da-rosana-hessel\/wp-content\/uploads\/sites\/5\/2025\/07\/CBIFOT180720180646.webp","contentUrl":"https:\/\/newblogs.correiobraziliense.com.br\/blog-da-rosana-hessel\/wp-content\/uploads\/sites\/5\/2025\/07\/CBIFOT180720180646.webp","width":400,"height":254,"caption":"Trump e Putin, em 2018. BRENDAN SMIALOWSKI\/AFP"},{"@type":"BreadcrumbList","@id":"https:\/\/newblogs.correiobraziliense.com.br\/blog-da-rosana-hessel\/33340-2\/#breadcrumb","itemListElement":[{"@type":"ListItem","position":1,"name":"In\u00edcio","item":"https:\/\/newblogs.correiobraziliense.com.br\/blog-da-rosana-hessel\/"},{"@type":"ListItem","position":2,"name":"ARTIGO: O imperador, a cor laranja e o bobo"}]},{"@type":"WebSite","@id":"https:\/\/newblogs.correiobraziliense.com.br\/blog-da-rosana-hessel\/#website","url":"https:\/\/newblogs.correiobraziliense.com.br\/blog-da-rosana-hessel\/","name":"Blog da Rosana Hessel","description":"Not\u00edcias atualizadas e an\u00e1lises sobre economia. Acompanhe-nos para entender as tend\u00eancias e os impactos econ\u00f4micos que influenciam o seu dia a dia, tanto no Brasil quanto no exterior.","potentialAction":[{"@type":"SearchAction","target":{"@type":"EntryPoint","urlTemplate":"https:\/\/newblogs.correiobraziliense.com.br\/blog-da-rosana-hessel\/?s={search_term_string}"},"query-input":{"@type":"PropertyValueSpecification","valueRequired":true,"valueName":"search_term_string"}}],"inLanguage":"pt-BR"},{"@type":"Person","@id":"https:\/\/newblogs.correiobraziliense.com.br\/blog-da-rosana-hessel\/#\/schema\/person\/824cb3c631cf0d4056f75ca02599a930","name":"Rosana Hessel","image":{"@type":"ImageObject","inLanguage":"pt-BR","@id":"https:\/\/secure.gravatar.com\/avatar\/fe780cf1839cf10cd6d682fb080611e0d2a459b64be8a8781778109777fbcfd3?s=96&d=mm&r=g","url":"https:\/\/secure.gravatar.com\/avatar\/fe780cf1839cf10cd6d682fb080611e0d2a459b64be8a8781778109777fbcfd3?s=96&d=mm&r=g","contentUrl":"https:\/\/secure.gravatar.com\/avatar\/fe780cf1839cf10cd6d682fb080611e0d2a459b64be8a8781778109777fbcfd3?s=96&d=mm&r=g","caption":"Rosana Hessel"},"description":"Formada pela Pontif\u00edcia Universidade Cat\u00f3lica de S\u00e3o Paulo (PUC-SP), \u00e9 jornalista de economia desde 1995, quando passou a integrar o time da Gazeta Mercantil. Est\u00e1 sempre atr\u00e1s da boa informa\u00e7\u00e3o. Possui especializa\u00e7\u00e3o em economia pela FGV e MBA em Finan\u00e7as pela FIA-USP. Trabalha no Correio Braziliense desde 2010. Ganhou o Pr\u00eamio Esso de Jornalismo Econ\u00f4mico em 2014 e em 2015 com a equipe do Correio. Foi finalista entre os 50 jornalistas +Admirados da Imprensa de Economia, Neg\u00f3cios e Finan\u00e7as 2024, promovido pela Jornalistas&amp;Cia.","url":"https:\/\/newblogs.correiobraziliense.com.br\/blog-da-rosana-hessel\/author\/rosanahessel\/"}]}},"_links":{"self":[{"href":"https:\/\/newblogs.correiobraziliense.com.br\/blog-da-rosana-hessel\/wp-json\/wp\/v2\/posts\/33340","targetHints":{"allow":["GET"]}}],"collection":[{"href":"https:\/\/newblogs.correiobraziliense.com.br\/blog-da-rosana-hessel\/wp-json\/wp\/v2\/posts"}],"about":[{"href":"https:\/\/newblogs.correiobraziliense.com.br\/blog-da-rosana-hessel\/wp-json\/wp\/v2\/types\/post"}],"author":[{"embeddable":true,"href":"https:\/\/newblogs.correiobraziliense.com.br\/blog-da-rosana-hessel\/wp-json\/wp\/v2\/users\/10"}],"replies":[{"embeddable":true,"href":"https:\/\/newblogs.correiobraziliense.com.br\/blog-da-rosana-hessel\/wp-json\/wp\/v2\/comments?post=33340"}],"version-history":[{"count":6,"href":"https:\/\/newblogs.correiobraziliense.com.br\/blog-da-rosana-hessel\/wp-json\/wp\/v2\/posts\/33340\/revisions"}],"predecessor-version":[{"id":33348,"href":"https:\/\/newblogs.correiobraziliense.com.br\/blog-da-rosana-hessel\/wp-json\/wp\/v2\/posts\/33340\/revisions\/33348"}],"wp:featuredmedia":[{"embeddable":true,"href":"https:\/\/newblogs.correiobraziliense.com.br\/blog-da-rosana-hessel\/wp-json\/wp\/v2\/media\/33342"}],"wp:attachment":[{"href":"https:\/\/newblogs.correiobraziliense.com.br\/blog-da-rosana-hessel\/wp-json\/wp\/v2\/media?parent=33340"}],"wp:term":[{"taxonomy":"category","embeddable":true,"href":"https:\/\/newblogs.correiobraziliense.com.br\/blog-da-rosana-hessel\/wp-json\/wp\/v2\/categories?post=33340"},{"taxonomy":"post_tag","embeddable":true,"href":"https:\/\/newblogs.correiobraziliense.com.br\/blog-da-rosana-hessel\/wp-json\/wp\/v2\/tags?post=33340"}],"curies":[{"name":"wp","href":"https:\/\/api.w.org\/{rel}","templated":true}]}}