{"id":33302,"date":"2025-07-16T07:00:00","date_gmt":"2025-07-16T10:00:00","guid":{"rendered":"https:\/\/newblogs.correiobraziliense.com.br\/blog-da-rosana-hessel\/?p=33302"},"modified":"2025-07-16T01:33:25","modified_gmt":"2025-07-16T04:33:25","slug":"genial-quaest-trump-ajuda-a-melhorar-a-aprovacao-de-lula","status":"publish","type":"post","link":"https:\/\/newblogs.correiobraziliense.com.br\/blog-da-rosana-hessel\/genial-quaest-trump-ajuda-a-melhorar-a-aprovacao-de-lula\/","title":{"rendered":"Genial\/Quaest: Trump ajuda a melhorar a aprova\u00e7\u00e3o de Lula"},"content":{"rendered":"\n<p>Apesar de tentar proteger o ex-presidente Jair Bolsonaro (PL) com novo tarifa\u00e7o ao Brasil, o presidente dos Estados Unidos, Donald Trump, parece estar ajudando o presidente Luiz In\u00e1cio Lula da Silva (PT) a recuperar a aprova\u00e7\u00e3o entre os eleitores. A pol\u00eamica em torno da sobretaxa de 50% a produtos brasileiros anunciada pelo republicano recentemente ajudou a reduzir a desaprova\u00e7\u00e3o e a aumentar a aprova\u00e7\u00e3o do governo Lula, principalmente, fora da base de apoio do petista, conforme dados da 4\u00aa rodada de 2025 da Pesquisa Genial\/Quaest, divulgada nesta quarta-feira (16\/7).<\/p>\n\n\n\n<p>A desaprova\u00e7\u00e3o do governo Lula recuou de 57%, em maio, para 53%, em julho, de acordo com o levantamento. Enquanto isso, a aprova\u00e7\u00e3o subiu de 40% para 43%, na mesma base de compara\u00e7\u00e3o. Na edi\u00e7\u00e3o anterior, a aprova\u00e7\u00e3o do governo estava no menor patamar desde o in\u00edcio do terceiro mandato do petista, em 2023.  <\/p>\n\n\n\n<p>Curiosamente, para 72% dos entrevistados, Trump est\u00e1 errado ao impor taxas sobre produtos brasileiros por acreditar que o ex-presidente Jair Bolsonaro (PL) est\u00e1 sendo perseguido no Brasil e 57% acham que o mandat\u00e1rio dos EUA n\u00e3o tem direito de criticar o processo em que o ex-capit\u00e3o \u00e9 r\u00e9u em processo que tramita no Supremo Tribunal Federal (STF).\u00a0 <\/p>\n\n\n\n<p>A avalia\u00e7\u00e3o negativa do governo Lula, por sua vez, recuou de 43% para 40% e a positiva subiu de 26% para 28%, na mesma base de compara\u00e7\u00e3o. Mais da metade dos entrevistados (55%) acredita que Lula provocou Trump ao critic\u00e1-lo no encontro de c\u00fapula dos Brics+, que foi ampliado para 11 pa\u00edses-membros, no Rio de Janeiro, no in\u00edcio deste m\u00eas.\u00a0<\/p>\n\n\n\n<p>A pesquisa ainda revela que 53% dos eleitores acreditam que o governo brasileiro est\u00e1 certo ao reagir com reciprocidade ao aumento tarif\u00e1rio de Trump.<\/p>\n\n\n\n<p><strong>Fora da base<\/strong> <\/p>\n\n\n\n<p>A pesquisa da Quaest, realizada em parceria com a Genial Investimentos, indicou que a melhora da aprova\u00e7\u00e3o do governo Lula foi mais expressiva fora da base de apoio tradicional do chefe do Executivo. Entre os eleitores da regi\u00e3o Sudeste, a aprova\u00e7\u00e3o do governo passou de 32% para 40% entre maio e julho. Enquanto isso, a desaprova\u00e7\u00e3o recuou de 64% para 56%.&nbsp;<\/p>\n\n\n\n<p>\u201cA recupera\u00e7\u00e3o do governo aconteceu na classe m\u00e9dia, com maior escolaridade, no Sudeste. S\u00e3o os segmentos mais informados da popula\u00e7\u00e3o, que se percebem mais prejudicados pelas tarifas de Trump, e que consideram que Lula est\u00e1 agindo de forma correta at\u00e9 aqui, por isso passam a apoiar o governo \u201c, comentou Felipe Nunes, CEO da Quaest, em comunicado sobre a pesquisa que passar\u00e1 a ser mensal a partir de agosto. <\/p>\n\n\n\n<p>Conforme os dados do levantamento, no Nordeste, principal reduto dos eleitores do presidente, a aprova\u00e7\u00e3o ficou praticamente est\u00e1vel, passando de 54% para 53%. Na regi\u00e3o Sul, o percentual de desaprova\u00e7\u00e3o variou de 62% para 61% e a aprova\u00e7\u00e3o passou de 37% para 35%, entre maio e julho. E, no Centro-Oeste\/Norte, a aprova\u00e7\u00e3o oscilou de 42% para 40%, e a desaprova\u00e7\u00e3o ficou est\u00e1vel em 55%, no mesmo per\u00edodo.<\/p>\n\n\n\n<p>Os dados da pesquisa indicam que a aprova\u00e7\u00e3o entre os benefici\u00e1rios do Bolsa Fam\u00edlia oscilou de 51%, em maio, para 50%, em julho, atingindo o menor patamar desde o in\u00edcio da pesquisa. E, entre os n\u00e3o benefici\u00e1rios, subiu de 37% para 41%, no mesmo per\u00edodo.&nbsp;<\/p>\n\n\n\n<p>Na compara\u00e7\u00e3o entre os eleitores de renda de at\u00e9 dois sal\u00e1rios m\u00ednimos, a aprova\u00e7\u00e3o e a desaprova\u00e7\u00e3o ficaram praticamente est\u00e1veis, em 46% e 49%, respectivamente. Na edi\u00e7\u00e3o anterior, esses percentuais eram de 46% e 51%. <\/p>\n\n\n\n<p>Entre os eleitores com rendas maiores, a melhora foi mais expressiva. No grupo daqueles com renda de dois a cinco sal\u00e1rios m\u00ednimos, a aprova\u00e7\u00e3o do governo avan\u00e7ou mais, passando de 39% para 43%, entre maio e julho. J\u00e1 a desaprova\u00e7\u00e3o recuou de 58% para 52%.&nbsp; E, entre os eleitores com renda acima de cinco sal\u00e1rios m\u00ednimos, a aprova\u00e7\u00e3o avan\u00e7ou de 33% para 37%, na mesma base de compara\u00e7\u00e3o. A desaprova\u00e7\u00e3o, por sua vez, recuou de 64% para 61%.&nbsp;<\/p>\n\n\n\n<p>Na compara\u00e7\u00e3o com religi\u00e3o, Lula segue com rejei\u00e7\u00e3o elevada entre os evang\u00e9licos. A aprova\u00e7\u00e3o do governo entre os cat\u00f3licos subiu de 45% para 51%, entre maio e julho. J\u00e1 entre os evang\u00e9licos, caiu de 30% para 28%. A desaprova\u00e7\u00e3o entre os evang\u00e9licos subiu de 66% para 69%, mas caiu entre os cat\u00f3licos, de 53% para 45%.<\/p>\n\n\n\n<p><strong>Economia<\/strong><\/p>\n\n\n\n<p>A percep\u00e7\u00e3o dos eleitores de que a economia piorou nos \u00faltimos 12 meses recuou de 56%, em maio, para 46%, em julho. Todavia, o poder de compra dos brasileiros \u00e9 considerado menor do que h\u00e1 um ano para 80% dos entrevistados, dado levemente acima dos 79% de&nbsp; maio. O mercado de trabalho \u00e9 motivo de preocupa\u00e7\u00e3o para 56% dos eleitores, que consideram que hoje \u00e9 mais dif\u00edcil conseguir emprego do que h\u00e1 um ano.&nbsp;<\/p>\n\n\n\n<p>A viol\u00eancia continua sendo a principal preocupa\u00e7\u00e3o dos eleitores, de 25% contra 27% na pesquisa anterior. Problemas sociais s\u00e3o a maior preocupa\u00e7\u00e3o para 20%, contra 19% em maio.&nbsp;&nbsp;<\/p>\n\n\n\n<p>A pesquisa da Quaest, em parceria com a Genial Investimentos, foi feita entre os dias 10 de julho e 14 de julho. Foram ouvidos 2.004 brasileiros de 16 anos ou mais por meio de entrevistas presenciais que utilizam question\u00e1rios estruturados. A margem de erro esmada \u00e9 de dois pontos percentuais e o \u00edndice de confian\u00e7a \u00e9 de 95%.&nbsp;<\/p>\n\n\n\n<p><strong>Veja alguns destaques da pesquisa<\/strong><\/p>\n\n\n\n<figure class=\"wp-block-image size-large\"><img decoding=\"async\" src=\"https:\/\/newblogs.correiobraziliense.com.br\/blog-da-rosana-hessel\/wp-content\/uploads\/sites\/5\/2025\/07\/genialquaestjul25a-1024x728.jpeg\" alt=\"\" class=\"wp-image-33312\" \/><\/figure>\n\n\n\n<figure class=\"wp-block-image size-large\"><img decoding=\"async\" src=\"https:\/\/newblogs.correiobraziliense.com.br\/blog-da-rosana-hessel\/wp-content\/uploads\/sites\/5\/2025\/07\/genialquestejul25b-1024x678.jpeg\" alt=\"\" class=\"wp-image-33313\" \/><\/figure>\n\n\n\n\n","protected":false},"excerpt":{"rendered":"<p>Conforme os dados da pesquisa, a desaprova\u00e7\u00e3o do governo Lula recuou de 57% para 53%, entre maio e julho, e a aprova\u00e7\u00e3o subiu de 40% para 43%, no mesmo per\u00edodo, principalmente, fora da base de apoio do petista <\/p>\n","protected":false},"author":10,"featured_media":33300,"comment_status":"closed","ping_status":"closed","sticky":false,"template":"","format":"standard","meta":{"_acf_changed":false,"inline_featured_image":false,"footnotes":""},"categories":[1886],"tags":[1309,676,118,562,622],"class_list":["post-33302","post","type-post","status-publish","format-standard","has-post-thumbnail","hentry","category-pesquisa","tag-aprovacao","tag-desaprovacao","tag-lula","tag-pesquisa-genial-quaest","tag-trump"],"acf":[],"yoast_head":"<!-- This site is optimized with the Yoast SEO plugin v27.3 - https:\/\/yoast.com\/product\/yoast-seo-wordpress\/ -->\n<title>Genial\/Quaest: Trump ajuda a melhorar a aprova\u00e7\u00e3o de Lula - Blog da Rosana Hessel<\/title>\n<meta name=\"description\" content=\"Conforme os dados da pesquisa, a desaprova\u00e7\u00e3o do governo Lula recuou de 57% para 53%, entre maio e julho, e a aprova\u00e7\u00e3o subiu de 40% para 43%, no mesmo per\u00edodo, principalmente, fora da base de apoio do petista\" \/>\n<meta name=\"robots\" content=\"index, follow, max-snippet:-1, max-image-preview:large, max-video-preview:-1\" \/>\n<link rel=\"canonical\" href=\"https:\/\/newblogs.correiobraziliense.com.br\/blog-da-rosana-hessel\/genial-quaest-trump-ajuda-a-melhorar-a-aprovacao-de-lula\/\" \/>\n<meta property=\"og:locale\" content=\"pt_BR\" \/>\n<meta property=\"og:type\" content=\"article\" \/>\n<meta property=\"og:title\" content=\"Genial\/Quaest: Trump ajuda a melhorar a aprova\u00e7\u00e3o de Lula - Blog da Rosana Hessel\" \/>\n<meta property=\"og:description\" content=\"Conforme os dados da pesquisa, a desaprova\u00e7\u00e3o do governo Lula recuou de 57% para 53%, entre maio e julho, e a aprova\u00e7\u00e3o subiu de 40% para 43%, no mesmo per\u00edodo, principalmente, fora da base de apoio do petista\" \/>\n<meta property=\"og:url\" content=\"https:\/\/newblogs.correiobraziliense.com.br\/blog-da-rosana-hessel\/genial-quaest-trump-ajuda-a-melhorar-a-aprovacao-de-lula\/\" \/>\n<meta property=\"og:site_name\" content=\"Blog da Rosana Hessel\" \/>\n<meta property=\"article:published_time\" content=\"2025-07-16T10:00:00+00:00\" \/>\n<meta property=\"og:image\" content=\"https:\/\/newblogs.correiobraziliense.com.br\/blog-da-rosana-hessel\/wp-content\/uploads\/sites\/5\/2025\/07\/1_000_66uv9rn-56521385.jpg\" \/>\n\t<meta property=\"og:image:width\" content=\"360\" \/>\n\t<meta property=\"og:image:height\" content=\"240\" \/>\n\t<meta property=\"og:image:type\" content=\"image\/jpeg\" \/>\n<meta name=\"author\" content=\"Rosana Hessel\" \/>\n<!-- \/ Yoast SEO plugin. -->","yoast_head_json":{"title":"Genial\/Quaest: Trump ajuda a melhorar a aprova\u00e7\u00e3o de Lula - Blog da Rosana Hessel","description":"Conforme os dados da pesquisa, a desaprova\u00e7\u00e3o do governo Lula recuou de 57% para 53%, entre maio e julho, e a aprova\u00e7\u00e3o subiu de 40% para 43%, no mesmo per\u00edodo, principalmente, fora da base de apoio do petista","robots":{"index":"index","follow":"follow","max-snippet":"max-snippet:-1","max-image-preview":"max-image-preview:large","max-video-preview":"max-video-preview:-1"},"canonical":"https:\/\/newblogs.correiobraziliense.com.br\/blog-da-rosana-hessel\/genial-quaest-trump-ajuda-a-melhorar-a-aprovacao-de-lula\/","og_locale":"pt_BR","og_type":"article","og_title":"Genial\/Quaest: Trump ajuda a melhorar a aprova\u00e7\u00e3o de Lula - Blog da Rosana Hessel","og_description":"Conforme os dados da pesquisa, a desaprova\u00e7\u00e3o do governo Lula recuou de 57% para 53%, entre maio e julho, e a aprova\u00e7\u00e3o subiu de 40% para 43%, no mesmo per\u00edodo, principalmente, fora da base de apoio do petista","og_url":"https:\/\/newblogs.correiobraziliense.com.br\/blog-da-rosana-hessel\/genial-quaest-trump-ajuda-a-melhorar-a-aprovacao-de-lula\/","og_site_name":"Blog da Rosana Hessel","article_published_time":"2025-07-16T10:00:00+00:00","og_image":[{"width":360,"height":240,"url":"https:\/\/newblogs.correiobraziliense.com.br\/blog-da-rosana-hessel\/wp-content\/uploads\/sites\/5\/2025\/07\/1_000_66uv9rn-56521385.jpg","type":"image\/jpeg"}],"author":"Rosana Hessel","schema":{"@context":"https:\/\/schema.org","@graph":[{"@type":"Article","@id":"https:\/\/newblogs.correiobraziliense.com.br\/blog-da-rosana-hessel\/genial-quaest-trump-ajuda-a-melhorar-a-aprovacao-de-lula\/#article","isPartOf":{"@id":"https:\/\/newblogs.correiobraziliense.com.br\/blog-da-rosana-hessel\/genial-quaest-trump-ajuda-a-melhorar-a-aprovacao-de-lula\/"},"author":{"name":"Rosana Hessel","@id":"https:\/\/newblogs.correiobraziliense.com.br\/blog-da-rosana-hessel\/#\/schema\/person\/824cb3c631cf0d4056f75ca02599a930"},"headline":"Genial\/Quaest: Trump ajuda a melhorar a aprova\u00e7\u00e3o de Lula","datePublished":"2025-07-16T10:00:00+00:00","mainEntityOfPage":{"@id":"https:\/\/newblogs.correiobraziliense.com.br\/blog-da-rosana-hessel\/genial-quaest-trump-ajuda-a-melhorar-a-aprovacao-de-lula\/"},"wordCount":894,"image":{"@id":"https:\/\/newblogs.correiobraziliense.com.br\/blog-da-rosana-hessel\/genial-quaest-trump-ajuda-a-melhorar-a-aprovacao-de-lula\/#primaryimage"},"thumbnailUrl":"https:\/\/newblogs.correiobraziliense.com.br\/blog-da-rosana-hessel\/wp-content\/uploads\/sites\/5\/2025\/07\/1_000_66uv9rn-56521385.jpg","keywords":["aprova\u00e7\u00e3o","desaprova\u00e7\u00e3o","Lula","Pesquisa Genial\/Quaest","Trump"],"articleSection":["Pesquisa"],"inLanguage":"pt-BR"},{"@type":"WebPage","@id":"https:\/\/newblogs.correiobraziliense.com.br\/blog-da-rosana-hessel\/genial-quaest-trump-ajuda-a-melhorar-a-aprovacao-de-lula\/","url":"https:\/\/newblogs.correiobraziliense.com.br\/blog-da-rosana-hessel\/genial-quaest-trump-ajuda-a-melhorar-a-aprovacao-de-lula\/","name":"Genial\/Quaest: Trump ajuda a melhorar a aprova\u00e7\u00e3o de Lula - Blog da Rosana Hessel","isPartOf":{"@id":"https:\/\/newblogs.correiobraziliense.com.br\/blog-da-rosana-hessel\/#website"},"primaryImageOfPage":{"@id":"https:\/\/newblogs.correiobraziliense.com.br\/blog-da-rosana-hessel\/genial-quaest-trump-ajuda-a-melhorar-a-aprovacao-de-lula\/#primaryimage"},"image":{"@id":"https:\/\/newblogs.correiobraziliense.com.br\/blog-da-rosana-hessel\/genial-quaest-trump-ajuda-a-melhorar-a-aprovacao-de-lula\/#primaryimage"},"thumbnailUrl":"https:\/\/newblogs.correiobraziliense.com.br\/blog-da-rosana-hessel\/wp-content\/uploads\/sites\/5\/2025\/07\/1_000_66uv9rn-56521385.jpg","datePublished":"2025-07-16T10:00:00+00:00","author":{"@id":"https:\/\/newblogs.correiobraziliense.com.br\/blog-da-rosana-hessel\/#\/schema\/person\/824cb3c631cf0d4056f75ca02599a930"},"description":"Conforme os dados da pesquisa, a desaprova\u00e7\u00e3o do governo Lula recuou de 57% para 53%, entre maio e julho, e a aprova\u00e7\u00e3o subiu de 40% para 43%, no mesmo per\u00edodo, principalmente, fora da base de apoio do petista","breadcrumb":{"@id":"https:\/\/newblogs.correiobraziliense.com.br\/blog-da-rosana-hessel\/genial-quaest-trump-ajuda-a-melhorar-a-aprovacao-de-lula\/#breadcrumb"},"inLanguage":"pt-BR","potentialAction":[{"@type":"ReadAction","target":["https:\/\/newblogs.correiobraziliense.com.br\/blog-da-rosana-hessel\/genial-quaest-trump-ajuda-a-melhorar-a-aprovacao-de-lula\/"]}]},{"@type":"ImageObject","inLanguage":"pt-BR","@id":"https:\/\/newblogs.correiobraziliense.com.br\/blog-da-rosana-hessel\/genial-quaest-trump-ajuda-a-melhorar-a-aprovacao-de-lula\/#primaryimage","url":"https:\/\/newblogs.correiobraziliense.com.br\/blog-da-rosana-hessel\/wp-content\/uploads\/sites\/5\/2025\/07\/1_000_66uv9rn-56521385.jpg","contentUrl":"https:\/\/newblogs.correiobraziliense.com.br\/blog-da-rosana-hessel\/wp-content\/uploads\/sites\/5\/2025\/07\/1_000_66uv9rn-56521385.jpg","width":360,"height":240,"caption":"Donald Trump (Photo by ANDREW CABALLERO-REYNOLDS \/ AFP)"},{"@type":"BreadcrumbList","@id":"https:\/\/newblogs.correiobraziliense.com.br\/blog-da-rosana-hessel\/genial-quaest-trump-ajuda-a-melhorar-a-aprovacao-de-lula\/#breadcrumb","itemListElement":[{"@type":"ListItem","position":1,"name":"In\u00edcio","item":"https:\/\/newblogs.correiobraziliense.com.br\/blog-da-rosana-hessel\/"},{"@type":"ListItem","position":2,"name":"Genial\/Quaest: Trump ajuda a melhorar a aprova\u00e7\u00e3o de Lula"}]},{"@type":"WebSite","@id":"https:\/\/newblogs.correiobraziliense.com.br\/blog-da-rosana-hessel\/#website","url":"https:\/\/newblogs.correiobraziliense.com.br\/blog-da-rosana-hessel\/","name":"Blog da Rosana Hessel","description":"Not\u00edcias atualizadas e an\u00e1lises sobre economia. Acompanhe-nos para entender as tend\u00eancias e os impactos econ\u00f4micos que influenciam o seu dia a dia, tanto no Brasil quanto no exterior.","potentialAction":[{"@type":"SearchAction","target":{"@type":"EntryPoint","urlTemplate":"https:\/\/newblogs.correiobraziliense.com.br\/blog-da-rosana-hessel\/?s={search_term_string}"},"query-input":{"@type":"PropertyValueSpecification","valueRequired":true,"valueName":"search_term_string"}}],"inLanguage":"pt-BR"},{"@type":"Person","@id":"https:\/\/newblogs.correiobraziliense.com.br\/blog-da-rosana-hessel\/#\/schema\/person\/824cb3c631cf0d4056f75ca02599a930","name":"Rosana Hessel","image":{"@type":"ImageObject","inLanguage":"pt-BR","@id":"https:\/\/secure.gravatar.com\/avatar\/fe780cf1839cf10cd6d682fb080611e0d2a459b64be8a8781778109777fbcfd3?s=96&d=mm&r=g","url":"https:\/\/secure.gravatar.com\/avatar\/fe780cf1839cf10cd6d682fb080611e0d2a459b64be8a8781778109777fbcfd3?s=96&d=mm&r=g","contentUrl":"https:\/\/secure.gravatar.com\/avatar\/fe780cf1839cf10cd6d682fb080611e0d2a459b64be8a8781778109777fbcfd3?s=96&d=mm&r=g","caption":"Rosana Hessel"},"description":"Formada pela Pontif\u00edcia Universidade Cat\u00f3lica de S\u00e3o Paulo (PUC-SP), \u00e9 jornalista de economia desde 1995, quando passou a integrar o time da Gazeta Mercantil. Est\u00e1 sempre atr\u00e1s da boa informa\u00e7\u00e3o. Possui especializa\u00e7\u00e3o em economia pela FGV e MBA em Finan\u00e7as pela FIA-USP. Trabalha no Correio Braziliense desde 2010. Ganhou o Pr\u00eamio Esso de Jornalismo Econ\u00f4mico em 2014 e em 2015 com a equipe do Correio. Foi finalista entre os 50 jornalistas +Admirados da Imprensa de Economia, Neg\u00f3cios e Finan\u00e7as 2024, promovido pela Jornalistas&amp;Cia.","url":"https:\/\/newblogs.correiobraziliense.com.br\/blog-da-rosana-hessel\/author\/rosanahessel\/"}]}},"_links":{"self":[{"href":"https:\/\/newblogs.correiobraziliense.com.br\/blog-da-rosana-hessel\/wp-json\/wp\/v2\/posts\/33302","targetHints":{"allow":["GET"]}}],"collection":[{"href":"https:\/\/newblogs.correiobraziliense.com.br\/blog-da-rosana-hessel\/wp-json\/wp\/v2\/posts"}],"about":[{"href":"https:\/\/newblogs.correiobraziliense.com.br\/blog-da-rosana-hessel\/wp-json\/wp\/v2\/types\/post"}],"author":[{"embeddable":true,"href":"https:\/\/newblogs.correiobraziliense.com.br\/blog-da-rosana-hessel\/wp-json\/wp\/v2\/users\/10"}],"replies":[{"embeddable":true,"href":"https:\/\/newblogs.correiobraziliense.com.br\/blog-da-rosana-hessel\/wp-json\/wp\/v2\/comments?post=33302"}],"version-history":[{"count":11,"href":"https:\/\/newblogs.correiobraziliense.com.br\/blog-da-rosana-hessel\/wp-json\/wp\/v2\/posts\/33302\/revisions"}],"predecessor-version":[{"id":33316,"href":"https:\/\/newblogs.correiobraziliense.com.br\/blog-da-rosana-hessel\/wp-json\/wp\/v2\/posts\/33302\/revisions\/33316"}],"wp:featuredmedia":[{"embeddable":true,"href":"https:\/\/newblogs.correiobraziliense.com.br\/blog-da-rosana-hessel\/wp-json\/wp\/v2\/media\/33300"}],"wp:attachment":[{"href":"https:\/\/newblogs.correiobraziliense.com.br\/blog-da-rosana-hessel\/wp-json\/wp\/v2\/media?parent=33302"}],"wp:term":[{"taxonomy":"category","embeddable":true,"href":"https:\/\/newblogs.correiobraziliense.com.br\/blog-da-rosana-hessel\/wp-json\/wp\/v2\/categories?post=33302"},{"taxonomy":"post_tag","embeddable":true,"href":"https:\/\/newblogs.correiobraziliense.com.br\/blog-da-rosana-hessel\/wp-json\/wp\/v2\/tags?post=33302"}],"curies":[{"name":"wp","href":"https:\/\/api.w.org\/{rel}","templated":true}]}}