{"id":33273,"date":"2025-07-13T09:00:00","date_gmt":"2025-07-13T12:00:00","guid":{"rendered":"https:\/\/newblogs.correiobraziliense.com.br\/blog-da-rosana-hessel\/?p=33273"},"modified":"2025-07-13T04:18:15","modified_gmt":"2025-07-13T07:18:15","slug":"artigo-sinais-trocados-e-gritos-de-alerta","status":"publish","type":"post","link":"https:\/\/newblogs.correiobraziliense.com.br\/blog-da-rosana-hessel\/artigo-sinais-trocados-e-gritos-de-alerta\/","title":{"rendered":"ARTIGO: Sinais trocados e gritos de alerta"},"content":{"rendered":"\n<p><em>Por Luiz Recena Grassi*<\/em><\/p>\n\n\n\n<p>Primeiro, Donald Trump, presidente dos Estados Unidos, azucrina boa parte do mundo. Anuncia o fim da guerra em uma semana. Para refor\u00e7ar sua narrativa, suspende o fornecimento de armas para a Ucr\u00e2nia. Deixou na chuva as for\u00e7as de Defesa nacionais, e tamb\u00e9m o presidente do pa\u00eds, Volodymyr Zelensky, que primeiro desdenhou do gesto, e depois correu para o colo da Uni\u00e3o Europeia, mato de onde n\u00e3o sai coelho.\u00a0<\/p>\n\n\n\n<p>Depois de v\u00e1rias reuni\u00f5es e grandes inten\u00e7\u00f5es, alguns resultados: ca\u00e7as, velhos, F-15 da Alemanha somam-se aos ca\u00e7as poloneses; a Dinamarca e as rep\u00fablicas b\u00e1lticas est\u00e3o a fazer um fundo para comprar armamentos e muni\u00e7\u00f5es. Querem ajuda da Alemanha para comprar baterias de Patriot, para melhorar o desempenho defensivo das tropas de Kiev.&nbsp;<\/p>\n\n\n\n<p>A Inglaterra, generosa, confirma a promessa de envio de cinco mil m\u00edsseis storm shadow para a Ucr\u00e2nia. O pre\u00e7o atual de cada m\u00edssil, novinho, est\u00e1 pr\u00f3ximo dos tr\u00eas milh\u00f5es de d\u00f3lares cada. N\u00e3o d\u00e1 para fazer conta linear, pois no meio de cada lote de shadow vai sempre um bom n\u00famero de armamentos menos potentes, que v\u00e3o \u00e0 frente para distrair o inimigo.\u00a0 <\/p>\n\n\n\n<p>A R\u00fassia manteve-se em um quase sil\u00eancio, comentando os fatos apenas via seu porta-voz Dmitry Peskov.\u00a0O pa\u00eds festeja tr\u00eas anos de crescimento econ\u00f4mico e Moscou, sozinha, o terceiro ano de crescimento acima de 4%. <\/p>\n\n\n\n<p>A R\u00fassia volta e meia, como agora, ganha inje\u00e7\u00e3o de moeda forte em consequ\u00eancia das oscila\u00e7\u00f5es do pre\u00e7o do petr\u00f3leo. Zelensky est\u00e1 danado com isso, e denuncia que mais de 20% do consumo europeu ainda depende da R\u00fassia.\u00a0<\/p>\n\n\n\n<p>O presidente russo Vladimir Putin saudou a decis\u00e3o inicial de Trump. E mais n\u00e3o comentou. Trump declarou-se desapontado com a baixa colabora\u00e7\u00e3o de Putin. Mas seu secret\u00e1rio de Estado, Mark Rubio, continuou a manter reuni\u00f5es com seu hom\u00f3logo Sergei Lavrov. Rubio anunciou que as negocia\u00e7\u00f5es avan\u00e7am e pode haver fatos novos em breve. Lavrov foi na mesma linha e Trump avisou das novidades para o in\u00edcio da semana.&nbsp;<\/p>\n\n\n\n<p>Os pr\u00f3ximos dias prometem ao menos bastante movimento. O enviado especial dos EUA para Kiev, Keith Kellogg, j\u00e1 est\u00e1 l\u00e1. Todos esperam novas manifesta\u00e7\u00f5es de Donald Trump. Ele falou de paz, mas seu primeiro gesto foi anunciar a retomada do envio de armas para a Ucr\u00e2nia. Com um detalhe interessante: a Organiza\u00e7\u00e3o do Tratado do Atl\u00e2ntico Norte (Otan) pagar\u00e1 por essas armas. Segundo o presidente da Am\u00e9rica, a Otan vai pagar 100% do que for comprado. Receber\u00e1 o armamento e ir\u00e1 repassando conforme as necessidades da belicosa parceira.&nbsp;<\/p>\n\n\n\n<p>Trump informou que vai usar sua verba pessoal de governo, U$ 1,5 bilh\u00e3o para garantir as compras junto ao Pent\u00e1gono e a ind\u00fastria armamentista americana.&nbsp; Mas quem vai pagar, no final, ser\u00e1 mesmo a Otan, com a nova contribui\u00e7\u00e3o dos membros. H\u00e1 quem j\u00e1 esteja a dizer que n\u00e3o haver\u00e1 pagamentos por parte da Ucr\u00e2nia. Os russos dizem que n\u00e3o, pelo hist\u00f3rico dos envolvidos.&nbsp;<\/p>\n\n\n\n<p>O l\u00edder dos EUA afirma que sim. S\u00e3o gritos de alerta.&nbsp; Nas frentes de batalha o ritmo est\u00e1 um pouco mais acelerado por parte das tropas russas, a conquistar aldeias e vilas, empurrando os soldados da Ucr\u00e2nia de volta para casa. Detalhe para o aumento da capacidade destrutiva dos russos, que triplicaram o n\u00famero de drones em seus ataques e aumentaram a frequ\u00eancia de suas a\u00e7\u00f5es nos arredores de Kiev e outras cidades importantes. O conflito armado pode n\u00e3o terminar agora, mas provocar\u00e1 situa\u00e7\u00f5es novas e diferentes durante o ver\u00e3o que come\u00e7ou.<\/p>\n\n\n\n<p>O CORREIO SABE PORQUE VIU. <\/p>\n\n\n\n<p>Estava l\u00e1. A neve fofa \u00e9 inofensiva. A neve dura, escorregadia faz v\u00edtimas, causa estragos. Enquanto n\u00e3o aprendia a caminhar, arrastando os p\u00e9s, levei v\u00e1rios tombos. Sem maiores consequ\u00eancias. A mais complicada das confus\u00f5es foi com carrinho velho. O sinal fechou, pisei no freio e o danado seguiu deslizando at\u00e9&#8230; bater na traseira do que estava na frente.\u00a0<\/p>\n\n\n\n<p>Frio. Perto de casa. Sugeri ao dono do carro, a quem dei raz\u00e3o, um caf\u00e9 quente em minha casa. Ele se fez de dif\u00edcil, mas a patrulha chegou, achou \u00f3tima ideia. Um russo amigo ajudou e tudo correu bem. Conhaque arm\u00eanio e cigarros Marlboro completaram o acordo. A v\u00edtima quis dinheiro. Os guardas viram o cart\u00e3o de jornalista e a placa do carro, letra K (correspondente). Seguro total cobre. Mais tombos: sa\u00edda do metr\u00f4. Ch\u00e3o mais liso do que ringue de patina\u00e7\u00e3o.&nbsp;<\/p>\n\n\n\n<p>Dei mole. Esbarrei em algu\u00e9m e&#8230; bunda ao ch\u00e3o! Dois russos que vinham atr\u00e1s me recolheram. Me seguraram sentado, pra ter certeza de que estava tudo bem. Mais dois chegaram e me escoltaram at\u00e9 a parada do \u00f4nibus, uns 150 metros dali. Consegui dispens\u00e1-los, mas eles instru\u00edram o motorista.&nbsp;<\/p>\n\n\n\n<p>Viajei duas esta\u00e7\u00f5es e desci na parada. O motorista desceu comigo e outras duas pessoas tamb\u00e9m. Mostrei meu edif\u00edcio e s\u00f3 ent\u00e3o fui liberado. Olharam-me at\u00e9 a porta. Dias depois entendi o hor\u00e1rio do motorista e consegui dar-lhe um agrado: a garrafinha de vodka e um peixe frito. Fiquei conhecido na linha do \u00f4nibus. Como n\u00e3o simpatizar com um povo desses?<\/p>\n\n\n\n<p>*<em>O jornalista foi, por muitos anos, correspondente do\u00a0<\/em><strong><em>Correio Braziliense<\/em><\/strong><em>\u00a0em Moscou<\/em><\/p>\n\n\n\n\n","protected":false},"excerpt":{"rendered":"<p>Todos esperam novas manifesta\u00e7\u00f5es de Donald Trump. Ele falou de paz, mas seu primeiro gesto foi anunciar a retomada do envio de armas para a Ucr\u00e2nia<\/p>\n","protected":false},"author":10,"featured_media":32394,"comment_status":"closed","ping_status":"closed","sticky":false,"template":"","format":"standard","meta":{"_acf_changed":false,"inline_featured_image":false,"footnotes":""},"categories":[1952,1953],"tags":[125,202,128,307,132,134],"class_list":["post-33273","post","type-post","status-publish","format-standard","has-post-thumbnail","hentry","category-artigo","category-opiniao","tag-estados-unidos","tag-europa","tag-guerra","tag-otan","tag-russia","tag-ucrania"],"acf":[],"yoast_head":"<!-- This site is optimized with the Yoast SEO plugin v27.3 - https:\/\/yoast.com\/product\/yoast-seo-wordpress\/ -->\n<title>ARTIGO: Sinais trocados e gritos de alerta - Blog da Rosana Hessel<\/title>\n<meta name=\"description\" content=\"Todos esperam novas manifesta\u00e7\u00f5es de Donald Trump. Ele falou de paz, mas seu primeiro gesto foi anunciar a retomada do envio de armas para a Ucr\u00e2nia\" \/>\n<meta name=\"robots\" content=\"index, follow, max-snippet:-1, max-image-preview:large, max-video-preview:-1\" \/>\n<link rel=\"canonical\" href=\"https:\/\/newblogs.correiobraziliense.com.br\/blog-da-rosana-hessel\/artigo-sinais-trocados-e-gritos-de-alerta\/\" \/>\n<meta property=\"og:locale\" content=\"pt_BR\" \/>\n<meta property=\"og:type\" content=\"article\" \/>\n<meta property=\"og:title\" content=\"ARTIGO: Sinais trocados e gritos de alerta - Blog da Rosana Hessel\" \/>\n<meta property=\"og:description\" content=\"Todos esperam novas manifesta\u00e7\u00f5es de Donald Trump. Ele falou de paz, mas seu primeiro gesto foi anunciar a retomada do envio de armas para a Ucr\u00e2nia\" \/>\n<meta property=\"og:url\" content=\"https:\/\/newblogs.correiobraziliense.com.br\/blog-da-rosana-hessel\/artigo-sinais-trocados-e-gritos-de-alerta\/\" \/>\n<meta property=\"og:site_name\" content=\"Blog da Rosana Hessel\" \/>\n<meta property=\"article:published_time\" content=\"2025-07-13T12:00:00+00:00\" \/>\n<meta property=\"og:image\" content=\"https:\/\/newblogs.correiobraziliense.com.br\/blog-da-rosana-hessel\/wp-content\/uploads\/sites\/5\/2025\/02\/000_36ww2p3-45776669.jpg\" \/>\n\t<meta property=\"og:image:width\" content=\"412\" \/>\n\t<meta property=\"og:image:height\" content=\"283\" \/>\n\t<meta property=\"og:image:type\" content=\"image\/jpeg\" \/>\n<meta name=\"author\" content=\"Rosana Hessel\" \/>\n<!-- \/ Yoast SEO plugin. -->","yoast_head_json":{"title":"ARTIGO: Sinais trocados e gritos de alerta - Blog da Rosana Hessel","description":"Todos esperam novas manifesta\u00e7\u00f5es de Donald Trump. Ele falou de paz, mas seu primeiro gesto foi anunciar a retomada do envio de armas para a Ucr\u00e2nia","robots":{"index":"index","follow":"follow","max-snippet":"max-snippet:-1","max-image-preview":"max-image-preview:large","max-video-preview":"max-video-preview:-1"},"canonical":"https:\/\/newblogs.correiobraziliense.com.br\/blog-da-rosana-hessel\/artigo-sinais-trocados-e-gritos-de-alerta\/","og_locale":"pt_BR","og_type":"article","og_title":"ARTIGO: Sinais trocados e gritos de alerta - Blog da Rosana Hessel","og_description":"Todos esperam novas manifesta\u00e7\u00f5es de Donald Trump. Ele falou de paz, mas seu primeiro gesto foi anunciar a retomada do envio de armas para a Ucr\u00e2nia","og_url":"https:\/\/newblogs.correiobraziliense.com.br\/blog-da-rosana-hessel\/artigo-sinais-trocados-e-gritos-de-alerta\/","og_site_name":"Blog da Rosana Hessel","article_published_time":"2025-07-13T12:00:00+00:00","og_image":[{"width":412,"height":283,"url":"https:\/\/newblogs.correiobraziliense.com.br\/blog-da-rosana-hessel\/wp-content\/uploads\/sites\/5\/2025\/02\/000_36ww2p3-45776669.jpg","type":"image\/jpeg"}],"author":"Rosana Hessel","schema":{"@context":"https:\/\/schema.org","@graph":[{"@type":"Article","@id":"https:\/\/newblogs.correiobraziliense.com.br\/blog-da-rosana-hessel\/artigo-sinais-trocados-e-gritos-de-alerta\/#article","isPartOf":{"@id":"https:\/\/newblogs.correiobraziliense.com.br\/blog-da-rosana-hessel\/artigo-sinais-trocados-e-gritos-de-alerta\/"},"author":{"name":"Rosana Hessel","@id":"https:\/\/newblogs.correiobraziliense.com.br\/blog-da-rosana-hessel\/#\/schema\/person\/824cb3c631cf0d4056f75ca02599a930"},"headline":"ARTIGO: Sinais trocados e gritos de alerta","datePublished":"2025-07-13T12:00:00+00:00","mainEntityOfPage":{"@id":"https:\/\/newblogs.correiobraziliense.com.br\/blog-da-rosana-hessel\/artigo-sinais-trocados-e-gritos-de-alerta\/"},"wordCount":944,"image":{"@id":"https:\/\/newblogs.correiobraziliense.com.br\/blog-da-rosana-hessel\/artigo-sinais-trocados-e-gritos-de-alerta\/#primaryimage"},"thumbnailUrl":"https:\/\/newblogs.correiobraziliense.com.br\/blog-da-rosana-hessel\/wp-content\/uploads\/sites\/5\/2025\/02\/000_36ww2p3-45776669.jpg","keywords":["Estados Unidos","Europa","guerra","Otan","R\u00fassia","Ucr\u00e2nia"],"articleSection":["ARTIGO","OPINI\u00c3O"],"inLanguage":"pt-BR"},{"@type":"WebPage","@id":"https:\/\/newblogs.correiobraziliense.com.br\/blog-da-rosana-hessel\/artigo-sinais-trocados-e-gritos-de-alerta\/","url":"https:\/\/newblogs.correiobraziliense.com.br\/blog-da-rosana-hessel\/artigo-sinais-trocados-e-gritos-de-alerta\/","name":"ARTIGO: Sinais trocados e gritos de alerta - Blog da Rosana Hessel","isPartOf":{"@id":"https:\/\/newblogs.correiobraziliense.com.br\/blog-da-rosana-hessel\/#website"},"primaryImageOfPage":{"@id":"https:\/\/newblogs.correiobraziliense.com.br\/blog-da-rosana-hessel\/artigo-sinais-trocados-e-gritos-de-alerta\/#primaryimage"},"image":{"@id":"https:\/\/newblogs.correiobraziliense.com.br\/blog-da-rosana-hessel\/artigo-sinais-trocados-e-gritos-de-alerta\/#primaryimage"},"thumbnailUrl":"https:\/\/newblogs.correiobraziliense.com.br\/blog-da-rosana-hessel\/wp-content\/uploads\/sites\/5\/2025\/02\/000_36ww2p3-45776669.jpg","datePublished":"2025-07-13T12:00:00+00:00","author":{"@id":"https:\/\/newblogs.correiobraziliense.com.br\/blog-da-rosana-hessel\/#\/schema\/person\/824cb3c631cf0d4056f75ca02599a930"},"description":"Todos esperam novas manifesta\u00e7\u00f5es de Donald Trump. Ele falou de paz, mas seu primeiro gesto foi anunciar a retomada do envio de armas para a Ucr\u00e2nia","breadcrumb":{"@id":"https:\/\/newblogs.correiobraziliense.com.br\/blog-da-rosana-hessel\/artigo-sinais-trocados-e-gritos-de-alerta\/#breadcrumb"},"inLanguage":"pt-BR","potentialAction":[{"@type":"ReadAction","target":["https:\/\/newblogs.correiobraziliense.com.br\/blog-da-rosana-hessel\/artigo-sinais-trocados-e-gritos-de-alerta\/"]}]},{"@type":"ImageObject","inLanguage":"pt-BR","@id":"https:\/\/newblogs.correiobraziliense.com.br\/blog-da-rosana-hessel\/artigo-sinais-trocados-e-gritos-de-alerta\/#primaryimage","url":"https:\/\/newblogs.correiobraziliense.com.br\/blog-da-rosana-hessel\/wp-content\/uploads\/sites\/5\/2025\/02\/000_36ww2p3-45776669.jpg","contentUrl":"https:\/\/newblogs.correiobraziliense.com.br\/blog-da-rosana-hessel\/wp-content\/uploads\/sites\/5\/2025\/02\/000_36ww2p3-45776669.jpg","width":412,"height":283,"caption":"Donald Trump Cr\u00e9dito:Mandel NGAN \/ AFP"},{"@type":"BreadcrumbList","@id":"https:\/\/newblogs.correiobraziliense.com.br\/blog-da-rosana-hessel\/artigo-sinais-trocados-e-gritos-de-alerta\/#breadcrumb","itemListElement":[{"@type":"ListItem","position":1,"name":"In\u00edcio","item":"https:\/\/newblogs.correiobraziliense.com.br\/blog-da-rosana-hessel\/"},{"@type":"ListItem","position":2,"name":"ARTIGO: Sinais trocados e gritos de alerta"}]},{"@type":"WebSite","@id":"https:\/\/newblogs.correiobraziliense.com.br\/blog-da-rosana-hessel\/#website","url":"https:\/\/newblogs.correiobraziliense.com.br\/blog-da-rosana-hessel\/","name":"Blog da Rosana Hessel","description":"Not\u00edcias atualizadas e an\u00e1lises sobre economia. Acompanhe-nos para entender as tend\u00eancias e os impactos econ\u00f4micos que influenciam o seu dia a dia, tanto no Brasil quanto no exterior.","potentialAction":[{"@type":"SearchAction","target":{"@type":"EntryPoint","urlTemplate":"https:\/\/newblogs.correiobraziliense.com.br\/blog-da-rosana-hessel\/?s={search_term_string}"},"query-input":{"@type":"PropertyValueSpecification","valueRequired":true,"valueName":"search_term_string"}}],"inLanguage":"pt-BR"},{"@type":"Person","@id":"https:\/\/newblogs.correiobraziliense.com.br\/blog-da-rosana-hessel\/#\/schema\/person\/824cb3c631cf0d4056f75ca02599a930","name":"Rosana Hessel","image":{"@type":"ImageObject","inLanguage":"pt-BR","@id":"https:\/\/secure.gravatar.com\/avatar\/fe780cf1839cf10cd6d682fb080611e0d2a459b64be8a8781778109777fbcfd3?s=96&d=mm&r=g","url":"https:\/\/secure.gravatar.com\/avatar\/fe780cf1839cf10cd6d682fb080611e0d2a459b64be8a8781778109777fbcfd3?s=96&d=mm&r=g","contentUrl":"https:\/\/secure.gravatar.com\/avatar\/fe780cf1839cf10cd6d682fb080611e0d2a459b64be8a8781778109777fbcfd3?s=96&d=mm&r=g","caption":"Rosana Hessel"},"description":"Formada pela Pontif\u00edcia Universidade Cat\u00f3lica de S\u00e3o Paulo (PUC-SP), \u00e9 jornalista de economia desde 1995, quando passou a integrar o time da Gazeta Mercantil. Est\u00e1 sempre atr\u00e1s da boa informa\u00e7\u00e3o. Possui especializa\u00e7\u00e3o em economia pela FGV e MBA em Finan\u00e7as pela FIA-USP. Trabalha no Correio Braziliense desde 2010. Ganhou o Pr\u00eamio Esso de Jornalismo Econ\u00f4mico em 2014 e em 2015 com a equipe do Correio. Foi finalista entre os 50 jornalistas +Admirados da Imprensa de Economia, Neg\u00f3cios e Finan\u00e7as 2024, promovido pela Jornalistas&amp;Cia.","url":"https:\/\/newblogs.correiobraziliense.com.br\/blog-da-rosana-hessel\/author\/rosanahessel\/"}]}},"_links":{"self":[{"href":"https:\/\/newblogs.correiobraziliense.com.br\/blog-da-rosana-hessel\/wp-json\/wp\/v2\/posts\/33273","targetHints":{"allow":["GET"]}}],"collection":[{"href":"https:\/\/newblogs.correiobraziliense.com.br\/blog-da-rosana-hessel\/wp-json\/wp\/v2\/posts"}],"about":[{"href":"https:\/\/newblogs.correiobraziliense.com.br\/blog-da-rosana-hessel\/wp-json\/wp\/v2\/types\/post"}],"author":[{"embeddable":true,"href":"https:\/\/newblogs.correiobraziliense.com.br\/blog-da-rosana-hessel\/wp-json\/wp\/v2\/users\/10"}],"replies":[{"embeddable":true,"href":"https:\/\/newblogs.correiobraziliense.com.br\/blog-da-rosana-hessel\/wp-json\/wp\/v2\/comments?post=33273"}],"version-history":[{"count":4,"href":"https:\/\/newblogs.correiobraziliense.com.br\/blog-da-rosana-hessel\/wp-json\/wp\/v2\/posts\/33273\/revisions"}],"predecessor-version":[{"id":33277,"href":"https:\/\/newblogs.correiobraziliense.com.br\/blog-da-rosana-hessel\/wp-json\/wp\/v2\/posts\/33273\/revisions\/33277"}],"wp:featuredmedia":[{"embeddable":true,"href":"https:\/\/newblogs.correiobraziliense.com.br\/blog-da-rosana-hessel\/wp-json\/wp\/v2\/media\/32394"}],"wp:attachment":[{"href":"https:\/\/newblogs.correiobraziliense.com.br\/blog-da-rosana-hessel\/wp-json\/wp\/v2\/media?parent=33273"}],"wp:term":[{"taxonomy":"category","embeddable":true,"href":"https:\/\/newblogs.correiobraziliense.com.br\/blog-da-rosana-hessel\/wp-json\/wp\/v2\/categories?post=33273"},{"taxonomy":"post_tag","embeddable":true,"href":"https:\/\/newblogs.correiobraziliense.com.br\/blog-da-rosana-hessel\/wp-json\/wp\/v2\/tags?post=33273"}],"curies":[{"name":"wp","href":"https:\/\/api.w.org\/{rel}","templated":true}]}}