{"id":33266,"date":"2025-07-06T09:00:00","date_gmt":"2025-07-06T12:00:00","guid":{"rendered":"https:\/\/newblogs.correiobraziliense.com.br\/blog-da-rosana-hessel\/?p=33266"},"modified":"2025-07-05T18:35:35","modified_gmt":"2025-07-05T21:35:35","slug":"artigo-o-futuro-pode-ser-um-campo-minado","status":"publish","type":"post","link":"https:\/\/newblogs.correiobraziliense.com.br\/blog-da-rosana-hessel\/artigo-o-futuro-pode-ser-um-campo-minado\/","title":{"rendered":"ARTIGO: O futuro pode ser um campo minado"},"content":{"rendered":"\n<p>Por Luiz Recena Grassi*<\/p>\n\n\n\n<p>O Pent\u00e1gono chamou seu contador e depois avisou o presidente dos Estados Unidos, Donald Trump: h\u00e1 estoques de armas, muni\u00e7\u00f5es, m\u00edsseis, equipamento de defesa em n\u00edveis perigosamente baixos.\u00a0A redu\u00e7\u00e3o, creditada ao ex-presidente Joe Biden e seus guerreiros, levou a uma recomenda\u00e7\u00e3o: suspender o envio de armas para o regime ucraniano continuar sua aventura de guerra. <\/p>\n\n\n\n<p>Acrescente-se \u00e0 situa\u00e7\u00e3o a inadimpl\u00eancia da Ucr\u00e2nia diante das contas j\u00e1 feitas de compras de armas durante os pouco mais de tr\u00eas anos de conflito.\u00a0 A situa\u00e7\u00e3o n\u00e3o \u00e9 boa e o preju\u00edzo s\u00f3 aumentou nos \u00faltimos meses. A informa\u00e7\u00e3o mais recente ainda \u00e9 do in\u00edcio deste ano. Sem apoio dos banqueiros ucranianos, restou aceitar condi\u00e7\u00f5es duras dos bancos europeus.\u00a0<\/p>\n\n\n\n<p>A d\u00edvida de curto prazo estava a rondar os US$ 30 bilh\u00f5es. Essa informa\u00e7\u00e3o, na \u00e9poca, foi referendada por fontes inglesas e suecas. De l\u00e1 para c\u00e1, n\u00e3o houve nenhuma not\u00edcia, apenas boatos e especula\u00e7\u00f5es, todos ruins para os interesses de Kiev.\u00a0<\/p>\n\n\n\n<p>Bem aconselhado, Trump suspendeu, de forma tempor\u00e1ria, o envio de armas e de todo o pacote que os Estados Unidos vinham mantendo para ajudar os ucranianos na pr\u00f3pria defesa. N\u00e3o fixou prazos para voltar a dar suporte armado para a Ucr\u00e2nia. No m\u00e1ximo, acelerou seus acordos sobre explora\u00e7\u00e3o de terras raras.&nbsp;<\/p>\n\n\n\n<p>O presidente da Ucr\u00e2nia, Volodymyr Zelensky, registrou o golpe. Chorou, resmungou e correu para os aliados europeus, pedindo mais prote\u00e7\u00e3o. Com grandes dificuldades econ\u00f4mico-financeiras, al\u00e9m de v\u00e1rias crises pol\u00edticas dom\u00e9sticas, os europeus fizeram cara de paisagem.&nbsp;<\/p>\n\n\n\n<p>Repetiram discursos de apoio pol\u00edtico, n\u00e3o desembolsaram nada al\u00e9m de promessas. Igual a momentos anteriores. \u00c9 poss\u00edvel que Alemanha e Inglaterra mandem algumas armas de defesa, mas nada em volume capaz de tornar mais forte a situa\u00e7\u00e3o atual do ex\u00e9rcito de Kiev.&nbsp;<\/p>\n\n\n\n<p>A Organiza\u00e7\u00e3o do Tratado do Atl\u00e2ntico Norte (Otan) anunciou que a Alemanha vai gastar 25 bilh\u00f5es de euros em armas e equipamentos. Mas n\u00e3o \u00e9 para a Ucr\u00e2nia. \u00c9 para fortalecer os estoques da Otan.&nbsp;<\/p>\n\n\n\n<p>Trump e o presidente russo, Vladimir Putin, voltaram a falar pelo telefone no meio da semana. Mais de hora. Ap\u00f3s a conversa, a R\u00fassia fez mais um ataque maci\u00e7o contra os arredores de Kiev e outras regi\u00f5es.&nbsp;<\/p>\n\n\n\n<p>Os ucranianos apanham mas n\u00e3o se entregam. E continuam suas a\u00e7\u00f5es pontuais, quase guerrilha. Mataram um general russo e atacaram arredores de Moscou. A m\u00eddia amiga aplaudiu o feito.&nbsp;<\/p>\n\n\n\n<p>Na mesma ocasi\u00e3o, um celebrado \u201cher\u00f3i patriota\u201d brasileiro perdeu uma perna ao pisar a mina da Ucr\u00e2nia que ele estava a defender. Voltou para sua condi\u00e7\u00e3o original de mercen\u00e1rio e n\u00e3o se falou mais nisso.&nbsp;<\/p>\n\n\n\n<p>O fato ocorre no momento em que Pol\u00f4nia, Ucr\u00e2nia, as b\u00e1lticas Est\u00f4nia, Let\u00f4nia e Litu\u00e2nia, e ainda a Finl\u00e2ndia, manifestaram formalmente suas inten\u00e7\u00f5es de abandonar o Tratado de Otawa, aquele que justamente pro\u00edbe o uso de minas terrestres antipessoal, principalmente em situa\u00e7\u00f5es de guerra. Juntos eles querem fazer um corredor de defesa de suas fronteiras com a R\u00fassia. Seriam 1.200 km de terrenos minados.&nbsp;<\/p>\n\n\n\n<p>Na mesma semana, uma importante reuni\u00e3o ocorrida em Bruxelas chamou a aten\u00e7\u00e3o: o ministro das rela\u00e7\u00f5es exteriores da China, Wang Yi, disse claramente a Kaja Kallas, sua hom\u00f3loga da Uni\u00e3o Europeia, que a pot\u00eancia asi\u00e1tica n\u00e3o vai permitir uma derrota da R\u00fassia no atual conflito.&nbsp;<\/p>\n\n\n\n<p>Isso seria, na vis\u00e3o chinesa, fortalecer os Estados Unidos e trazer ainda mais dificuldades para os chineses no relacionamento deles com o mundo. Na mesma reuni\u00e3o, Wang Yi voltou a negar que a China esteja apoiando, na pr\u00e1tica, as for\u00e7as de defesa da R\u00fassia, com o envio de armas, por exemplo. De perfil bom no conflito apenas mais um gesto: houve novas trocas de prisioneiros entre R\u00fassia e Ucr\u00e2nia.&nbsp;&nbsp;<\/p>\n\n\n\n<p>O CORREIO SABE PORQUE VIU.&nbsp;<\/p>\n\n\n\n<p>Estava l\u00e1.Erasmo Dias, coronel da Pol\u00edcia Militar (PM) paulista e secret\u00e1rio de Seguran\u00e7a estadual, chegou a deputado federal e levou para Bras\u00edlia toda sua trucul\u00eancia. Durou pouco nesse papel. A C\u00e2mara absorve at\u00e9 os mais radicais e quem for sens\u00edvel tira proveito. Isso aconteceu com Erasmo, protagonista de boas hist\u00f3rias.&nbsp;<\/p>\n\n\n\n<p>Entre elas, uma viagem de representa\u00e7\u00e3o oficial \u00e0 extinta Uni\u00e3o Sovi\u00e9tica, para acompanhar as ex\u00e9quias de um l\u00edder do pa\u00eds. Voltou encantado. Elogios ao regime, ao governo e a Moscou. Cidade limpa repetia.&nbsp;<\/p>\n\n\n\n<p>O que mais gostava era de elogiar o sistema de passaporte interno para os moradores. Sem isso, n\u00e3o se podia morar em Moscou. Ou mudar para a capital quando se quisesse. Pensou em adotar o modelo em S\u00e3o Paulo. N\u00e3o conseguiu convencer ningu\u00e9m.&nbsp;<\/p>\n\n\n\n<p>Conheci um estrangeiro que morou mais de dois anos assim, marginal e sem documentos. Sempre fugindo, se escondendo. Disse-me que n\u00e3o foi boa a experi\u00eancia. Aos estrangeiros n\u00e3o se exigia mais esses procedimentos. De todo modo, t\u00ednhamos que informar sobre qualquer viagem, mesmo a passeio no interior do pa\u00eds. N\u00e3o arrancava peda\u00e7os. S\u00f3 era desagrad\u00e1vel.<\/p>\n\n\n\n<p>*<em>O jornalista foi, por muitos anos, correspondente do\u00a0<\/em><strong><em>Correio Braziliense<\/em><\/strong><em>\u00a0em Moscou<\/em><\/p>\n","protected":false},"excerpt":{"rendered":"<p>Trump suspendeu, de forma tempor\u00e1ria, o envio de armas e de todo o pacote que os Estados Unidos vinham mantendo para ajudar os ucranianos na pr\u00f3pria defesa<\/p>\n","protected":false},"author":10,"featured_media":32416,"comment_status":"closed","ping_status":"closed","sticky":false,"template":"","format":"standard","meta":{"_acf_changed":false,"inline_featured_image":false,"footnotes":""},"categories":[1952,1953],"tags":[122,1961,128,307,130,132,622,134],"class_list":["post-33266","post","type-post","status-publish","format-standard","has-post-thumbnail","hentry","category-artigo","category-opiniao","tag-armas","tag-eua","tag-guerra","tag-otan","tag-putin","tag-russia","tag-trump","tag-ucrania"],"acf":[],"yoast_head":"<!-- This site is optimized with the Yoast SEO plugin v27.3 - https:\/\/yoast.com\/product\/yoast-seo-wordpress\/ -->\n<title>ARTIGO: O futuro pode ser um campo minado - Blog da Rosana Hessel<\/title>\n<meta name=\"description\" content=\"Trump suspendeu, de forma tempor\u00e1ria, o envio de armas e de todo o pacote que os Estados Unidos vinham mantendo para ajudar os ucranianos na pr\u00f3pria defesa\" \/>\n<meta name=\"robots\" content=\"index, follow, max-snippet:-1, max-image-preview:large, max-video-preview:-1\" \/>\n<link rel=\"canonical\" href=\"https:\/\/newblogs.correiobraziliense.com.br\/blog-da-rosana-hessel\/artigo-o-futuro-pode-ser-um-campo-minado\/\" \/>\n<meta property=\"og:locale\" content=\"pt_BR\" \/>\n<meta property=\"og:type\" content=\"article\" \/>\n<meta property=\"og:title\" content=\"ARTIGO: O futuro pode ser um campo minado - Blog da Rosana Hessel\" \/>\n<meta property=\"og:description\" content=\"Trump suspendeu, de forma tempor\u00e1ria, o envio de armas e de todo o pacote que os Estados Unidos vinham mantendo para ajudar os ucranianos na pr\u00f3pria defesa\" \/>\n<meta property=\"og:url\" content=\"https:\/\/newblogs.correiobraziliense.com.br\/blog-da-rosana-hessel\/artigo-o-futuro-pode-ser-um-campo-minado\/\" \/>\n<meta property=\"og:site_name\" content=\"Blog da Rosana Hessel\" \/>\n<meta property=\"article:published_time\" content=\"2025-07-06T12:00:00+00:00\" \/>\n<meta property=\"og:image\" content=\"https:\/\/newblogs.correiobraziliense.com.br\/blog-da-rosana-hessel\/wp-content\/uploads\/sites\/5\/2025\/03\/1_063_2202527592-47381216.jpg\" \/>\n\t<meta property=\"og:image:width\" content=\"675\" \/>\n\t<meta property=\"og:image:height\" content=\"449\" \/>\n\t<meta property=\"og:image:type\" content=\"image\/jpeg\" \/>\n<meta name=\"author\" content=\"Rosana Hessel\" \/>\n<!-- \/ Yoast SEO plugin. -->","yoast_head_json":{"title":"ARTIGO: O futuro pode ser um campo minado - Blog da Rosana Hessel","description":"Trump suspendeu, de forma tempor\u00e1ria, o envio de armas e de todo o pacote que os Estados Unidos vinham mantendo para ajudar os ucranianos na pr\u00f3pria defesa","robots":{"index":"index","follow":"follow","max-snippet":"max-snippet:-1","max-image-preview":"max-image-preview:large","max-video-preview":"max-video-preview:-1"},"canonical":"https:\/\/newblogs.correiobraziliense.com.br\/blog-da-rosana-hessel\/artigo-o-futuro-pode-ser-um-campo-minado\/","og_locale":"pt_BR","og_type":"article","og_title":"ARTIGO: O futuro pode ser um campo minado - Blog da Rosana Hessel","og_description":"Trump suspendeu, de forma tempor\u00e1ria, o envio de armas e de todo o pacote que os Estados Unidos vinham mantendo para ajudar os ucranianos na pr\u00f3pria defesa","og_url":"https:\/\/newblogs.correiobraziliense.com.br\/blog-da-rosana-hessel\/artigo-o-futuro-pode-ser-um-campo-minado\/","og_site_name":"Blog da Rosana Hessel","article_published_time":"2025-07-06T12:00:00+00:00","og_image":[{"width":675,"height":449,"url":"https:\/\/newblogs.correiobraziliense.com.br\/blog-da-rosana-hessel\/wp-content\/uploads\/sites\/5\/2025\/03\/1_063_2202527592-47381216.jpg","type":"image\/jpeg"}],"author":"Rosana Hessel","schema":{"@context":"https:\/\/schema.org","@graph":[{"@type":"Article","@id":"https:\/\/newblogs.correiobraziliense.com.br\/blog-da-rosana-hessel\/artigo-o-futuro-pode-ser-um-campo-minado\/#article","isPartOf":{"@id":"https:\/\/newblogs.correiobraziliense.com.br\/blog-da-rosana-hessel\/artigo-o-futuro-pode-ser-um-campo-minado\/"},"author":{"name":"Rosana Hessel","@id":"https:\/\/newblogs.correiobraziliense.com.br\/blog-da-rosana-hessel\/#\/schema\/person\/824cb3c631cf0d4056f75ca02599a930"},"headline":"ARTIGO: O futuro pode ser um campo minado","datePublished":"2025-07-06T12:00:00+00:00","mainEntityOfPage":{"@id":"https:\/\/newblogs.correiobraziliense.com.br\/blog-da-rosana-hessel\/artigo-o-futuro-pode-ser-um-campo-minado\/"},"wordCount":929,"image":{"@id":"https:\/\/newblogs.correiobraziliense.com.br\/blog-da-rosana-hessel\/artigo-o-futuro-pode-ser-um-campo-minado\/#primaryimage"},"thumbnailUrl":"https:\/\/newblogs.correiobraziliense.com.br\/blog-da-rosana-hessel\/wp-content\/uploads\/sites\/5\/2025\/03\/1_063_2202527592-47381216.jpg","keywords":["armas","EUA","guerra","Otan","Putin","R\u00fassia","Trump","Ucr\u00e2nia"],"articleSection":["ARTIGO","OPINI\u00c3O"],"inLanguage":"pt-BR"},{"@type":"WebPage","@id":"https:\/\/newblogs.correiobraziliense.com.br\/blog-da-rosana-hessel\/artigo-o-futuro-pode-ser-um-campo-minado\/","url":"https:\/\/newblogs.correiobraziliense.com.br\/blog-da-rosana-hessel\/artigo-o-futuro-pode-ser-um-campo-minado\/","name":"ARTIGO: O futuro pode ser um campo minado - Blog da Rosana Hessel","isPartOf":{"@id":"https:\/\/newblogs.correiobraziliense.com.br\/blog-da-rosana-hessel\/#website"},"primaryImageOfPage":{"@id":"https:\/\/newblogs.correiobraziliense.com.br\/blog-da-rosana-hessel\/artigo-o-futuro-pode-ser-um-campo-minado\/#primaryimage"},"image":{"@id":"https:\/\/newblogs.correiobraziliense.com.br\/blog-da-rosana-hessel\/artigo-o-futuro-pode-ser-um-campo-minado\/#primaryimage"},"thumbnailUrl":"https:\/\/newblogs.correiobraziliense.com.br\/blog-da-rosana-hessel\/wp-content\/uploads\/sites\/5\/2025\/03\/1_063_2202527592-47381216.jpg","datePublished":"2025-07-06T12:00:00+00:00","author":{"@id":"https:\/\/newblogs.correiobraziliense.com.br\/blog-da-rosana-hessel\/#\/schema\/person\/824cb3c631cf0d4056f75ca02599a930"},"description":"Trump suspendeu, de forma tempor\u00e1ria, o envio de armas e de todo o pacote que os Estados Unidos vinham mantendo para ajudar os ucranianos na pr\u00f3pria defesa","breadcrumb":{"@id":"https:\/\/newblogs.correiobraziliense.com.br\/blog-da-rosana-hessel\/artigo-o-futuro-pode-ser-um-campo-minado\/#breadcrumb"},"inLanguage":"pt-BR","potentialAction":[{"@type":"ReadAction","target":["https:\/\/newblogs.correiobraziliense.com.br\/blog-da-rosana-hessel\/artigo-o-futuro-pode-ser-um-campo-minado\/"]}]},{"@type":"ImageObject","inLanguage":"pt-BR","@id":"https:\/\/newblogs.correiobraziliense.com.br\/blog-da-rosana-hessel\/artigo-o-futuro-pode-ser-um-campo-minado\/#primaryimage","url":"https:\/\/newblogs.correiobraziliense.com.br\/blog-da-rosana-hessel\/wp-content\/uploads\/sites\/5\/2025\/03\/1_063_2202527592-47381216.jpg","contentUrl":"https:\/\/newblogs.correiobraziliense.com.br\/blog-da-rosana-hessel\/wp-content\/uploads\/sites\/5\/2025\/03\/1_063_2202527592-47381216.jpg","width":675,"height":449,"caption":"O encontro entre os dois l\u00edderes em Washington terminou com Trump repreendendo Zelensky e o acusando de n\u00e3o ser grato o suficiente pela ajuda fornecida pelos Estados Unidos para conter a invas\u00e3o russa iniciada em fevereiro de 2022 - (cr\u00e9dito: Getty Images via AFP)"},{"@type":"BreadcrumbList","@id":"https:\/\/newblogs.correiobraziliense.com.br\/blog-da-rosana-hessel\/artigo-o-futuro-pode-ser-um-campo-minado\/#breadcrumb","itemListElement":[{"@type":"ListItem","position":1,"name":"In\u00edcio","item":"https:\/\/newblogs.correiobraziliense.com.br\/blog-da-rosana-hessel\/"},{"@type":"ListItem","position":2,"name":"ARTIGO: O futuro pode ser um campo minado"}]},{"@type":"WebSite","@id":"https:\/\/newblogs.correiobraziliense.com.br\/blog-da-rosana-hessel\/#website","url":"https:\/\/newblogs.correiobraziliense.com.br\/blog-da-rosana-hessel\/","name":"Blog da Rosana Hessel","description":"Not\u00edcias atualizadas e an\u00e1lises sobre economia. Acompanhe-nos para entender as tend\u00eancias e os impactos econ\u00f4micos que influenciam o seu dia a dia, tanto no Brasil quanto no exterior.","potentialAction":[{"@type":"SearchAction","target":{"@type":"EntryPoint","urlTemplate":"https:\/\/newblogs.correiobraziliense.com.br\/blog-da-rosana-hessel\/?s={search_term_string}"},"query-input":{"@type":"PropertyValueSpecification","valueRequired":true,"valueName":"search_term_string"}}],"inLanguage":"pt-BR"},{"@type":"Person","@id":"https:\/\/newblogs.correiobraziliense.com.br\/blog-da-rosana-hessel\/#\/schema\/person\/824cb3c631cf0d4056f75ca02599a930","name":"Rosana Hessel","image":{"@type":"ImageObject","inLanguage":"pt-BR","@id":"https:\/\/secure.gravatar.com\/avatar\/fe780cf1839cf10cd6d682fb080611e0d2a459b64be8a8781778109777fbcfd3?s=96&d=mm&r=g","url":"https:\/\/secure.gravatar.com\/avatar\/fe780cf1839cf10cd6d682fb080611e0d2a459b64be8a8781778109777fbcfd3?s=96&d=mm&r=g","contentUrl":"https:\/\/secure.gravatar.com\/avatar\/fe780cf1839cf10cd6d682fb080611e0d2a459b64be8a8781778109777fbcfd3?s=96&d=mm&r=g","caption":"Rosana Hessel"},"description":"Formada pela Pontif\u00edcia Universidade Cat\u00f3lica de S\u00e3o Paulo (PUC-SP), \u00e9 jornalista de economia desde 1995, quando passou a integrar o time da Gazeta Mercantil. Est\u00e1 sempre atr\u00e1s da boa informa\u00e7\u00e3o. Possui especializa\u00e7\u00e3o em economia pela FGV e MBA em Finan\u00e7as pela FIA-USP. Trabalha no Correio Braziliense desde 2010. Ganhou o Pr\u00eamio Esso de Jornalismo Econ\u00f4mico em 2014 e em 2015 com a equipe do Correio. Foi finalista entre os 50 jornalistas +Admirados da Imprensa de Economia, Neg\u00f3cios e Finan\u00e7as 2024, promovido pela Jornalistas&amp;Cia.","url":"https:\/\/newblogs.correiobraziliense.com.br\/blog-da-rosana-hessel\/author\/rosanahessel\/"}]}},"_links":{"self":[{"href":"https:\/\/newblogs.correiobraziliense.com.br\/blog-da-rosana-hessel\/wp-json\/wp\/v2\/posts\/33266","targetHints":{"allow":["GET"]}}],"collection":[{"href":"https:\/\/newblogs.correiobraziliense.com.br\/blog-da-rosana-hessel\/wp-json\/wp\/v2\/posts"}],"about":[{"href":"https:\/\/newblogs.correiobraziliense.com.br\/blog-da-rosana-hessel\/wp-json\/wp\/v2\/types\/post"}],"author":[{"embeddable":true,"href":"https:\/\/newblogs.correiobraziliense.com.br\/blog-da-rosana-hessel\/wp-json\/wp\/v2\/users\/10"}],"replies":[{"embeddable":true,"href":"https:\/\/newblogs.correiobraziliense.com.br\/blog-da-rosana-hessel\/wp-json\/wp\/v2\/comments?post=33266"}],"version-history":[{"count":1,"href":"https:\/\/newblogs.correiobraziliense.com.br\/blog-da-rosana-hessel\/wp-json\/wp\/v2\/posts\/33266\/revisions"}],"predecessor-version":[{"id":33267,"href":"https:\/\/newblogs.correiobraziliense.com.br\/blog-da-rosana-hessel\/wp-json\/wp\/v2\/posts\/33266\/revisions\/33267"}],"wp:featuredmedia":[{"embeddable":true,"href":"https:\/\/newblogs.correiobraziliense.com.br\/blog-da-rosana-hessel\/wp-json\/wp\/v2\/media\/32416"}],"wp:attachment":[{"href":"https:\/\/newblogs.correiobraziliense.com.br\/blog-da-rosana-hessel\/wp-json\/wp\/v2\/media?parent=33266"}],"wp:term":[{"taxonomy":"category","embeddable":true,"href":"https:\/\/newblogs.correiobraziliense.com.br\/blog-da-rosana-hessel\/wp-json\/wp\/v2\/categories?post=33266"},{"taxonomy":"post_tag","embeddable":true,"href":"https:\/\/newblogs.correiobraziliense.com.br\/blog-da-rosana-hessel\/wp-json\/wp\/v2\/tags?post=33266"}],"curies":[{"name":"wp","href":"https:\/\/api.w.org\/{rel}","templated":true}]}}