{"id":33211,"date":"2025-06-29T09:00:00","date_gmt":"2025-06-29T12:00:00","guid":{"rendered":"https:\/\/newblogs.correiobraziliense.com.br\/blog-da-rosana-hessel\/?p=33211"},"modified":"2025-11-24T22:52:30","modified_gmt":"2025-11-25T01:52:30","slug":"artigo-noites-brancas-trens-e-conflitos","status":"publish","type":"post","link":"https:\/\/newblogs.correiobraziliense.com.br\/blog-da-rosana-hessel\/artigo-noites-brancas-trens-e-conflitos\/","title":{"rendered":"ARTIGO: Noites brancas, trens e conflitos\u00a0"},"content":{"rendered":"\n<p><em>Por Luiz Recena Grassi*<\/em><\/p>\n\n\n\n<p>Os yankees venceram e o belicoso holand\u00eas Mark Rutte garantiu o emprego por mais algum tempo. A Organiza\u00e7\u00e3o do Tratado do Atl\u00e2ntico Norte (Otan) teve sua mais importante reuni\u00e3o desde que foi criada, no in\u00edcio da guerra fria. Logo ap\u00f3s ter acabado a Segunda Guerra Mundial, quando o mundo se dividiu em duas \u00e1reas de influ\u00eancia dos dois vencedores, de fato, do conflito armado: Estados Unidos e Uni\u00e3o Sovi\u00e9tica.\u00a0<\/p>\n\n\n\n<p>Era para ser desativada com o fim da URSS, coisa que n\u00e3o aconteceu, porque o governo norte-americano passou a perna no governo russo. Com um estridente apoio de v\u00e1rios pa\u00edses da Europa, n\u00e3o s\u00f3 manteve a alian\u00e7a como consolidou sua imensa estrutura burocr\u00e1tica e derramou verbas pesadas em forma de armamento.&nbsp;<\/p>\n\n\n\n<p>Com o passar do tempo a estrutura burocr\u00e1tica e militar produziu pouco e as armas foram ficando fora de moda, obsoletas. Momento de decis\u00e3o: modernizar o equipamento b\u00e9lico. Aplausos. Ent\u00e3o o rato perguntou: quem pede dinheiro novo ao gato? A reuni\u00e3o acabou sem novo aporte felino. S\u00f3 um conselho: aumente-se a contribui\u00e7\u00e3o dos roedores. Um aumento de 2%&nbsp; para 5% do Produto Interno Bruto (PIB) de cada pa\u00eds a ser aplicado na Defesa regional europeia.&nbsp;<\/p>\n\n\n\n<p>E come\u00e7aram as negocia\u00e7\u00f5es internas. O puxa-estica dos prazos e percentuais foi cruel e tumultuado. Os pobres e m\u00e9dios recusaram os 5%. Os melhores de vida prometeram apoio. H\u00e1 muitas diferen\u00e7as sob a aparente unidade. Faltava combinar o prazo. Veio a solu\u00e7\u00e3o em forma de 10 anos e dividiu-se a contribui\u00e7\u00e3o: 3,5% para armas e equipamentos e 1,5% para projetos especiais. Aplausos novos.&nbsp;<\/p>\n\n\n\n<p>E do alto do bolo saiu um Donald Trump feliz, imp\u00e1vido, colossal para si pr\u00f3prio e para o menino Mark, a pular de alegria por ter agradado em cheio o padrinho americano. Para completar, um conselho do yankee poderoso: n\u00e3o esque\u00e7am de gastar as novas verbas com encomendas para a ind\u00fastria americana, que \u00e9 melhor e est\u00e1 em pleno funcionamento. Um final feliz como um jantar na casa real. Uma \u00fanica sombra destoou, falando espanhol.&nbsp;<\/p>\n\n\n\n<p>Pedro Sanchez avisou que mais de 2,1% a Espanha n\u00e3o pagar\u00e1. Falou alto e ficou s\u00f3, mas h\u00e1 um bom n\u00famero de silenciosos que n\u00e3o garantem o sucesso total do novo e hist\u00f3rico acordo. Na R\u00fassia, o governo comentou o tamanho da verba e da propaganda da decis\u00e3o. O dinheiro \u00e9 pouco e o barulho \u00e9 muito, apresentando a R\u00fassia como cada vez mais diab\u00f3lica e infernal.<\/p>\n\n\n\n<p>Agora \u00e9 ver\u00e3o. Ao menos dois meses de aparente calmaria. Na R\u00fassia, as Noites Brancas de S\u00e3o Petersburgo encantar\u00e3o novamente russos e turistas. S\u00f3 nos Fronts haver\u00e1 ru\u00eddos. A R\u00fassia ataca em v\u00e1rios pontos ao mesmo tempo.&nbsp;<\/p>\n\n\n\n<p>A Ucr\u00e2nia enlouquece com seu cobertor cada vez mais curto, a n\u00e3o dar conta de defender-se com efici\u00eancia em todos os lugares. Falta tudo e falta gente. Os palpiteiros de ocasi\u00e3o plantam: a R\u00fassia prepara grande ofensiva para breve e contar\u00e1 com mais tropas da Cor\u00e9ia do Norte a apoiar seus movimentos. Sul-coreanos e ucranianos espalharam a not\u00edcia. O Kremlin nada diz. Se for verdade a situa\u00e7\u00e3o ficar\u00e1 ainda mais complicada.<\/p>\n\n\n\n<p>O CORREIO SABE PORQUE VIU.&nbsp;<\/p>\n\n\n\n<p>Estava l\u00e1. O ver\u00e3o na R\u00fassia \u00e9 pequeno, mas intenso. Curto se comparado com o nosso. Dois meses, para eles, \u00e9 bom tempo. H\u00e1 situa\u00e7\u00f5es not\u00e1veis: qualquer quiosque de sorvete de creme, sempre de creme, tem filas intermin\u00e1veis. Os de \u00e1gua fresca ou refrigerantes tamb\u00e9m. Nem falar em poucos bares com jardim ou mesas ao ar livre. Imbat\u00edvel eram as Noites Brancas de Leningrado, hoje S\u00e3o Petersburgo. Ali, por obra de um fen\u00f4meno natural, o dia n\u00e3o anoitece. M\u00e1ximo chega a um dourado fr\u00e1gil que sobra do p\u00f4r do Sol. Fica assim uma, duas, talvez tr\u00eas horas e recome\u00e7a a clarear. A meninada aproveitava e fazia grandes festivais de m\u00fasica, rock de prefer\u00eancia.&nbsp;<\/p>\n\n\n\n<p>A viagem de trem Moscou-Peter gastava sete ou oito horas nessa noite-dia. E chegava ao belo destino em hora normal de um amanhecer. O trem tinha cabines de quatro ou dois passageiros. As primeiras para fam\u00edlias ou indiv\u00edduos isolados; as segundas para um passeio mais rom\u00e2ntico, mesmo com beliches separados. Servia-se um ch\u00e1 ao partir e, depois, cabines fechadas n\u00e3o permitiam qualquer perturba\u00e7\u00e3o.&nbsp;<\/p>\n\n\n\n<p>Consta que os amantes aproveitavam o balan\u00e7o do trem para prolongar suas for\u00e7as e esfor\u00e7os. Os russos riam, diziam que era imagina\u00e7\u00e3o de turistas. Fica a d\u00favida para uma pr\u00f3xima. E a lembran\u00e7a de uma viagem louca: embarque de volta \u00e0s 22h, com dia claro. Em movimento \u00e0s 23h, dia cinza fr\u00e1gil. Uma da manh\u00e3 e tudo voltava, renascia. Tr\u00eas horas e o sol estava ali, na janela. Para dormir um pouco s\u00f3 com cortinas. Em Moscou, o trem desembarcava son\u00e2mbulos: s\u00f3 queriam chegar em casa e reencontrar sua cama.<\/p>\n\n\n\n<p>*<em>O jornalista foi, por muitos anos, correspondente do&nbsp;<\/em><strong><em>Correio Braziliense<\/em><\/strong><em>&nbsp;em Moscou<\/em><\/p>\n","protected":false},"excerpt":{"rendered":"<p>Na R\u00fassia, o governo comentou o tamanho da verba e da propaganda da decis\u00e3o. O dinheiro \u00e9 pouco e o barulho \u00e9 muito, apresentando a R\u00fassia como cada vez mais diab\u00f3lica e infernal<\/p>\n","protected":false},"author":10,"featured_media":33214,"comment_status":"closed","ping_status":"closed","sticky":false,"template":"","format":"standard","meta":{"_acf_changed":false,"inline_featured_image":false,"footnotes":""},"categories":[2114,1952,1953],"tags":[113,2010,1961,202,128,2115,1970,307,132,134],"class_list":["post-33211","post","type-post","status-publish","format-standard","has-post-thumbnail","hentry","category-analise","category-artigo","category-opiniao","tag-cupula","tag-donald-trump","tag-eua","tag-europa","tag-guerra","tag-mark-rutte","tag-moscou","tag-otan","tag-russia","tag-ucrania"],"acf":[],"yoast_head":"<!-- This site is optimized with the Yoast SEO plugin v27.3 - https:\/\/yoast.com\/product\/yoast-seo-wordpress\/ -->\n<title>ARTIGO: Noites brancas, trens e conflitos\u00a0 - Blog da Rosana Hessel<\/title>\n<meta name=\"description\" content=\"Na R\u00fassia, o governo comentou o tamanho da verba e da propaganda da decis\u00e3o. O dinheiro \u00e9 pouco e o barulho \u00e9 muito, apresentando a R\u00fassia como cada vez mais diab\u00f3lica e infernal\" \/>\n<meta name=\"robots\" content=\"index, follow, max-snippet:-1, max-image-preview:large, max-video-preview:-1\" \/>\n<link rel=\"canonical\" href=\"https:\/\/newblogs.correiobraziliense.com.br\/blog-da-rosana-hessel\/artigo-noites-brancas-trens-e-conflitos\/\" \/>\n<meta property=\"og:locale\" content=\"pt_BR\" \/>\n<meta property=\"og:type\" content=\"article\" \/>\n<meta property=\"og:title\" content=\"ARTIGO: Noites brancas, trens e conflitos\u00a0 - Blog da Rosana Hessel\" \/>\n<meta property=\"og:description\" content=\"Na R\u00fassia, o governo comentou o tamanho da verba e da propaganda da decis\u00e3o. O dinheiro \u00e9 pouco e o barulho \u00e9 muito, apresentando a R\u00fassia como cada vez mais diab\u00f3lica e infernal\" \/>\n<meta property=\"og:url\" content=\"https:\/\/newblogs.correiobraziliense.com.br\/blog-da-rosana-hessel\/artigo-noites-brancas-trens-e-conflitos\/\" \/>\n<meta property=\"og:site_name\" content=\"Blog da Rosana Hessel\" \/>\n<meta property=\"article:published_time\" content=\"2025-06-29T12:00:00+00:00\" \/>\n<meta property=\"article:modified_time\" content=\"2025-11-25T01:52:30+00:00\" \/>\n<meta property=\"og:image\" content=\"http:\/\/newblogs.correiobraziliense.com.br\/blog-da-rosana-hessel\/wp-content\/uploads\/sites\/5\/2025\/06\/cupulaotan.jpg\" \/>\n\t<meta property=\"og:image:width\" content=\"774\" \/>\n\t<meta property=\"og:image:height\" content=\"440\" \/>\n\t<meta property=\"og:image:type\" content=\"image\/jpeg\" \/>\n<meta name=\"author\" content=\"Rosana Hessel\" \/>\n<!-- \/ Yoast SEO plugin. -->","yoast_head_json":{"title":"ARTIGO: Noites brancas, trens e conflitos\u00a0 - Blog da Rosana Hessel","description":"Na R\u00fassia, o governo comentou o tamanho da verba e da propaganda da decis\u00e3o. O dinheiro \u00e9 pouco e o barulho \u00e9 muito, apresentando a R\u00fassia como cada vez mais diab\u00f3lica e infernal","robots":{"index":"index","follow":"follow","max-snippet":"max-snippet:-1","max-image-preview":"max-image-preview:large","max-video-preview":"max-video-preview:-1"},"canonical":"https:\/\/newblogs.correiobraziliense.com.br\/blog-da-rosana-hessel\/artigo-noites-brancas-trens-e-conflitos\/","og_locale":"pt_BR","og_type":"article","og_title":"ARTIGO: Noites brancas, trens e conflitos\u00a0 - Blog da Rosana Hessel","og_description":"Na R\u00fassia, o governo comentou o tamanho da verba e da propaganda da decis\u00e3o. O dinheiro \u00e9 pouco e o barulho \u00e9 muito, apresentando a R\u00fassia como cada vez mais diab\u00f3lica e infernal","og_url":"https:\/\/newblogs.correiobraziliense.com.br\/blog-da-rosana-hessel\/artigo-noites-brancas-trens-e-conflitos\/","og_site_name":"Blog da Rosana Hessel","article_published_time":"2025-06-29T12:00:00+00:00","article_modified_time":"2025-11-25T01:52:30+00:00","og_image":[{"width":774,"height":440,"url":"http:\/\/newblogs.correiobraziliense.com.br\/blog-da-rosana-hessel\/wp-content\/uploads\/sites\/5\/2025\/06\/cupulaotan.jpg","type":"image\/jpeg"}],"author":"Rosana Hessel","schema":{"@context":"https:\/\/schema.org","@graph":[{"@type":"Article","@id":"https:\/\/newblogs.correiobraziliense.com.br\/blog-da-rosana-hessel\/artigo-noites-brancas-trens-e-conflitos\/#article","isPartOf":{"@id":"https:\/\/newblogs.correiobraziliense.com.br\/blog-da-rosana-hessel\/artigo-noites-brancas-trens-e-conflitos\/"},"author":{"name":"Rosana Hessel","@id":"https:\/\/newblogs.correiobraziliense.com.br\/blog-da-rosana-hessel\/#\/schema\/person\/824cb3c631cf0d4056f75ca02599a930"},"headline":"ARTIGO: Noites brancas, trens e conflitos\u00a0","datePublished":"2025-06-29T12:00:00+00:00","dateModified":"2025-11-25T01:52:30+00:00","mainEntityOfPage":{"@id":"https:\/\/newblogs.correiobraziliense.com.br\/blog-da-rosana-hessel\/artigo-noites-brancas-trens-e-conflitos\/"},"wordCount":887,"image":{"@id":"https:\/\/newblogs.correiobraziliense.com.br\/blog-da-rosana-hessel\/artigo-noites-brancas-trens-e-conflitos\/#primaryimage"},"thumbnailUrl":"https:\/\/newblogs.correiobraziliense.com.br\/blog-da-rosana-hessel\/wp-content\/uploads\/sites\/5\/2025\/06\/cupulaotan.jpg","keywords":["c\u00fapula","Donald Trump","EUA","Europa","guerra","Mark Rutte","Moscou","Otan","R\u00fassia","Ucr\u00e2nia"],"articleSection":["An\u00e1lise","ARTIGO","OPINI\u00c3O"],"inLanguage":"pt-BR"},{"@type":"WebPage","@id":"https:\/\/newblogs.correiobraziliense.com.br\/blog-da-rosana-hessel\/artigo-noites-brancas-trens-e-conflitos\/","url":"https:\/\/newblogs.correiobraziliense.com.br\/blog-da-rosana-hessel\/artigo-noites-brancas-trens-e-conflitos\/","name":"ARTIGO: Noites brancas, trens e conflitos\u00a0 - Blog da Rosana Hessel","isPartOf":{"@id":"https:\/\/newblogs.correiobraziliense.com.br\/blog-da-rosana-hessel\/#website"},"primaryImageOfPage":{"@id":"https:\/\/newblogs.correiobraziliense.com.br\/blog-da-rosana-hessel\/artigo-noites-brancas-trens-e-conflitos\/#primaryimage"},"image":{"@id":"https:\/\/newblogs.correiobraziliense.com.br\/blog-da-rosana-hessel\/artigo-noites-brancas-trens-e-conflitos\/#primaryimage"},"thumbnailUrl":"https:\/\/newblogs.correiobraziliense.com.br\/blog-da-rosana-hessel\/wp-content\/uploads\/sites\/5\/2025\/06\/cupulaotan.jpg","datePublished":"2025-06-29T12:00:00+00:00","dateModified":"2025-11-25T01:52:30+00:00","author":{"@id":"https:\/\/newblogs.correiobraziliense.com.br\/blog-da-rosana-hessel\/#\/schema\/person\/824cb3c631cf0d4056f75ca02599a930"},"description":"Na R\u00fassia, o governo comentou o tamanho da verba e da propaganda da decis\u00e3o. O dinheiro \u00e9 pouco e o barulho \u00e9 muito, apresentando a R\u00fassia como cada vez mais diab\u00f3lica e infernal","breadcrumb":{"@id":"https:\/\/newblogs.correiobraziliense.com.br\/blog-da-rosana-hessel\/artigo-noites-brancas-trens-e-conflitos\/#breadcrumb"},"inLanguage":"pt-BR","potentialAction":[{"@type":"ReadAction","target":["https:\/\/newblogs.correiobraziliense.com.br\/blog-da-rosana-hessel\/artigo-noites-brancas-trens-e-conflitos\/"]}]},{"@type":"ImageObject","inLanguage":"pt-BR","@id":"https:\/\/newblogs.correiobraziliense.com.br\/blog-da-rosana-hessel\/artigo-noites-brancas-trens-e-conflitos\/#primaryimage","url":"https:\/\/newblogs.correiobraziliense.com.br\/blog-da-rosana-hessel\/wp-content\/uploads\/sites\/5\/2025\/06\/cupulaotan.jpg","contentUrl":"https:\/\/newblogs.correiobraziliense.com.br\/blog-da-rosana-hessel\/wp-content\/uploads\/sites\/5\/2025\/06\/cupulaotan.jpg","width":774,"height":440,"caption":"Secret\u00e1rio-geral da Otan, Mark Rutte, e l\u00edderes dos pa\u00edses-membros da organiza\u00e7\u00e3o. Divulga\u00e7\u00e3o\/Otan"},{"@type":"BreadcrumbList","@id":"https:\/\/newblogs.correiobraziliense.com.br\/blog-da-rosana-hessel\/artigo-noites-brancas-trens-e-conflitos\/#breadcrumb","itemListElement":[{"@type":"ListItem","position":1,"name":"In\u00edcio","item":"https:\/\/newblogs.correiobraziliense.com.br\/blog-da-rosana-hessel\/"},{"@type":"ListItem","position":2,"name":"ARTIGO: Noites brancas, trens e conflitos\u00a0"}]},{"@type":"WebSite","@id":"https:\/\/newblogs.correiobraziliense.com.br\/blog-da-rosana-hessel\/#website","url":"https:\/\/newblogs.correiobraziliense.com.br\/blog-da-rosana-hessel\/","name":"Blog da Rosana Hessel","description":"Not\u00edcias atualizadas e an\u00e1lises sobre economia. Acompanhe-nos para entender as tend\u00eancias e os impactos econ\u00f4micos que influenciam o seu dia a dia, tanto no Brasil quanto no exterior.","potentialAction":[{"@type":"SearchAction","target":{"@type":"EntryPoint","urlTemplate":"https:\/\/newblogs.correiobraziliense.com.br\/blog-da-rosana-hessel\/?s={search_term_string}"},"query-input":{"@type":"PropertyValueSpecification","valueRequired":true,"valueName":"search_term_string"}}],"inLanguage":"pt-BR"},{"@type":"Person","@id":"https:\/\/newblogs.correiobraziliense.com.br\/blog-da-rosana-hessel\/#\/schema\/person\/824cb3c631cf0d4056f75ca02599a930","name":"Rosana Hessel","image":{"@type":"ImageObject","inLanguage":"pt-BR","@id":"https:\/\/secure.gravatar.com\/avatar\/fe780cf1839cf10cd6d682fb080611e0d2a459b64be8a8781778109777fbcfd3?s=96&d=mm&r=g","url":"https:\/\/secure.gravatar.com\/avatar\/fe780cf1839cf10cd6d682fb080611e0d2a459b64be8a8781778109777fbcfd3?s=96&d=mm&r=g","contentUrl":"https:\/\/secure.gravatar.com\/avatar\/fe780cf1839cf10cd6d682fb080611e0d2a459b64be8a8781778109777fbcfd3?s=96&d=mm&r=g","caption":"Rosana Hessel"},"description":"Formada pela Pontif\u00edcia Universidade Cat\u00f3lica de S\u00e3o Paulo (PUC-SP), \u00e9 jornalista de economia desde 1995, quando passou a integrar o time da Gazeta Mercantil. Est\u00e1 sempre atr\u00e1s da boa informa\u00e7\u00e3o. Possui especializa\u00e7\u00e3o em economia pela FGV e MBA em Finan\u00e7as pela FIA-USP. Trabalha no Correio Braziliense desde 2010. Ganhou o Pr\u00eamio Esso de Jornalismo Econ\u00f4mico em 2014 e em 2015 com a equipe do Correio. Foi finalista entre os 50 jornalistas +Admirados da Imprensa de Economia, Neg\u00f3cios e Finan\u00e7as 2024, promovido pela Jornalistas&amp;Cia.","url":"https:\/\/newblogs.correiobraziliense.com.br\/blog-da-rosana-hessel\/author\/rosanahessel\/"}]}},"_links":{"self":[{"href":"https:\/\/newblogs.correiobraziliense.com.br\/blog-da-rosana-hessel\/wp-json\/wp\/v2\/posts\/33211","targetHints":{"allow":["GET"]}}],"collection":[{"href":"https:\/\/newblogs.correiobraziliense.com.br\/blog-da-rosana-hessel\/wp-json\/wp\/v2\/posts"}],"about":[{"href":"https:\/\/newblogs.correiobraziliense.com.br\/blog-da-rosana-hessel\/wp-json\/wp\/v2\/types\/post"}],"author":[{"embeddable":true,"href":"https:\/\/newblogs.correiobraziliense.com.br\/blog-da-rosana-hessel\/wp-json\/wp\/v2\/users\/10"}],"replies":[{"embeddable":true,"href":"https:\/\/newblogs.correiobraziliense.com.br\/blog-da-rosana-hessel\/wp-json\/wp\/v2\/comments?post=33211"}],"version-history":[{"count":5,"href":"https:\/\/newblogs.correiobraziliense.com.br\/blog-da-rosana-hessel\/wp-json\/wp\/v2\/posts\/33211\/revisions"}],"predecessor-version":[{"id":33219,"href":"https:\/\/newblogs.correiobraziliense.com.br\/blog-da-rosana-hessel\/wp-json\/wp\/v2\/posts\/33211\/revisions\/33219"}],"wp:featuredmedia":[{"embeddable":true,"href":"https:\/\/newblogs.correiobraziliense.com.br\/blog-da-rosana-hessel\/wp-json\/wp\/v2\/media\/33214"}],"wp:attachment":[{"href":"https:\/\/newblogs.correiobraziliense.com.br\/blog-da-rosana-hessel\/wp-json\/wp\/v2\/media?parent=33211"}],"wp:term":[{"taxonomy":"category","embeddable":true,"href":"https:\/\/newblogs.correiobraziliense.com.br\/blog-da-rosana-hessel\/wp-json\/wp\/v2\/categories?post=33211"},{"taxonomy":"post_tag","embeddable":true,"href":"https:\/\/newblogs.correiobraziliense.com.br\/blog-da-rosana-hessel\/wp-json\/wp\/v2\/tags?post=33211"}],"curies":[{"name":"wp","href":"https:\/\/api.w.org\/{rel}","templated":true}]}}