{"id":32958,"date":"2025-06-04T07:00:00","date_gmt":"2025-06-04T10:00:00","guid":{"rendered":"https:\/\/newblogs.correiobraziliense.com.br\/blog-da-rosana-hessel\/?p=32958"},"modified":"2025-06-04T02:24:54","modified_gmt":"2025-06-04T05:24:54","slug":"genial-quaest-desaprovacao-de-lula-sobe-o-maior-patamar-do-terceiro-mandato","status":"publish","type":"post","link":"https:\/\/newblogs.correiobraziliense.com.br\/blog-da-rosana-hessel\/genial-quaest-desaprovacao-de-lula-sobe-o-maior-patamar-do-terceiro-mandato\/","title":{"rendered":"Genial\/Quaest: Desaprova\u00e7\u00e3o de Lula sobe o maior patamar do terceiro mandato"},"content":{"rendered":"\n<p>Um dia ap\u00f3s chamar a imprensa para uma entrevista coletiva de \u00faltima hora no Pal\u00e1cio do Planalto &#8212; onde tentou destacar resultados positivos de seu governo enquanto enfrenta reveses na pol\u00edtica e na economia e o esc\u00e2ndalo de fraudes no Instituto Nacional do Seguro Social (INSS) &#8211;, o presidente Luiz In\u00e1cio Lula da Silva (PT) amarga a pior avalia\u00e7\u00e3o desde o in\u00edcio do terceiro mandato, conforme dados da terceira rodada de 2025 da Pesquisa Genial\/Quaest, divulgada nesta quarta-feira (4\/6).<\/p>\n\n\n\n<p>De acordo com o levantamento feito pela Quaest em parceria com a Genial Investimentos, a reprova\u00e7\u00e3o do governo do petista chegou a 57%, maior patamar desde janeiro de 2023.&nbsp; A aprova\u00e7\u00e3o, de 40%, por sua vez, atingiu o menor n\u00edvel na mesma base de compara\u00e7\u00e3o e a maioria dos eleitores consideram o atual governo pior do que o anterior.&nbsp;&nbsp;<\/p>\n\n\n\n<p>A pesquisa da Quaest revela que o desempenho do governo est\u00e1 pior do que o esperado para 45% dos entrevistados. E, para 56% deles, o atual&nbsp; mandato est\u00e1 pior do que os anteriores . Na avalia\u00e7\u00e3o de 61% dos entrevistados, o Brasil est\u00e1 na dire\u00e7\u00e3o errada e apenas 32% consideram que o pa\u00eds est\u00e1 na dire\u00e7\u00e3o certa. Al\u00e9m disso, para 44% dos eleitores, o atual governo est\u00e1 pior do que o de Jair Bolsonaro (PL) \u2013 percentual acima dos 43% registrados em mar\u00e7o e o maior desde o in\u00edcio da s\u00e9rie. <\/p>\n\n\n\n<p>N\u00e3o \u00e0 toa, a avalia\u00e7\u00e3o negativa do governo Lula tamb\u00e9m atingiu o pico desde janeiro de 2023, de 43%, enquanto 28% responderam regular e 26%, positivo.&nbsp;<\/p>\n\n\n\n<p>As regi\u00f5es Sul e Sudeste s\u00e3o as que apresentaram os maiores percentuais de reprova\u00e7\u00e3o do governo, de&nbsp; 62% e 64%, respectivamente. O Nordeste segue sendo a \u00fanica regi\u00e3o que aprova o governo, 54%.<\/p>\n\n\n\n<p><strong>Base de apoio em deteriora\u00e7\u00e3o<\/strong><\/p>\n\n\n\n<p>Curiosamente a pesquisa apresenta um paradoxo, pois revela queda na percep\u00e7\u00e3o negativa&nbsp;dos brasileiros sobre a economia e alta aprova\u00e7\u00e3o entre os que conhecem novos&nbsp;projetos oficiais como a isen\u00e7\u00e3o de Imposto de Renda at\u00e9 R$ 5 mil e a distribui\u00e7\u00e3o de&nbsp;g\u00e1s de cozinha. <\/p>\n\n\n\n<p>A percep\u00e7\u00e3o sobre a economia melhorou, com a avalia\u00e7\u00e3o negativa passando de 56%, em mar\u00e7o, para 48%, em maio. Para 30% a situa\u00e7\u00e3o n\u00e3o mudou e, para 18%, houve melhora.&nbsp;&nbsp;Contudo, a deteriora\u00e7\u00e3o da avalia\u00e7\u00e3o dos principais&nbsp;grupos de apoio do presidente persiste.&nbsp;&nbsp;<\/p>\n\n\n\n<p>Entre as mulheres, por exemplo, a desaprova\u00e7\u00e3o do governo atingiu maior n\u00edvel desde janeiro de 2023, passando de 53%, em mar\u00e7o, para 54%, em maio. Enquanto isso, a aprova\u00e7\u00e3o de Lula junto ao p\u00fablico feminino chegou no menor patamar na mesma base de compara\u00e7\u00e3o, chegando a 42%. Na edi\u00e7\u00e3o anterior, o percentual foi de 43%.<\/p>\n\n\n\n<p>J\u00e1 entre os homens, a desaprova\u00e7\u00e3o e a aprova\u00e7\u00e3o do governo ficaram est\u00e1veis em 59% e 39%, respectivamente. E, para piorar, at\u00e9 mesmo entre os benefici\u00e1rios do Bolsa Fam\u00edlia a aprova\u00e7\u00e3o de Lula est\u00e1 caindo, passando de 54%, em mar\u00e7o, para 51%, em maio \u2013 menor patamar desde o in\u00edcio do governo.&nbsp;<\/p>\n\n\n\n<p>A reprova\u00e7\u00e3o de Lula entre os eleitores evang\u00e9licos segue elevada, em 66%, mas abaixo do pico de mar\u00e7o, de 67%. Mas, entre os cat\u00f3licos, a desaprova\u00e7\u00e3o continua subindo e chegou a 53%, em maio, dado acima da aprova\u00e7\u00e3o, de 45%. \u00c9 a primeira vez&nbsp;que isso ocorre desde o in\u00edcio do mandato do petista.<\/p>\n\n\n\n<p>Na avalia\u00e7\u00e3o do cientista pol\u00edtico Felipe Nunes, CEO da Quaest, um dos motivos para essa&nbsp;contradi\u00e7\u00e3o \u00e9 a ampla repercuss\u00e3o de not\u00edcias negativas. Metade dos entrevistados respondeu que est\u00e1 vendo mais not\u00edcias negativas do que positivas do atual governo. E a principal not\u00edcia negativa foi o esc\u00e2ndalo de corrup\u00e7\u00e3o do INSS, seguido por corrup\u00e7\u00e3o, pela infla\u00e7\u00e3o e pela m\u00e1 gest\u00e3o dos gastos p\u00fablicos.<\/p>\n\n\n\n<p>&#8220;A forte repercuss\u00e3o de not\u00edcias como o esc\u00e2ndalo do INSS diminuiu o efeito positivo&nbsp;da economia e do lan\u00e7amento dos novos projetos e programas do governo. O eleitor&nbsp;est\u00e1 mais dif\u00edcil de ser convencido, e o governo ainda n\u00e3o conseguiu atender \u00e0s&nbsp;expectativas produzidas durante a elei\u00e7\u00e3o. O governo est\u00e1 perdendo tempo&#8221;, afirmou Nunes, em nota da institui\u00e7\u00e3o.<\/p>\n\n\n\n<p>A pesquisa da Quaest foi realizada entre os dias 29 de maio e 1 de junho, e ouviu 2.004 brasileiros de&nbsp; 16 anos ou mais atrav\u00e9s de entrevistas presenciais que utilizaram question\u00e1rios estruturados. A margem de erro estimada \u00e9 de dois pontos percentuais e o \u00edndice de confian\u00e7a \u00e9 de 95%.<\/p>\n\n\n\n<figure class=\"wp-block-image size-large\"><img decoding=\"async\" src=\"https:\/\/newblogs.correiobraziliense.com.br\/blog-da-rosana-hessel\/wp-content\/uploads\/sites\/5\/2025\/06\/genialquaest25aa-1024x955.jpg\" alt=\"\" class=\"wp-image-32984\" \/><\/figure>\n","protected":false},"excerpt":{"rendered":"<p>Pesquisa revela que 57% dos eleitores desaprovam o governo Lula. Para 56% deles, o atual\u00a0mandato est\u00e1 pior do que os anteriores e, para 61% pa\u00eds est\u00e1 indo para a dire\u00e7\u00e3o errada<\/p>\n","protected":false},"author":10,"featured_media":32953,"comment_status":"closed","ping_status":"closed","sticky":false,"template":"","format":"standard","meta":{"_acf_changed":false,"inline_featured_image":false,"footnotes":""},"categories":[1886],"tags":[1310,593,2099,114,1951,19,118],"class_list":["post-32958","post","type-post","status-publish","format-standard","has-post-thumbnail","hentry","category-pesquisa","tag-avaliacao-do-governo","tag-bolsonaro","tag-corrupcao-2","tag-economia","tag-inflacao-2","tag-inss","tag-lula"],"acf":[],"yoast_head":"<!-- This site is optimized with the Yoast SEO plugin v27.3 - https:\/\/yoast.com\/product\/yoast-seo-wordpress\/ -->\n<title>Genial\/Quaest: Desaprova\u00e7\u00e3o de Lula sobe o maior patamar do terceiro mandato - Blog da Rosana Hessel<\/title>\n<meta name=\"description\" content=\"Pesquisa revela que 57% dos eleitores desaprovam o governo Lula. Para 56% deles, o atual\u00a0mandato est\u00e1 pior do que os anteriores e, para 61% pa\u00eds est\u00e1 indo para a dire\u00e7\u00e3o errada\" \/>\n<meta name=\"robots\" content=\"index, follow, max-snippet:-1, max-image-preview:large, max-video-preview:-1\" \/>\n<link rel=\"canonical\" href=\"https:\/\/newblogs.correiobraziliense.com.br\/blog-da-rosana-hessel\/genial-quaest-desaprovacao-de-lula-sobe-o-maior-patamar-do-terceiro-mandato\/\" \/>\n<meta property=\"og:locale\" content=\"pt_BR\" \/>\n<meta property=\"og:type\" content=\"article\" \/>\n<meta property=\"og:title\" content=\"Genial\/Quaest: Desaprova\u00e7\u00e3o de Lula sobe o maior patamar do terceiro mandato - Blog da Rosana Hessel\" \/>\n<meta property=\"og:description\" content=\"Pesquisa revela que 57% dos eleitores desaprovam o governo Lula. Para 56% deles, o atual\u00a0mandato est\u00e1 pior do que os anteriores e, para 61% pa\u00eds est\u00e1 indo para a dire\u00e7\u00e3o errada\" \/>\n<meta property=\"og:url\" content=\"https:\/\/newblogs.correiobraziliense.com.br\/blog-da-rosana-hessel\/genial-quaest-desaprovacao-de-lula-sobe-o-maior-patamar-do-terceiro-mandato\/\" \/>\n<meta property=\"og:site_name\" content=\"Blog da Rosana Hessel\" \/>\n<meta property=\"article:published_time\" content=\"2025-06-04T10:00:00+00:00\" \/>\n<meta property=\"og:image\" content=\"https:\/\/newblogs.correiobraziliense.com.br\/blog-da-rosana-hessel\/wp-content\/uploads\/sites\/5\/2025\/06\/54565565971_13a4af91d9_c.jpg\" \/>\n\t<meta property=\"og:image:width\" content=\"800\" \/>\n\t<meta property=\"og:image:height\" content=\"394\" \/>\n\t<meta property=\"og:image:type\" content=\"image\/jpeg\" \/>\n<meta name=\"author\" content=\"Rosana Hessel\" \/>\n<!-- \/ Yoast SEO plugin. -->","yoast_head_json":{"title":"Genial\/Quaest: Desaprova\u00e7\u00e3o de Lula sobe o maior patamar do terceiro mandato - Blog da Rosana Hessel","description":"Pesquisa revela que 57% dos eleitores desaprovam o governo Lula. Para 56% deles, o atual\u00a0mandato est\u00e1 pior do que os anteriores e, para 61% pa\u00eds est\u00e1 indo para a dire\u00e7\u00e3o errada","robots":{"index":"index","follow":"follow","max-snippet":"max-snippet:-1","max-image-preview":"max-image-preview:large","max-video-preview":"max-video-preview:-1"},"canonical":"https:\/\/newblogs.correiobraziliense.com.br\/blog-da-rosana-hessel\/genial-quaest-desaprovacao-de-lula-sobe-o-maior-patamar-do-terceiro-mandato\/","og_locale":"pt_BR","og_type":"article","og_title":"Genial\/Quaest: Desaprova\u00e7\u00e3o de Lula sobe o maior patamar do terceiro mandato - Blog da Rosana Hessel","og_description":"Pesquisa revela que 57% dos eleitores desaprovam o governo Lula. Para 56% deles, o atual\u00a0mandato est\u00e1 pior do que os anteriores e, para 61% pa\u00eds est\u00e1 indo para a dire\u00e7\u00e3o errada","og_url":"https:\/\/newblogs.correiobraziliense.com.br\/blog-da-rosana-hessel\/genial-quaest-desaprovacao-de-lula-sobe-o-maior-patamar-do-terceiro-mandato\/","og_site_name":"Blog da Rosana Hessel","article_published_time":"2025-06-04T10:00:00+00:00","og_image":[{"width":800,"height":394,"url":"https:\/\/newblogs.correiobraziliense.com.br\/blog-da-rosana-hessel\/wp-content\/uploads\/sites\/5\/2025\/06\/54565565971_13a4af91d9_c.jpg","type":"image\/jpeg"}],"author":"Rosana Hessel","schema":{"@context":"https:\/\/schema.org","@graph":[{"@type":"Article","@id":"https:\/\/newblogs.correiobraziliense.com.br\/blog-da-rosana-hessel\/genial-quaest-desaprovacao-de-lula-sobe-o-maior-patamar-do-terceiro-mandato\/#article","isPartOf":{"@id":"https:\/\/newblogs.correiobraziliense.com.br\/blog-da-rosana-hessel\/genial-quaest-desaprovacao-de-lula-sobe-o-maior-patamar-do-terceiro-mandato\/"},"author":{"name":"Rosana Hessel","@id":"https:\/\/newblogs.correiobraziliense.com.br\/blog-da-rosana-hessel\/#\/schema\/person\/824cb3c631cf0d4056f75ca02599a930"},"headline":"Genial\/Quaest: Desaprova\u00e7\u00e3o de Lula sobe o maior patamar do terceiro mandato","datePublished":"2025-06-04T10:00:00+00:00","mainEntityOfPage":{"@id":"https:\/\/newblogs.correiobraziliense.com.br\/blog-da-rosana-hessel\/genial-quaest-desaprovacao-de-lula-sobe-o-maior-patamar-do-terceiro-mandato\/"},"wordCount":785,"image":{"@id":"https:\/\/newblogs.correiobraziliense.com.br\/blog-da-rosana-hessel\/genial-quaest-desaprovacao-de-lula-sobe-o-maior-patamar-do-terceiro-mandato\/#primaryimage"},"thumbnailUrl":"https:\/\/newblogs.correiobraziliense.com.br\/blog-da-rosana-hessel\/wp-content\/uploads\/sites\/5\/2025\/06\/54565565971_13a4af91d9_c.jpg","keywords":["avalia\u00e7\u00e3o do governo","Bolsonaro","CORRUP\u00c7\u00c3O","economia","INFLA\u00c7\u00c3O","INSS","Lula"],"articleSection":["Pesquisa"],"inLanguage":"pt-BR"},{"@type":"WebPage","@id":"https:\/\/newblogs.correiobraziliense.com.br\/blog-da-rosana-hessel\/genial-quaest-desaprovacao-de-lula-sobe-o-maior-patamar-do-terceiro-mandato\/","url":"https:\/\/newblogs.correiobraziliense.com.br\/blog-da-rosana-hessel\/genial-quaest-desaprovacao-de-lula-sobe-o-maior-patamar-do-terceiro-mandato\/","name":"Genial\/Quaest: Desaprova\u00e7\u00e3o de Lula sobe o maior patamar do terceiro mandato - Blog da Rosana Hessel","isPartOf":{"@id":"https:\/\/newblogs.correiobraziliense.com.br\/blog-da-rosana-hessel\/#website"},"primaryImageOfPage":{"@id":"https:\/\/newblogs.correiobraziliense.com.br\/blog-da-rosana-hessel\/genial-quaest-desaprovacao-de-lula-sobe-o-maior-patamar-do-terceiro-mandato\/#primaryimage"},"image":{"@id":"https:\/\/newblogs.correiobraziliense.com.br\/blog-da-rosana-hessel\/genial-quaest-desaprovacao-de-lula-sobe-o-maior-patamar-do-terceiro-mandato\/#primaryimage"},"thumbnailUrl":"https:\/\/newblogs.correiobraziliense.com.br\/blog-da-rosana-hessel\/wp-content\/uploads\/sites\/5\/2025\/06\/54565565971_13a4af91d9_c.jpg","datePublished":"2025-06-04T10:00:00+00:00","author":{"@id":"https:\/\/newblogs.correiobraziliense.com.br\/blog-da-rosana-hessel\/#\/schema\/person\/824cb3c631cf0d4056f75ca02599a930"},"description":"Pesquisa revela que 57% dos eleitores desaprovam o governo Lula. Para 56% deles, o atual\u00a0mandato est\u00e1 pior do que os anteriores e, para 61% pa\u00eds est\u00e1 indo para a dire\u00e7\u00e3o errada","breadcrumb":{"@id":"https:\/\/newblogs.correiobraziliense.com.br\/blog-da-rosana-hessel\/genial-quaest-desaprovacao-de-lula-sobe-o-maior-patamar-do-terceiro-mandato\/#breadcrumb"},"inLanguage":"pt-BR","potentialAction":[{"@type":"ReadAction","target":["https:\/\/newblogs.correiobraziliense.com.br\/blog-da-rosana-hessel\/genial-quaest-desaprovacao-de-lula-sobe-o-maior-patamar-do-terceiro-mandato\/"]}]},{"@type":"ImageObject","inLanguage":"pt-BR","@id":"https:\/\/newblogs.correiobraziliense.com.br\/blog-da-rosana-hessel\/genial-quaest-desaprovacao-de-lula-sobe-o-maior-patamar-do-terceiro-mandato\/#primaryimage","url":"https:\/\/newblogs.correiobraziliense.com.br\/blog-da-rosana-hessel\/wp-content\/uploads\/sites\/5\/2025\/06\/54565565971_13a4af91d9_c.jpg","contentUrl":"https:\/\/newblogs.correiobraziliense.com.br\/blog-da-rosana-hessel\/wp-content\/uploads\/sites\/5\/2025\/06\/54565565971_13a4af91d9_c.jpg","width":800,"height":394,"caption":"Presidente da Rep\u00fablica, Luiz In\u00e1cio Lula da Silva durante coletiva de imprensa. Pal\u00e1cio do Planalto, Bras\u00edlia - DF. Foto: Ricardo Stuckert \/ PR"},{"@type":"BreadcrumbList","@id":"https:\/\/newblogs.correiobraziliense.com.br\/blog-da-rosana-hessel\/genial-quaest-desaprovacao-de-lula-sobe-o-maior-patamar-do-terceiro-mandato\/#breadcrumb","itemListElement":[{"@type":"ListItem","position":1,"name":"In\u00edcio","item":"https:\/\/newblogs.correiobraziliense.com.br\/blog-da-rosana-hessel\/"},{"@type":"ListItem","position":2,"name":"Genial\/Quaest: Desaprova\u00e7\u00e3o de Lula sobe o maior patamar do terceiro mandato"}]},{"@type":"WebSite","@id":"https:\/\/newblogs.correiobraziliense.com.br\/blog-da-rosana-hessel\/#website","url":"https:\/\/newblogs.correiobraziliense.com.br\/blog-da-rosana-hessel\/","name":"Blog da Rosana Hessel","description":"Not\u00edcias atualizadas e an\u00e1lises sobre economia. Acompanhe-nos para entender as tend\u00eancias e os impactos econ\u00f4micos que influenciam o seu dia a dia, tanto no Brasil quanto no exterior.","potentialAction":[{"@type":"SearchAction","target":{"@type":"EntryPoint","urlTemplate":"https:\/\/newblogs.correiobraziliense.com.br\/blog-da-rosana-hessel\/?s={search_term_string}"},"query-input":{"@type":"PropertyValueSpecification","valueRequired":true,"valueName":"search_term_string"}}],"inLanguage":"pt-BR"},{"@type":"Person","@id":"https:\/\/newblogs.correiobraziliense.com.br\/blog-da-rosana-hessel\/#\/schema\/person\/824cb3c631cf0d4056f75ca02599a930","name":"Rosana Hessel","image":{"@type":"ImageObject","inLanguage":"pt-BR","@id":"https:\/\/secure.gravatar.com\/avatar\/fe780cf1839cf10cd6d682fb080611e0d2a459b64be8a8781778109777fbcfd3?s=96&d=mm&r=g","url":"https:\/\/secure.gravatar.com\/avatar\/fe780cf1839cf10cd6d682fb080611e0d2a459b64be8a8781778109777fbcfd3?s=96&d=mm&r=g","contentUrl":"https:\/\/secure.gravatar.com\/avatar\/fe780cf1839cf10cd6d682fb080611e0d2a459b64be8a8781778109777fbcfd3?s=96&d=mm&r=g","caption":"Rosana Hessel"},"description":"Formada pela Pontif\u00edcia Universidade Cat\u00f3lica de S\u00e3o Paulo (PUC-SP), \u00e9 jornalista de economia desde 1995, quando passou a integrar o time da Gazeta Mercantil. Est\u00e1 sempre atr\u00e1s da boa informa\u00e7\u00e3o. Possui especializa\u00e7\u00e3o em economia pela FGV e MBA em Finan\u00e7as pela FIA-USP. Trabalha no Correio Braziliense desde 2010. Ganhou o Pr\u00eamio Esso de Jornalismo Econ\u00f4mico em 2014 e em 2015 com a equipe do Correio. Foi finalista entre os 50 jornalistas +Admirados da Imprensa de Economia, Neg\u00f3cios e Finan\u00e7as 2024, promovido pela Jornalistas&amp;Cia.","url":"https:\/\/newblogs.correiobraziliense.com.br\/blog-da-rosana-hessel\/author\/rosanahessel\/"}]}},"_links":{"self":[{"href":"https:\/\/newblogs.correiobraziliense.com.br\/blog-da-rosana-hessel\/wp-json\/wp\/v2\/posts\/32958","targetHints":{"allow":["GET"]}}],"collection":[{"href":"https:\/\/newblogs.correiobraziliense.com.br\/blog-da-rosana-hessel\/wp-json\/wp\/v2\/posts"}],"about":[{"href":"https:\/\/newblogs.correiobraziliense.com.br\/blog-da-rosana-hessel\/wp-json\/wp\/v2\/types\/post"}],"author":[{"embeddable":true,"href":"https:\/\/newblogs.correiobraziliense.com.br\/blog-da-rosana-hessel\/wp-json\/wp\/v2\/users\/10"}],"replies":[{"embeddable":true,"href":"https:\/\/newblogs.correiobraziliense.com.br\/blog-da-rosana-hessel\/wp-json\/wp\/v2\/comments?post=32958"}],"version-history":[{"count":9,"href":"https:\/\/newblogs.correiobraziliense.com.br\/blog-da-rosana-hessel\/wp-json\/wp\/v2\/posts\/32958\/revisions"}],"predecessor-version":[{"id":32985,"href":"https:\/\/newblogs.correiobraziliense.com.br\/blog-da-rosana-hessel\/wp-json\/wp\/v2\/posts\/32958\/revisions\/32985"}],"wp:featuredmedia":[{"embeddable":true,"href":"https:\/\/newblogs.correiobraziliense.com.br\/blog-da-rosana-hessel\/wp-json\/wp\/v2\/media\/32953"}],"wp:attachment":[{"href":"https:\/\/newblogs.correiobraziliense.com.br\/blog-da-rosana-hessel\/wp-json\/wp\/v2\/media?parent=32958"}],"wp:term":[{"taxonomy":"category","embeddable":true,"href":"https:\/\/newblogs.correiobraziliense.com.br\/blog-da-rosana-hessel\/wp-json\/wp\/v2\/categories?post=32958"},{"taxonomy":"post_tag","embeddable":true,"href":"https:\/\/newblogs.correiobraziliense.com.br\/blog-da-rosana-hessel\/wp-json\/wp\/v2\/tags?post=32958"}],"curies":[{"name":"wp","href":"https:\/\/api.w.org\/{rel}","templated":true}]}}