{"id":32946,"date":"2025-06-01T09:00:00","date_gmt":"2025-06-01T12:00:00","guid":{"rendered":"https:\/\/newblogs.correiobraziliense.com.br\/blog-da-rosana-hessel\/?p=32946"},"modified":"2025-05-31T23:36:04","modified_gmt":"2025-06-01T02:36:04","slug":"artigo-negociacao-sob-protecao-turca-e-boa","status":"publish","type":"post","link":"https:\/\/newblogs.correiobraziliense.com.br\/blog-da-rosana-hessel\/artigo-negociacao-sob-protecao-turca-e-boa\/","title":{"rendered":"ARTIGO: Negocia\u00e7\u00e3o sob prote\u00e7\u00e3o turca \u00e9 boa"},"content":{"rendered":"\n<p><em>Por Luiz Recena Grassi*<\/em><\/p>\n\n\n\n<p>Quase quatro anos de conflito para chegar a uma possibilidade de negocia\u00e7\u00e3o concreta entre R\u00fassia e Ucr\u00e2nia. Marcada para junho, a conversa foi produzida por empenho russo, apoiada pelos Estados Unidos de Donald Trump e agasalhada pelo governo da Turquia, que escalou mais uma vez Istambul.<\/p>\n\n\n\n<p>&nbsp;\u201c\u00c9 um grande momento de decis\u00e3o, esp\u00e9cie de agora ou nunca\u201d, disse Agostinho Costa, general portugu\u00eas, da reserva, em coment\u00e1rio para a rede <em>CNN Portugal<\/em>. Ele sabe o que fala. Tem argumenta\u00e7\u00e3o s\u00f3lida e conhecimento hist\u00f3rico sobre o conflito e sobre seus participantes. O general \u00e9 equilibrado e, \u00e0s vezes, navega contra a corrente da maioria da m\u00eddia ocidental europeia.&nbsp;<\/p>\n\n\n\n<p>Sem depender de verbas estimuladoras ex\u00f3genas e sem qualquer obriga\u00e7\u00e3o de defender o \u201cmundo livre\u201d, , o general precisa trabalhar mais. \u00c9 o que faz, aportando sempre \u00e2ngulos novos para a an\u00e1lise do quadro b\u00e9lico e seus vetores de maior influ\u00eancia. O \u00fanico dos advers\u00e1rios a n\u00e3o garantir nada \u00e9 o presidente ucraniano. Volodymyr Zelensky quer, primeiro, que a R\u00fassia revele sua proposta. Acha que os outros s\u00e3o bobos. Nesse tipo de negocia\u00e7\u00f5es, a hist\u00f3ria mostra que todo cuidado sigiloso deve ser privilegiado.\u00a0<\/p>\n\n\n\n<p>Depois da reuni\u00e3o, falar\u00e3o os porta-vozes de cada um. O ucraniano reclama tamb\u00e9m do status dos funcion\u00e1rios indicados pelo Kremlin para as conversa\u00e7\u00f5es, o que, al\u00e9m de indelicado, demonstra baixo grau de informa\u00e7\u00e3o. Poderia pensar no quadro real e ver que condi\u00e7\u00f5es ainda tem para resistir. A regi\u00e3o de Sumy, cercada, cai em poucos dias. Os n\u00f3s russos apertam os la\u00e7os a cada momento.&nbsp;<\/p>\n\n\n\n<p>Para Costa, a Ucr\u00e2nia tenta aguentar o poss\u00edvel, mas se passar o tempo a situa\u00e7\u00e3o fica delicada. A pressa agora \u00e9, ou deveria ser de Kiev. A escolha da Turquia, para a maioria dos analistas, \u00e9 correta, uma vez que o governo de Erdogan tem sido incans\u00e1vel. E a habilidade de seu chanceler, Hakan Fidan, ganha elogios de todos.&nbsp;<\/p>\n\n\n\n<p>A Turquia foi imp\u00e9rio e tem s\u00e9culos de conflito e negocia\u00e7\u00f5es de paz. Fora isso, algumas informa\u00e7\u00f5es para serem analisadas sem \u201cas espumas do mar\u201d, diziam velhos confrades. A Coreia do Norte enviou 14 mil soldados para a frente russa, mais 100 m\u00edsseis bal\u00edsticos e milh\u00f5es de muni\u00e7\u00f5es, de todos os calibres. Fonte: Grupo Multilateral de Monitoramento de San\u00e7\u00f5es, criado por 11 pa\u00edses, com o aval da Organiza\u00e7\u00e3o das Na\u00e7\u00f5es Unidas (ONU). O grupo: Austr\u00e1lia, Canad\u00e1, Fran\u00e7a, Alemanha, It\u00e1lia, Jap\u00e3o, Holanda, Nova Zel\u00e2ndia, Coreia do Sul, Estados Unidos e Reino Unido, ou Inglaterra, que financia as pesquisas por meio de Funda\u00e7\u00e3o sem fins lucrativos. Pressionam a Uni\u00e3o Europeia (UE) por mais san\u00e7\u00f5es e embargos contra a R\u00fassia.&nbsp;<\/p>\n\n\n\n<p>Envergonhados porque seus membros n\u00e3o chegam a acordos un\u00e2nimes, nem trocam informa\u00e7\u00f5es entre si. Mais envergonhado est\u00e1 um jornalista anglo-russo a servi\u00e7o da BBC. Publicou artigo constatando que, no que vai do conflito, os europeus financiaram a R\u00fassia, comprando cerca de um bilh\u00e3o de euros em g\u00e1s e derivados produzidos por Moscou.&nbsp;<\/p>\n\n\n\n<p>Pr\u00f3ximo disso vem a nova \u201cajuda-acordo\u201d entre Alemanha e Ucr\u00e2nia, anunciado pelo novo Friedrich Merz. Autoriza o uso de m\u00edsseis intercontinentais contra a R\u00fassia, promete novas defesas antia\u00e9reas e a produ\u00e7\u00e3o de m\u00edsseis taurus.&nbsp;<\/p>\n\n\n\n<p>A Ucr\u00e2nia tem m\u00edsseis intercontinentais americanos e recomenda\u00e7\u00e3o de n\u00e3o us\u00e1-los sem consultar antes; na segunda o chanceler esqueceu de precisar as datas dos envios e do in\u00edcio da produ\u00e7\u00e3o. Um gesto antigo. Mais para as espumas do mar do que para as dificuldades terrenas de Kiev.<\/p>\n\n\n\n<p>O CORREIO SABE PORQUE VIU.&nbsp;<\/p>\n\n\n\n<p>Estava l\u00e1. O correspondente foi cobrado por narrar, em mem\u00f3rias, apenas situa\u00e7\u00f5es felizes, tudo acaba bem, entre m\u00fasica, vodka e caviar. Mas \u00e9 claro que tamb\u00e9m perdia. Uma dessas derrotas foi no Mercado Central de Moscou, \u00e0 \u00e9poca dominado por grupos organizados da Ge\u00f3rgia e Azerbaij\u00e3o. Barra pesada.&nbsp;<\/p>\n\n\n\n<p>Fim de regime, soltaram-se algumas amarras, produtos apareceram e o c\u00e2mbio paralelo voou.&nbsp;<\/p>\n\n\n\n<p>Levei um colega viajante para comprar caviar e, com ajuda de um int\u00e9rprete, chegamos a dois operadores do mercado. Grand\u00f5es, pan\u00e7\u00f5es, vastos bigodes e cabeleiras negras e crespas. Foi olhar e me identificaram como um deles. N\u00e3o era grand\u00e3o, nem pequeno. Vastos bigodes e cabelos crespos sim. Faltava-me a pan\u00e7a.&nbsp;<\/p>\n\n\n\n<p>Tudo esclarecido o int\u00e9rprete disse a palavra m\u00e1gica, \u201cd\u00f3lar\u201d. Chegou-se a bom pre\u00e7o e v\u00e1rias latinhas das ovas foram compradas. Ao voltar para casa e abrir uma para experimentar a terra tremeu, o mundo caiu. As ovas estavam secas. E outra e ainda outra. Poucas ficaram. Dif\u00edcil, sensa\u00e7\u00e3o ruim de ser enganado.&nbsp;<\/p>\n\n\n\n<p>Voltei com o int\u00e9rprete dias depois e encarei a dupla de vendedores. Primeiro negaram, depois disseram que era o mercado. Choraram l\u00e1grimas de crocodilo. Ao final, negociaram diante da amea\u00e7a de serem visitados pela autoridade.&nbsp;<\/p>\n\n\n\n<p>Recuperamos boa parte, reduzimos bem o preju, com latas de produto novo e bom. D\u00e1 para dizer que sa\u00ed perdendo, depois quase empatei o jogo.<\/p>\n\n\n\n<p>*<em>O jornalista foi, por muitos anos, correspondente do&nbsp;<\/em><strong><em>Correio Braziliense<\/em><\/strong><em>&nbsp;em Moscou<\/em><\/p>\n","protected":false},"excerpt":{"rendered":"<p>Marcada para junho, a conversa foi produzida por empenho russo, apoiada pelos Estados Unidos de Donald Trump e agasalhada pelo governo da Turquia, que escalou mais uma vez Istambul<\/p>\n","protected":false},"author":10,"featured_media":31676,"comment_status":"closed","ping_status":"closed","sticky":false,"template":"","format":"standard","meta":{"_acf_changed":false,"inline_featured_image":false,"footnotes":""},"categories":[1952,1953],"tags":[2098,125,128,208,132,134,1975],"class_list":["post-32946","post","type-post","status-publish","format-standard","has-post-thumbnail","hentry","category-artigo","category-opiniao","tag-conflito","tag-estados-unidos","tag-guerra","tag-onu","tag-russia","tag-ucrania","tag-ue"],"acf":[],"yoast_head":"<!-- This site is optimized with the Yoast SEO plugin v27.3 - https:\/\/yoast.com\/product\/yoast-seo-wordpress\/ -->\n<title>ARTIGO: Negocia\u00e7\u00e3o sob prote\u00e7\u00e3o turca \u00e9 boa - Blog da Rosana Hessel<\/title>\n<meta name=\"description\" content=\"Marcada para junho, a conversa foi produzida por empenho russo, apoiada pelos Estados Unidos de Donald Trump e agasalhada pelo governo da Turquia, que escalou mais uma vez Istambul\" \/>\n<meta name=\"robots\" content=\"index, follow, max-snippet:-1, max-image-preview:large, max-video-preview:-1\" \/>\n<link rel=\"canonical\" href=\"https:\/\/newblogs.correiobraziliense.com.br\/blog-da-rosana-hessel\/artigo-negociacao-sob-protecao-turca-e-boa\/\" \/>\n<meta property=\"og:locale\" content=\"pt_BR\" \/>\n<meta property=\"og:type\" content=\"article\" \/>\n<meta property=\"og:title\" content=\"ARTIGO: Negocia\u00e7\u00e3o sob prote\u00e7\u00e3o turca \u00e9 boa - Blog da Rosana Hessel\" \/>\n<meta property=\"og:description\" content=\"Marcada para junho, a conversa foi produzida por empenho russo, apoiada pelos Estados Unidos de Donald Trump e agasalhada pelo governo da Turquia, que escalou mais uma vez Istambul\" \/>\n<meta property=\"og:url\" content=\"https:\/\/newblogs.correiobraziliense.com.br\/blog-da-rosana-hessel\/artigo-negociacao-sob-protecao-turca-e-boa\/\" \/>\n<meta property=\"og:site_name\" content=\"Blog da Rosana Hessel\" \/>\n<meta property=\"article:published_time\" content=\"2025-06-01T12:00:00+00:00\" \/>\n<meta property=\"og:image\" content=\"https:\/\/newblogs.correiobraziliense.com.br\/blog-da-rosana-hessel\/wp-content\/uploads\/sites\/5\/2024\/10\/kiev-39734812.jpg\" \/>\n\t<meta property=\"og:image:width\" content=\"1812\" \/>\n\t<meta property=\"og:image:height\" content=\"1204\" \/>\n\t<meta property=\"og:image:type\" content=\"image\/jpeg\" \/>\n<meta name=\"author\" content=\"Rosana Hessel\" \/>\n<!-- \/ Yoast SEO plugin. -->","yoast_head_json":{"title":"ARTIGO: Negocia\u00e7\u00e3o sob prote\u00e7\u00e3o turca \u00e9 boa - Blog da Rosana Hessel","description":"Marcada para junho, a conversa foi produzida por empenho russo, apoiada pelos Estados Unidos de Donald Trump e agasalhada pelo governo da Turquia, que escalou mais uma vez Istambul","robots":{"index":"index","follow":"follow","max-snippet":"max-snippet:-1","max-image-preview":"max-image-preview:large","max-video-preview":"max-video-preview:-1"},"canonical":"https:\/\/newblogs.correiobraziliense.com.br\/blog-da-rosana-hessel\/artigo-negociacao-sob-protecao-turca-e-boa\/","og_locale":"pt_BR","og_type":"article","og_title":"ARTIGO: Negocia\u00e7\u00e3o sob prote\u00e7\u00e3o turca \u00e9 boa - Blog da Rosana Hessel","og_description":"Marcada para junho, a conversa foi produzida por empenho russo, apoiada pelos Estados Unidos de Donald Trump e agasalhada pelo governo da Turquia, que escalou mais uma vez Istambul","og_url":"https:\/\/newblogs.correiobraziliense.com.br\/blog-da-rosana-hessel\/artigo-negociacao-sob-protecao-turca-e-boa\/","og_site_name":"Blog da Rosana Hessel","article_published_time":"2025-06-01T12:00:00+00:00","og_image":[{"width":1812,"height":1204,"url":"https:\/\/newblogs.correiobraziliense.com.br\/blog-da-rosana-hessel\/wp-content\/uploads\/sites\/5\/2024\/10\/kiev-39734812.jpg","type":"image\/jpeg"}],"author":"Rosana Hessel","schema":{"@context":"https:\/\/schema.org","@graph":[{"@type":"Article","@id":"https:\/\/newblogs.correiobraziliense.com.br\/blog-da-rosana-hessel\/artigo-negociacao-sob-protecao-turca-e-boa\/#article","isPartOf":{"@id":"https:\/\/newblogs.correiobraziliense.com.br\/blog-da-rosana-hessel\/artigo-negociacao-sob-protecao-turca-e-boa\/"},"author":{"name":"Rosana Hessel","@id":"https:\/\/newblogs.correiobraziliense.com.br\/blog-da-rosana-hessel\/#\/schema\/person\/824cb3c631cf0d4056f75ca02599a930"},"headline":"ARTIGO: Negocia\u00e7\u00e3o sob prote\u00e7\u00e3o turca \u00e9 boa","datePublished":"2025-06-01T12:00:00+00:00","mainEntityOfPage":{"@id":"https:\/\/newblogs.correiobraziliense.com.br\/blog-da-rosana-hessel\/artigo-negociacao-sob-protecao-turca-e-boa\/"},"wordCount":919,"image":{"@id":"https:\/\/newblogs.correiobraziliense.com.br\/blog-da-rosana-hessel\/artigo-negociacao-sob-protecao-turca-e-boa\/#primaryimage"},"thumbnailUrl":"https:\/\/newblogs.correiobraziliense.com.br\/blog-da-rosana-hessel\/wp-content\/uploads\/sites\/5\/2024\/10\/kiev-39734812.jpg","keywords":["conflito","Estados Unidos","guerra","ONU","R\u00fassia","Ucr\u00e2nia","UE"],"articleSection":["ARTIGO","OPINI\u00c3O"],"inLanguage":"pt-BR"},{"@type":"WebPage","@id":"https:\/\/newblogs.correiobraziliense.com.br\/blog-da-rosana-hessel\/artigo-negociacao-sob-protecao-turca-e-boa\/","url":"https:\/\/newblogs.correiobraziliense.com.br\/blog-da-rosana-hessel\/artigo-negociacao-sob-protecao-turca-e-boa\/","name":"ARTIGO: Negocia\u00e7\u00e3o sob prote\u00e7\u00e3o turca \u00e9 boa - Blog da Rosana Hessel","isPartOf":{"@id":"https:\/\/newblogs.correiobraziliense.com.br\/blog-da-rosana-hessel\/#website"},"primaryImageOfPage":{"@id":"https:\/\/newblogs.correiobraziliense.com.br\/blog-da-rosana-hessel\/artigo-negociacao-sob-protecao-turca-e-boa\/#primaryimage"},"image":{"@id":"https:\/\/newblogs.correiobraziliense.com.br\/blog-da-rosana-hessel\/artigo-negociacao-sob-protecao-turca-e-boa\/#primaryimage"},"thumbnailUrl":"https:\/\/newblogs.correiobraziliense.com.br\/blog-da-rosana-hessel\/wp-content\/uploads\/sites\/5\/2024\/10\/kiev-39734812.jpg","datePublished":"2025-06-01T12:00:00+00:00","author":{"@id":"https:\/\/newblogs.correiobraziliense.com.br\/blog-da-rosana-hessel\/#\/schema\/person\/824cb3c631cf0d4056f75ca02599a930"},"description":"Marcada para junho, a conversa foi produzida por empenho russo, apoiada pelos Estados Unidos de Donald Trump e agasalhada pelo governo da Turquia, que escalou mais uma vez Istambul","breadcrumb":{"@id":"https:\/\/newblogs.correiobraziliense.com.br\/blog-da-rosana-hessel\/artigo-negociacao-sob-protecao-turca-e-boa\/#breadcrumb"},"inLanguage":"pt-BR","potentialAction":[{"@type":"ReadAction","target":["https:\/\/newblogs.correiobraziliense.com.br\/blog-da-rosana-hessel\/artigo-negociacao-sob-protecao-turca-e-boa\/"]}]},{"@type":"ImageObject","inLanguage":"pt-BR","@id":"https:\/\/newblogs.correiobraziliense.com.br\/blog-da-rosana-hessel\/artigo-negociacao-sob-protecao-turca-e-boa\/#primaryimage","url":"https:\/\/newblogs.correiobraziliense.com.br\/blog-da-rosana-hessel\/wp-content\/uploads\/sites\/5\/2024\/10\/kiev-39734812.jpg","contentUrl":"https:\/\/newblogs.correiobraziliense.com.br\/blog-da-rosana-hessel\/wp-content\/uploads\/sites\/5\/2024\/10\/kiev-39734812.jpg","width":1812,"height":1204,"caption":"cr\u00e9dito: Sergei Chuzavkov\/AFP\/DAPRESS"},{"@type":"BreadcrumbList","@id":"https:\/\/newblogs.correiobraziliense.com.br\/blog-da-rosana-hessel\/artigo-negociacao-sob-protecao-turca-e-boa\/#breadcrumb","itemListElement":[{"@type":"ListItem","position":1,"name":"In\u00edcio","item":"https:\/\/newblogs.correiobraziliense.com.br\/blog-da-rosana-hessel\/"},{"@type":"ListItem","position":2,"name":"ARTIGO: Negocia\u00e7\u00e3o sob prote\u00e7\u00e3o turca \u00e9 boa"}]},{"@type":"WebSite","@id":"https:\/\/newblogs.correiobraziliense.com.br\/blog-da-rosana-hessel\/#website","url":"https:\/\/newblogs.correiobraziliense.com.br\/blog-da-rosana-hessel\/","name":"Blog da Rosana Hessel","description":"Not\u00edcias atualizadas e an\u00e1lises sobre economia. Acompanhe-nos para entender as tend\u00eancias e os impactos econ\u00f4micos que influenciam o seu dia a dia, tanto no Brasil quanto no exterior.","potentialAction":[{"@type":"SearchAction","target":{"@type":"EntryPoint","urlTemplate":"https:\/\/newblogs.correiobraziliense.com.br\/blog-da-rosana-hessel\/?s={search_term_string}"},"query-input":{"@type":"PropertyValueSpecification","valueRequired":true,"valueName":"search_term_string"}}],"inLanguage":"pt-BR"},{"@type":"Person","@id":"https:\/\/newblogs.correiobraziliense.com.br\/blog-da-rosana-hessel\/#\/schema\/person\/824cb3c631cf0d4056f75ca02599a930","name":"Rosana Hessel","image":{"@type":"ImageObject","inLanguage":"pt-BR","@id":"https:\/\/secure.gravatar.com\/avatar\/fe780cf1839cf10cd6d682fb080611e0d2a459b64be8a8781778109777fbcfd3?s=96&d=mm&r=g","url":"https:\/\/secure.gravatar.com\/avatar\/fe780cf1839cf10cd6d682fb080611e0d2a459b64be8a8781778109777fbcfd3?s=96&d=mm&r=g","contentUrl":"https:\/\/secure.gravatar.com\/avatar\/fe780cf1839cf10cd6d682fb080611e0d2a459b64be8a8781778109777fbcfd3?s=96&d=mm&r=g","caption":"Rosana Hessel"},"description":"Formada pela Pontif\u00edcia Universidade Cat\u00f3lica de S\u00e3o Paulo (PUC-SP), \u00e9 jornalista de economia desde 1995, quando passou a integrar o time da Gazeta Mercantil. Est\u00e1 sempre atr\u00e1s da boa informa\u00e7\u00e3o. Possui especializa\u00e7\u00e3o em economia pela FGV e MBA em Finan\u00e7as pela FIA-USP. Trabalha no Correio Braziliense desde 2010. Ganhou o Pr\u00eamio Esso de Jornalismo Econ\u00f4mico em 2014 e em 2015 com a equipe do Correio. Foi finalista entre os 50 jornalistas +Admirados da Imprensa de Economia, Neg\u00f3cios e Finan\u00e7as 2024, promovido pela Jornalistas&amp;Cia.","url":"https:\/\/newblogs.correiobraziliense.com.br\/blog-da-rosana-hessel\/author\/rosanahessel\/"}]}},"_links":{"self":[{"href":"https:\/\/newblogs.correiobraziliense.com.br\/blog-da-rosana-hessel\/wp-json\/wp\/v2\/posts\/32946","targetHints":{"allow":["GET"]}}],"collection":[{"href":"https:\/\/newblogs.correiobraziliense.com.br\/blog-da-rosana-hessel\/wp-json\/wp\/v2\/posts"}],"about":[{"href":"https:\/\/newblogs.correiobraziliense.com.br\/blog-da-rosana-hessel\/wp-json\/wp\/v2\/types\/post"}],"author":[{"embeddable":true,"href":"https:\/\/newblogs.correiobraziliense.com.br\/blog-da-rosana-hessel\/wp-json\/wp\/v2\/users\/10"}],"replies":[{"embeddable":true,"href":"https:\/\/newblogs.correiobraziliense.com.br\/blog-da-rosana-hessel\/wp-json\/wp\/v2\/comments?post=32946"}],"version-history":[{"count":4,"href":"https:\/\/newblogs.correiobraziliense.com.br\/blog-da-rosana-hessel\/wp-json\/wp\/v2\/posts\/32946\/revisions"}],"predecessor-version":[{"id":32951,"href":"https:\/\/newblogs.correiobraziliense.com.br\/blog-da-rosana-hessel\/wp-json\/wp\/v2\/posts\/32946\/revisions\/32951"}],"wp:featuredmedia":[{"embeddable":true,"href":"https:\/\/newblogs.correiobraziliense.com.br\/blog-da-rosana-hessel\/wp-json\/wp\/v2\/media\/31676"}],"wp:attachment":[{"href":"https:\/\/newblogs.correiobraziliense.com.br\/blog-da-rosana-hessel\/wp-json\/wp\/v2\/media?parent=32946"}],"wp:term":[{"taxonomy":"category","embeddable":true,"href":"https:\/\/newblogs.correiobraziliense.com.br\/blog-da-rosana-hessel\/wp-json\/wp\/v2\/categories?post=32946"},{"taxonomy":"post_tag","embeddable":true,"href":"https:\/\/newblogs.correiobraziliense.com.br\/blog-da-rosana-hessel\/wp-json\/wp\/v2\/tags?post=32946"}],"curies":[{"name":"wp","href":"https:\/\/api.w.org\/{rel}","templated":true}]}}