{"id":32889,"date":"2025-05-16T20:21:14","date_gmt":"2025-05-16T23:21:14","guid":{"rendered":"https:\/\/newblogs.correiobraziliense.com.br\/blog-da-rosana-hessel\/?p=32889"},"modified":"2025-05-16T20:21:53","modified_gmt":"2025-05-16T23:21:53","slug":"bradesco-faz-ajustes-pontuais-e-aposta-em-fim-de-aperto-monetario","status":"publish","type":"post","link":"https:\/\/newblogs.correiobraziliense.com.br\/blog-da-rosana-hessel\/bradesco-faz-ajustes-pontuais-e-aposta-em-fim-de-aperto-monetario\/","title":{"rendered":"Bradesco faz ajustes pontuais e aposta em fim de aperto monet\u00e1rio"},"content":{"rendered":"\n<p>Apesar das d\u00favidas no ambiente dom\u00e9stico e dos recentes ajustes do cen\u00e1rio externo, por conta das idas e vindas do presidente dos Estados Unidos, Donald Trump, na guerra tarif\u00e1ria, o banco Bradesco fez pequenos ajustes nas proje\u00e7\u00f5es macroecon\u00f4micas. <\/p>\n\n\n\n<p>A institui\u00e7\u00e3o revisou de 1,8% para 1,9% a estimativa de crescimento do Produto Interno Bruto (PIB) brasileiro neste ano, e, para 2026, manteve em 1,3% a proje\u00e7\u00e3o de avan\u00e7o do PIB. Al\u00e9m disso, aposta que o ciclo de aperto monet\u00e1rio iniciado pelo Banco Central, em setembro de 2024, chegou ao fim e os juros v\u00e3o parar de subir, devendo se estabilizar no patamar atual, de 14,75% at\u00e9 o fim deste ano.<\/p>\n\n\n\n<p>O cen\u00e1rio tra\u00e7ado pela equipe liderada pelo economista-chefe Fernando Honorato, \u00e9 baseado na hip\u00f3tese de que a desacelera\u00e7\u00e3o das economias norte-americana e chinesa ter\u00e1 efeitos na atividade global. Com isso, a proje\u00e7\u00e3o de crescimento do PIB mundial foi revisada de 3,1% para 2,3% em 2025.&nbsp;<\/p>\n\n\n\n<p>O economista-chefe do Bradesco, Fernando Honorato, reconheceu que os ajustes foram pontuais, reagindo a Trump. Na avalia\u00e7\u00e3o da equipe de economistas da institui\u00e7\u00e3o financeira, o acordo recente entre EUA e China pode reduzir o \u00edmpeto da desacelera\u00e7\u00e3o global, mas n\u00e3o impede que ocorra. <\/p>\n\n\n\n<p>&#8220;O constante vai e vem da pol\u00edtica comercial norte-americana dificulta a distin\u00e7\u00e3o entre sinal e ru\u00eddo na comunica\u00e7\u00e3o do novo governo. No entanto, dois eventos recentes colocam limites ao que podem ser as tarifas aplicadas pelos EUA ao final das negocia\u00e7\u00f5es\u201d, acrescentou o relat\u00f3rio divulgado nesta sexta-feira (16\/5), para clientes. O texto destacou que, no acordo com o Reino Unido, foi criado um piso de 10% para as tarifas e, com a China, foi instaurado um teto de 40%.&nbsp;<\/p>\n\n\n\n<p>\u2018Diante da maior clareza sobre a pol\u00edtica comercial dos EUA, ao menos por ora, revisamos novamente nossas proje\u00e7\u00f5es para o PIB global. Com isso, voltamos a projetar crescimento de 1,9% da economia dom\u00e9stica neste ano e mantivemos expans\u00e3o de 1,3% em 2026, at\u00e9 termos um pouco mais de clareza sobre a intensidade do funcionamento da pol\u00edtica monet\u00e1ria, que vir\u00e1 somente com os dados dos pr\u00f3ximos meses\u201d, acrescentou.<\/p>\n\n\n\n<p><strong>Fim do ciclo de alta de juros<\/strong><\/p>\n\n\n\n<p>Os analistas do Bradesco mantiveram em 14,75% a previs\u00e3o para a taxa b\u00e1sica da economia (Selic), em 14,75%. E as novas estimativas para o \u00cdndice de Pre\u00e7os ao Consumidor Amplo (IPCA), que mede a infla\u00e7\u00e3o oficial, passaram de 5,6% para 5,4% e a proje\u00e7\u00e3o para o d\u00f3lar de R$ 5,80 para R$ 5,70, tanto para o fim de 2025 quanto para o fim de 2026. E, para o IPCA, a proje\u00e7\u00e3o para o fim de 2026, manteve-se est\u00e1vel de 3,7%, assim como a da taxa Selic, de 11,75% anuais.&nbsp;<\/p>\n\n\n\n<p>\u201cEmbora as tarifas tenham vi\u00e9s inflacion\u00e1rio para os Estados Unidos, acreditamos que o excesso de oferta de bens industriais chineses resultar\u00e1 em uma ligeira desacelera\u00e7\u00e3o inflacion\u00e1ria no Brasil\u201d, destacou Honorato.&nbsp; Na avalia\u00e7\u00e3o do economista e sua equipe, o ciclo de alta da taxa b\u00e1sica da economia (Selic), iniciado pelo Banco Central em setembro de 2024, encerrou na \u00faltima reuni\u00e3o do Comit\u00ea de Pol\u00edtica Monet\u00e1ria (Copom), realizada nos dias 6 e 7 deste m\u00eas. E a perspectiva \u00e9 de que &#8220;a desacelera\u00e7\u00e3o da economia e da infla\u00e7\u00e3o no segundo semestre levar\u00e3o o BC a come\u00e7ar os cortes em dezembro&#8221;. <\/p>\n\n\n\n<p>\u201cA hip\u00f3tese de desacelera\u00e7\u00e3o da atividade tamb\u00e9m condiciona a descompress\u00e3o do IPCA. O \u00edndice cheio dever\u00e1 continuar pressionado pelos pre\u00e7os dos alimentos e, em 12 meses, far\u00e1 pico apenas em agosto. No entanto, prevemos que os servi\u00e7os comecem a desacelerar na margem, acompanhando o desempenho da economia\u201d, informou o documento.<\/p>\n","protected":false},"excerpt":{"rendered":"<p>Banco eleva de 1,8% para 1,9% estimativa de alta do PIB deste ano, mas mant\u00e9m em 1,3% a de 2026. Al\u00e9m disso, aposta que ciclo de alta da Selic terminou<\/p>\n","protected":false},"author":10,"featured_media":30909,"comment_status":"closed","ping_status":"open","sticky":false,"template":"","format":"standard","meta":{"_acf_changed":false,"inline_featured_image":false,"footnotes":""},"categories":[1872,1],"tags":[1549,2048,1993,2096,1961,2065,32,39,7,1354,84],"class_list":["post-32889","post","type-post","status-publish","format-standard","has-post-thumbnail","hentry","category-atividade-economica","category-sem-categoria","tag-bradesco","tag-china","tag-desaceleracao","tag-economia-global","tag-eua","tag-guerra-tarifaria","tag-inflacao","tag-juros","tag-pib","tag-revisao","tag-selic"],"acf":[],"yoast_head":"<!-- This site is optimized with the Yoast SEO plugin v27.3 - https:\/\/yoast.com\/product\/yoast-seo-wordpress\/ -->\n<title>Bradesco faz ajustes pontuais e aposta em fim de aperto monet\u00e1rio - Blog da Rosana Hessel<\/title>\n<meta name=\"description\" content=\"Banco eleva de 1,8% para 1,9% estimativa de alta do PIB deste ano, mas mant\u00e9m em 1,3% a de 2026. Al\u00e9m disso, aposta que ciclo de alta da Selic terminou\" \/>\n<meta name=\"robots\" content=\"index, follow, max-snippet:-1, max-image-preview:large, max-video-preview:-1\" \/>\n<link rel=\"canonical\" href=\"https:\/\/newblogs.correiobraziliense.com.br\/blog-da-rosana-hessel\/bradesco-faz-ajustes-pontuais-e-aposta-em-fim-de-aperto-monetario\/\" \/>\n<meta property=\"og:locale\" content=\"pt_BR\" \/>\n<meta property=\"og:type\" content=\"article\" \/>\n<meta property=\"og:title\" content=\"Bradesco faz ajustes pontuais e aposta em fim de aperto monet\u00e1rio - Blog da Rosana Hessel\" \/>\n<meta property=\"og:description\" content=\"Banco eleva de 1,8% para 1,9% estimativa de alta do PIB deste ano, mas mant\u00e9m em 1,3% a de 2026. Al\u00e9m disso, aposta que ciclo de alta da Selic terminou\" \/>\n<meta property=\"og:url\" content=\"https:\/\/newblogs.correiobraziliense.com.br\/blog-da-rosana-hessel\/bradesco-faz-ajustes-pontuais-e-aposta-em-fim-de-aperto-monetario\/\" \/>\n<meta property=\"og:site_name\" content=\"Blog da Rosana Hessel\" \/>\n<meta property=\"article:published_time\" content=\"2025-05-16T23:21:14+00:00\" \/>\n<meta property=\"article:modified_time\" content=\"2025-05-16T23:21:53+00:00\" \/>\n<meta property=\"og:image\" content=\"http:\/\/newblogs.correiobraziliense.com.br\/blog-da-rosana-hessel\/wp-content\/uploads\/sites\/5\/2024\/06\/cbpilu200720151484-6534134.jpg\" \/>\n\t<meta property=\"og:image:width\" content=\"1000\" \/>\n\t<meta property=\"og:image:height\" content=\"687\" \/>\n\t<meta property=\"og:image:type\" content=\"image\/jpeg\" \/>\n<meta name=\"author\" content=\"Rosana Hessel\" \/>\n<!-- \/ Yoast SEO plugin. -->","yoast_head_json":{"title":"Bradesco faz ajustes pontuais e aposta em fim de aperto monet\u00e1rio - Blog da Rosana Hessel","description":"Banco eleva de 1,8% para 1,9% estimativa de alta do PIB deste ano, mas mant\u00e9m em 1,3% a de 2026. Al\u00e9m disso, aposta que ciclo de alta da Selic terminou","robots":{"index":"index","follow":"follow","max-snippet":"max-snippet:-1","max-image-preview":"max-image-preview:large","max-video-preview":"max-video-preview:-1"},"canonical":"https:\/\/newblogs.correiobraziliense.com.br\/blog-da-rosana-hessel\/bradesco-faz-ajustes-pontuais-e-aposta-em-fim-de-aperto-monetario\/","og_locale":"pt_BR","og_type":"article","og_title":"Bradesco faz ajustes pontuais e aposta em fim de aperto monet\u00e1rio - Blog da Rosana Hessel","og_description":"Banco eleva de 1,8% para 1,9% estimativa de alta do PIB deste ano, mas mant\u00e9m em 1,3% a de 2026. Al\u00e9m disso, aposta que ciclo de alta da Selic terminou","og_url":"https:\/\/newblogs.correiobraziliense.com.br\/blog-da-rosana-hessel\/bradesco-faz-ajustes-pontuais-e-aposta-em-fim-de-aperto-monetario\/","og_site_name":"Blog da Rosana Hessel","article_published_time":"2025-05-16T23:21:14+00:00","article_modified_time":"2025-05-16T23:21:53+00:00","og_image":[{"width":1000,"height":687,"url":"http:\/\/newblogs.correiobraziliense.com.br\/blog-da-rosana-hessel\/wp-content\/uploads\/sites\/5\/2024\/06\/cbpilu200720151484-6534134.jpg","type":"image\/jpeg"}],"author":"Rosana Hessel","schema":{"@context":"https:\/\/schema.org","@graph":[{"@type":"Article","@id":"https:\/\/newblogs.correiobraziliense.com.br\/blog-da-rosana-hessel\/bradesco-faz-ajustes-pontuais-e-aposta-em-fim-de-aperto-monetario\/#article","isPartOf":{"@id":"https:\/\/newblogs.correiobraziliense.com.br\/blog-da-rosana-hessel\/bradesco-faz-ajustes-pontuais-e-aposta-em-fim-de-aperto-monetario\/"},"author":{"name":"Rosana Hessel","@id":"https:\/\/newblogs.correiobraziliense.com.br\/blog-da-rosana-hessel\/#\/schema\/person\/824cb3c631cf0d4056f75ca02599a930"},"headline":"Bradesco faz ajustes pontuais e aposta em fim de aperto monet\u00e1rio","datePublished":"2025-05-16T23:21:14+00:00","dateModified":"2025-05-16T23:21:53+00:00","mainEntityOfPage":{"@id":"https:\/\/newblogs.correiobraziliense.com.br\/blog-da-rosana-hessel\/bradesco-faz-ajustes-pontuais-e-aposta-em-fim-de-aperto-monetario\/"},"wordCount":633,"image":{"@id":"https:\/\/newblogs.correiobraziliense.com.br\/blog-da-rosana-hessel\/bradesco-faz-ajustes-pontuais-e-aposta-em-fim-de-aperto-monetario\/#primaryimage"},"thumbnailUrl":"https:\/\/newblogs.correiobraziliense.com.br\/blog-da-rosana-hessel\/wp-content\/uploads\/sites\/5\/2024\/06\/cbpilu200720151484-6534134.jpg","keywords":["Bradesco","China","desacelera\u00e7\u00e3o","economia global","EUA","guerra tarif\u00e1ria","infla\u00e7\u00e3o","juros","PIB","revis\u00e3o","Selic"],"articleSection":["Atividade econ\u00f4mica","Macroeconomia"],"inLanguage":"pt-BR"},{"@type":"WebPage","@id":"https:\/\/newblogs.correiobraziliense.com.br\/blog-da-rosana-hessel\/bradesco-faz-ajustes-pontuais-e-aposta-em-fim-de-aperto-monetario\/","url":"https:\/\/newblogs.correiobraziliense.com.br\/blog-da-rosana-hessel\/bradesco-faz-ajustes-pontuais-e-aposta-em-fim-de-aperto-monetario\/","name":"Bradesco faz ajustes pontuais e aposta em fim de aperto monet\u00e1rio - Blog da Rosana Hessel","isPartOf":{"@id":"https:\/\/newblogs.correiobraziliense.com.br\/blog-da-rosana-hessel\/#website"},"primaryImageOfPage":{"@id":"https:\/\/newblogs.correiobraziliense.com.br\/blog-da-rosana-hessel\/bradesco-faz-ajustes-pontuais-e-aposta-em-fim-de-aperto-monetario\/#primaryimage"},"image":{"@id":"https:\/\/newblogs.correiobraziliense.com.br\/blog-da-rosana-hessel\/bradesco-faz-ajustes-pontuais-e-aposta-em-fim-de-aperto-monetario\/#primaryimage"},"thumbnailUrl":"https:\/\/newblogs.correiobraziliense.com.br\/blog-da-rosana-hessel\/wp-content\/uploads\/sites\/5\/2024\/06\/cbpilu200720151484-6534134.jpg","datePublished":"2025-05-16T23:21:14+00:00","dateModified":"2025-05-16T23:21:53+00:00","author":{"@id":"https:\/\/newblogs.correiobraziliense.com.br\/blog-da-rosana-hessel\/#\/schema\/person\/824cb3c631cf0d4056f75ca02599a930"},"description":"Banco eleva de 1,8% para 1,9% estimativa de alta do PIB deste ano, mas mant\u00e9m em 1,3% a de 2026. Al\u00e9m disso, aposta que ciclo de alta da Selic terminou","breadcrumb":{"@id":"https:\/\/newblogs.correiobraziliense.com.br\/blog-da-rosana-hessel\/bradesco-faz-ajustes-pontuais-e-aposta-em-fim-de-aperto-monetario\/#breadcrumb"},"inLanguage":"pt-BR","potentialAction":[{"@type":"ReadAction","target":["https:\/\/newblogs.correiobraziliense.com.br\/blog-da-rosana-hessel\/bradesco-faz-ajustes-pontuais-e-aposta-em-fim-de-aperto-monetario\/"]}]},{"@type":"ImageObject","inLanguage":"pt-BR","@id":"https:\/\/newblogs.correiobraziliense.com.br\/blog-da-rosana-hessel\/bradesco-faz-ajustes-pontuais-e-aposta-em-fim-de-aperto-monetario\/#primaryimage","url":"https:\/\/newblogs.correiobraziliense.com.br\/blog-da-rosana-hessel\/wp-content\/uploads\/sites\/5\/2024\/06\/cbpilu200720151484-6534134.jpg","contentUrl":"https:\/\/newblogs.correiobraziliense.com.br\/blog-da-rosana-hessel\/wp-content\/uploads\/sites\/5\/2024\/06\/cbpilu200720151484-6534134.jpg","width":1000,"height":687},{"@type":"BreadcrumbList","@id":"https:\/\/newblogs.correiobraziliense.com.br\/blog-da-rosana-hessel\/bradesco-faz-ajustes-pontuais-e-aposta-em-fim-de-aperto-monetario\/#breadcrumb","itemListElement":[{"@type":"ListItem","position":1,"name":"In\u00edcio","item":"https:\/\/newblogs.correiobraziliense.com.br\/blog-da-rosana-hessel\/"},{"@type":"ListItem","position":2,"name":"Bradesco faz ajustes pontuais e aposta em fim de aperto monet\u00e1rio"}]},{"@type":"WebSite","@id":"https:\/\/newblogs.correiobraziliense.com.br\/blog-da-rosana-hessel\/#website","url":"https:\/\/newblogs.correiobraziliense.com.br\/blog-da-rosana-hessel\/","name":"Blog da Rosana Hessel","description":"Not\u00edcias atualizadas e an\u00e1lises sobre economia. Acompanhe-nos para entender as tend\u00eancias e os impactos econ\u00f4micos que influenciam o seu dia a dia, tanto no Brasil quanto no exterior.","potentialAction":[{"@type":"SearchAction","target":{"@type":"EntryPoint","urlTemplate":"https:\/\/newblogs.correiobraziliense.com.br\/blog-da-rosana-hessel\/?s={search_term_string}"},"query-input":{"@type":"PropertyValueSpecification","valueRequired":true,"valueName":"search_term_string"}}],"inLanguage":"pt-BR"},{"@type":"Person","@id":"https:\/\/newblogs.correiobraziliense.com.br\/blog-da-rosana-hessel\/#\/schema\/person\/824cb3c631cf0d4056f75ca02599a930","name":"Rosana Hessel","image":{"@type":"ImageObject","inLanguage":"pt-BR","@id":"https:\/\/secure.gravatar.com\/avatar\/fe780cf1839cf10cd6d682fb080611e0d2a459b64be8a8781778109777fbcfd3?s=96&d=mm&r=g","url":"https:\/\/secure.gravatar.com\/avatar\/fe780cf1839cf10cd6d682fb080611e0d2a459b64be8a8781778109777fbcfd3?s=96&d=mm&r=g","contentUrl":"https:\/\/secure.gravatar.com\/avatar\/fe780cf1839cf10cd6d682fb080611e0d2a459b64be8a8781778109777fbcfd3?s=96&d=mm&r=g","caption":"Rosana Hessel"},"description":"Formada pela Pontif\u00edcia Universidade Cat\u00f3lica de S\u00e3o Paulo (PUC-SP), \u00e9 jornalista de economia desde 1995, quando passou a integrar o time da Gazeta Mercantil. Est\u00e1 sempre atr\u00e1s da boa informa\u00e7\u00e3o. Possui especializa\u00e7\u00e3o em economia pela FGV e MBA em Finan\u00e7as pela FIA-USP. Trabalha no Correio Braziliense desde 2010. Ganhou o Pr\u00eamio Esso de Jornalismo Econ\u00f4mico em 2014 e em 2015 com a equipe do Correio. Foi finalista entre os 50 jornalistas +Admirados da Imprensa de Economia, Neg\u00f3cios e Finan\u00e7as 2024, promovido pela Jornalistas&amp;Cia.","url":"https:\/\/newblogs.correiobraziliense.com.br\/blog-da-rosana-hessel\/author\/rosanahessel\/"}]}},"_links":{"self":[{"href":"https:\/\/newblogs.correiobraziliense.com.br\/blog-da-rosana-hessel\/wp-json\/wp\/v2\/posts\/32889","targetHints":{"allow":["GET"]}}],"collection":[{"href":"https:\/\/newblogs.correiobraziliense.com.br\/blog-da-rosana-hessel\/wp-json\/wp\/v2\/posts"}],"about":[{"href":"https:\/\/newblogs.correiobraziliense.com.br\/blog-da-rosana-hessel\/wp-json\/wp\/v2\/types\/post"}],"author":[{"embeddable":true,"href":"https:\/\/newblogs.correiobraziliense.com.br\/blog-da-rosana-hessel\/wp-json\/wp\/v2\/users\/10"}],"replies":[{"embeddable":true,"href":"https:\/\/newblogs.correiobraziliense.com.br\/blog-da-rosana-hessel\/wp-json\/wp\/v2\/comments?post=32889"}],"version-history":[{"count":24,"href":"https:\/\/newblogs.correiobraziliense.com.br\/blog-da-rosana-hessel\/wp-json\/wp\/v2\/posts\/32889\/revisions"}],"predecessor-version":[{"id":32914,"href":"https:\/\/newblogs.correiobraziliense.com.br\/blog-da-rosana-hessel\/wp-json\/wp\/v2\/posts\/32889\/revisions\/32914"}],"wp:featuredmedia":[{"embeddable":true,"href":"https:\/\/newblogs.correiobraziliense.com.br\/blog-da-rosana-hessel\/wp-json\/wp\/v2\/media\/30909"}],"wp:attachment":[{"href":"https:\/\/newblogs.correiobraziliense.com.br\/blog-da-rosana-hessel\/wp-json\/wp\/v2\/media?parent=32889"}],"wp:term":[{"taxonomy":"category","embeddable":true,"href":"https:\/\/newblogs.correiobraziliense.com.br\/blog-da-rosana-hessel\/wp-json\/wp\/v2\/categories?post=32889"},{"taxonomy":"post_tag","embeddable":true,"href":"https:\/\/newblogs.correiobraziliense.com.br\/blog-da-rosana-hessel\/wp-json\/wp\/v2\/tags?post=32889"}],"curies":[{"name":"wp","href":"https:\/\/api.w.org\/{rel}","templated":true}]}}