{"id":32871,"date":"2025-05-13T08:57:05","date_gmt":"2025-05-13T11:57:05","guid":{"rendered":"https:\/\/newblogs.correiobraziliense.com.br\/blog-da-rosana-hessel\/?p=32871"},"modified":"2025-05-31T23:26:08","modified_gmt":"2025-06-01T02:26:08","slug":"ata-do-copom-nao-deixa-sinalizacao-futura-mas-amplia-uso-das-palavras-risco-e-fiscal","status":"publish","type":"post","link":"https:\/\/newblogs.correiobraziliense.com.br\/blog-da-rosana-hessel\/ata-do-copom-nao-deixa-sinalizacao-futura-mas-amplia-uso-das-palavras-risco-e-fiscal\/","title":{"rendered":"Ata do Copom n\u00e3o deixa sinaliza\u00e7\u00e3o futura, mas amplia uso das palavras risco e fiscal"},"content":{"rendered":"\n<p>Ao elevar a taxa b\u00e1sica da economia (Selic) de 14,25% para 14,75% ao ano na semana passada &#8212; maior patamar em 19 anos &#8211;, o Banco Central n\u00e3o deu sinais de quando poderia interromper o ciclo de alta dos juros, iniciado em setembro de 2024. E, na ata do Comit\u00ea de Pol\u00edtica Monet\u00e1ria (Copom), divulgada nesta ter\u00e7a-feira (13\/5), apesar de manter o n\u00famero de p\u00e1ginas, o BC amplia de nove para doze as vezes em que usa a palavra risco e de tr\u00eas para nove vezes as cita\u00e7\u00f5es da palavra fiscal. E, assim como no comunicado da reuni\u00e3o dos dias 6 e 7 deste m\u00eas, deixou em aberto a decis\u00e3o da pr\u00f3xima reuni\u00e3o, que ocorrer\u00e1 em junho e refor\u00e7ou duas vezes o recado da nota ao ampliar de 23 para 27 o n\u00famero de par\u00e1grafos da ata.<\/p>\n\n\n\n<p>&#8220;Com rela\u00e7\u00e3o \u00e0 pr\u00f3xima reuni\u00e3o, o Comit\u00ea avaliou que o cen\u00e1rio de elevada incerteza, aliado ao est\u00e1gio avan\u00e7ado do ciclo de ajuste e seus impactos acumulados ainda por serem observados, demanda cautela adicional na atua\u00e7\u00e3o da pol\u00edtica monet\u00e1ria e flexibilidade para incorporar os dados que impactem a din\u00e2mica de infla\u00e7\u00e3o&#8221;, escreveu o colegiado, acrescentando que &#8220;se manter\u00e1 vigilante e a calibragem do aperto monet\u00e1rio apropriado seguir\u00e1 guiada pelo objetivo de trazer a infla\u00e7\u00e3o \u00e0 meta no horizonte relevante e depender\u00e1 da evolu\u00e7\u00e3o da din\u00e2mica da infla\u00e7\u00e3o, em especial dos componentes mais sens\u00edveis \u00e0 atividade econ\u00f4mica e \u00e0 pol\u00edtica monet\u00e1ria, das proje\u00e7\u00f5es de infla\u00e7\u00e3o, das expectativas de infla\u00e7\u00e3o, do hiato do produto e do balan\u00e7o de riscos&#8221;.<\/p>\n\n\n\n<p>Em rela\u00e7\u00e3o aos riscos, o colegiado demonstrou preocupa\u00e7\u00e3o com a piora do cen\u00e1rio internacional, mas admitiu maior preocupa\u00e7\u00e3o com a quest\u00e3o fiscal e seus impactos na manuten\u00e7\u00e3o dos juros em patamares elevados devidos aos est\u00edmulos recentes do governo. O colegiado dedicou dois par\u00e1grafos para falar sobre essa quest\u00e3o. <\/p>\n\n\n\n<p> &#8220;A conjuntura externa, em particular os desenvolvimentos da pol\u00edtica comercial norte-americana, e a conjuntura dom\u00e9stica, em particular a pol\u00edtica fiscal, t\u00eam impactado os pre\u00e7os de ativos e as expectativas dos agentes. O Comit\u00ea segue acompanhando com aten\u00e7\u00e3o como os desenvolvimentos da pol\u00edtica fiscal impactam a pol\u00edtica monet\u00e1ria e os ativos financeiros&#8221;, destacou o texto.<\/p>\n\n\n\n<p>Conforme o documento, o Copom &#8220;segue utilizando a pol\u00edtica fiscal como insumo em sua an\u00e1lise e, dada a pol\u00edtica fiscal corrente e futura, adotar\u00e1 a condu\u00e7\u00e3o de pol\u00edtica monet\u00e1ria apropriada para a converg\u00eancia da infla\u00e7\u00e3o \u00e0 meta&#8221;. &#8220;O Comit\u00ea refor\u00e7ou a vis\u00e3o de que o esmorecimento no esfor\u00e7o de reformas estruturais e disciplina fiscal, o aumento de cr\u00e9dito direcionado e as incertezas sobre a estabiliza\u00e7\u00e3o da d\u00edvida p\u00fablica t\u00eam o potencial de elevar a taxa de juros neutra da economia, com impactos delet\u00e9rios sobre a pot\u00eancia da pol\u00edtica monet\u00e1ria e, consequentemente, sobre o custo de desinfla\u00e7\u00e3o em termos de atividade&#8221;, acrescentou.  <\/p>\n\n\n\n<p>O colegiado, em sua an\u00e1lise de atividade, manteve a firme convic\u00e7\u00e3o de que as pol\u00edticas devem ser previs\u00edveis, cr\u00edveis e antic\u00edclicas. &#8220;Em particular, o debate do Comit\u00ea evidenciou, novamente, a necessidade de pol\u00edticas fiscal e monet\u00e1ria harmoniosas&#8221;, emendou.&nbsp;<\/p>\n\n\n\n<p>De acordo com o comunicado destacou que &#8220;segue acompanhando com aten\u00e7\u00e3o como os desenvolvimentos da pol\u00edtica fiscal impactam a pol\u00edtica monet\u00e1ria e os ativos financeiros. O Copom refor\u00e7ou que &#8220;o cen\u00e1rio segue sendo marcado por expectativas desancoradas, proje\u00e7\u00f5es de infla\u00e7\u00e3o elevadas, resili\u00eancia na atividade econ\u00f4mica e press\u00f5es no mercado de trabalho&#8221; para refor\u00e7ar que o essas conjuntura &#8220;prescreve uma pol\u00edtica monet\u00e1ria em patamar significativamente contracionista por per\u00edodo prolongado para assegurar a converg\u00eancia da infla\u00e7\u00e3o \u00e0 meta&#8221;. <\/p>\n\n\n\n<p>Apesar da revis\u00e3o para baixo das expectativas do BC para a infla\u00e7\u00e3o deste ano e do pr\u00f3ximo, em rela\u00e7\u00e3o \u00e0 ata anterior, de 5,1% para 4,8%, em 2025, e de 3,9% para 3,6%, em 2026, as proje\u00e7\u00f5es seguem acima do centro da meta, de 3%, que tem um teto de 4,5%.<\/p>\n\n\n\n<p>Ao ressaltar que continua com a firme convic\u00e7\u00e3o de que as pol\u00edticas devem ser previs\u00edveis, cr\u00edveis e antic\u00edclicas, o colegiado destacou que, no per\u00edodo recente, &#8220;a percep\u00e7\u00e3o dos agentes econ\u00f4micos sobre o regime fiscal e a sustentabilidade da d\u00edvida seguiu impactando, de forma relevante, os pre\u00e7os de ativos e as expectativas dos agentes&#8221;.  Nesse sentido, o Copom &#8220;refor\u00e7ou a vis\u00e3o de que o esmorecimento no esfor\u00e7o de reformas estruturais e disciplina fiscal, o aumento de cr\u00e9dito direcionado e as incertezas sobre a estabiliza\u00e7\u00e3o da d\u00edvida p\u00fablica t\u00eam o potencial de elevar a taxa de juros neutra da economia, com impactos delet\u00e9rios sobre a pot\u00eancia da pol\u00edtica monet\u00e1ria e, consequentemente, sobre o custo de desinfla\u00e7\u00e3o em termos de atividade&#8221;.&nbsp;<\/p>\n\n\n\n\n","protected":false},"excerpt":{"rendered":"<p>Ata do Copom de maio mant\u00e9m em aberto decis\u00e3o para junho e refor\u00e7a preocupa\u00e7\u00e3o com incertezas externas e aumento dos est\u00edmulos fiscais<\/p>\n","protected":false},"author":10,"featured_media":32328,"comment_status":"closed","ping_status":"open","sticky":false,"template":"","format":"standard","meta":{"_acf_changed":false,"inline_featured_image":false,"footnotes":""},"categories":[1,1870],"tags":[2094,82,32,39,2095,1719,84],"class_list":["post-32871","post","type-post","status-publish","format-standard","has-post-thumbnail","hentry","category-sem-categoria","category-politica-monetaria","tag-ata-do-copom","tag-banco-central","tag-inflacao","tag-juros","tag-questao-fiscal","tag-riscos","tag-selic"],"acf":[],"yoast_head":"<!-- This site is optimized with the Yoast SEO plugin v27.3 - https:\/\/yoast.com\/product\/yoast-seo-wordpress\/ -->\n<title>Ata do Copom n\u00e3o deixa sinaliza\u00e7\u00e3o futura, mas amplia uso das palavras risco e fiscal - Blog da Rosana Hessel<\/title>\n<meta name=\"description\" content=\"Ata do Copom de maio mant\u00e9m em aberto decis\u00e3o para junho e refor\u00e7a preocupa\u00e7\u00e3o com incertezas externas e aumento dos est\u00edmulos fiscais\" \/>\n<meta name=\"robots\" content=\"index, follow, max-snippet:-1, max-image-preview:large, max-video-preview:-1\" \/>\n<link rel=\"canonical\" href=\"https:\/\/newblogs.correiobraziliense.com.br\/blog-da-rosana-hessel\/ata-do-copom-nao-deixa-sinalizacao-futura-mas-amplia-uso-das-palavras-risco-e-fiscal\/\" \/>\n<meta property=\"og:locale\" content=\"pt_BR\" \/>\n<meta property=\"og:type\" content=\"article\" \/>\n<meta property=\"og:title\" content=\"Ata do Copom n\u00e3o deixa sinaliza\u00e7\u00e3o futura, mas amplia uso das palavras risco e fiscal - Blog da Rosana Hessel\" \/>\n<meta property=\"og:description\" content=\"Ata do Copom de maio mant\u00e9m em aberto decis\u00e3o para junho e refor\u00e7a preocupa\u00e7\u00e3o com incertezas externas e aumento dos est\u00edmulos fiscais\" \/>\n<meta property=\"og:url\" content=\"https:\/\/newblogs.correiobraziliense.com.br\/blog-da-rosana-hessel\/ata-do-copom-nao-deixa-sinalizacao-futura-mas-amplia-uso-das-palavras-risco-e-fiscal\/\" \/>\n<meta property=\"og:site_name\" content=\"Blog da Rosana Hessel\" \/>\n<meta property=\"article:published_time\" content=\"2025-05-13T11:57:05+00:00\" \/>\n<meta property=\"article:modified_time\" content=\"2025-06-01T02:26:08+00:00\" \/>\n<meta property=\"og:image\" content=\"http:\/\/newblogs.correiobraziliense.com.br\/blog-da-rosana-hessel\/wp-content\/uploads\/sites\/5\/2025\/01\/copomjan2025.jpg\" \/>\n\t<meta property=\"og:image:width\" content=\"640\" \/>\n\t<meta property=\"og:image:height\" content=\"411\" \/>\n\t<meta property=\"og:image:type\" content=\"image\/jpeg\" \/>\n<meta name=\"author\" content=\"Rosana Hessel\" \/>\n<!-- \/ Yoast SEO plugin. -->","yoast_head_json":{"title":"Ata do Copom n\u00e3o deixa sinaliza\u00e7\u00e3o futura, mas amplia uso das palavras risco e fiscal - Blog da Rosana Hessel","description":"Ata do Copom de maio mant\u00e9m em aberto decis\u00e3o para junho e refor\u00e7a preocupa\u00e7\u00e3o com incertezas externas e aumento dos est\u00edmulos fiscais","robots":{"index":"index","follow":"follow","max-snippet":"max-snippet:-1","max-image-preview":"max-image-preview:large","max-video-preview":"max-video-preview:-1"},"canonical":"https:\/\/newblogs.correiobraziliense.com.br\/blog-da-rosana-hessel\/ata-do-copom-nao-deixa-sinalizacao-futura-mas-amplia-uso-das-palavras-risco-e-fiscal\/","og_locale":"pt_BR","og_type":"article","og_title":"Ata do Copom n\u00e3o deixa sinaliza\u00e7\u00e3o futura, mas amplia uso das palavras risco e fiscal - Blog da Rosana Hessel","og_description":"Ata do Copom de maio mant\u00e9m em aberto decis\u00e3o para junho e refor\u00e7a preocupa\u00e7\u00e3o com incertezas externas e aumento dos est\u00edmulos fiscais","og_url":"https:\/\/newblogs.correiobraziliense.com.br\/blog-da-rosana-hessel\/ata-do-copom-nao-deixa-sinalizacao-futura-mas-amplia-uso-das-palavras-risco-e-fiscal\/","og_site_name":"Blog da Rosana Hessel","article_published_time":"2025-05-13T11:57:05+00:00","article_modified_time":"2025-06-01T02:26:08+00:00","og_image":[{"width":640,"height":411,"url":"http:\/\/newblogs.correiobraziliense.com.br\/blog-da-rosana-hessel\/wp-content\/uploads\/sites\/5\/2025\/01\/copomjan2025.jpg","type":"image\/jpeg"}],"author":"Rosana Hessel","schema":{"@context":"https:\/\/schema.org","@graph":[{"@type":"Article","@id":"https:\/\/newblogs.correiobraziliense.com.br\/blog-da-rosana-hessel\/ata-do-copom-nao-deixa-sinalizacao-futura-mas-amplia-uso-das-palavras-risco-e-fiscal\/#article","isPartOf":{"@id":"https:\/\/newblogs.correiobraziliense.com.br\/blog-da-rosana-hessel\/ata-do-copom-nao-deixa-sinalizacao-futura-mas-amplia-uso-das-palavras-risco-e-fiscal\/"},"author":{"name":"Rosana Hessel","@id":"https:\/\/newblogs.correiobraziliense.com.br\/blog-da-rosana-hessel\/#\/schema\/person\/824cb3c631cf0d4056f75ca02599a930"},"headline":"Ata do Copom n\u00e3o deixa sinaliza\u00e7\u00e3o futura, mas amplia uso das palavras risco e fiscal","datePublished":"2025-05-13T11:57:05+00:00","dateModified":"2025-06-01T02:26:08+00:00","mainEntityOfPage":{"@id":"https:\/\/newblogs.correiobraziliense.com.br\/blog-da-rosana-hessel\/ata-do-copom-nao-deixa-sinalizacao-futura-mas-amplia-uso-das-palavras-risco-e-fiscal\/"},"wordCount":867,"image":{"@id":"https:\/\/newblogs.correiobraziliense.com.br\/blog-da-rosana-hessel\/ata-do-copom-nao-deixa-sinalizacao-futura-mas-amplia-uso-das-palavras-risco-e-fiscal\/#primaryimage"},"thumbnailUrl":"https:\/\/newblogs.correiobraziliense.com.br\/blog-da-rosana-hessel\/wp-content\/uploads\/sites\/5\/2025\/01\/copomjan2025.jpg","keywords":["ata do Copom","Banco Central","infla\u00e7\u00e3o","juros","quest\u00e3o fiscal","riscos","Selic"],"articleSection":["Macroeconomia","Pol\u00edtica monet\u00e1ria"],"inLanguage":"pt-BR"},{"@type":"WebPage","@id":"https:\/\/newblogs.correiobraziliense.com.br\/blog-da-rosana-hessel\/ata-do-copom-nao-deixa-sinalizacao-futura-mas-amplia-uso-das-palavras-risco-e-fiscal\/","url":"https:\/\/newblogs.correiobraziliense.com.br\/blog-da-rosana-hessel\/ata-do-copom-nao-deixa-sinalizacao-futura-mas-amplia-uso-das-palavras-risco-e-fiscal\/","name":"Ata do Copom n\u00e3o deixa sinaliza\u00e7\u00e3o futura, mas amplia uso das palavras risco e fiscal - Blog da Rosana Hessel","isPartOf":{"@id":"https:\/\/newblogs.correiobraziliense.com.br\/blog-da-rosana-hessel\/#website"},"primaryImageOfPage":{"@id":"https:\/\/newblogs.correiobraziliense.com.br\/blog-da-rosana-hessel\/ata-do-copom-nao-deixa-sinalizacao-futura-mas-amplia-uso-das-palavras-risco-e-fiscal\/#primaryimage"},"image":{"@id":"https:\/\/newblogs.correiobraziliense.com.br\/blog-da-rosana-hessel\/ata-do-copom-nao-deixa-sinalizacao-futura-mas-amplia-uso-das-palavras-risco-e-fiscal\/#primaryimage"},"thumbnailUrl":"https:\/\/newblogs.correiobraziliense.com.br\/blog-da-rosana-hessel\/wp-content\/uploads\/sites\/5\/2025\/01\/copomjan2025.jpg","datePublished":"2025-05-13T11:57:05+00:00","dateModified":"2025-06-01T02:26:08+00:00","author":{"@id":"https:\/\/newblogs.correiobraziliense.com.br\/blog-da-rosana-hessel\/#\/schema\/person\/824cb3c631cf0d4056f75ca02599a930"},"description":"Ata do Copom de maio mant\u00e9m em aberto decis\u00e3o para junho e refor\u00e7a preocupa\u00e7\u00e3o com incertezas externas e aumento dos est\u00edmulos fiscais","breadcrumb":{"@id":"https:\/\/newblogs.correiobraziliense.com.br\/blog-da-rosana-hessel\/ata-do-copom-nao-deixa-sinalizacao-futura-mas-amplia-uso-das-palavras-risco-e-fiscal\/#breadcrumb"},"inLanguage":"pt-BR","potentialAction":[{"@type":"ReadAction","target":["https:\/\/newblogs.correiobraziliense.com.br\/blog-da-rosana-hessel\/ata-do-copom-nao-deixa-sinalizacao-futura-mas-amplia-uso-das-palavras-risco-e-fiscal\/"]}]},{"@type":"ImageObject","inLanguage":"pt-BR","@id":"https:\/\/newblogs.correiobraziliense.com.br\/blog-da-rosana-hessel\/ata-do-copom-nao-deixa-sinalizacao-futura-mas-amplia-uso-das-palavras-risco-e-fiscal\/#primaryimage","url":"https:\/\/newblogs.correiobraziliense.com.br\/blog-da-rosana-hessel\/wp-content\/uploads\/sites\/5\/2025\/01\/copomjan2025.jpg","contentUrl":"https:\/\/newblogs.correiobraziliense.com.br\/blog-da-rosana-hessel\/wp-content\/uploads\/sites\/5\/2025\/01\/copomjan2025.jpg","width":640,"height":411,"caption":"Novo copom, 2025 Cr\u00e9dito: Raphael Ribeiro\/ Banco Central"},{"@type":"BreadcrumbList","@id":"https:\/\/newblogs.correiobraziliense.com.br\/blog-da-rosana-hessel\/ata-do-copom-nao-deixa-sinalizacao-futura-mas-amplia-uso-das-palavras-risco-e-fiscal\/#breadcrumb","itemListElement":[{"@type":"ListItem","position":1,"name":"In\u00edcio","item":"https:\/\/newblogs.correiobraziliense.com.br\/blog-da-rosana-hessel\/"},{"@type":"ListItem","position":2,"name":"Ata do Copom n\u00e3o deixa sinaliza\u00e7\u00e3o futura, mas amplia uso das palavras risco e fiscal"}]},{"@type":"WebSite","@id":"https:\/\/newblogs.correiobraziliense.com.br\/blog-da-rosana-hessel\/#website","url":"https:\/\/newblogs.correiobraziliense.com.br\/blog-da-rosana-hessel\/","name":"Blog da Rosana Hessel","description":"Not\u00edcias atualizadas e an\u00e1lises sobre economia. Acompanhe-nos para entender as tend\u00eancias e os impactos econ\u00f4micos que influenciam o seu dia a dia, tanto no Brasil quanto no exterior.","potentialAction":[{"@type":"SearchAction","target":{"@type":"EntryPoint","urlTemplate":"https:\/\/newblogs.correiobraziliense.com.br\/blog-da-rosana-hessel\/?s={search_term_string}"},"query-input":{"@type":"PropertyValueSpecification","valueRequired":true,"valueName":"search_term_string"}}],"inLanguage":"pt-BR"},{"@type":"Person","@id":"https:\/\/newblogs.correiobraziliense.com.br\/blog-da-rosana-hessel\/#\/schema\/person\/824cb3c631cf0d4056f75ca02599a930","name":"Rosana Hessel","image":{"@type":"ImageObject","inLanguage":"pt-BR","@id":"https:\/\/secure.gravatar.com\/avatar\/fe780cf1839cf10cd6d682fb080611e0d2a459b64be8a8781778109777fbcfd3?s=96&d=mm&r=g","url":"https:\/\/secure.gravatar.com\/avatar\/fe780cf1839cf10cd6d682fb080611e0d2a459b64be8a8781778109777fbcfd3?s=96&d=mm&r=g","contentUrl":"https:\/\/secure.gravatar.com\/avatar\/fe780cf1839cf10cd6d682fb080611e0d2a459b64be8a8781778109777fbcfd3?s=96&d=mm&r=g","caption":"Rosana Hessel"},"description":"Formada pela Pontif\u00edcia Universidade Cat\u00f3lica de S\u00e3o Paulo (PUC-SP), \u00e9 jornalista de economia desde 1995, quando passou a integrar o time da Gazeta Mercantil. Est\u00e1 sempre atr\u00e1s da boa informa\u00e7\u00e3o. Possui especializa\u00e7\u00e3o em economia pela FGV e MBA em Finan\u00e7as pela FIA-USP. Trabalha no Correio Braziliense desde 2010. Ganhou o Pr\u00eamio Esso de Jornalismo Econ\u00f4mico em 2014 e em 2015 com a equipe do Correio. Foi finalista entre os 50 jornalistas +Admirados da Imprensa de Economia, Neg\u00f3cios e Finan\u00e7as 2024, promovido pela Jornalistas&amp;Cia.","url":"https:\/\/newblogs.correiobraziliense.com.br\/blog-da-rosana-hessel\/author\/rosanahessel\/"}]}},"_links":{"self":[{"href":"https:\/\/newblogs.correiobraziliense.com.br\/blog-da-rosana-hessel\/wp-json\/wp\/v2\/posts\/32871","targetHints":{"allow":["GET"]}}],"collection":[{"href":"https:\/\/newblogs.correiobraziliense.com.br\/blog-da-rosana-hessel\/wp-json\/wp\/v2\/posts"}],"about":[{"href":"https:\/\/newblogs.correiobraziliense.com.br\/blog-da-rosana-hessel\/wp-json\/wp\/v2\/types\/post"}],"author":[{"embeddable":true,"href":"https:\/\/newblogs.correiobraziliense.com.br\/blog-da-rosana-hessel\/wp-json\/wp\/v2\/users\/10"}],"replies":[{"embeddable":true,"href":"https:\/\/newblogs.correiobraziliense.com.br\/blog-da-rosana-hessel\/wp-json\/wp\/v2\/comments?post=32871"}],"version-history":[{"count":11,"href":"https:\/\/newblogs.correiobraziliense.com.br\/blog-da-rosana-hessel\/wp-json\/wp\/v2\/posts\/32871\/revisions"}],"predecessor-version":[{"id":32947,"href":"https:\/\/newblogs.correiobraziliense.com.br\/blog-da-rosana-hessel\/wp-json\/wp\/v2\/posts\/32871\/revisions\/32947"}],"wp:featuredmedia":[{"embeddable":true,"href":"https:\/\/newblogs.correiobraziliense.com.br\/blog-da-rosana-hessel\/wp-json\/wp\/v2\/media\/32328"}],"wp:attachment":[{"href":"https:\/\/newblogs.correiobraziliense.com.br\/blog-da-rosana-hessel\/wp-json\/wp\/v2\/media?parent=32871"}],"wp:term":[{"taxonomy":"category","embeddable":true,"href":"https:\/\/newblogs.correiobraziliense.com.br\/blog-da-rosana-hessel\/wp-json\/wp\/v2\/categories?post=32871"},{"taxonomy":"post_tag","embeddable":true,"href":"https:\/\/newblogs.correiobraziliense.com.br\/blog-da-rosana-hessel\/wp-json\/wp\/v2\/tags?post=32871"}],"curies":[{"name":"wp","href":"https:\/\/api.w.org\/{rel}","templated":true}]}}