{"id":32829,"date":"2025-05-08T07:00:00","date_gmt":"2025-05-08T10:00:00","guid":{"rendered":"https:\/\/newblogs.correiobraziliense.com.br\/blog-da-rosana-hessel\/?p=32829"},"modified":"2025-05-07T23:05:49","modified_gmt":"2025-05-08T02:05:49","slug":"com-selic-a-1475-ao-ano-renda-fixa-segue-em-destaque-entre-aplicacoes","status":"publish","type":"post","link":"https:\/\/newblogs.correiobraziliense.com.br\/blog-da-rosana-hessel\/com-selic-a-1475-ao-ano-renda-fixa-segue-em-destaque-entre-aplicacoes\/","title":{"rendered":"Com Selic a 14,75% ao ano, renda fixa segue em destaque entre aplica\u00e7\u00f5es"},"content":{"rendered":"\n<p>O Banco Central decidiu, ontem, aumentar a taxa b\u00e1sica da economia (Selic) de 14,25% para 14,75% ao ano, a partir desta quinta-feira (8\/5), em decis\u00e3o un\u00e2nime do Comit\u00ea de Pol\u00edtica Monet\u00e1ria (Copom), anunciada ontem. Agora, com a taxa Selic no maior patamar em quase 20 anos, pelo menos, para os pr\u00f3ximos 45 dias, a renda fixa, segue em destaque entre v\u00e1rios outros tipos de investimentos no pa\u00eds, de acordo com analistas.<\/p>\n\n\n\n<p>\u201cN\u00e3o \u00e9 de hoje que a renda fixa est\u00e1 com tudo, isso ocorre desde setembro do ano passado, quando o BC come\u00e7ou a subir a Selic de novo\u201d, afirmou Miguel Jos\u00e9 Ribeiro de Oliveira, diretor-executivo de Estudos e Pesquisas Econ\u00f4micas da Associa\u00e7\u00e3o Nacional dos Executivos de Finan\u00e7as, Administra\u00e7\u00e3o e Contabilidade (Anefac). Conforme dados levantados por ele, al\u00e9m de o risco ser menor na renda fixa, \u00e9 poss\u00edvel ter retornos acima de dois d\u00edgitos por ano.<\/p>\n\n\n\n<p>Oliveira ressaltou que os juros mais altos afetam o cr\u00e9dito, mas, em rela\u00e7\u00e3o \u00e0s outras aplica\u00e7\u00f5es, como a poupan\u00e7a, que rende menos de 7% ao ano, h\u00e1 oportunidades mais rent\u00e1veis para o pequeno investidor. \u00c9 o caso de fundos DI e CDBs indexados ao Certificado de Dep\u00f3sito Interbanc\u00e1rio (CDI) \u2013&nbsp; que acompanha a taxa b\u00e1sica de juros \u2014, a exemplo do t\u00edtulo p\u00fablico Tesouro Selic.&nbsp;<\/p>\n\n\n\n<p>De acordo com o diretor da Anefac, esses investimentos, mesmo com o desconto do Imposto de Renda, em m\u00e9dia de 20%, est\u00e3o com rendimentos superiores aos da poupan\u00e7a \u2013 de 11,29% a 11,69% ao ano, pelos c\u00e1lculos de Oliveira &#8211;, enquanto a caderneta tem retorno de 6,17% anuais.\u00a0 <\/p>\n\n\n\n<p>\u201cEssas aplica\u00e7\u00f5es seguem sendo destaque entre as aplica\u00e7\u00f5es financeiras e devem continuar assim, e, como os resultados da Bolsa tamb\u00e9m devem ser afetados devido \u00e0 desacelera\u00e7\u00e3o da economia, a renda fixa tamb\u00e9m vai se destacar\u201d, explicou. <strong>\u00a0<\/strong><\/p>\n\n\n\n<p><strong>Oportunidades<\/strong><\/p>\n\n\n\n<p>Arley Junior, estrategista de investimentos do Santander, tamb\u00e9m destacou que a renda fixa segue \u00e0 frente como destaque nas indica\u00e7\u00f5es, mas, dentro da classe, h\u00e1, sim, oportunidades para diversifica\u00e7\u00e3o do portf\u00f3lio, buscando retornos acima do CDI. Nesse caso, \u00e9 importante olhar tamb\u00e9m para as demais classes, \u201cconsiderando a estrat\u00e9gia de obter uma cesta de investimentos equilibrada no contexto de diversifica\u00e7\u00e3o\u201d.<\/p>\n\n\n\n<p>\u201cA categoria de investimentos que chama aten\u00e7\u00e3o, por se conectar com essa condi\u00e7\u00e3o de fim de ciclo, s\u00e3o os investimentos com taxas prefixadas. Os ativos est\u00e3o com o pre\u00e7o um pouco mais baixo do que o do in\u00edcio do ano, mas seguem com bastante atratividade, considerando que s\u00e3o investimentos que ficar\u00e3o vigentes por cinco ou seis anos, al\u00e9m de ter op\u00e7\u00f5es isentas de IR\u201d, analisou o estrategista.&nbsp;<\/p>\n\n\n\n<p>Segundo ele, a Selic deve permanecer no novo patamar at\u00e9 o fim do ano, \u201cmas a perspectiva para 2026 \u00e9 de in\u00edcio de ciclo de corte de juros j\u00e1 no come\u00e7o do ano, o que deve favorecer os ativos de renda fixa prefixada, gerando ganhos na marca\u00e7\u00e3o a mercado\u201d. <\/p>\n\n\n\n<p>Conforme dados do boletim Focus, do Banco Central, a mediana das estimativas do mercado para a taxa Selic no fim deste ano \u00e9 de 14,75% ao ano, passando para 12,50% ao ano, no fim de 2026.  As apostas seguem acima de dois d\u00edgitos at\u00e9 2028, quando os juros b\u00e1sicos devem encerrar o ano a 10% no acumulado em 12 meses.<\/p>\n","protected":false},"excerpt":{"rendered":"<p>Renda fixa, que tem sido destaque desde o in\u00edcio do ciclo de aumento dos juros,  em setembro de 2024, deve seguir com bons retornos para o pequeno investidor, segundo analistas <\/p>\n","protected":false},"author":10,"featured_media":32708,"comment_status":"closed","ping_status":"open","sticky":false,"template":"","format":"standard","meta":{"_acf_changed":false,"inline_featured_image":false,"footnotes":""},"categories":[2087,2053,1870],"tags":[82,83,71,39,2088,84],"class_list":["post-32829","post","type-post","status-publish","format-standard","has-post-thumbnail","hentry","category-financas","category-investimentos","category-politica-monetaria","tag-banco-central","tag-copom","tag-investimentos","tag-juros","tag-renda-fixa","tag-selic"],"acf":[],"yoast_head":"<!-- This site is optimized with the Yoast SEO plugin v27.3 - https:\/\/yoast.com\/product\/yoast-seo-wordpress\/ -->\n<title>Com Selic a 14,75% ao ano, renda fixa segue em destaque entre aplica\u00e7\u00f5es - Blog da Rosana Hessel<\/title>\n<meta name=\"description\" content=\"Renda fixa, que tem sido destaque desde o in\u00edcio do ciclo de aumento dos juros, em setembro de 2024, deve seguir com bons retornos para o pequeno investidor, segundo analistas\" \/>\n<meta name=\"robots\" content=\"index, follow, max-snippet:-1, max-image-preview:large, max-video-preview:-1\" \/>\n<link rel=\"canonical\" href=\"https:\/\/newblogs.correiobraziliense.com.br\/blog-da-rosana-hessel\/com-selic-a-1475-ao-ano-renda-fixa-segue-em-destaque-entre-aplicacoes\/\" \/>\n<meta property=\"og:locale\" content=\"pt_BR\" \/>\n<meta property=\"og:type\" content=\"article\" \/>\n<meta property=\"og:title\" content=\"Com Selic a 14,75% ao ano, renda fixa segue em destaque entre aplica\u00e7\u00f5es - Blog da Rosana Hessel\" \/>\n<meta property=\"og:description\" content=\"Renda fixa, que tem sido destaque desde o in\u00edcio do ciclo de aumento dos juros, em setembro de 2024, deve seguir com bons retornos para o pequeno investidor, segundo analistas\" \/>\n<meta property=\"og:url\" content=\"https:\/\/newblogs.correiobraziliense.com.br\/blog-da-rosana-hessel\/com-selic-a-1475-ao-ano-renda-fixa-segue-em-destaque-entre-aplicacoes\/\" \/>\n<meta property=\"og:site_name\" content=\"Blog da Rosana Hessel\" \/>\n<meta property=\"article:published_time\" content=\"2025-05-08T10:00:00+00:00\" \/>\n<meta property=\"og:image\" content=\"https:\/\/newblogs.correiobraziliense.com.br\/blog-da-rosana-hessel\/wp-content\/uploads\/sites\/5\/2025\/04\/1_real_nota_moedas-31983026.webp\" \/>\n\t<meta property=\"og:image:width\" content=\"675\" \/>\n\t<meta property=\"og:image:height\" content=\"450\" \/>\n\t<meta property=\"og:image:type\" content=\"image\/webp\" \/>\n<meta name=\"author\" content=\"Rosana Hessel\" \/>\n<!-- \/ Yoast SEO plugin. -->","yoast_head_json":{"title":"Com Selic a 14,75% ao ano, renda fixa segue em destaque entre aplica\u00e7\u00f5es - Blog da Rosana Hessel","description":"Renda fixa, que tem sido destaque desde o in\u00edcio do ciclo de aumento dos juros, em setembro de 2024, deve seguir com bons retornos para o pequeno investidor, segundo analistas","robots":{"index":"index","follow":"follow","max-snippet":"max-snippet:-1","max-image-preview":"max-image-preview:large","max-video-preview":"max-video-preview:-1"},"canonical":"https:\/\/newblogs.correiobraziliense.com.br\/blog-da-rosana-hessel\/com-selic-a-1475-ao-ano-renda-fixa-segue-em-destaque-entre-aplicacoes\/","og_locale":"pt_BR","og_type":"article","og_title":"Com Selic a 14,75% ao ano, renda fixa segue em destaque entre aplica\u00e7\u00f5es - Blog da Rosana Hessel","og_description":"Renda fixa, que tem sido destaque desde o in\u00edcio do ciclo de aumento dos juros, em setembro de 2024, deve seguir com bons retornos para o pequeno investidor, segundo analistas","og_url":"https:\/\/newblogs.correiobraziliense.com.br\/blog-da-rosana-hessel\/com-selic-a-1475-ao-ano-renda-fixa-segue-em-destaque-entre-aplicacoes\/","og_site_name":"Blog da Rosana Hessel","article_published_time":"2025-05-08T10:00:00+00:00","og_image":[{"width":675,"height":450,"url":"https:\/\/newblogs.correiobraziliense.com.br\/blog-da-rosana-hessel\/wp-content\/uploads\/sites\/5\/2025\/04\/1_real_nota_moedas-31983026.webp","type":"image\/webp"}],"author":"Rosana Hessel","schema":{"@context":"https:\/\/schema.org","@graph":[{"@type":"Article","@id":"https:\/\/newblogs.correiobraziliense.com.br\/blog-da-rosana-hessel\/com-selic-a-1475-ao-ano-renda-fixa-segue-em-destaque-entre-aplicacoes\/#article","isPartOf":{"@id":"https:\/\/newblogs.correiobraziliense.com.br\/blog-da-rosana-hessel\/com-selic-a-1475-ao-ano-renda-fixa-segue-em-destaque-entre-aplicacoes\/"},"author":{"name":"Rosana Hessel","@id":"https:\/\/newblogs.correiobraziliense.com.br\/blog-da-rosana-hessel\/#\/schema\/person\/824cb3c631cf0d4056f75ca02599a930"},"headline":"Com Selic a 14,75% ao ano, renda fixa segue em destaque entre aplica\u00e7\u00f5es","datePublished":"2025-05-08T10:00:00+00:00","mainEntityOfPage":{"@id":"https:\/\/newblogs.correiobraziliense.com.br\/blog-da-rosana-hessel\/com-selic-a-1475-ao-ano-renda-fixa-segue-em-destaque-entre-aplicacoes\/"},"wordCount":578,"image":{"@id":"https:\/\/newblogs.correiobraziliense.com.br\/blog-da-rosana-hessel\/com-selic-a-1475-ao-ano-renda-fixa-segue-em-destaque-entre-aplicacoes\/#primaryimage"},"thumbnailUrl":"https:\/\/newblogs.correiobraziliense.com.br\/blog-da-rosana-hessel\/wp-content\/uploads\/sites\/5\/2025\/04\/1_real_nota_moedas-31983026.webp","keywords":["Banco Central","Copom","investimentos","juros","renda fixa","Selic"],"articleSection":["Finan\u00e7as","Investimentos","Pol\u00edtica monet\u00e1ria"],"inLanguage":"pt-BR"},{"@type":"WebPage","@id":"https:\/\/newblogs.correiobraziliense.com.br\/blog-da-rosana-hessel\/com-selic-a-1475-ao-ano-renda-fixa-segue-em-destaque-entre-aplicacoes\/","url":"https:\/\/newblogs.correiobraziliense.com.br\/blog-da-rosana-hessel\/com-selic-a-1475-ao-ano-renda-fixa-segue-em-destaque-entre-aplicacoes\/","name":"Com Selic a 14,75% ao ano, renda fixa segue em destaque entre aplica\u00e7\u00f5es - Blog da Rosana Hessel","isPartOf":{"@id":"https:\/\/newblogs.correiobraziliense.com.br\/blog-da-rosana-hessel\/#website"},"primaryImageOfPage":{"@id":"https:\/\/newblogs.correiobraziliense.com.br\/blog-da-rosana-hessel\/com-selic-a-1475-ao-ano-renda-fixa-segue-em-destaque-entre-aplicacoes\/#primaryimage"},"image":{"@id":"https:\/\/newblogs.correiobraziliense.com.br\/blog-da-rosana-hessel\/com-selic-a-1475-ao-ano-renda-fixa-segue-em-destaque-entre-aplicacoes\/#primaryimage"},"thumbnailUrl":"https:\/\/newblogs.correiobraziliense.com.br\/blog-da-rosana-hessel\/wp-content\/uploads\/sites\/5\/2025\/04\/1_real_nota_moedas-31983026.webp","datePublished":"2025-05-08T10:00:00+00:00","author":{"@id":"https:\/\/newblogs.correiobraziliense.com.br\/blog-da-rosana-hessel\/#\/schema\/person\/824cb3c631cf0d4056f75ca02599a930"},"description":"Renda fixa, que tem sido destaque desde o in\u00edcio do ciclo de aumento dos juros, em setembro de 2024, deve seguir com bons retornos para o pequeno investidor, segundo analistas","breadcrumb":{"@id":"https:\/\/newblogs.correiobraziliense.com.br\/blog-da-rosana-hessel\/com-selic-a-1475-ao-ano-renda-fixa-segue-em-destaque-entre-aplicacoes\/#breadcrumb"},"inLanguage":"pt-BR","potentialAction":[{"@type":"ReadAction","target":["https:\/\/newblogs.correiobraziliense.com.br\/blog-da-rosana-hessel\/com-selic-a-1475-ao-ano-renda-fixa-segue-em-destaque-entre-aplicacoes\/"]}]},{"@type":"ImageObject","inLanguage":"pt-BR","@id":"https:\/\/newblogs.correiobraziliense.com.br\/blog-da-rosana-hessel\/com-selic-a-1475-ao-ano-renda-fixa-segue-em-destaque-entre-aplicacoes\/#primaryimage","url":"https:\/\/newblogs.correiobraziliense.com.br\/blog-da-rosana-hessel\/wp-content\/uploads\/sites\/5\/2025\/04\/1_real_nota_moedas-31983026.webp","contentUrl":"https:\/\/newblogs.correiobraziliense.com.br\/blog-da-rosana-hessel\/wp-content\/uploads\/sites\/5\/2025\/04\/1_real_nota_moedas-31983026.webp","width":675,"height":450,"caption":"moeda 1 real e notas. cr\u00e9dito: Marcello Casal Jr\/Ag\u00eancia Brasil"},{"@type":"BreadcrumbList","@id":"https:\/\/newblogs.correiobraziliense.com.br\/blog-da-rosana-hessel\/com-selic-a-1475-ao-ano-renda-fixa-segue-em-destaque-entre-aplicacoes\/#breadcrumb","itemListElement":[{"@type":"ListItem","position":1,"name":"In\u00edcio","item":"https:\/\/newblogs.correiobraziliense.com.br\/blog-da-rosana-hessel\/"},{"@type":"ListItem","position":2,"name":"Com Selic a 14,75% ao ano, renda fixa segue em destaque entre aplica\u00e7\u00f5es"}]},{"@type":"WebSite","@id":"https:\/\/newblogs.correiobraziliense.com.br\/blog-da-rosana-hessel\/#website","url":"https:\/\/newblogs.correiobraziliense.com.br\/blog-da-rosana-hessel\/","name":"Blog da Rosana Hessel","description":"Not\u00edcias atualizadas e an\u00e1lises sobre economia. Acompanhe-nos para entender as tend\u00eancias e os impactos econ\u00f4micos que influenciam o seu dia a dia, tanto no Brasil quanto no exterior.","potentialAction":[{"@type":"SearchAction","target":{"@type":"EntryPoint","urlTemplate":"https:\/\/newblogs.correiobraziliense.com.br\/blog-da-rosana-hessel\/?s={search_term_string}"},"query-input":{"@type":"PropertyValueSpecification","valueRequired":true,"valueName":"search_term_string"}}],"inLanguage":"pt-BR"},{"@type":"Person","@id":"https:\/\/newblogs.correiobraziliense.com.br\/blog-da-rosana-hessel\/#\/schema\/person\/824cb3c631cf0d4056f75ca02599a930","name":"Rosana Hessel","image":{"@type":"ImageObject","inLanguage":"pt-BR","@id":"https:\/\/secure.gravatar.com\/avatar\/fe780cf1839cf10cd6d682fb080611e0d2a459b64be8a8781778109777fbcfd3?s=96&d=mm&r=g","url":"https:\/\/secure.gravatar.com\/avatar\/fe780cf1839cf10cd6d682fb080611e0d2a459b64be8a8781778109777fbcfd3?s=96&d=mm&r=g","contentUrl":"https:\/\/secure.gravatar.com\/avatar\/fe780cf1839cf10cd6d682fb080611e0d2a459b64be8a8781778109777fbcfd3?s=96&d=mm&r=g","caption":"Rosana Hessel"},"description":"Formada pela Pontif\u00edcia Universidade Cat\u00f3lica de S\u00e3o Paulo (PUC-SP), \u00e9 jornalista de economia desde 1995, quando passou a integrar o time da Gazeta Mercantil. Est\u00e1 sempre atr\u00e1s da boa informa\u00e7\u00e3o. Possui especializa\u00e7\u00e3o em economia pela FGV e MBA em Finan\u00e7as pela FIA-USP. Trabalha no Correio Braziliense desde 2010. Ganhou o Pr\u00eamio Esso de Jornalismo Econ\u00f4mico em 2014 e em 2015 com a equipe do Correio. Foi finalista entre os 50 jornalistas +Admirados da Imprensa de Economia, Neg\u00f3cios e Finan\u00e7as 2024, promovido pela Jornalistas&amp;Cia.","url":"https:\/\/newblogs.correiobraziliense.com.br\/blog-da-rosana-hessel\/author\/rosanahessel\/"}]}},"_links":{"self":[{"href":"https:\/\/newblogs.correiobraziliense.com.br\/blog-da-rosana-hessel\/wp-json\/wp\/v2\/posts\/32829","targetHints":{"allow":["GET"]}}],"collection":[{"href":"https:\/\/newblogs.correiobraziliense.com.br\/blog-da-rosana-hessel\/wp-json\/wp\/v2\/posts"}],"about":[{"href":"https:\/\/newblogs.correiobraziliense.com.br\/blog-da-rosana-hessel\/wp-json\/wp\/v2\/types\/post"}],"author":[{"embeddable":true,"href":"https:\/\/newblogs.correiobraziliense.com.br\/blog-da-rosana-hessel\/wp-json\/wp\/v2\/users\/10"}],"replies":[{"embeddable":true,"href":"https:\/\/newblogs.correiobraziliense.com.br\/blog-da-rosana-hessel\/wp-json\/wp\/v2\/comments?post=32829"}],"version-history":[{"count":11,"href":"https:\/\/newblogs.correiobraziliense.com.br\/blog-da-rosana-hessel\/wp-json\/wp\/v2\/posts\/32829\/revisions"}],"predecessor-version":[{"id":32840,"href":"https:\/\/newblogs.correiobraziliense.com.br\/blog-da-rosana-hessel\/wp-json\/wp\/v2\/posts\/32829\/revisions\/32840"}],"wp:featuredmedia":[{"embeddable":true,"href":"https:\/\/newblogs.correiobraziliense.com.br\/blog-da-rosana-hessel\/wp-json\/wp\/v2\/media\/32708"}],"wp:attachment":[{"href":"https:\/\/newblogs.correiobraziliense.com.br\/blog-da-rosana-hessel\/wp-json\/wp\/v2\/media?parent=32829"}],"wp:term":[{"taxonomy":"category","embeddable":true,"href":"https:\/\/newblogs.correiobraziliense.com.br\/blog-da-rosana-hessel\/wp-json\/wp\/v2\/categories?post=32829"},{"taxonomy":"post_tag","embeddable":true,"href":"https:\/\/newblogs.correiobraziliense.com.br\/blog-da-rosana-hessel\/wp-json\/wp\/v2\/tags?post=32829"}],"curies":[{"name":"wp","href":"https:\/\/api.w.org\/{rel}","templated":true}]}}