{"id":32533,"date":"2025-03-19T09:01:51","date_gmt":"2025-03-19T12:01:51","guid":{"rendered":"https:\/\/newblogs.correiobraziliense.com.br\/blog-da-rosana-hessel\/?p=32533"},"modified":"2025-03-19T12:21:13","modified_gmt":"2025-03-19T15:21:13","slug":"genial-quaest-para-85-do-mercado-financeiro-haddad-e-o-ministro-mais-fraco-do-governo","status":"publish","type":"post","link":"https:\/\/newblogs.correiobraziliense.com.br\/blog-da-rosana-hessel\/genial-quaest-para-85-do-mercado-financeiro-haddad-e-o-ministro-mais-fraco-do-governo\/","title":{"rendered":"Genial\/Quaest: Para 85% do mercado financeiro, Haddad \u00e9 o ministro mais fraco do governo"},"content":{"rendered":"\n<p>A avalia\u00e7\u00e3o negativa do presidente Luiz In\u00e1cio Lula da Silva na primeira rodada de 2025 da pesquisa Genial\/Quaest \u201cO que pensa o mercado financeiro\u201d, divulgada nesta quarta-feira (19\/3), recuou levemente para 88%, em mar\u00e7o, frente aos 90% de dezembro de 2024.  Contudo, apresenta um salto de 24% para 58% na <a href=\"https:\/\/www.correiobraziliense.com.br\/economia\/2025\/03\/7087935-genial-quaest-avaliacao-negativa-de-haddad-no-mercado-sobe-para-58.html\">avalia\u00e7\u00e3o negativa do ministro da Fazenda, Fernando Haddad, na mesma base de compara\u00e7\u00e3o<\/a>.&nbsp;A avalia\u00e7\u00e3o positiva do ministro Haddad caiu de 41% para 10% no per\u00edodo e ele \u00e9 considerado o ministro mais fraco do governo por 85% dos entrevistados.<\/p>\n\n\n\n<p>De acordo com o levantamento da Quaest em parceria da Genial Investimentos, a expectativa em rela\u00e7\u00e3o \u00e0 economia brasileira tamb\u00e9m continua negativa. Para 83% dos entrevistados haver\u00e1 piora na atividade econ\u00f4mica e 58% deles apontam para uma recess\u00e3o. E, em rela\u00e7\u00e3o \u00e0 infla\u00e7\u00e3o, 82% afirmaram que ela terminar\u00e1 este ano maior do que em 2024.<\/p>\n\n\n\n<p>Felipe Nunes, diretor e fundador da Quaest, destacou nas redes sociais que a pesquisa mostra que o mercado continua rejeitando Lula, piorou a avalia\u00e7\u00e3o do ministro da Fazenda, &#8220;mas aprova Galipolo no Banco Central&#8221;.<\/p>\n\n\n\n<p>Al\u00e9m disso, conforme o levantamento, 90% das respostas afirmaram que a redu\u00e7\u00e3o do imposto de importa\u00e7\u00e3o de v\u00e1rios produtos aliment\u00edcios, como carne, sardinha e azeite, n\u00e3o vai baixar os pre\u00e7os dos alimentos. Apenas 8% acreditam na efic\u00e1cia da medida.<\/p>\n\n\n\n<p><strong>Cr\u00edticas \u00e0 Gleisi<\/strong><\/p>\n\n\n\n<p>Em rela\u00e7\u00e3o ao presidente dos Estados Unidos, Donald Trump, 66% dos entrevistados avaliam que o governo do republicado ser\u00e1 negativo para a economia brasileira. Apesar disso, 78% s\u00e3o de opini\u00e3o de que as tarifas impostas por Trump ter\u00e3o impacto pequeno sobre a atividade dom\u00e9stica.<\/p>\n\n\n\n<p>Pesam nessa vis\u00e3o negativa do governo, segundo a pesquisa, a avalia\u00e7\u00e3o de que a reforma ministerial n\u00e3o resolver\u00e1 o problema de governabilidade na opini\u00e3o de 98% dos entrevistados. Para 90% deles, a indica\u00e7\u00e3o de Gleisi Hoffmann para chefiar a Secretaria de Rela\u00e7\u00f5es Institucionais da Presid\u00eancia \u201cfoi um erro\u201d, pois o motivo da reforma ministerial foi defender a base aliada, em vez de ampli\u00e1-la, no entender de 89% dos entrevistados.\u00a0<\/p>\n\n\n\n<p>Logo, 58% das respostas acreditam que o governo tem baixa capacidade de aprovar sua agenda no Congresso Nacional.\u00a0<\/p>\n\n\n\n<p><strong>Aprova\u00e7\u00e3o do Banco Central<\/strong><\/p>\n\n\n\n<p>Enquanto isso, o presidente do Banco Central, Gabriel Gal\u00edpolo, \u00e9 avaliado positivamente por 45% e tem sua gest\u00e3o avaliada como regular por 41%. Apenas 8% o avaliam negativamente. De acordo com a pesquisa, a gest\u00e3o de Gal\u00edpolo corresponde \u00e0s expectativas de 49% dos entrevistados e est\u00e1 melhor que o esperado para 20%, enquanto 28% consideram cedo para avaliar.&nbsp;<\/p>\n\n\n\n<p>Em rela\u00e7\u00e3o \u00e0s decis\u00f5es do presidente do BC, 58% consideram que \u00e9 muito cedo para avaliar, enquanto 38% dizem que foram decis\u00f5es t\u00e9cnicas e 5% apontam para decis\u00f5es pol\u00edticas.&nbsp;<\/p>\n\n\n\n<p>As proje\u00e7\u00f5es do mercado para o ano apontam para uma infla\u00e7\u00e3o acumulada de 6,01%, bem acima do teto da meta, de 4,50%, e d\u00f3lar a R$ 5,96 no fim do ano. Hoje, no segundo dia da reuni\u00e3o do Comit\u00ea de Pol\u00edtica Monet\u00e1ria (Copom), do Banco Central, decidir\u00e1 novamente por um aumento na taxa b\u00e1sica da economia (Selic), atualmente em 13,25% ao ano, para 14,25% anuais.<\/p>\n\n\n\n<p><strong>Elei\u00e7\u00f5es&nbsp;<\/strong><\/p>\n\n\n\n<p>A pesquisa dedicou um bloco \u00e0 elei\u00e7\u00e3o presidencial de 2026 e constatou que a expectativa da candidatura do presidente Lula \u00e0 reelei\u00e7\u00e3o est\u00e1 em queda. Em mar\u00e7o de 2024, 86% acreditavam nessa possibilidade; em dezembro, esse percentual passou para 70% e, nesta rodada, recuou novamente, agora para 60%.&nbsp;<\/p>\n\n\n\n<p>H\u00e1 um ano, 53% apontavam Lula como favorito, contra 47% que acreditavam em derrota. Nesta edi\u00e7\u00e3o, 66% acreditam que o presidente sairia derrotado, contra 27% que apostam na reelei\u00e7\u00e3o. Caso Lula n\u00e3o seja candidato, o ministro Fernando Haddad \u00e9 apontado por 57% como o prov\u00e1vel candidato da esquerda. O governador de S\u00e3o Paulo, Tarcisio de Freitas (Republicanos), \u00e9 o candidato com mais chance de vencer a esquerda nas pr\u00f3ximas elei\u00e7\u00f5es na opini\u00e3o de 93% dos entrevistados.<\/p>\n\n\n\n<p><strong>Veja alguns destaques da pesquisa:<\/strong><\/p>\n\n\n\n<figure class=\"wp-block-image size-large\"><img decoding=\"async\" src=\"http:\/\/newblogs.correiobraziliense.com.br\/blog-da-rosana-hessel\/wp-content\/uploads\/sites\/5\/2025\/03\/genialquaest2-961x1024.jpg\" alt=\"\" class=\"wp-image-32535\" \/><\/figure>\n\n\n\n<figure class=\"wp-block-image size-large\"><img decoding=\"async\" src=\"http:\/\/newblogs.correiobraziliense.com.br\/blog-da-rosana-hessel\/wp-content\/uploads\/sites\/5\/2025\/03\/genialquaest1-883x1024.jpg\" alt=\"\" class=\"wp-image-32534\" \/><\/figure>\n","protected":false},"excerpt":{"rendered":"<p>Na primeira rodada de 2025 da pesquisa Genial\/Quaest sobre o que pensa o mercado financeiro, avalia\u00e7\u00e3o negativa de Lula fica em 88% e, para 85% dos entrevistados, Fernando Haddad \u00e9 o ministro mais fraco do governo. Gabriel Gal\u00edpolo tem avalia\u00e7\u00e3o positiva de 45%<\/p>\n","protected":false},"author":10,"featured_media":31977,"comment_status":"closed","ping_status":"open","sticky":false,"template":"","format":"standard","meta":{"_acf_changed":false,"inline_featured_image":false,"footnotes":""},"categories":[1886],"tags":[82,114,366,1058,118,318,562],"class_list":["post-32533","post","type-post","status-publish","format-standard","has-post-thumbnail","hentry","category-pesquisa","tag-banco-central","tag-economia","tag-eleicoes","tag-haddad","tag-lula","tag-mercado-financeiro","tag-pesquisa-genial-quaest"],"acf":[],"yoast_head":"<!-- This site is optimized with the Yoast SEO plugin v27.3 - https:\/\/yoast.com\/product\/yoast-seo-wordpress\/ -->\n<title>Genial\/Quaest: Para 85% do mercado financeiro, Haddad \u00e9 o ministro mais fraco do governo - Blog da Rosana Hessel<\/title>\n<meta name=\"description\" content=\"Na primeira rodada de 2025 da pesquisa Genial\/Quaest sobre o que pensa o mercado financeiro, avalia\u00e7\u00e3o negativa de Lula fica em 88% e, para 85% dos entrevistados, Fernando Haddad \u00e9 o ministro mais fraco do governo. Gabriel Gal\u00edpolo tem avalia\u00e7\u00e3o positiva de 45%\" \/>\n<meta name=\"robots\" content=\"index, follow, max-snippet:-1, max-image-preview:large, max-video-preview:-1\" \/>\n<link rel=\"canonical\" href=\"https:\/\/newblogs.correiobraziliense.com.br\/blog-da-rosana-hessel\/genial-quaest-para-85-do-mercado-financeiro-haddad-e-o-ministro-mais-fraco-do-governo\/\" \/>\n<meta property=\"og:locale\" content=\"pt_BR\" \/>\n<meta property=\"og:type\" content=\"article\" \/>\n<meta property=\"og:title\" content=\"Genial\/Quaest: Para 85% do mercado financeiro, Haddad \u00e9 o ministro mais fraco do governo - Blog da Rosana Hessel\" \/>\n<meta property=\"og:description\" content=\"Na primeira rodada de 2025 da pesquisa Genial\/Quaest sobre o que pensa o mercado financeiro, avalia\u00e7\u00e3o negativa de Lula fica em 88% e, para 85% dos entrevistados, Fernando Haddad \u00e9 o ministro mais fraco do governo. Gabriel Gal\u00edpolo tem avalia\u00e7\u00e3o positiva de 45%\" \/>\n<meta property=\"og:url\" content=\"https:\/\/newblogs.correiobraziliense.com.br\/blog-da-rosana-hessel\/genial-quaest-para-85-do-mercado-financeiro-haddad-e-o-ministro-mais-fraco-do-governo\/\" \/>\n<meta property=\"og:site_name\" content=\"Blog da Rosana Hessel\" \/>\n<meta property=\"article:published_time\" content=\"2025-03-19T12:01:51+00:00\" \/>\n<meta property=\"article:modified_time\" content=\"2025-03-19T15:21:13+00:00\" \/>\n<meta property=\"og:image\" content=\"http:\/\/newblogs.correiobraziliense.com.br\/blog-da-rosana-hessel\/wp-content\/uploads\/sites\/5\/2024\/12\/HaddadeLula.jpg\" \/>\n\t<meta property=\"og:image:width\" content=\"675\" \/>\n\t<meta property=\"og:image:height\" content=\"450\" \/>\n\t<meta property=\"og:image:type\" content=\"image\/jpeg\" \/>\n<meta name=\"author\" content=\"Rosana Hessel\" \/>\n<!-- \/ Yoast SEO plugin. -->","yoast_head_json":{"title":"Genial\/Quaest: Para 85% do mercado financeiro, Haddad \u00e9 o ministro mais fraco do governo - Blog da Rosana Hessel","description":"Na primeira rodada de 2025 da pesquisa Genial\/Quaest sobre o que pensa o mercado financeiro, avalia\u00e7\u00e3o negativa de Lula fica em 88% e, para 85% dos entrevistados, Fernando Haddad \u00e9 o ministro mais fraco do governo. Gabriel Gal\u00edpolo tem avalia\u00e7\u00e3o positiva de 45%","robots":{"index":"index","follow":"follow","max-snippet":"max-snippet:-1","max-image-preview":"max-image-preview:large","max-video-preview":"max-video-preview:-1"},"canonical":"https:\/\/newblogs.correiobraziliense.com.br\/blog-da-rosana-hessel\/genial-quaest-para-85-do-mercado-financeiro-haddad-e-o-ministro-mais-fraco-do-governo\/","og_locale":"pt_BR","og_type":"article","og_title":"Genial\/Quaest: Para 85% do mercado financeiro, Haddad \u00e9 o ministro mais fraco do governo - Blog da Rosana Hessel","og_description":"Na primeira rodada de 2025 da pesquisa Genial\/Quaest sobre o que pensa o mercado financeiro, avalia\u00e7\u00e3o negativa de Lula fica em 88% e, para 85% dos entrevistados, Fernando Haddad \u00e9 o ministro mais fraco do governo. Gabriel Gal\u00edpolo tem avalia\u00e7\u00e3o positiva de 45%","og_url":"https:\/\/newblogs.correiobraziliense.com.br\/blog-da-rosana-hessel\/genial-quaest-para-85-do-mercado-financeiro-haddad-e-o-ministro-mais-fraco-do-governo\/","og_site_name":"Blog da Rosana Hessel","article_published_time":"2025-03-19T12:01:51+00:00","article_modified_time":"2025-03-19T15:21:13+00:00","og_image":[{"width":675,"height":450,"url":"http:\/\/newblogs.correiobraziliense.com.br\/blog-da-rosana-hessel\/wp-content\/uploads\/sites\/5\/2024\/12\/HaddadeLula.jpg","type":"image\/jpeg"}],"author":"Rosana Hessel","schema":{"@context":"https:\/\/schema.org","@graph":[{"@type":"Article","@id":"https:\/\/newblogs.correiobraziliense.com.br\/blog-da-rosana-hessel\/genial-quaest-para-85-do-mercado-financeiro-haddad-e-o-ministro-mais-fraco-do-governo\/#article","isPartOf":{"@id":"https:\/\/newblogs.correiobraziliense.com.br\/blog-da-rosana-hessel\/genial-quaest-para-85-do-mercado-financeiro-haddad-e-o-ministro-mais-fraco-do-governo\/"},"author":{"name":"Rosana Hessel","@id":"https:\/\/newblogs.correiobraziliense.com.br\/blog-da-rosana-hessel\/#\/schema\/person\/824cb3c631cf0d4056f75ca02599a930"},"headline":"Genial\/Quaest: Para 85% do mercado financeiro, Haddad \u00e9 o ministro mais fraco do governo","datePublished":"2025-03-19T12:01:51+00:00","dateModified":"2025-03-19T15:21:13+00:00","mainEntityOfPage":{"@id":"https:\/\/newblogs.correiobraziliense.com.br\/blog-da-rosana-hessel\/genial-quaest-para-85-do-mercado-financeiro-haddad-e-o-ministro-mais-fraco-do-governo\/"},"wordCount":666,"image":{"@id":"https:\/\/newblogs.correiobraziliense.com.br\/blog-da-rosana-hessel\/genial-quaest-para-85-do-mercado-financeiro-haddad-e-o-ministro-mais-fraco-do-governo\/#primaryimage"},"thumbnailUrl":"https:\/\/newblogs.correiobraziliense.com.br\/blog-da-rosana-hessel\/wp-content\/uploads\/sites\/5\/2024\/12\/HaddadeLula.jpg","keywords":["Banco Central","economia","elei\u00e7\u00f5es","Haddad","Lula","mercado financeiro","Pesquisa Genial\/Quaest"],"articleSection":["Pesquisa"],"inLanguage":"pt-BR"},{"@type":"WebPage","@id":"https:\/\/newblogs.correiobraziliense.com.br\/blog-da-rosana-hessel\/genial-quaest-para-85-do-mercado-financeiro-haddad-e-o-ministro-mais-fraco-do-governo\/","url":"https:\/\/newblogs.correiobraziliense.com.br\/blog-da-rosana-hessel\/genial-quaest-para-85-do-mercado-financeiro-haddad-e-o-ministro-mais-fraco-do-governo\/","name":"Genial\/Quaest: Para 85% do mercado financeiro, Haddad \u00e9 o ministro mais fraco do governo - Blog da Rosana Hessel","isPartOf":{"@id":"https:\/\/newblogs.correiobraziliense.com.br\/blog-da-rosana-hessel\/#website"},"primaryImageOfPage":{"@id":"https:\/\/newblogs.correiobraziliense.com.br\/blog-da-rosana-hessel\/genial-quaest-para-85-do-mercado-financeiro-haddad-e-o-ministro-mais-fraco-do-governo\/#primaryimage"},"image":{"@id":"https:\/\/newblogs.correiobraziliense.com.br\/blog-da-rosana-hessel\/genial-quaest-para-85-do-mercado-financeiro-haddad-e-o-ministro-mais-fraco-do-governo\/#primaryimage"},"thumbnailUrl":"https:\/\/newblogs.correiobraziliense.com.br\/blog-da-rosana-hessel\/wp-content\/uploads\/sites\/5\/2024\/12\/HaddadeLula.jpg","datePublished":"2025-03-19T12:01:51+00:00","dateModified":"2025-03-19T15:21:13+00:00","author":{"@id":"https:\/\/newblogs.correiobraziliense.com.br\/blog-da-rosana-hessel\/#\/schema\/person\/824cb3c631cf0d4056f75ca02599a930"},"description":"Na primeira rodada de 2025 da pesquisa Genial\/Quaest sobre o que pensa o mercado financeiro, avalia\u00e7\u00e3o negativa de Lula fica em 88% e, para 85% dos entrevistados, Fernando Haddad \u00e9 o ministro mais fraco do governo. Gabriel Gal\u00edpolo tem avalia\u00e7\u00e3o positiva de 45%","breadcrumb":{"@id":"https:\/\/newblogs.correiobraziliense.com.br\/blog-da-rosana-hessel\/genial-quaest-para-85-do-mercado-financeiro-haddad-e-o-ministro-mais-fraco-do-governo\/#breadcrumb"},"inLanguage":"pt-BR","potentialAction":[{"@type":"ReadAction","target":["https:\/\/newblogs.correiobraziliense.com.br\/blog-da-rosana-hessel\/genial-quaest-para-85-do-mercado-financeiro-haddad-e-o-ministro-mais-fraco-do-governo\/"]}]},{"@type":"ImageObject","inLanguage":"pt-BR","@id":"https:\/\/newblogs.correiobraziliense.com.br\/blog-da-rosana-hessel\/genial-quaest-para-85-do-mercado-financeiro-haddad-e-o-ministro-mais-fraco-do-governo\/#primaryimage","url":"https:\/\/newblogs.correiobraziliense.com.br\/blog-da-rosana-hessel\/wp-content\/uploads\/sites\/5\/2024\/12\/HaddadeLula.jpg","contentUrl":"https:\/\/newblogs.correiobraziliense.com.br\/blog-da-rosana-hessel\/wp-content\/uploads\/sites\/5\/2024\/12\/HaddadeLula.jpg","width":675,"height":450},{"@type":"BreadcrumbList","@id":"https:\/\/newblogs.correiobraziliense.com.br\/blog-da-rosana-hessel\/genial-quaest-para-85-do-mercado-financeiro-haddad-e-o-ministro-mais-fraco-do-governo\/#breadcrumb","itemListElement":[{"@type":"ListItem","position":1,"name":"In\u00edcio","item":"https:\/\/newblogs.correiobraziliense.com.br\/blog-da-rosana-hessel\/"},{"@type":"ListItem","position":2,"name":"Genial\/Quaest: Para 85% do mercado financeiro, Haddad \u00e9 o ministro mais fraco do governo"}]},{"@type":"WebSite","@id":"https:\/\/newblogs.correiobraziliense.com.br\/blog-da-rosana-hessel\/#website","url":"https:\/\/newblogs.correiobraziliense.com.br\/blog-da-rosana-hessel\/","name":"Blog da Rosana Hessel","description":"Not\u00edcias atualizadas e an\u00e1lises sobre economia. Acompanhe-nos para entender as tend\u00eancias e os impactos econ\u00f4micos que influenciam o seu dia a dia, tanto no Brasil quanto no exterior.","potentialAction":[{"@type":"SearchAction","target":{"@type":"EntryPoint","urlTemplate":"https:\/\/newblogs.correiobraziliense.com.br\/blog-da-rosana-hessel\/?s={search_term_string}"},"query-input":{"@type":"PropertyValueSpecification","valueRequired":true,"valueName":"search_term_string"}}],"inLanguage":"pt-BR"},{"@type":"Person","@id":"https:\/\/newblogs.correiobraziliense.com.br\/blog-da-rosana-hessel\/#\/schema\/person\/824cb3c631cf0d4056f75ca02599a930","name":"Rosana Hessel","image":{"@type":"ImageObject","inLanguage":"pt-BR","@id":"https:\/\/secure.gravatar.com\/avatar\/fe780cf1839cf10cd6d682fb080611e0d2a459b64be8a8781778109777fbcfd3?s=96&d=mm&r=g","url":"https:\/\/secure.gravatar.com\/avatar\/fe780cf1839cf10cd6d682fb080611e0d2a459b64be8a8781778109777fbcfd3?s=96&d=mm&r=g","contentUrl":"https:\/\/secure.gravatar.com\/avatar\/fe780cf1839cf10cd6d682fb080611e0d2a459b64be8a8781778109777fbcfd3?s=96&d=mm&r=g","caption":"Rosana Hessel"},"description":"Formada pela Pontif\u00edcia Universidade Cat\u00f3lica de S\u00e3o Paulo (PUC-SP), \u00e9 jornalista de economia desde 1995, quando passou a integrar o time da Gazeta Mercantil. Est\u00e1 sempre atr\u00e1s da boa informa\u00e7\u00e3o. Possui especializa\u00e7\u00e3o em economia pela FGV e MBA em Finan\u00e7as pela FIA-USP. Trabalha no Correio Braziliense desde 2010. Ganhou o Pr\u00eamio Esso de Jornalismo Econ\u00f4mico em 2014 e em 2015 com a equipe do Correio. Foi finalista entre os 50 jornalistas +Admirados da Imprensa de Economia, Neg\u00f3cios e Finan\u00e7as 2024, promovido pela Jornalistas&amp;Cia.","url":"https:\/\/newblogs.correiobraziliense.com.br\/blog-da-rosana-hessel\/author\/rosanahessel\/"}]}},"_links":{"self":[{"href":"https:\/\/newblogs.correiobraziliense.com.br\/blog-da-rosana-hessel\/wp-json\/wp\/v2\/posts\/32533","targetHints":{"allow":["GET"]}}],"collection":[{"href":"https:\/\/newblogs.correiobraziliense.com.br\/blog-da-rosana-hessel\/wp-json\/wp\/v2\/posts"}],"about":[{"href":"https:\/\/newblogs.correiobraziliense.com.br\/blog-da-rosana-hessel\/wp-json\/wp\/v2\/types\/post"}],"author":[{"embeddable":true,"href":"https:\/\/newblogs.correiobraziliense.com.br\/blog-da-rosana-hessel\/wp-json\/wp\/v2\/users\/10"}],"replies":[{"embeddable":true,"href":"https:\/\/newblogs.correiobraziliense.com.br\/blog-da-rosana-hessel\/wp-json\/wp\/v2\/comments?post=32533"}],"version-history":[{"count":14,"href":"https:\/\/newblogs.correiobraziliense.com.br\/blog-da-rosana-hessel\/wp-json\/wp\/v2\/posts\/32533\/revisions"}],"predecessor-version":[{"id":32550,"href":"https:\/\/newblogs.correiobraziliense.com.br\/blog-da-rosana-hessel\/wp-json\/wp\/v2\/posts\/32533\/revisions\/32550"}],"wp:featuredmedia":[{"embeddable":true,"href":"https:\/\/newblogs.correiobraziliense.com.br\/blog-da-rosana-hessel\/wp-json\/wp\/v2\/media\/31977"}],"wp:attachment":[{"href":"https:\/\/newblogs.correiobraziliense.com.br\/blog-da-rosana-hessel\/wp-json\/wp\/v2\/media?parent=32533"}],"wp:term":[{"taxonomy":"category","embeddable":true,"href":"https:\/\/newblogs.correiobraziliense.com.br\/blog-da-rosana-hessel\/wp-json\/wp\/v2\/categories?post=32533"},{"taxonomy":"post_tag","embeddable":true,"href":"https:\/\/newblogs.correiobraziliense.com.br\/blog-da-rosana-hessel\/wp-json\/wp\/v2\/tags?post=32533"}],"curies":[{"name":"wp","href":"https:\/\/api.w.org\/{rel}","templated":true}]}}