{"id":32449,"date":"2025-03-07T09:12:46","date_gmt":"2025-03-07T12:12:46","guid":{"rendered":"https:\/\/newblogs.correiobraziliense.com.br\/blog-da-rosana-hessel\/?p=32449"},"modified":"2025-03-07T14:35:16","modified_gmt":"2025-03-07T17:35:16","slug":"pib-cresce-34-em-2024-e-soma-r-117-trilhoes-segundo-ibge","status":"publish","type":"post","link":"https:\/\/newblogs.correiobraziliense.com.br\/blog-da-rosana-hessel\/pib-cresce-34-em-2024-e-soma-r-117-trilhoes-segundo-ibge\/","title":{"rendered":"PIB cresce 3,4% em 2024 e soma R$ 11,7 trilh\u00f5es, segundo IBGE"},"content":{"rendered":"\n<p>A atividade econ\u00f4mica do Brasil cresceu 3,4% em 2024 frente a 2023, conforme <a href=\"https:\/\/agenciadenoticias.ibge.gov.br\/agencia-sala-de-imprensa\/2013-agencia-de-noticias\/releases\/42774-pib-cresce-3-4-em-2024-e-fecha-o-ano-em-r-11-7-trilhoes\">dados do Produto Interno Bruto (PIB) divulgados, nesta sexta-feira (7\/3), pelo Instituto Brasileiro de Geografia e Estat\u00edstica (IBGE)<\/a>, ap\u00f3s um avan\u00e7o de 0,2% no quarto trimestre do ano em compara\u00e7\u00e3o com os tr\u00eas meses anteriores &#8212; abaixo do esperado, confirmando o processo de desacelera\u00e7\u00e3o. Em valores correntes, totalizou R$ 11,7 trilh\u00f5es no ano passado.\u00a0<\/p>\n\n\n\n<p>Do lado da oferta, a ind\u00fastria e os servi\u00e7os impulsionam o PIB de 2024 com altas de 3,3% e de 3,7%, respectivamente, em rela\u00e7\u00e3o a 2023. Enquanto isso, a agropecu\u00e1ria recuou 3,2% na mesma base de compara\u00e7\u00e3o. Do lado da demanda, investimentos saltaram 7,3% devido aos aumentos da produ\u00e7\u00e3o interna e da importa\u00e7\u00e3o de bens de capital, al\u00e9m da expans\u00e3o da constru\u00e7\u00e3o e do desenvolvimento de software. O consumo das fam\u00edlias avan\u00e7ou 4,8% em rela\u00e7\u00e3o ao ano anterior puxado pela melhora no mercado de trabalho, pelo aumento do cr\u00e9dito e pelos programas governamentais de transfer\u00eancia de renda. J\u00e1 o consumo do governo cresceu 1,9%. <\/p>\n\n\n\n<p>No setor externo, as&nbsp;exporta\u00e7\u00f5es cresceram 2,9%, enquanto as&nbsp;importa\u00e7\u00f5es saltaram 14,7%. O PIB per capita chegou a R$ 55,2 mil, com avan\u00e7o real (acima da infla\u00e7\u00e3o) de 3% frente ao ano anterior. A taxa de investimento em 2024, segundo o IBGE, foi de 17% do PIB, contra 16,4% em 2023. A taxa de poupan\u00e7a, por sua vez, recuou e ficou em 14,5% em 2024, ante 15% em 2023.<\/p>\n\n\n\n<p>Esse desempenho ficou abaixo das estimativas do mercado e do governo, que chegaram a prever alta de 3,5% ou mais, mas a maior taxa de crescimento da atividade econ\u00f4mica desde 2011 &#8212; quando a alta foi de 4,8% &#8211;, ap\u00f3s a contra\u00e7\u00e3o de 3,3% em 2020, causada pela pandemia da covid-19.\u00a0<\/p>\n\n\n\n<p>&#8220;Apesar de o resultado ter ficado levemente abaixo das expectativas, o dado foi muito bom se comprado com as estimativas iniciais de 2024, de 1,5%. \u00c9 claro que tem destaques mais positivos do que outros, como a ind\u00fastria, que avan\u00e7ou mais do que o esperado h\u00e1 muitos anos. O destaque negativo ficou com o agroneg\u00f3cio devido ao forte crescimento de 2023, mas \u00e9 algo que deve ser recuperado neste ano&#8221;, destacou Gustavo Cruz, estrategista-chefe da RB Investimentos. Ele lembra que, apesar de os gastos do governo foram mais contidos, de 1,9% no ano passado, os investimentos privados no pa\u00eds ainda crescem pouco, atingindo apenas 17% do PIB em 2024, o que marca, principalmente, a falta de infraestrutura para um crescimento mais sustent\u00e1vel para o pa\u00eds.<\/p>\n\n\n\n<p>No ano passado, a alta m\u00e9dia trimestral do PIB, com ajuste sazonal, foi da ordem de 0,9%, com a demanda interna privada se expandindo, no ano, cerca de 5,5%, muito acima do PIB. Um ano totalmente diferente de 2023, quando o crescimento m\u00e9dio trimestral foi da ordem de 0,4%, excluindo o primeiro trimestre, e quando a agropecu\u00e1ria contribuiu com 75% do resultado, de acordo com dados do Instituto Brasileiro de Economia da Funda\u00e7\u00e3o Getulio Vargas (FGV Ibre). Al\u00e9m disso, a demanda interna privada cresceu apenas 1,9% no ano, bem abaixo do PIB, que aumentou 3,2%.&nbsp;<\/p>\n\n\n\n<p>Consequentemente \u2013 e como esperado quando o PIB cresce muito acima do seu potencial, impulsionado pela demanda dom\u00e9stica, e n\u00e3o por setores como agropecu\u00e1ria e ind\u00fastria extrativa \u2013, tamb\u00e9m os desequil\u00edbrios macroecon\u00f4micos se intensificaram. O principal reflexo disso \u00e9 que a infla\u00e7\u00e3o acelerou ao longo do ano, com a infla\u00e7\u00e3o de servi\u00e7os subjacentes, uma medida de \u201cn\u00facleo de servi\u00e7os\u201d, acelerando expressivamente no \u00faltimo trimestre do ano passado, para uma taxa m\u00e9dia mensal de 0,7%, de acordo com os economistas do Ibre Silvia Matos e Armando Castelar em artigo no Boletim Macro da institui\u00e7\u00e3o de fevereiro.&nbsp;<\/p>\n\n\n\n<p>As expectativas de ambos para 2025 s\u00e3o de desacelera\u00e7\u00e3o, com baixo crescimento e estagna\u00e7\u00e3o nos \u00faltimos nove meses do ano. \u201cE, ainda que uma recess\u00e3o n\u00e3o fa\u00e7a parte de nosso cen\u00e1rio base, o risco de um cen\u00e1rio com contra\u00e7\u00e3o moderada do PIB n\u00e3o pode ser descartado no segundo semestre\u201d, alertam.&nbsp;<\/p>\n","protected":false},"excerpt":{"rendered":"<p>PIB avan\u00e7a 3,4% em 2024, impulsionado pela ind\u00fastria e servi\u00e7os do lado da oferta e por investimentos e consumo das fam\u00edlias pelo lado da demanda. Contudo, desacelera no 4\u00ba trimestre<\/p>\n","protected":false},"author":10,"featured_media":31510,"comment_status":"closed","ping_status":"open","sticky":false,"template":"","format":"standard","meta":{"_acf_changed":false,"inline_featured_image":false,"footnotes":""},"categories":[1],"tags":[1946,3,10,5,7],"class_list":["post-32449","post","type-post","status-publish","format-standard","has-post-thumbnail","hentry","category-sem-categoria","tag-1946","tag-atividade-economica","tag-brasil","tag-ibge","tag-pib"],"acf":[],"yoast_head":"<!-- This site is optimized with the Yoast SEO plugin v27.3 - https:\/\/yoast.com\/product\/yoast-seo-wordpress\/ -->\n<title>PIB cresce 3,4% em 2024 e soma R$ 11,7 trilh\u00f5es, segundo IBGE - Blog da Rosana Hessel<\/title>\n<meta name=\"description\" content=\"PIB avan\u00e7a 3,4% em 2024, impulsionado pela ind\u00fastria e servi\u00e7os do lado da oferta e por investimentos e consumo das fam\u00edlias pelo lado da demanda. Contudo, desacelera no 4\u00ba trimestre\" \/>\n<meta name=\"robots\" content=\"index, follow, max-snippet:-1, max-image-preview:large, max-video-preview:-1\" \/>\n<link rel=\"canonical\" href=\"https:\/\/newblogs.correiobraziliense.com.br\/blog-da-rosana-hessel\/pib-cresce-34-em-2024-e-soma-r-117-trilhoes-segundo-ibge\/\" \/>\n<meta property=\"og:locale\" content=\"pt_BR\" \/>\n<meta property=\"og:type\" content=\"article\" \/>\n<meta property=\"og:title\" content=\"PIB cresce 3,4% em 2024 e soma R$ 11,7 trilh\u00f5es, segundo IBGE - Blog da Rosana Hessel\" \/>\n<meta property=\"og:description\" content=\"PIB avan\u00e7a 3,4% em 2024, impulsionado pela ind\u00fastria e servi\u00e7os do lado da oferta e por investimentos e consumo das fam\u00edlias pelo lado da demanda. Contudo, desacelera no 4\u00ba trimestre\" \/>\n<meta property=\"og:url\" content=\"https:\/\/newblogs.correiobraziliense.com.br\/blog-da-rosana-hessel\/pib-cresce-34-em-2024-e-soma-r-117-trilhoes-segundo-ibge\/\" \/>\n<meta property=\"og:site_name\" content=\"Blog da Rosana Hessel\" \/>\n<meta property=\"article:published_time\" content=\"2025-03-07T12:12:46+00:00\" \/>\n<meta property=\"article:modified_time\" content=\"2025-03-07T17:35:16+00:00\" \/>\n<meta property=\"og:image\" content=\"http:\/\/newblogs.correiobraziliense.com.br\/blog-da-rosana-hessel\/wp-content\/uploads\/sites\/5\/2024\/09\/1_pib_capa-26354432-300x200-1.jpg\" \/>\n\t<meta property=\"og:image:width\" content=\"300\" \/>\n\t<meta property=\"og:image:height\" content=\"200\" \/>\n\t<meta property=\"og:image:type\" content=\"image\/jpeg\" \/>\n<meta name=\"author\" content=\"Rosana Hessel\" \/>\n<!-- \/ Yoast SEO plugin. -->","yoast_head_json":{"title":"PIB cresce 3,4% em 2024 e soma R$ 11,7 trilh\u00f5es, segundo IBGE - Blog da Rosana Hessel","description":"PIB avan\u00e7a 3,4% em 2024, impulsionado pela ind\u00fastria e servi\u00e7os do lado da oferta e por investimentos e consumo das fam\u00edlias pelo lado da demanda. Contudo, desacelera no 4\u00ba trimestre","robots":{"index":"index","follow":"follow","max-snippet":"max-snippet:-1","max-image-preview":"max-image-preview:large","max-video-preview":"max-video-preview:-1"},"canonical":"https:\/\/newblogs.correiobraziliense.com.br\/blog-da-rosana-hessel\/pib-cresce-34-em-2024-e-soma-r-117-trilhoes-segundo-ibge\/","og_locale":"pt_BR","og_type":"article","og_title":"PIB cresce 3,4% em 2024 e soma R$ 11,7 trilh\u00f5es, segundo IBGE - Blog da Rosana Hessel","og_description":"PIB avan\u00e7a 3,4% em 2024, impulsionado pela ind\u00fastria e servi\u00e7os do lado da oferta e por investimentos e consumo das fam\u00edlias pelo lado da demanda. Contudo, desacelera no 4\u00ba trimestre","og_url":"https:\/\/newblogs.correiobraziliense.com.br\/blog-da-rosana-hessel\/pib-cresce-34-em-2024-e-soma-r-117-trilhoes-segundo-ibge\/","og_site_name":"Blog da Rosana Hessel","article_published_time":"2025-03-07T12:12:46+00:00","article_modified_time":"2025-03-07T17:35:16+00:00","og_image":[{"width":300,"height":200,"url":"http:\/\/newblogs.correiobraziliense.com.br\/blog-da-rosana-hessel\/wp-content\/uploads\/sites\/5\/2024\/09\/1_pib_capa-26354432-300x200-1.jpg","type":"image\/jpeg"}],"author":"Rosana Hessel","schema":{"@context":"https:\/\/schema.org","@graph":[{"@type":"Article","@id":"https:\/\/newblogs.correiobraziliense.com.br\/blog-da-rosana-hessel\/pib-cresce-34-em-2024-e-soma-r-117-trilhoes-segundo-ibge\/#article","isPartOf":{"@id":"https:\/\/newblogs.correiobraziliense.com.br\/blog-da-rosana-hessel\/pib-cresce-34-em-2024-e-soma-r-117-trilhoes-segundo-ibge\/"},"author":{"name":"Rosana Hessel","@id":"https:\/\/newblogs.correiobraziliense.com.br\/blog-da-rosana-hessel\/#\/schema\/person\/824cb3c631cf0d4056f75ca02599a930"},"headline":"PIB cresce 3,4% em 2024 e soma R$ 11,7 trilh\u00f5es, segundo IBGE","datePublished":"2025-03-07T12:12:46+00:00","dateModified":"2025-03-07T17:35:16+00:00","mainEntityOfPage":{"@id":"https:\/\/newblogs.correiobraziliense.com.br\/blog-da-rosana-hessel\/pib-cresce-34-em-2024-e-soma-r-117-trilhoes-segundo-ibge\/"},"wordCount":686,"image":{"@id":"https:\/\/newblogs.correiobraziliense.com.br\/blog-da-rosana-hessel\/pib-cresce-34-em-2024-e-soma-r-117-trilhoes-segundo-ibge\/#primaryimage"},"thumbnailUrl":"https:\/\/newblogs.correiobraziliense.com.br\/blog-da-rosana-hessel\/wp-content\/uploads\/sites\/5\/2024\/09\/1_pib_capa-26354432-300x200-1.jpg","keywords":["2024","atividade econ\u00f4mica","Brasil","IBGE","PIB"],"articleSection":["Macroeconomia"],"inLanguage":"pt-BR"},{"@type":"WebPage","@id":"https:\/\/newblogs.correiobraziliense.com.br\/blog-da-rosana-hessel\/pib-cresce-34-em-2024-e-soma-r-117-trilhoes-segundo-ibge\/","url":"https:\/\/newblogs.correiobraziliense.com.br\/blog-da-rosana-hessel\/pib-cresce-34-em-2024-e-soma-r-117-trilhoes-segundo-ibge\/","name":"PIB cresce 3,4% em 2024 e soma R$ 11,7 trilh\u00f5es, segundo IBGE - Blog da Rosana Hessel","isPartOf":{"@id":"https:\/\/newblogs.correiobraziliense.com.br\/blog-da-rosana-hessel\/#website"},"primaryImageOfPage":{"@id":"https:\/\/newblogs.correiobraziliense.com.br\/blog-da-rosana-hessel\/pib-cresce-34-em-2024-e-soma-r-117-trilhoes-segundo-ibge\/#primaryimage"},"image":{"@id":"https:\/\/newblogs.correiobraziliense.com.br\/blog-da-rosana-hessel\/pib-cresce-34-em-2024-e-soma-r-117-trilhoes-segundo-ibge\/#primaryimage"},"thumbnailUrl":"https:\/\/newblogs.correiobraziliense.com.br\/blog-da-rosana-hessel\/wp-content\/uploads\/sites\/5\/2024\/09\/1_pib_capa-26354432-300x200-1.jpg","datePublished":"2025-03-07T12:12:46+00:00","dateModified":"2025-03-07T17:35:16+00:00","author":{"@id":"https:\/\/newblogs.correiobraziliense.com.br\/blog-da-rosana-hessel\/#\/schema\/person\/824cb3c631cf0d4056f75ca02599a930"},"description":"PIB avan\u00e7a 3,4% em 2024, impulsionado pela ind\u00fastria e servi\u00e7os do lado da oferta e por investimentos e consumo das fam\u00edlias pelo lado da demanda. Contudo, desacelera no 4\u00ba trimestre","breadcrumb":{"@id":"https:\/\/newblogs.correiobraziliense.com.br\/blog-da-rosana-hessel\/pib-cresce-34-em-2024-e-soma-r-117-trilhoes-segundo-ibge\/#breadcrumb"},"inLanguage":"pt-BR","potentialAction":[{"@type":"ReadAction","target":["https:\/\/newblogs.correiobraziliense.com.br\/blog-da-rosana-hessel\/pib-cresce-34-em-2024-e-soma-r-117-trilhoes-segundo-ibge\/"]}]},{"@type":"ImageObject","inLanguage":"pt-BR","@id":"https:\/\/newblogs.correiobraziliense.com.br\/blog-da-rosana-hessel\/pib-cresce-34-em-2024-e-soma-r-117-trilhoes-segundo-ibge\/#primaryimage","url":"https:\/\/newblogs.correiobraziliense.com.br\/blog-da-rosana-hessel\/wp-content\/uploads\/sites\/5\/2024\/09\/1_pib_capa-26354432-300x200-1.jpg","contentUrl":"https:\/\/newblogs.correiobraziliense.com.br\/blog-da-rosana-hessel\/wp-content\/uploads\/sites\/5\/2024\/09\/1_pib_capa-26354432-300x200-1.jpg","width":300,"height":200},{"@type":"BreadcrumbList","@id":"https:\/\/newblogs.correiobraziliense.com.br\/blog-da-rosana-hessel\/pib-cresce-34-em-2024-e-soma-r-117-trilhoes-segundo-ibge\/#breadcrumb","itemListElement":[{"@type":"ListItem","position":1,"name":"In\u00edcio","item":"https:\/\/newblogs.correiobraziliense.com.br\/blog-da-rosana-hessel\/"},{"@type":"ListItem","position":2,"name":"PIB cresce 3,4% em 2024 e soma R$ 11,7 trilh\u00f5es, segundo IBGE"}]},{"@type":"WebSite","@id":"https:\/\/newblogs.correiobraziliense.com.br\/blog-da-rosana-hessel\/#website","url":"https:\/\/newblogs.correiobraziliense.com.br\/blog-da-rosana-hessel\/","name":"Blog da Rosana Hessel","description":"Not\u00edcias atualizadas e an\u00e1lises sobre economia. Acompanhe-nos para entender as tend\u00eancias e os impactos econ\u00f4micos que influenciam o seu dia a dia, tanto no Brasil quanto no exterior.","potentialAction":[{"@type":"SearchAction","target":{"@type":"EntryPoint","urlTemplate":"https:\/\/newblogs.correiobraziliense.com.br\/blog-da-rosana-hessel\/?s={search_term_string}"},"query-input":{"@type":"PropertyValueSpecification","valueRequired":true,"valueName":"search_term_string"}}],"inLanguage":"pt-BR"},{"@type":"Person","@id":"https:\/\/newblogs.correiobraziliense.com.br\/blog-da-rosana-hessel\/#\/schema\/person\/824cb3c631cf0d4056f75ca02599a930","name":"Rosana Hessel","image":{"@type":"ImageObject","inLanguage":"pt-BR","@id":"https:\/\/secure.gravatar.com\/avatar\/fe780cf1839cf10cd6d682fb080611e0d2a459b64be8a8781778109777fbcfd3?s=96&d=mm&r=g","url":"https:\/\/secure.gravatar.com\/avatar\/fe780cf1839cf10cd6d682fb080611e0d2a459b64be8a8781778109777fbcfd3?s=96&d=mm&r=g","contentUrl":"https:\/\/secure.gravatar.com\/avatar\/fe780cf1839cf10cd6d682fb080611e0d2a459b64be8a8781778109777fbcfd3?s=96&d=mm&r=g","caption":"Rosana Hessel"},"description":"Formada pela Pontif\u00edcia Universidade Cat\u00f3lica de S\u00e3o Paulo (PUC-SP), \u00e9 jornalista de economia desde 1995, quando passou a integrar o time da Gazeta Mercantil. Est\u00e1 sempre atr\u00e1s da boa informa\u00e7\u00e3o. Possui especializa\u00e7\u00e3o em economia pela FGV e MBA em Finan\u00e7as pela FIA-USP. Trabalha no Correio Braziliense desde 2010. Ganhou o Pr\u00eamio Esso de Jornalismo Econ\u00f4mico em 2014 e em 2015 com a equipe do Correio. Foi finalista entre os 50 jornalistas +Admirados da Imprensa de Economia, Neg\u00f3cios e Finan\u00e7as 2024, promovido pela Jornalistas&amp;Cia.","url":"https:\/\/newblogs.correiobraziliense.com.br\/blog-da-rosana-hessel\/author\/rosanahessel\/"}]}},"_links":{"self":[{"href":"https:\/\/newblogs.correiobraziliense.com.br\/blog-da-rosana-hessel\/wp-json\/wp\/v2\/posts\/32449","targetHints":{"allow":["GET"]}}],"collection":[{"href":"https:\/\/newblogs.correiobraziliense.com.br\/blog-da-rosana-hessel\/wp-json\/wp\/v2\/posts"}],"about":[{"href":"https:\/\/newblogs.correiobraziliense.com.br\/blog-da-rosana-hessel\/wp-json\/wp\/v2\/types\/post"}],"author":[{"embeddable":true,"href":"https:\/\/newblogs.correiobraziliense.com.br\/blog-da-rosana-hessel\/wp-json\/wp\/v2\/users\/10"}],"replies":[{"embeddable":true,"href":"https:\/\/newblogs.correiobraziliense.com.br\/blog-da-rosana-hessel\/wp-json\/wp\/v2\/comments?post=32449"}],"version-history":[{"count":16,"href":"https:\/\/newblogs.correiobraziliense.com.br\/blog-da-rosana-hessel\/wp-json\/wp\/v2\/posts\/32449\/revisions"}],"predecessor-version":[{"id":32479,"href":"https:\/\/newblogs.correiobraziliense.com.br\/blog-da-rosana-hessel\/wp-json\/wp\/v2\/posts\/32449\/revisions\/32479"}],"wp:featuredmedia":[{"embeddable":true,"href":"https:\/\/newblogs.correiobraziliense.com.br\/blog-da-rosana-hessel\/wp-json\/wp\/v2\/media\/31510"}],"wp:attachment":[{"href":"https:\/\/newblogs.correiobraziliense.com.br\/blog-da-rosana-hessel\/wp-json\/wp\/v2\/media?parent=32449"}],"wp:term":[{"taxonomy":"category","embeddable":true,"href":"https:\/\/newblogs.correiobraziliense.com.br\/blog-da-rosana-hessel\/wp-json\/wp\/v2\/categories?post=32449"},{"taxonomy":"post_tag","embeddable":true,"href":"https:\/\/newblogs.correiobraziliense.com.br\/blog-da-rosana-hessel\/wp-json\/wp\/v2\/tags?post=32449"}],"curies":[{"name":"wp","href":"https:\/\/api.w.org\/{rel}","templated":true}]}}