{"id":32307,"date":"2025-01-27T07:00:00","date_gmt":"2025-01-27T10:00:00","guid":{"rendered":"https:\/\/newblogs.correiobraziliense.com.br\/blog-da-rosana-hessel\/?p=32307"},"modified":"2025-01-27T18:47:29","modified_gmt":"2025-01-27T21:47:29","slug":"genial-quaest-desaprovacao-de-lula-supera-aprovacao-e-chega-a-49","status":"publish","type":"post","link":"https:\/\/newblogs.correiobraziliense.com.br\/blog-da-rosana-hessel\/genial-quaest-desaprovacao-de-lula-supera-aprovacao-e-chega-a-49\/","title":{"rendered":"Genial\/Quaest: Desaprova\u00e7\u00e3o de Lula supera aprova\u00e7\u00e3o e chega a 49%"},"content":{"rendered":"\n<p>A aprova\u00e7\u00e3o do trabalho do presidente Luiz In\u00e1cio Lula da Silva (PT) despencou na primeira rodada da Pesquisa Genial\/Quaest de 2025, divulgada nesta segunda-feira (27\/01) e a recente pol\u00eamica em torno das novas regras do Pix ajudaram a piorar a percep\u00e7\u00e3o dos eleitores em rela\u00e7\u00e3o ao terceiro mandato do petista, segundo o levantamento.&nbsp;<\/p>\n\n\n\n<p>Em rela\u00e7\u00e3o \u00e0 edi\u00e7\u00e3o de dezembro, a aprova\u00e7\u00e3o de Lula recuou de 52% para 47% neste m\u00eas.\u00a0 Enquanto isso, pela primeira vez desde janeiro de 2023, a desaprova\u00e7\u00e3o foi superior \u00e0 aprova\u00e7\u00e3o do governo, que avan\u00e7ou de 47% para 49% \u2013 maior patamar registrado a partir do in\u00edcio da pesquisa qualitativa sobre o atual gest\u00e3o petista.\u00a0<\/p>\n\n\n\n<p>A avalia\u00e7\u00e3o geral do governo tamb\u00e9m piorou no \u00faltimo m\u00eas. Enquanto a avalia\u00e7\u00e3o negativa avan\u00e7ou seis pontos percentuais, de 31% para 37%, entre dezembro de 2024 e janeiro deste ano, a avalia\u00e7\u00e3o positiva recuou de 33% para 31% na mesma base de compara\u00e7\u00e3o. <\/p>\n\n\n\n<p>Curiosamente, a deteriora\u00e7\u00e3o da avalia\u00e7\u00e3o do governo aconteceu com mais for\u00e7a na regi\u00e3o Nordeste, onde a avalia\u00e7\u00e3o positiva despencou de 67% para 49%. E, em rela\u00e7\u00e3o \u00e0s mulheres, a aprova\u00e7\u00e3o de Lula caiu de 54% para 44%, e, a desaprova\u00e7\u00e3o subiu de 44% para 47%, ambas entre dezembro e janeiro. &nbsp;<\/p>\n\n\n\n<p>Para 50% dos entrevistados, o Brasil est\u00e1 indo na dire\u00e7\u00e3o errada, o maior percentual desde o in\u00edcio da pesquisa e acima dos 46% na pesquisa anterior. Enquanto isso, 39% dos eleitores apontam que o pa\u00eds est\u00e1 na dire\u00e7\u00e3o certa, abaixo dos 43% de dezembro e o menor patamar desde janeiro de 2023.&nbsp;<\/p>\n\n\n\n<p>Em rela\u00e7\u00e3o \u00e0s not\u00edcias do governo, 43% dos entrevistados responderam que h\u00e1 mais not\u00edcias negativas do que positivas. A regula\u00e7\u00e3o do Pix encabe\u00e7a a lista das piores not\u00edcias, com 11% da prefer\u00eancia, enquanto o aumento do Bolsa Fam\u00edlia foi considerada a melhor not\u00edcia. Em segundo lugar, ficou o lan\u00e7amento do programa P\u00e9 de Meia, voltado para os estudantes do Ensino M\u00e9dio.<\/p>\n\n\n\n<p><strong>Nova regra do Pix<\/strong><\/p>\n\n\n\n<p>Em rela\u00e7\u00e3o \u00e0 recente pol\u00eamica da nova regra do Pix, que acabou sendo revogada, 66% dos entrevistados afirmaram que o governo Lula errou mais do que acertou.&nbsp;<\/p>\n\n\n\n<p>De acordo com o levantamento, 39% dos entrevistados responderam que a economia piorou, dado menor do que os 40% apontados em dezembro. Ao mesmo tempo, apenas 25% dos eleitores acreditam que houve melhora na economia \u2013 o menor percentual desde abril de 2023, quando atingiu 23%. Apesar do aumento da percep\u00e7\u00e3o de piora na economia, o maior problema apontado pelos entrevistados foi a viol\u00eancia, com 26% das respostas. A economia, que liderou as preocupa\u00e7\u00f5es at\u00e9 dezembro, ficou em terceiro lugar com 21% das cita\u00e7\u00f5es, atr\u00e1s das quest\u00f5es sociais, com 23%.<\/p>\n\n\n\n<p>O principal item de preocupa\u00e7\u00e3o dos entrevistados foi o pre\u00e7o dos alimentos, que subiu para 83% dos eleitores, o maior percentual desde o in\u00edcio do levantamento. Em segundo lugar, o pre\u00e7o dos combust\u00edveis, que foi citado por 57% dos entrevistados.<\/p>\n\n\n\n<p>A pesquisa foi realizada entre os dias 23 e 26 de janeiro,&nbsp; com 4.500 entrevistas presenciais e margem de erro de 1,00 ponto percentual para mais ou para menos.<\/p>\n\n\n\n<p><strong>A seguir, alguns destaques da pesquisa:<\/strong><\/p>\n\n\n\n<figure class=\"wp-block-image size-large\"><img decoding=\"async\" src=\"http:\/\/newblogs.correiobraziliense.com.br\/blog-da-rosana-hessel\/wp-content\/uploads\/sites\/5\/2025\/01\/GENIALQUAEST01-681x1024.jpg\" alt=\"\" class=\"wp-image-32309\" \/><\/figure>\n\n\n\n<figure class=\"wp-block-image size-large\"><img decoding=\"async\" src=\"http:\/\/newblogs.correiobraziliense.com.br\/blog-da-rosana-hessel\/wp-content\/uploads\/sites\/5\/2025\/01\/GENIALQUAEST04-706x1024.jpg\" alt=\"\" class=\"wp-image-32310\" \/><\/figure>\n\n\n\n<figure class=\"wp-block-image size-large\"><img decoding=\"async\" src=\"http:\/\/newblogs.correiobraziliense.com.br\/blog-da-rosana-hessel\/wp-content\/uploads\/sites\/5\/2025\/01\/GENIALQUAEST02-666x1024.jpg\" alt=\"\" class=\"wp-image-32312\" \/><\/figure>\n\n\n\n<figure class=\"wp-block-image size-large\"><img decoding=\"async\" src=\"http:\/\/newblogs.correiobraziliense.com.br\/blog-da-rosana-hessel\/wp-content\/uploads\/sites\/5\/2025\/01\/GENIALQUAEST05-731x1024.jpg\" alt=\"Conforme dados da primeira edi\u00e7\u00e3o de 2025 da Pesquisa Genial\/Quaest, aprova\u00e7\u00e3o de Lula recuou de 52% para 47%, entre dezembro e janeiro, dado abaixo da reprova\u00e7\u00e3o, de 49% --- maior patamar desde janeiro de 2023. Regras do Pix \u00e9 considerada pior not\u00edcia do governo\" class=\"wp-image-32313\" \/><\/figure>\n","protected":false},"excerpt":{"rendered":"<p>Pesquisa Genial\/Quaest, mostram que a aprova\u00e7\u00e3o do governo Lula recua de 52% para 47%, enquanto aprova\u00e7\u00e3o avan\u00e7a para 49% &#8212; maior patamar desde janeiro de 2023.  Confus\u00e3o em torno do Pix ajuda a reduzir avalia\u00e7\u00e3o positiva do governo<\/p>\n","protected":false},"author":10,"featured_media":31977,"comment_status":"closed","ping_status":"open","sticky":false,"template":"","format":"standard","meta":{"_acf_changed":false,"inline_featured_image":false,"footnotes":""},"categories":[1886],"tags":[],"class_list":["post-32307","post","type-post","status-publish","format-standard","has-post-thumbnail","hentry","category-pesquisa"],"acf":[],"yoast_head":"<!-- This site is optimized with the Yoast SEO plugin v27.3 - https:\/\/yoast.com\/product\/yoast-seo-wordpress\/ -->\n<title>Genial\/Quaest: Desaprova\u00e7\u00e3o de Lula supera aprova\u00e7\u00e3o e chega a 49% - Blog da Rosana Hessel<\/title>\n<meta name=\"description\" content=\"Pesquisa Genial\/Quaest, mostram que a aprova\u00e7\u00e3o do governo Lula recua de 52% para 47%, enquanto aprova\u00e7\u00e3o avan\u00e7a para 49% -- maior patamar desde janeiro de 2023. Confus\u00e3o em torno do Pix ajuda a reduzir avalia\u00e7\u00e3o positiva do governo\" \/>\n<meta name=\"robots\" content=\"index, follow, max-snippet:-1, max-image-preview:large, max-video-preview:-1\" \/>\n<link rel=\"canonical\" href=\"https:\/\/newblogs.correiobraziliense.com.br\/blog-da-rosana-hessel\/genial-quaest-desaprovacao-de-lula-supera-aprovacao-e-chega-a-49\/\" \/>\n<meta property=\"og:locale\" content=\"pt_BR\" \/>\n<meta property=\"og:type\" content=\"article\" \/>\n<meta property=\"og:title\" content=\"Genial\/Quaest: Desaprova\u00e7\u00e3o de Lula supera aprova\u00e7\u00e3o e chega a 49% - Blog da Rosana Hessel\" \/>\n<meta property=\"og:description\" content=\"Pesquisa Genial\/Quaest, mostram que a aprova\u00e7\u00e3o do governo Lula recua de 52% para 47%, enquanto aprova\u00e7\u00e3o avan\u00e7a para 49% -- maior patamar desde janeiro de 2023. Confus\u00e3o em torno do Pix ajuda a reduzir avalia\u00e7\u00e3o positiva do governo\" \/>\n<meta property=\"og:url\" content=\"https:\/\/newblogs.correiobraziliense.com.br\/blog-da-rosana-hessel\/genial-quaest-desaprovacao-de-lula-supera-aprovacao-e-chega-a-49\/\" \/>\n<meta property=\"og:site_name\" content=\"Blog da Rosana Hessel\" \/>\n<meta property=\"article:published_time\" content=\"2025-01-27T10:00:00+00:00\" \/>\n<meta property=\"article:modified_time\" content=\"2025-01-27T21:47:29+00:00\" \/>\n<meta property=\"og:image\" content=\"http:\/\/newblogs.correiobraziliense.com.br\/blog-da-rosana-hessel\/wp-content\/uploads\/sites\/5\/2024\/12\/HaddadeLula.jpg\" \/>\n\t<meta property=\"og:image:width\" content=\"675\" \/>\n\t<meta property=\"og:image:height\" content=\"450\" \/>\n\t<meta property=\"og:image:type\" content=\"image\/jpeg\" \/>\n<meta name=\"author\" content=\"Rosana Hessel\" \/>\n<!-- \/ Yoast SEO plugin. -->","yoast_head_json":{"title":"Genial\/Quaest: Desaprova\u00e7\u00e3o de Lula supera aprova\u00e7\u00e3o e chega a 49% - Blog da Rosana Hessel","description":"Pesquisa Genial\/Quaest, mostram que a aprova\u00e7\u00e3o do governo Lula recua de 52% para 47%, enquanto aprova\u00e7\u00e3o avan\u00e7a para 49% -- maior patamar desde janeiro de 2023. Confus\u00e3o em torno do Pix ajuda a reduzir avalia\u00e7\u00e3o positiva do governo","robots":{"index":"index","follow":"follow","max-snippet":"max-snippet:-1","max-image-preview":"max-image-preview:large","max-video-preview":"max-video-preview:-1"},"canonical":"https:\/\/newblogs.correiobraziliense.com.br\/blog-da-rosana-hessel\/genial-quaest-desaprovacao-de-lula-supera-aprovacao-e-chega-a-49\/","og_locale":"pt_BR","og_type":"article","og_title":"Genial\/Quaest: Desaprova\u00e7\u00e3o de Lula supera aprova\u00e7\u00e3o e chega a 49% - Blog da Rosana Hessel","og_description":"Pesquisa Genial\/Quaest, mostram que a aprova\u00e7\u00e3o do governo Lula recua de 52% para 47%, enquanto aprova\u00e7\u00e3o avan\u00e7a para 49% -- maior patamar desde janeiro de 2023. Confus\u00e3o em torno do Pix ajuda a reduzir avalia\u00e7\u00e3o positiva do governo","og_url":"https:\/\/newblogs.correiobraziliense.com.br\/blog-da-rosana-hessel\/genial-quaest-desaprovacao-de-lula-supera-aprovacao-e-chega-a-49\/","og_site_name":"Blog da Rosana Hessel","article_published_time":"2025-01-27T10:00:00+00:00","article_modified_time":"2025-01-27T21:47:29+00:00","og_image":[{"width":675,"height":450,"url":"http:\/\/newblogs.correiobraziliense.com.br\/blog-da-rosana-hessel\/wp-content\/uploads\/sites\/5\/2024\/12\/HaddadeLula.jpg","type":"image\/jpeg"}],"author":"Rosana Hessel","schema":{"@context":"https:\/\/schema.org","@graph":[{"@type":"Article","@id":"https:\/\/newblogs.correiobraziliense.com.br\/blog-da-rosana-hessel\/genial-quaest-desaprovacao-de-lula-supera-aprovacao-e-chega-a-49\/#article","isPartOf":{"@id":"https:\/\/newblogs.correiobraziliense.com.br\/blog-da-rosana-hessel\/genial-quaest-desaprovacao-de-lula-supera-aprovacao-e-chega-a-49\/"},"author":{"name":"Rosana Hessel","@id":"https:\/\/newblogs.correiobraziliense.com.br\/blog-da-rosana-hessel\/#\/schema\/person\/824cb3c631cf0d4056f75ca02599a930"},"headline":"Genial\/Quaest: Desaprova\u00e7\u00e3o de Lula supera aprova\u00e7\u00e3o e chega a 49%","datePublished":"2025-01-27T10:00:00+00:00","dateModified":"2025-01-27T21:47:29+00:00","mainEntityOfPage":{"@id":"https:\/\/newblogs.correiobraziliense.com.br\/blog-da-rosana-hessel\/genial-quaest-desaprovacao-de-lula-supera-aprovacao-e-chega-a-49\/"},"wordCount":541,"image":{"@id":"https:\/\/newblogs.correiobraziliense.com.br\/blog-da-rosana-hessel\/genial-quaest-desaprovacao-de-lula-supera-aprovacao-e-chega-a-49\/#primaryimage"},"thumbnailUrl":"https:\/\/newblogs.correiobraziliense.com.br\/blog-da-rosana-hessel\/wp-content\/uploads\/sites\/5\/2024\/12\/HaddadeLula.jpg","articleSection":["Pesquisa"],"inLanguage":"pt-BR"},{"@type":"WebPage","@id":"https:\/\/newblogs.correiobraziliense.com.br\/blog-da-rosana-hessel\/genial-quaest-desaprovacao-de-lula-supera-aprovacao-e-chega-a-49\/","url":"https:\/\/newblogs.correiobraziliense.com.br\/blog-da-rosana-hessel\/genial-quaest-desaprovacao-de-lula-supera-aprovacao-e-chega-a-49\/","name":"Genial\/Quaest: Desaprova\u00e7\u00e3o de Lula supera aprova\u00e7\u00e3o e chega a 49% - Blog da Rosana Hessel","isPartOf":{"@id":"https:\/\/newblogs.correiobraziliense.com.br\/blog-da-rosana-hessel\/#website"},"primaryImageOfPage":{"@id":"https:\/\/newblogs.correiobraziliense.com.br\/blog-da-rosana-hessel\/genial-quaest-desaprovacao-de-lula-supera-aprovacao-e-chega-a-49\/#primaryimage"},"image":{"@id":"https:\/\/newblogs.correiobraziliense.com.br\/blog-da-rosana-hessel\/genial-quaest-desaprovacao-de-lula-supera-aprovacao-e-chega-a-49\/#primaryimage"},"thumbnailUrl":"https:\/\/newblogs.correiobraziliense.com.br\/blog-da-rosana-hessel\/wp-content\/uploads\/sites\/5\/2024\/12\/HaddadeLula.jpg","datePublished":"2025-01-27T10:00:00+00:00","dateModified":"2025-01-27T21:47:29+00:00","author":{"@id":"https:\/\/newblogs.correiobraziliense.com.br\/blog-da-rosana-hessel\/#\/schema\/person\/824cb3c631cf0d4056f75ca02599a930"},"description":"Pesquisa Genial\/Quaest, mostram que a aprova\u00e7\u00e3o do governo Lula recua de 52% para 47%, enquanto aprova\u00e7\u00e3o avan\u00e7a para 49% -- maior patamar desde janeiro de 2023. Confus\u00e3o em torno do Pix ajuda a reduzir avalia\u00e7\u00e3o positiva do governo","breadcrumb":{"@id":"https:\/\/newblogs.correiobraziliense.com.br\/blog-da-rosana-hessel\/genial-quaest-desaprovacao-de-lula-supera-aprovacao-e-chega-a-49\/#breadcrumb"},"inLanguage":"pt-BR","potentialAction":[{"@type":"ReadAction","target":["https:\/\/newblogs.correiobraziliense.com.br\/blog-da-rosana-hessel\/genial-quaest-desaprovacao-de-lula-supera-aprovacao-e-chega-a-49\/"]}]},{"@type":"ImageObject","inLanguage":"pt-BR","@id":"https:\/\/newblogs.correiobraziliense.com.br\/blog-da-rosana-hessel\/genial-quaest-desaprovacao-de-lula-supera-aprovacao-e-chega-a-49\/#primaryimage","url":"https:\/\/newblogs.correiobraziliense.com.br\/blog-da-rosana-hessel\/wp-content\/uploads\/sites\/5\/2024\/12\/HaddadeLula.jpg","contentUrl":"https:\/\/newblogs.correiobraziliense.com.br\/blog-da-rosana-hessel\/wp-content\/uploads\/sites\/5\/2024\/12\/HaddadeLula.jpg","width":675,"height":450},{"@type":"BreadcrumbList","@id":"https:\/\/newblogs.correiobraziliense.com.br\/blog-da-rosana-hessel\/genial-quaest-desaprovacao-de-lula-supera-aprovacao-e-chega-a-49\/#breadcrumb","itemListElement":[{"@type":"ListItem","position":1,"name":"In\u00edcio","item":"https:\/\/newblogs.correiobraziliense.com.br\/blog-da-rosana-hessel\/"},{"@type":"ListItem","position":2,"name":"Genial\/Quaest: Desaprova\u00e7\u00e3o de Lula supera aprova\u00e7\u00e3o e chega a 49%"}]},{"@type":"WebSite","@id":"https:\/\/newblogs.correiobraziliense.com.br\/blog-da-rosana-hessel\/#website","url":"https:\/\/newblogs.correiobraziliense.com.br\/blog-da-rosana-hessel\/","name":"Blog da Rosana Hessel","description":"Not\u00edcias atualizadas e an\u00e1lises sobre economia. Acompanhe-nos para entender as tend\u00eancias e os impactos econ\u00f4micos que influenciam o seu dia a dia, tanto no Brasil quanto no exterior.","potentialAction":[{"@type":"SearchAction","target":{"@type":"EntryPoint","urlTemplate":"https:\/\/newblogs.correiobraziliense.com.br\/blog-da-rosana-hessel\/?s={search_term_string}"},"query-input":{"@type":"PropertyValueSpecification","valueRequired":true,"valueName":"search_term_string"}}],"inLanguage":"pt-BR"},{"@type":"Person","@id":"https:\/\/newblogs.correiobraziliense.com.br\/blog-da-rosana-hessel\/#\/schema\/person\/824cb3c631cf0d4056f75ca02599a930","name":"Rosana Hessel","image":{"@type":"ImageObject","inLanguage":"pt-BR","@id":"https:\/\/secure.gravatar.com\/avatar\/fe780cf1839cf10cd6d682fb080611e0d2a459b64be8a8781778109777fbcfd3?s=96&d=mm&r=g","url":"https:\/\/secure.gravatar.com\/avatar\/fe780cf1839cf10cd6d682fb080611e0d2a459b64be8a8781778109777fbcfd3?s=96&d=mm&r=g","contentUrl":"https:\/\/secure.gravatar.com\/avatar\/fe780cf1839cf10cd6d682fb080611e0d2a459b64be8a8781778109777fbcfd3?s=96&d=mm&r=g","caption":"Rosana Hessel"},"description":"Formada pela Pontif\u00edcia Universidade Cat\u00f3lica de S\u00e3o Paulo (PUC-SP), \u00e9 jornalista de economia desde 1995, quando passou a integrar o time da Gazeta Mercantil. Est\u00e1 sempre atr\u00e1s da boa informa\u00e7\u00e3o. Possui especializa\u00e7\u00e3o em economia pela FGV e MBA em Finan\u00e7as pela FIA-USP. Trabalha no Correio Braziliense desde 2010. Ganhou o Pr\u00eamio Esso de Jornalismo Econ\u00f4mico em 2014 e em 2015 com a equipe do Correio. Foi finalista entre os 50 jornalistas +Admirados da Imprensa de Economia, Neg\u00f3cios e Finan\u00e7as 2024, promovido pela Jornalistas&amp;Cia.","url":"https:\/\/newblogs.correiobraziliense.com.br\/blog-da-rosana-hessel\/author\/rosanahessel\/"}]}},"_links":{"self":[{"href":"https:\/\/newblogs.correiobraziliense.com.br\/blog-da-rosana-hessel\/wp-json\/wp\/v2\/posts\/32307","targetHints":{"allow":["GET"]}}],"collection":[{"href":"https:\/\/newblogs.correiobraziliense.com.br\/blog-da-rosana-hessel\/wp-json\/wp\/v2\/posts"}],"about":[{"href":"https:\/\/newblogs.correiobraziliense.com.br\/blog-da-rosana-hessel\/wp-json\/wp\/v2\/types\/post"}],"author":[{"embeddable":true,"href":"https:\/\/newblogs.correiobraziliense.com.br\/blog-da-rosana-hessel\/wp-json\/wp\/v2\/users\/10"}],"replies":[{"embeddable":true,"href":"https:\/\/newblogs.correiobraziliense.com.br\/blog-da-rosana-hessel\/wp-json\/wp\/v2\/comments?post=32307"}],"version-history":[{"count":12,"href":"https:\/\/newblogs.correiobraziliense.com.br\/blog-da-rosana-hessel\/wp-json\/wp\/v2\/posts\/32307\/revisions"}],"predecessor-version":[{"id":32327,"href":"https:\/\/newblogs.correiobraziliense.com.br\/blog-da-rosana-hessel\/wp-json\/wp\/v2\/posts\/32307\/revisions\/32327"}],"wp:featuredmedia":[{"embeddable":true,"href":"https:\/\/newblogs.correiobraziliense.com.br\/blog-da-rosana-hessel\/wp-json\/wp\/v2\/media\/31977"}],"wp:attachment":[{"href":"https:\/\/newblogs.correiobraziliense.com.br\/blog-da-rosana-hessel\/wp-json\/wp\/v2\/media?parent=32307"}],"wp:term":[{"taxonomy":"category","embeddable":true,"href":"https:\/\/newblogs.correiobraziliense.com.br\/blog-da-rosana-hessel\/wp-json\/wp\/v2\/categories?post=32307"},{"taxonomy":"post_tag","embeddable":true,"href":"https:\/\/newblogs.correiobraziliense.com.br\/blog-da-rosana-hessel\/wp-json\/wp\/v2\/tags?post=32307"}],"curies":[{"name":"wp","href":"https:\/\/api.w.org\/{rel}","templated":true}]}}