{"id":32260,"date":"2025-01-01T17:12:12","date_gmt":"2025-01-01T20:12:12","guid":{"rendered":"https:\/\/newblogs.correiobraziliense.com.br\/blog-da-rosana-hessel\/?p=32260"},"modified":"2025-01-09T15:21:16","modified_gmt":"2025-01-09T18:21:16","slug":"bancos-reduzem-estimativas-para-o-mercado-de-credito-e-pioram-projecoes-para-juros-e-inflacao","status":"publish","type":"post","link":"https:\/\/newblogs.correiobraziliense.com.br\/blog-da-rosana-hessel\/bancos-reduzem-estimativas-para-o-mercado-de-credito-e-pioram-projecoes-para-juros-e-inflacao\/","title":{"rendered":"Bancos reduzem estimativas para o mercado de cr\u00e9dito e pioram proje\u00e7\u00f5es para juros e infla\u00e7\u00e3o"},"content":{"rendered":"\n<p>Diante da expectativa de que a taxa b\u00e1sica da economia (Selic) continuar\u00e1 subindo ao longo deste novo ano, os bancos reduziram as proje\u00e7\u00f5es de crescimento do mercado de cr\u00e9dito em 2025, de 9,3% para 9%, de acordo com a Pesquisa de Economia Banc\u00e1ria e Expectativas da Federa\u00e7\u00e3o Brasileira de Bancos (Febraban), divulgada nesta quarta-feira (1\u00ba\/12).  <\/p>\n\n\n\n<p>As novas proje\u00e7\u00f5es para 2025 tamb\u00e9m apresentam desacelera\u00e7\u00e3o do ritmo de crescimento da carteira de empr\u00e9stimos do setor financeiro prevista para 2024, de 10,5%. De acordo com a pesquisa, a taxa Selic, atualmente em 12,25% ao ano, dever\u00e1 chegar a 15% ao ano, em junho de 2025, pelas proje\u00e7\u00f5es dos bancos. Com juros mais altos, a previs\u00e3o para a taxa de inadimpl\u00eancia neste ano passou de 4,5% para 4,7%.<\/p>\n\n\n\n<p>A pesquisa da Febraban ainda mostra que a grande maioria dos entrevistados (84,2%) espera que o Comit\u00ea de Pol\u00edtica Monet\u00e1ria (Copom), do Banco Central, eleve a taxa Selic para acima de 14,25% anuais no atual ciclo de aperto monet\u00e1rio. Por\u00e9m, a maioria (52,6%) espera que um novo ciclo de queda dos juros comece ainda neste ano.<\/p>\n\n\n\n<p>A expectativa dos bancos para a taxa de c\u00e2mbio tamb\u00e9m seguiu em alta em rela\u00e7\u00e3o \u00e0s pesquisas anteriores. No curto prazo, a expectativa \u00e9 que o d\u00f3lar siga pr\u00f3ximo do n\u00edvel de R$ 6,00, e, em julho de 2025, recuando para R$ 5,90.  <\/p>\n\n\n\n<p>E, com a perspectiva de um d\u00f3lar mais valorizado, o que vai pressionar ainda mais os pre\u00e7os, a maioria dos entrevistados, (57,9%) espera que o \u00cdndice de Pre\u00e7os ao Consumidor Amplo (IPCA) encerre 2025 acima do teto da meta, de 4,5%, &#8220;em fun\u00e7\u00e3o de in\u00fameros fatores, como a atividade aquecida, o mercado de trabalho apertado e o real depreciado&#8221;.<\/p>\n\n\n\n<p>O pessimismo em rela\u00e7\u00e3o ao ajuste fiscal do governo segue elevado, pois a maior parte dos entrevistados (66,7%) estima que o pacote de corte de gastos aprovado no Congresso no fim do ano passado dever\u00e1 gerar uma economia entre R$ 40 bilh\u00f5es e R$ 55 bilh\u00f5es, nos pr\u00f3ximos dois anos, abaixo das estimativas do governo, em torno de R$ 70 bilh\u00f5es.<\/p>\n\n\n\n<p>Com rela\u00e7\u00e3o \u00e0 atividade econ\u00f4mica, metade dos participantes da pesquisa espera que o Produto Interno Bruto (PIB) brasileiro cres\u00e7a em torno de 2%, neste ano, consenso atual no mercado. Contudo, 27,8% dos participantes esperam um crescimento menor, diante do n\u00edvel restritivo da pol\u00edtica monet\u00e1ria\/condi\u00e7\u00f5es financeiras e redu\u00e7\u00e3o dos est\u00edmulos fiscais.<\/p>\n\n\n\n<p>O levantamento, feito com 19 bancos entre os dias 17 e 20 de dezembro, segundo a entidade, segue em linha com o avan\u00e7o na faixa de dois d\u00edgitos do cr\u00e9dito em 2024, \u201crefletindo a queda dos juros no primeiro semestre do ano, os \u00edndices de inadimpl\u00eancia mais contidos, o aumento da renda das fam\u00edlias, e a recupera\u00e7\u00e3o do cr\u00e9dito para as empresas e novos programas p\u00fablicos\u201d.<\/p>\n","protected":false},"excerpt":{"rendered":"<p>Conforme pesquisa da Febraban, bancos reduzem de 9,3% para 9% a previs\u00e3o de crescimento do mercado de cr\u00e9dito em 2025, e, para eles, taxa Selic deve chegar 15% ao ano at\u00e9 junho<\/p>\n","protected":false},"author":10,"featured_media":30909,"comment_status":"closed","ping_status":"open","sticky":false,"template":"","format":"standard","meta":{"_acf_changed":false,"inline_featured_image":false,"footnotes":""},"categories":[1],"tags":[1640,1332,36,32,39,543,7],"class_list":["post-32260","post","type-post","status-publish","format-standard","has-post-thumbnail","hentry","category-sem-categoria","tag-bancos","tag-credito","tag-dolar","tag-inflacao","tag-juros","tag-pesquisa","tag-pib"],"acf":[],"yoast_head":"<!-- This site is optimized with the Yoast SEO plugin v27.3 - https:\/\/yoast.com\/product\/yoast-seo-wordpress\/ -->\n<title>Bancos reduzem estimativas para o mercado de cr\u00e9dito e pioram proje\u00e7\u00f5es para juros e infla\u00e7\u00e3o - Blog da Rosana Hessel<\/title>\n<meta name=\"description\" content=\"Conforme pesquisa da Febraban, bancos reduzem de 9,3% para 9% a previs\u00e3o de crescimento do mercado de cr\u00e9dito em 2025, e, para eles, taxa Selic deve chegar 15% ao ano at\u00e9 junho\" \/>\n<meta name=\"robots\" content=\"index, follow, max-snippet:-1, max-image-preview:large, max-video-preview:-1\" \/>\n<link rel=\"canonical\" href=\"https:\/\/newblogs.correiobraziliense.com.br\/blog-da-rosana-hessel\/bancos-reduzem-estimativas-para-o-mercado-de-credito-e-pioram-projecoes-para-juros-e-inflacao\/\" \/>\n<meta property=\"og:locale\" content=\"pt_BR\" \/>\n<meta property=\"og:type\" content=\"article\" \/>\n<meta property=\"og:title\" content=\"Bancos reduzem estimativas para o mercado de cr\u00e9dito e pioram proje\u00e7\u00f5es para juros e infla\u00e7\u00e3o - Blog da Rosana Hessel\" \/>\n<meta property=\"og:description\" content=\"Conforme pesquisa da Febraban, bancos reduzem de 9,3% para 9% a previs\u00e3o de crescimento do mercado de cr\u00e9dito em 2025, e, para eles, taxa Selic deve chegar 15% ao ano at\u00e9 junho\" \/>\n<meta property=\"og:url\" content=\"https:\/\/newblogs.correiobraziliense.com.br\/blog-da-rosana-hessel\/bancos-reduzem-estimativas-para-o-mercado-de-credito-e-pioram-projecoes-para-juros-e-inflacao\/\" \/>\n<meta property=\"og:site_name\" content=\"Blog da Rosana Hessel\" \/>\n<meta property=\"article:published_time\" content=\"2025-01-01T20:12:12+00:00\" \/>\n<meta property=\"article:modified_time\" content=\"2025-01-09T18:21:16+00:00\" \/>\n<meta property=\"og:image\" content=\"http:\/\/newblogs.correiobraziliense.com.br\/blog-da-rosana-hessel\/wp-content\/uploads\/sites\/5\/2024\/06\/cbpilu200720151484-6534134.jpg\" \/>\n\t<meta property=\"og:image:width\" content=\"1000\" \/>\n\t<meta property=\"og:image:height\" content=\"687\" \/>\n\t<meta property=\"og:image:type\" content=\"image\/jpeg\" \/>\n<meta name=\"author\" content=\"Rosana Hessel\" \/>\n<!-- \/ Yoast SEO plugin. -->","yoast_head_json":{"title":"Bancos reduzem estimativas para o mercado de cr\u00e9dito e pioram proje\u00e7\u00f5es para juros e infla\u00e7\u00e3o - Blog da Rosana Hessel","description":"Conforme pesquisa da Febraban, bancos reduzem de 9,3% para 9% a previs\u00e3o de crescimento do mercado de cr\u00e9dito em 2025, e, para eles, taxa Selic deve chegar 15% ao ano at\u00e9 junho","robots":{"index":"index","follow":"follow","max-snippet":"max-snippet:-1","max-image-preview":"max-image-preview:large","max-video-preview":"max-video-preview:-1"},"canonical":"https:\/\/newblogs.correiobraziliense.com.br\/blog-da-rosana-hessel\/bancos-reduzem-estimativas-para-o-mercado-de-credito-e-pioram-projecoes-para-juros-e-inflacao\/","og_locale":"pt_BR","og_type":"article","og_title":"Bancos reduzem estimativas para o mercado de cr\u00e9dito e pioram proje\u00e7\u00f5es para juros e infla\u00e7\u00e3o - Blog da Rosana Hessel","og_description":"Conforme pesquisa da Febraban, bancos reduzem de 9,3% para 9% a previs\u00e3o de crescimento do mercado de cr\u00e9dito em 2025, e, para eles, taxa Selic deve chegar 15% ao ano at\u00e9 junho","og_url":"https:\/\/newblogs.correiobraziliense.com.br\/blog-da-rosana-hessel\/bancos-reduzem-estimativas-para-o-mercado-de-credito-e-pioram-projecoes-para-juros-e-inflacao\/","og_site_name":"Blog da Rosana Hessel","article_published_time":"2025-01-01T20:12:12+00:00","article_modified_time":"2025-01-09T18:21:16+00:00","og_image":[{"width":1000,"height":687,"url":"http:\/\/newblogs.correiobraziliense.com.br\/blog-da-rosana-hessel\/wp-content\/uploads\/sites\/5\/2024\/06\/cbpilu200720151484-6534134.jpg","type":"image\/jpeg"}],"author":"Rosana Hessel","schema":{"@context":"https:\/\/schema.org","@graph":[{"@type":"Article","@id":"https:\/\/newblogs.correiobraziliense.com.br\/blog-da-rosana-hessel\/bancos-reduzem-estimativas-para-o-mercado-de-credito-e-pioram-projecoes-para-juros-e-inflacao\/#article","isPartOf":{"@id":"https:\/\/newblogs.correiobraziliense.com.br\/blog-da-rosana-hessel\/bancos-reduzem-estimativas-para-o-mercado-de-credito-e-pioram-projecoes-para-juros-e-inflacao\/"},"author":{"name":"Rosana Hessel","@id":"https:\/\/newblogs.correiobraziliense.com.br\/blog-da-rosana-hessel\/#\/schema\/person\/824cb3c631cf0d4056f75ca02599a930"},"headline":"Bancos reduzem estimativas para o mercado de cr\u00e9dito e pioram proje\u00e7\u00f5es para juros e infla\u00e7\u00e3o","datePublished":"2025-01-01T20:12:12+00:00","dateModified":"2025-01-09T18:21:16+00:00","mainEntityOfPage":{"@id":"https:\/\/newblogs.correiobraziliense.com.br\/blog-da-rosana-hessel\/bancos-reduzem-estimativas-para-o-mercado-de-credito-e-pioram-projecoes-para-juros-e-inflacao\/"},"wordCount":494,"image":{"@id":"https:\/\/newblogs.correiobraziliense.com.br\/blog-da-rosana-hessel\/bancos-reduzem-estimativas-para-o-mercado-de-credito-e-pioram-projecoes-para-juros-e-inflacao\/#primaryimage"},"thumbnailUrl":"https:\/\/newblogs.correiobraziliense.com.br\/blog-da-rosana-hessel\/wp-content\/uploads\/sites\/5\/2024\/06\/cbpilu200720151484-6534134.jpg","keywords":["Bancos","cr\u00e9dito","d\u00f3lar","infla\u00e7\u00e3o","juros","pesquisa","PIB"],"articleSection":["Macroeconomia"],"inLanguage":"pt-BR"},{"@type":"WebPage","@id":"https:\/\/newblogs.correiobraziliense.com.br\/blog-da-rosana-hessel\/bancos-reduzem-estimativas-para-o-mercado-de-credito-e-pioram-projecoes-para-juros-e-inflacao\/","url":"https:\/\/newblogs.correiobraziliense.com.br\/blog-da-rosana-hessel\/bancos-reduzem-estimativas-para-o-mercado-de-credito-e-pioram-projecoes-para-juros-e-inflacao\/","name":"Bancos reduzem estimativas para o mercado de cr\u00e9dito e pioram proje\u00e7\u00f5es para juros e infla\u00e7\u00e3o - Blog da Rosana Hessel","isPartOf":{"@id":"https:\/\/newblogs.correiobraziliense.com.br\/blog-da-rosana-hessel\/#website"},"primaryImageOfPage":{"@id":"https:\/\/newblogs.correiobraziliense.com.br\/blog-da-rosana-hessel\/bancos-reduzem-estimativas-para-o-mercado-de-credito-e-pioram-projecoes-para-juros-e-inflacao\/#primaryimage"},"image":{"@id":"https:\/\/newblogs.correiobraziliense.com.br\/blog-da-rosana-hessel\/bancos-reduzem-estimativas-para-o-mercado-de-credito-e-pioram-projecoes-para-juros-e-inflacao\/#primaryimage"},"thumbnailUrl":"https:\/\/newblogs.correiobraziliense.com.br\/blog-da-rosana-hessel\/wp-content\/uploads\/sites\/5\/2024\/06\/cbpilu200720151484-6534134.jpg","datePublished":"2025-01-01T20:12:12+00:00","dateModified":"2025-01-09T18:21:16+00:00","author":{"@id":"https:\/\/newblogs.correiobraziliense.com.br\/blog-da-rosana-hessel\/#\/schema\/person\/824cb3c631cf0d4056f75ca02599a930"},"description":"Conforme pesquisa da Febraban, bancos reduzem de 9,3% para 9% a previs\u00e3o de crescimento do mercado de cr\u00e9dito em 2025, e, para eles, taxa Selic deve chegar 15% ao ano at\u00e9 junho","breadcrumb":{"@id":"https:\/\/newblogs.correiobraziliense.com.br\/blog-da-rosana-hessel\/bancos-reduzem-estimativas-para-o-mercado-de-credito-e-pioram-projecoes-para-juros-e-inflacao\/#breadcrumb"},"inLanguage":"pt-BR","potentialAction":[{"@type":"ReadAction","target":["https:\/\/newblogs.correiobraziliense.com.br\/blog-da-rosana-hessel\/bancos-reduzem-estimativas-para-o-mercado-de-credito-e-pioram-projecoes-para-juros-e-inflacao\/"]}]},{"@type":"ImageObject","inLanguage":"pt-BR","@id":"https:\/\/newblogs.correiobraziliense.com.br\/blog-da-rosana-hessel\/bancos-reduzem-estimativas-para-o-mercado-de-credito-e-pioram-projecoes-para-juros-e-inflacao\/#primaryimage","url":"https:\/\/newblogs.correiobraziliense.com.br\/blog-da-rosana-hessel\/wp-content\/uploads\/sites\/5\/2024\/06\/cbpilu200720151484-6534134.jpg","contentUrl":"https:\/\/newblogs.correiobraziliense.com.br\/blog-da-rosana-hessel\/wp-content\/uploads\/sites\/5\/2024\/06\/cbpilu200720151484-6534134.jpg","width":1000,"height":687},{"@type":"BreadcrumbList","@id":"https:\/\/newblogs.correiobraziliense.com.br\/blog-da-rosana-hessel\/bancos-reduzem-estimativas-para-o-mercado-de-credito-e-pioram-projecoes-para-juros-e-inflacao\/#breadcrumb","itemListElement":[{"@type":"ListItem","position":1,"name":"In\u00edcio","item":"https:\/\/newblogs.correiobraziliense.com.br\/blog-da-rosana-hessel\/"},{"@type":"ListItem","position":2,"name":"Bancos reduzem estimativas para o mercado de cr\u00e9dito e pioram proje\u00e7\u00f5es para juros e infla\u00e7\u00e3o"}]},{"@type":"WebSite","@id":"https:\/\/newblogs.correiobraziliense.com.br\/blog-da-rosana-hessel\/#website","url":"https:\/\/newblogs.correiobraziliense.com.br\/blog-da-rosana-hessel\/","name":"Blog da Rosana Hessel","description":"Not\u00edcias atualizadas e an\u00e1lises sobre economia. Acompanhe-nos para entender as tend\u00eancias e os impactos econ\u00f4micos que influenciam o seu dia a dia, tanto no Brasil quanto no exterior.","potentialAction":[{"@type":"SearchAction","target":{"@type":"EntryPoint","urlTemplate":"https:\/\/newblogs.correiobraziliense.com.br\/blog-da-rosana-hessel\/?s={search_term_string}"},"query-input":{"@type":"PropertyValueSpecification","valueRequired":true,"valueName":"search_term_string"}}],"inLanguage":"pt-BR"},{"@type":"Person","@id":"https:\/\/newblogs.correiobraziliense.com.br\/blog-da-rosana-hessel\/#\/schema\/person\/824cb3c631cf0d4056f75ca02599a930","name":"Rosana Hessel","image":{"@type":"ImageObject","inLanguage":"pt-BR","@id":"https:\/\/secure.gravatar.com\/avatar\/fe780cf1839cf10cd6d682fb080611e0d2a459b64be8a8781778109777fbcfd3?s=96&d=mm&r=g","url":"https:\/\/secure.gravatar.com\/avatar\/fe780cf1839cf10cd6d682fb080611e0d2a459b64be8a8781778109777fbcfd3?s=96&d=mm&r=g","contentUrl":"https:\/\/secure.gravatar.com\/avatar\/fe780cf1839cf10cd6d682fb080611e0d2a459b64be8a8781778109777fbcfd3?s=96&d=mm&r=g","caption":"Rosana Hessel"},"description":"Formada pela Pontif\u00edcia Universidade Cat\u00f3lica de S\u00e3o Paulo (PUC-SP), \u00e9 jornalista de economia desde 1995, quando passou a integrar o time da Gazeta Mercantil. Est\u00e1 sempre atr\u00e1s da boa informa\u00e7\u00e3o. Possui especializa\u00e7\u00e3o em economia pela FGV e MBA em Finan\u00e7as pela FIA-USP. Trabalha no Correio Braziliense desde 2010. Ganhou o Pr\u00eamio Esso de Jornalismo Econ\u00f4mico em 2014 e em 2015 com a equipe do Correio. Foi finalista entre os 50 jornalistas +Admirados da Imprensa de Economia, Neg\u00f3cios e Finan\u00e7as 2024, promovido pela Jornalistas&amp;Cia.","url":"https:\/\/newblogs.correiobraziliense.com.br\/blog-da-rosana-hessel\/author\/rosanahessel\/"}]}},"_links":{"self":[{"href":"https:\/\/newblogs.correiobraziliense.com.br\/blog-da-rosana-hessel\/wp-json\/wp\/v2\/posts\/32260","targetHints":{"allow":["GET"]}}],"collection":[{"href":"https:\/\/newblogs.correiobraziliense.com.br\/blog-da-rosana-hessel\/wp-json\/wp\/v2\/posts"}],"about":[{"href":"https:\/\/newblogs.correiobraziliense.com.br\/blog-da-rosana-hessel\/wp-json\/wp\/v2\/types\/post"}],"author":[{"embeddable":true,"href":"https:\/\/newblogs.correiobraziliense.com.br\/blog-da-rosana-hessel\/wp-json\/wp\/v2\/users\/10"}],"replies":[{"embeddable":true,"href":"https:\/\/newblogs.correiobraziliense.com.br\/blog-da-rosana-hessel\/wp-json\/wp\/v2\/comments?post=32260"}],"version-history":[{"count":6,"href":"https:\/\/newblogs.correiobraziliense.com.br\/blog-da-rosana-hessel\/wp-json\/wp\/v2\/posts\/32260\/revisions"}],"predecessor-version":[{"id":32266,"href":"https:\/\/newblogs.correiobraziliense.com.br\/blog-da-rosana-hessel\/wp-json\/wp\/v2\/posts\/32260\/revisions\/32266"}],"wp:featuredmedia":[{"embeddable":true,"href":"https:\/\/newblogs.correiobraziliense.com.br\/blog-da-rosana-hessel\/wp-json\/wp\/v2\/media\/30909"}],"wp:attachment":[{"href":"https:\/\/newblogs.correiobraziliense.com.br\/blog-da-rosana-hessel\/wp-json\/wp\/v2\/media?parent=32260"}],"wp:term":[{"taxonomy":"category","embeddable":true,"href":"https:\/\/newblogs.correiobraziliense.com.br\/blog-da-rosana-hessel\/wp-json\/wp\/v2\/categories?post=32260"},{"taxonomy":"post_tag","embeddable":true,"href":"https:\/\/newblogs.correiobraziliense.com.br\/blog-da-rosana-hessel\/wp-json\/wp\/v2\/tags?post=32260"}],"curies":[{"name":"wp","href":"https:\/\/api.w.org\/{rel}","templated":true}]}}