{"id":32248,"date":"2024-12-30T15:07:25","date_gmt":"2024-12-30T18:07:25","guid":{"rendered":"https:\/\/newblogs.correiobraziliense.com.br\/blog-da-rosana-hessel\/?p=32248"},"modified":"2024-12-30T17:49:25","modified_gmt":"2024-12-30T20:49:25","slug":"bc-faz-leilao-para-segurar-dolar-e-bolsa-anda-de-lado-no-ultimo-pregao-do-ano","status":"publish","type":"post","link":"https:\/\/newblogs.correiobraziliense.com.br\/blog-da-rosana-hessel\/bc-faz-leilao-para-segurar-dolar-e-bolsa-anda-de-lado-no-ultimo-pregao-do-ano\/","title":{"rendered":"BC faz leil\u00e3o para segurar d\u00f3lar e Bolsa anda de lado no \u00faltimo preg\u00e3o do ano"},"content":{"rendered":"\n<p>No \u00faltimo preg\u00e3o do ano, o d\u00f3lar voltou a subir e s\u00f3 deu uma recuada depois que o Banco Central resolveu injetar US$ 1,815 bilh\u00e3o no mercado \u00e0 vista na tarde desta segunda-feira (30\/12), ap\u00f3s o d\u00f3lar comercial atingir o pico no dia de R$ 6,237 para a venda. Ap\u00f3s a venda da moeda norte-americana no mercado \u00e0 vista, ou seja, queima de reservas, a divisa passou a ser negociada abaixo de R$ 6,20. \u00c0s 14h55 estava cotada a R$ 6,175, com queda de 0,34%.<\/p>\n\n\n\n<p>&#8220;O d\u00f3lar s\u00f3 come\u00e7ou a cair depois do an\u00fancio de leil\u00e3o do BC, mas n\u00e3o deve ter um efeito muito grande. Ao que tudo indica, teremos um momento de press\u00e3o no c\u00e2mbio no come\u00e7o&nbsp;de&nbsp;janeiro&#8221;, avaliou Gustavo Cruz, estrategista-chefe da RB Investimentos.  <\/p>\n\n\n\n<p>Enquanto isso, no Pal\u00e1cio da Alvorada, o presidente Luiz In\u00e1cio Lula da Silva marcou  uma reuni\u00e3o com o presidente em exerc\u00edcio do Banco Central, Gabriel Gal\u00edpolo, que assume definitivamente a chefia da autoridade monet\u00e1ria a partir de janeiro, e o ministro da Fazenda, Fernando Haddad, a partir das 15h. E est\u00e1 prevista ainda para hoje a publica\u00e7\u00e3o do decreto da nomea\u00e7\u00e3o de Gal\u00edpolo como presidente do BC ainda hoje, em edi\u00e7\u00e3o extra do <em>Di\u00e1rio Oficial da Uni\u00e3o (DOU)<\/em>. <\/p>\n\n\n\n<p>Antes do Natal, Lula fez um pronunciamento ao lado de Gal\u00edpolo prometendo respeitar a independ\u00eancia do BC, mas a fala do chefe do Executivo n\u00e3o convenceu e o d\u00f3lar seguiu sendo negociado acima de R$ 6, patamar que vem prevalecendo desde o atraso na divulga\u00e7\u00e3o do pacote de corte de gastos, aguardado para depois das elei\u00e7\u00f5es municipais. E, ao que tudo indica, a moeda norte-americana dever\u00e1 fechar acima da mediana das estimativas do mercado coletadas no boletim Focus, do Banco Central, divulgado hoje, de R$ 6,05.  <\/p>\n\n\n\n<p>A Bolsa de Valores de S\u00e3o Paulo (B3) segue andando de lado, ora no azul, ora no vermelho, acompanhando o fechamento negativo de outros mercados e o \u00cdndice Bovespa rodando em torno de 120 mil pontos. O principal indicador da B3 tende a fechar o ano no vermelho, abaixo do fechamento de 134.185 pontos no fim de 2023.<\/p>\n\n\n\n\n","protected":false},"excerpt":{"rendered":"<p>D\u00f3lar chegou a atingir o pico de R$ 6,237 nesta segunda-feira, mas recuou ap\u00f3s BC anunciar leil\u00e3o de US$ 1,8 bilh\u00e3o no mercado \u00e0 vista<\/p>\n","protected":false},"author":10,"featured_media":30911,"comment_status":"closed","ping_status":"open","sticky":false,"template":"","format":"standard","meta":{"_acf_changed":false,"inline_featured_image":false,"footnotes":""},"categories":[1],"tags":[1237,82,35,36,1241],"class_list":["post-32248","post","type-post","status-publish","format-standard","has-post-thumbnail","hentry","category-sem-categoria","tag-b3","tag-banco-central","tag-bolsa","tag-dolar","tag-ibovespa"],"acf":[],"yoast_head":"<!-- This site is optimized with the Yoast SEO plugin v27.3 - https:\/\/yoast.com\/product\/yoast-seo-wordpress\/ -->\n<title>BC faz leil\u00e3o para segurar d\u00f3lar e Bolsa anda de lado no \u00faltimo preg\u00e3o do ano - Blog da Rosana Hessel<\/title>\n<meta name=\"description\" content=\"D\u00f3lar chegou a atingir o pico de R$ 6,237 nesta segunda-feira, mas recuou ap\u00f3s BC anunciar leil\u00e3o de US$ 1,8 bilh\u00e3o no mercado \u00e0 vista\" \/>\n<meta name=\"robots\" content=\"index, follow, max-snippet:-1, max-image-preview:large, max-video-preview:-1\" \/>\n<link rel=\"canonical\" href=\"https:\/\/newblogs.correiobraziliense.com.br\/blog-da-rosana-hessel\/bc-faz-leilao-para-segurar-dolar-e-bolsa-anda-de-lado-no-ultimo-pregao-do-ano\/\" \/>\n<meta property=\"og:locale\" content=\"pt_BR\" \/>\n<meta property=\"og:type\" content=\"article\" \/>\n<meta property=\"og:title\" content=\"BC faz leil\u00e3o para segurar d\u00f3lar e Bolsa anda de lado no \u00faltimo preg\u00e3o do ano - Blog da Rosana Hessel\" \/>\n<meta property=\"og:description\" content=\"D\u00f3lar chegou a atingir o pico de R$ 6,237 nesta segunda-feira, mas recuou ap\u00f3s BC anunciar leil\u00e3o de US$ 1,8 bilh\u00e3o no mercado \u00e0 vista\" \/>\n<meta property=\"og:url\" content=\"https:\/\/newblogs.correiobraziliense.com.br\/blog-da-rosana-hessel\/bc-faz-leilao-para-segurar-dolar-e-bolsa-anda-de-lado-no-ultimo-pregao-do-ano\/\" \/>\n<meta property=\"og:site_name\" content=\"Blog da Rosana Hessel\" \/>\n<meta property=\"article:published_time\" content=\"2024-12-30T18:07:25+00:00\" \/>\n<meta property=\"article:modified_time\" content=\"2024-12-30T20:49:25+00:00\" \/>\n<meta property=\"og:image\" content=\"http:\/\/newblogs.correiobraziliense.com.br\/blog-da-rosana-hessel\/wp-content\/uploads\/sites\/5\/2024\/06\/dolar-1.jpg\" \/>\n\t<meta property=\"og:image:width\" content=\"800\" \/>\n\t<meta property=\"og:image:height\" content=\"533\" \/>\n\t<meta property=\"og:image:type\" content=\"image\/jpeg\" \/>\n<meta name=\"author\" content=\"Rosana Hessel\" \/>\n<!-- \/ Yoast SEO plugin. -->","yoast_head_json":{"title":"BC faz leil\u00e3o para segurar d\u00f3lar e Bolsa anda de lado no \u00faltimo preg\u00e3o do ano - Blog da Rosana Hessel","description":"D\u00f3lar chegou a atingir o pico de R$ 6,237 nesta segunda-feira, mas recuou ap\u00f3s BC anunciar leil\u00e3o de US$ 1,8 bilh\u00e3o no mercado \u00e0 vista","robots":{"index":"index","follow":"follow","max-snippet":"max-snippet:-1","max-image-preview":"max-image-preview:large","max-video-preview":"max-video-preview:-1"},"canonical":"https:\/\/newblogs.correiobraziliense.com.br\/blog-da-rosana-hessel\/bc-faz-leilao-para-segurar-dolar-e-bolsa-anda-de-lado-no-ultimo-pregao-do-ano\/","og_locale":"pt_BR","og_type":"article","og_title":"BC faz leil\u00e3o para segurar d\u00f3lar e Bolsa anda de lado no \u00faltimo preg\u00e3o do ano - Blog da Rosana Hessel","og_description":"D\u00f3lar chegou a atingir o pico de R$ 6,237 nesta segunda-feira, mas recuou ap\u00f3s BC anunciar leil\u00e3o de US$ 1,8 bilh\u00e3o no mercado \u00e0 vista","og_url":"https:\/\/newblogs.correiobraziliense.com.br\/blog-da-rosana-hessel\/bc-faz-leilao-para-segurar-dolar-e-bolsa-anda-de-lado-no-ultimo-pregao-do-ano\/","og_site_name":"Blog da Rosana Hessel","article_published_time":"2024-12-30T18:07:25+00:00","article_modified_time":"2024-12-30T20:49:25+00:00","og_image":[{"width":800,"height":533,"url":"http:\/\/newblogs.correiobraziliense.com.br\/blog-da-rosana-hessel\/wp-content\/uploads\/sites\/5\/2024\/06\/dolar-1.jpg","type":"image\/jpeg"}],"author":"Rosana Hessel","schema":{"@context":"https:\/\/schema.org","@graph":[{"@type":"Article","@id":"https:\/\/newblogs.correiobraziliense.com.br\/blog-da-rosana-hessel\/bc-faz-leilao-para-segurar-dolar-e-bolsa-anda-de-lado-no-ultimo-pregao-do-ano\/#article","isPartOf":{"@id":"https:\/\/newblogs.correiobraziliense.com.br\/blog-da-rosana-hessel\/bc-faz-leilao-para-segurar-dolar-e-bolsa-anda-de-lado-no-ultimo-pregao-do-ano\/"},"author":{"name":"Rosana Hessel","@id":"https:\/\/newblogs.correiobraziliense.com.br\/blog-da-rosana-hessel\/#\/schema\/person\/824cb3c631cf0d4056f75ca02599a930"},"headline":"BC faz leil\u00e3o para segurar d\u00f3lar e Bolsa anda de lado no \u00faltimo preg\u00e3o do ano","datePublished":"2024-12-30T18:07:25+00:00","dateModified":"2024-12-30T20:49:25+00:00","mainEntityOfPage":{"@id":"https:\/\/newblogs.correiobraziliense.com.br\/blog-da-rosana-hessel\/bc-faz-leilao-para-segurar-dolar-e-bolsa-anda-de-lado-no-ultimo-pregao-do-ano\/"},"wordCount":391,"image":{"@id":"https:\/\/newblogs.correiobraziliense.com.br\/blog-da-rosana-hessel\/bc-faz-leilao-para-segurar-dolar-e-bolsa-anda-de-lado-no-ultimo-pregao-do-ano\/#primaryimage"},"thumbnailUrl":"https:\/\/newblogs.correiobraziliense.com.br\/blog-da-rosana-hessel\/wp-content\/uploads\/sites\/5\/2024\/06\/dolar-1.jpg","keywords":["B3","Banco Central","bolsa","d\u00f3lar","Ibovespa"],"articleSection":["Macroeconomia"],"inLanguage":"pt-BR"},{"@type":"WebPage","@id":"https:\/\/newblogs.correiobraziliense.com.br\/blog-da-rosana-hessel\/bc-faz-leilao-para-segurar-dolar-e-bolsa-anda-de-lado-no-ultimo-pregao-do-ano\/","url":"https:\/\/newblogs.correiobraziliense.com.br\/blog-da-rosana-hessel\/bc-faz-leilao-para-segurar-dolar-e-bolsa-anda-de-lado-no-ultimo-pregao-do-ano\/","name":"BC faz leil\u00e3o para segurar d\u00f3lar e Bolsa anda de lado no \u00faltimo preg\u00e3o do ano - Blog da Rosana Hessel","isPartOf":{"@id":"https:\/\/newblogs.correiobraziliense.com.br\/blog-da-rosana-hessel\/#website"},"primaryImageOfPage":{"@id":"https:\/\/newblogs.correiobraziliense.com.br\/blog-da-rosana-hessel\/bc-faz-leilao-para-segurar-dolar-e-bolsa-anda-de-lado-no-ultimo-pregao-do-ano\/#primaryimage"},"image":{"@id":"https:\/\/newblogs.correiobraziliense.com.br\/blog-da-rosana-hessel\/bc-faz-leilao-para-segurar-dolar-e-bolsa-anda-de-lado-no-ultimo-pregao-do-ano\/#primaryimage"},"thumbnailUrl":"https:\/\/newblogs.correiobraziliense.com.br\/blog-da-rosana-hessel\/wp-content\/uploads\/sites\/5\/2024\/06\/dolar-1.jpg","datePublished":"2024-12-30T18:07:25+00:00","dateModified":"2024-12-30T20:49:25+00:00","author":{"@id":"https:\/\/newblogs.correiobraziliense.com.br\/blog-da-rosana-hessel\/#\/schema\/person\/824cb3c631cf0d4056f75ca02599a930"},"description":"D\u00f3lar chegou a atingir o pico de R$ 6,237 nesta segunda-feira, mas recuou ap\u00f3s BC anunciar leil\u00e3o de US$ 1,8 bilh\u00e3o no mercado \u00e0 vista","breadcrumb":{"@id":"https:\/\/newblogs.correiobraziliense.com.br\/blog-da-rosana-hessel\/bc-faz-leilao-para-segurar-dolar-e-bolsa-anda-de-lado-no-ultimo-pregao-do-ano\/#breadcrumb"},"inLanguage":"pt-BR","potentialAction":[{"@type":"ReadAction","target":["https:\/\/newblogs.correiobraziliense.com.br\/blog-da-rosana-hessel\/bc-faz-leilao-para-segurar-dolar-e-bolsa-anda-de-lado-no-ultimo-pregao-do-ano\/"]}]},{"@type":"ImageObject","inLanguage":"pt-BR","@id":"https:\/\/newblogs.correiobraziliense.com.br\/blog-da-rosana-hessel\/bc-faz-leilao-para-segurar-dolar-e-bolsa-anda-de-lado-no-ultimo-pregao-do-ano\/#primaryimage","url":"https:\/\/newblogs.correiobraziliense.com.br\/blog-da-rosana-hessel\/wp-content\/uploads\/sites\/5\/2024\/06\/dolar-1.jpg","contentUrl":"https:\/\/newblogs.correiobraziliense.com.br\/blog-da-rosana-hessel\/wp-content\/uploads\/sites\/5\/2024\/06\/dolar-1.jpg","width":800,"height":533,"caption":"This ilustration shows a man counting US dollars in Caracas on January 28, 2019. Venezuela devalued its currency by almost 35 percent on Monday to bring it into line with the exchange rate of the dollar on the black market. The exchange rate is now fixed at 3,200 bolivars to the dollar, almost matching the 3,118.62 offered on the dolartoday.com site that acts as the reference for the black market. \/ AFP \/ YURI CORTEZ"},{"@type":"BreadcrumbList","@id":"https:\/\/newblogs.correiobraziliense.com.br\/blog-da-rosana-hessel\/bc-faz-leilao-para-segurar-dolar-e-bolsa-anda-de-lado-no-ultimo-pregao-do-ano\/#breadcrumb","itemListElement":[{"@type":"ListItem","position":1,"name":"In\u00edcio","item":"https:\/\/newblogs.correiobraziliense.com.br\/blog-da-rosana-hessel\/"},{"@type":"ListItem","position":2,"name":"BC faz leil\u00e3o para segurar d\u00f3lar e Bolsa anda de lado no \u00faltimo preg\u00e3o do ano"}]},{"@type":"WebSite","@id":"https:\/\/newblogs.correiobraziliense.com.br\/blog-da-rosana-hessel\/#website","url":"https:\/\/newblogs.correiobraziliense.com.br\/blog-da-rosana-hessel\/","name":"Blog da Rosana Hessel","description":"Not\u00edcias atualizadas e an\u00e1lises sobre economia. Acompanhe-nos para entender as tend\u00eancias e os impactos econ\u00f4micos que influenciam o seu dia a dia, tanto no Brasil quanto no exterior.","potentialAction":[{"@type":"SearchAction","target":{"@type":"EntryPoint","urlTemplate":"https:\/\/newblogs.correiobraziliense.com.br\/blog-da-rosana-hessel\/?s={search_term_string}"},"query-input":{"@type":"PropertyValueSpecification","valueRequired":true,"valueName":"search_term_string"}}],"inLanguage":"pt-BR"},{"@type":"Person","@id":"https:\/\/newblogs.correiobraziliense.com.br\/blog-da-rosana-hessel\/#\/schema\/person\/824cb3c631cf0d4056f75ca02599a930","name":"Rosana Hessel","image":{"@type":"ImageObject","inLanguage":"pt-BR","@id":"https:\/\/secure.gravatar.com\/avatar\/fe780cf1839cf10cd6d682fb080611e0d2a459b64be8a8781778109777fbcfd3?s=96&d=mm&r=g","url":"https:\/\/secure.gravatar.com\/avatar\/fe780cf1839cf10cd6d682fb080611e0d2a459b64be8a8781778109777fbcfd3?s=96&d=mm&r=g","contentUrl":"https:\/\/secure.gravatar.com\/avatar\/fe780cf1839cf10cd6d682fb080611e0d2a459b64be8a8781778109777fbcfd3?s=96&d=mm&r=g","caption":"Rosana Hessel"},"description":"Formada pela Pontif\u00edcia Universidade Cat\u00f3lica de S\u00e3o Paulo (PUC-SP), \u00e9 jornalista de economia desde 1995, quando passou a integrar o time da Gazeta Mercantil. Est\u00e1 sempre atr\u00e1s da boa informa\u00e7\u00e3o. Possui especializa\u00e7\u00e3o em economia pela FGV e MBA em Finan\u00e7as pela FIA-USP. Trabalha no Correio Braziliense desde 2010. Ganhou o Pr\u00eamio Esso de Jornalismo Econ\u00f4mico em 2014 e em 2015 com a equipe do Correio. Foi finalista entre os 50 jornalistas +Admirados da Imprensa de Economia, Neg\u00f3cios e Finan\u00e7as 2024, promovido pela Jornalistas&amp;Cia.","url":"https:\/\/newblogs.correiobraziliense.com.br\/blog-da-rosana-hessel\/author\/rosanahessel\/"}]}},"_links":{"self":[{"href":"https:\/\/newblogs.correiobraziliense.com.br\/blog-da-rosana-hessel\/wp-json\/wp\/v2\/posts\/32248","targetHints":{"allow":["GET"]}}],"collection":[{"href":"https:\/\/newblogs.correiobraziliense.com.br\/blog-da-rosana-hessel\/wp-json\/wp\/v2\/posts"}],"about":[{"href":"https:\/\/newblogs.correiobraziliense.com.br\/blog-da-rosana-hessel\/wp-json\/wp\/v2\/types\/post"}],"author":[{"embeddable":true,"href":"https:\/\/newblogs.correiobraziliense.com.br\/blog-da-rosana-hessel\/wp-json\/wp\/v2\/users\/10"}],"replies":[{"embeddable":true,"href":"https:\/\/newblogs.correiobraziliense.com.br\/blog-da-rosana-hessel\/wp-json\/wp\/v2\/comments?post=32248"}],"version-history":[{"count":10,"href":"https:\/\/newblogs.correiobraziliense.com.br\/blog-da-rosana-hessel\/wp-json\/wp\/v2\/posts\/32248\/revisions"}],"predecessor-version":[{"id":32258,"href":"https:\/\/newblogs.correiobraziliense.com.br\/blog-da-rosana-hessel\/wp-json\/wp\/v2\/posts\/32248\/revisions\/32258"}],"wp:featuredmedia":[{"embeddable":true,"href":"https:\/\/newblogs.correiobraziliense.com.br\/blog-da-rosana-hessel\/wp-json\/wp\/v2\/media\/30911"}],"wp:attachment":[{"href":"https:\/\/newblogs.correiobraziliense.com.br\/blog-da-rosana-hessel\/wp-json\/wp\/v2\/media?parent=32248"}],"wp:term":[{"taxonomy":"category","embeddable":true,"href":"https:\/\/newblogs.correiobraziliense.com.br\/blog-da-rosana-hessel\/wp-json\/wp\/v2\/categories?post=32248"},{"taxonomy":"post_tag","embeddable":true,"href":"https:\/\/newblogs.correiobraziliense.com.br\/blog-da-rosana-hessel\/wp-json\/wp\/v2\/tags?post=32248"}],"curies":[{"name":"wp","href":"https:\/\/api.w.org\/{rel}","templated":true}]}}