{"id":32173,"date":"2024-12-18T12:16:19","date_gmt":"2024-12-18T15:16:19","guid":{"rendered":"https:\/\/newblogs.correiobraziliense.com.br\/blog-da-rosana-hessel\/?p=32173"},"modified":"2024-12-18T12:16:21","modified_gmt":"2024-12-18T15:16:21","slug":"bradesco-reve-projecoes-e-preve-juros-de-1525-ate-junho-de-2025","status":"publish","type":"post","link":"https:\/\/newblogs.correiobraziliense.com.br\/blog-da-rosana-hessel\/bradesco-reve-projecoes-e-preve-juros-de-1525-ate-junho-de-2025\/","title":{"rendered":"Bradesco rev\u00ea proje\u00e7\u00f5es e prev\u00ea juros de 15,25% at\u00e9 junho de 2025"},"content":{"rendered":"\n<p>Apesar de elevar de 3,5% para 3,6% a previs\u00e3o de crescimento do Produto Interno Bruto (PIB) deste ano, o Bradesco revisou para baixo a expectativa de expans\u00e3o da economia em 2025, de&nbsp; 2,5% para 2,2%. E, na primeira estimativa para 2026, a institui\u00e7\u00e3o prev\u00ea desacelera\u00e7\u00e3o ainda maior do PIB, para 1%, considerando o impulso vindo da desonera\u00e7\u00e3o do Imposto de Renda para quem ganha at\u00e9 R$ 5 mil, conforme o sinalizado pelo ministro da Fazenda, Fernando Haddad, quando anunciou o pacote de corte de gastos de cerca de R$ 70 bilh\u00f5es.&nbsp;<\/p>\n\n\n\n<p>O banco Bradesco ainda passou a trabalhar com a hip\u00f3tese de c\u00e2mbio constante, em torno de R$ 6 daqui em diante. E, nesse novo cen\u00e1rio, a expectativa para a taxa b\u00e1sica da economia (Selic) chegue a 15,25% ao ano na primeira metade de 2025.\u00a0<\/p>\n\n\n\n<p>\u201cH\u00e1 poucos meses, escrev\u00edamos que o apoio da pol\u00edtica fiscal era essencial para que nossas proje\u00e7\u00f5es se materializassem. Entretanto, o pacote fiscal anunciado trouxe medidas do lado da ren\u00fancia de receitas que revelam uma prefer\u00eancia por uma converg\u00eancia ainda mais lenta da d\u00edvida p\u00fablica. Sob essas condi\u00e7\u00f5es, houve importante deteriora\u00e7\u00e3o e enorme volatilidade dos pre\u00e7os de ativos, sem um vetor claro de melhora no curto prazo\u201d, destacou Fernando Honorato, economista-chefe do Bradesco, em comunicado aos clientes.<\/p>\n\n\n\n<p>Na avalia\u00e7\u00e3o de Honorato, o corte de juros dever\u00e1 come\u00e7ar apenas na \u00faltima reuni\u00e3o do Comit\u00ea de Pol\u00edtica Monet\u00e1ria (Copom) de 2025, levando a Selic para 14,75% ao ano no fim de 2025 e para 11,25% anuais, em 2026, \u201cem resposta \u00e0 recess\u00e3o que passamos a prever na segunda metade do pr\u00f3ximo ano\u201d. \u201cAinda assim, os riscos s\u00e3o para juros ainda mais elevados do que esses, se o objetivo for a firme busca pelo centro da meta\u201d, avaliou.<\/p>\n\n\n\n<p>Pelas novas estimativas do banco, a infla\u00e7\u00e3o oficial, medida pelo \u00cdndice de Pre\u00e7os ao Consumidor Amplo (IPCA) dever\u00e1 ter altas de 4,9%, neste ano e em 2025, chegando ao centro da meta de 3% em 2026.<\/p>\n","protected":false},"excerpt":{"rendered":"<p>Bradesco faz revis\u00e3o de cen\u00e1rios,  projeta c\u00e2mbio em torno de R$ 6 daqui para frente e taxa Selic chegando a 15,25% no primeiro semestre do pr\u00f3ximo ano<\/p>\n","protected":false},"author":10,"featured_media":32179,"comment_status":"closed","ping_status":"open","sticky":false,"template":"","format":"standard","meta":{"_acf_changed":false,"inline_featured_image":false,"footnotes":""},"categories":[1],"tags":[1549,2020,2022,33,39,7,2021,1354,84],"class_list":["post-32173","post","type-post","status-publish","format-standard","has-post-thumbnail","hentry","category-sem-categoria","tag-bradesco","tag-cenarios","tag-inflacao-3","tag-ipca","tag-juros","tag-pib","tag-projecao","tag-revisao","tag-selic"],"acf":[],"yoast_head":"<!-- This site is optimized with the Yoast SEO plugin v27.3 - https:\/\/yoast.com\/product\/yoast-seo-wordpress\/ -->\n<title>Bradesco rev\u00ea proje\u00e7\u00f5es e prev\u00ea juros de 15,25% at\u00e9 junho de 2025 - Blog da Rosana Hessel<\/title>\n<meta name=\"description\" content=\"Bradesco faz revis\u00e3o de cen\u00e1rios, projeta c\u00e2mbio em torno de R$ 6 daqui para frente e taxa Selic chegando a 15,25% no primeiro semestre do pr\u00f3ximo ano\" \/>\n<meta name=\"robots\" content=\"index, follow, max-snippet:-1, max-image-preview:large, max-video-preview:-1\" \/>\n<link rel=\"canonical\" href=\"https:\/\/newblogs.correiobraziliense.com.br\/blog-da-rosana-hessel\/bradesco-reve-projecoes-e-preve-juros-de-1525-ate-junho-de-2025\/\" \/>\n<meta property=\"og:locale\" content=\"pt_BR\" \/>\n<meta property=\"og:type\" content=\"article\" \/>\n<meta property=\"og:title\" content=\"Bradesco rev\u00ea proje\u00e7\u00f5es e prev\u00ea juros de 15,25% at\u00e9 junho de 2025 - Blog da Rosana Hessel\" \/>\n<meta property=\"og:description\" content=\"Bradesco faz revis\u00e3o de cen\u00e1rios, projeta c\u00e2mbio em torno de R$ 6 daqui para frente e taxa Selic chegando a 15,25% no primeiro semestre do pr\u00f3ximo ano\" \/>\n<meta property=\"og:url\" content=\"https:\/\/newblogs.correiobraziliense.com.br\/blog-da-rosana-hessel\/bradesco-reve-projecoes-e-preve-juros-de-1525-ate-junho-de-2025\/\" \/>\n<meta property=\"og:site_name\" content=\"Blog da Rosana Hessel\" \/>\n<meta property=\"article:published_time\" content=\"2024-12-18T15:16:19+00:00\" \/>\n<meta property=\"article:modified_time\" content=\"2024-12-18T15:16:21+00:00\" \/>\n<meta property=\"og:image\" content=\"http:\/\/newblogs.correiobraziliense.com.br\/blog-da-rosana-hessel\/wp-content\/uploads\/sites\/5\/2024\/12\/FernandoHonorato.jpg\" \/>\n\t<meta property=\"og:image:width\" content=\"400\" \/>\n\t<meta property=\"og:image:height\" content=\"400\" \/>\n\t<meta property=\"og:image:type\" content=\"image\/jpeg\" \/>\n<meta name=\"author\" content=\"Rosana Hessel\" \/>\n<!-- \/ Yoast SEO plugin. -->","yoast_head_json":{"title":"Bradesco rev\u00ea proje\u00e7\u00f5es e prev\u00ea juros de 15,25% at\u00e9 junho de 2025 - Blog da Rosana Hessel","description":"Bradesco faz revis\u00e3o de cen\u00e1rios, projeta c\u00e2mbio em torno de R$ 6 daqui para frente e taxa Selic chegando a 15,25% no primeiro semestre do pr\u00f3ximo ano","robots":{"index":"index","follow":"follow","max-snippet":"max-snippet:-1","max-image-preview":"max-image-preview:large","max-video-preview":"max-video-preview:-1"},"canonical":"https:\/\/newblogs.correiobraziliense.com.br\/blog-da-rosana-hessel\/bradesco-reve-projecoes-e-preve-juros-de-1525-ate-junho-de-2025\/","og_locale":"pt_BR","og_type":"article","og_title":"Bradesco rev\u00ea proje\u00e7\u00f5es e prev\u00ea juros de 15,25% at\u00e9 junho de 2025 - Blog da Rosana Hessel","og_description":"Bradesco faz revis\u00e3o de cen\u00e1rios, projeta c\u00e2mbio em torno de R$ 6 daqui para frente e taxa Selic chegando a 15,25% no primeiro semestre do pr\u00f3ximo ano","og_url":"https:\/\/newblogs.correiobraziliense.com.br\/blog-da-rosana-hessel\/bradesco-reve-projecoes-e-preve-juros-de-1525-ate-junho-de-2025\/","og_site_name":"Blog da Rosana Hessel","article_published_time":"2024-12-18T15:16:19+00:00","article_modified_time":"2024-12-18T15:16:21+00:00","og_image":[{"width":400,"height":400,"url":"http:\/\/newblogs.correiobraziliense.com.br\/blog-da-rosana-hessel\/wp-content\/uploads\/sites\/5\/2024\/12\/FernandoHonorato.jpg","type":"image\/jpeg"}],"author":"Rosana Hessel","schema":{"@context":"https:\/\/schema.org","@graph":[{"@type":"Article","@id":"https:\/\/newblogs.correiobraziliense.com.br\/blog-da-rosana-hessel\/bradesco-reve-projecoes-e-preve-juros-de-1525-ate-junho-de-2025\/#article","isPartOf":{"@id":"https:\/\/newblogs.correiobraziliense.com.br\/blog-da-rosana-hessel\/bradesco-reve-projecoes-e-preve-juros-de-1525-ate-junho-de-2025\/"},"author":{"name":"Rosana Hessel","@id":"https:\/\/newblogs.correiobraziliense.com.br\/blog-da-rosana-hessel\/#\/schema\/person\/824cb3c631cf0d4056f75ca02599a930"},"headline":"Bradesco rev\u00ea proje\u00e7\u00f5es e prev\u00ea juros de 15,25% at\u00e9 junho de 2025","datePublished":"2024-12-18T15:16:19+00:00","dateModified":"2024-12-18T15:16:21+00:00","mainEntityOfPage":{"@id":"https:\/\/newblogs.correiobraziliense.com.br\/blog-da-rosana-hessel\/bradesco-reve-projecoes-e-preve-juros-de-1525-ate-junho-de-2025\/"},"wordCount":347,"image":{"@id":"https:\/\/newblogs.correiobraziliense.com.br\/blog-da-rosana-hessel\/bradesco-reve-projecoes-e-preve-juros-de-1525-ate-junho-de-2025\/#primaryimage"},"thumbnailUrl":"https:\/\/newblogs.correiobraziliense.com.br\/blog-da-rosana-hessel\/wp-content\/uploads\/sites\/5\/2024\/12\/FernandoHonorato.jpg","keywords":["Bradesco","cen\u00e1rios","infla\u00e7\u00e3o]","IPCA","juros","PIB","proje\u00e7\u00e3o","revis\u00e3o","Selic"],"articleSection":["Macroeconomia"],"inLanguage":"pt-BR"},{"@type":"WebPage","@id":"https:\/\/newblogs.correiobraziliense.com.br\/blog-da-rosana-hessel\/bradesco-reve-projecoes-e-preve-juros-de-1525-ate-junho-de-2025\/","url":"https:\/\/newblogs.correiobraziliense.com.br\/blog-da-rosana-hessel\/bradesco-reve-projecoes-e-preve-juros-de-1525-ate-junho-de-2025\/","name":"Bradesco rev\u00ea proje\u00e7\u00f5es e prev\u00ea juros de 15,25% at\u00e9 junho de 2025 - Blog da Rosana Hessel","isPartOf":{"@id":"https:\/\/newblogs.correiobraziliense.com.br\/blog-da-rosana-hessel\/#website"},"primaryImageOfPage":{"@id":"https:\/\/newblogs.correiobraziliense.com.br\/blog-da-rosana-hessel\/bradesco-reve-projecoes-e-preve-juros-de-1525-ate-junho-de-2025\/#primaryimage"},"image":{"@id":"https:\/\/newblogs.correiobraziliense.com.br\/blog-da-rosana-hessel\/bradesco-reve-projecoes-e-preve-juros-de-1525-ate-junho-de-2025\/#primaryimage"},"thumbnailUrl":"https:\/\/newblogs.correiobraziliense.com.br\/blog-da-rosana-hessel\/wp-content\/uploads\/sites\/5\/2024\/12\/FernandoHonorato.jpg","datePublished":"2024-12-18T15:16:19+00:00","dateModified":"2024-12-18T15:16:21+00:00","author":{"@id":"https:\/\/newblogs.correiobraziliense.com.br\/blog-da-rosana-hessel\/#\/schema\/person\/824cb3c631cf0d4056f75ca02599a930"},"description":"Bradesco faz revis\u00e3o de cen\u00e1rios, projeta c\u00e2mbio em torno de R$ 6 daqui para frente e taxa Selic chegando a 15,25% no primeiro semestre do pr\u00f3ximo ano","breadcrumb":{"@id":"https:\/\/newblogs.correiobraziliense.com.br\/blog-da-rosana-hessel\/bradesco-reve-projecoes-e-preve-juros-de-1525-ate-junho-de-2025\/#breadcrumb"},"inLanguage":"pt-BR","potentialAction":[{"@type":"ReadAction","target":["https:\/\/newblogs.correiobraziliense.com.br\/blog-da-rosana-hessel\/bradesco-reve-projecoes-e-preve-juros-de-1525-ate-junho-de-2025\/"]}]},{"@type":"ImageObject","inLanguage":"pt-BR","@id":"https:\/\/newblogs.correiobraziliense.com.br\/blog-da-rosana-hessel\/bradesco-reve-projecoes-e-preve-juros-de-1525-ate-junho-de-2025\/#primaryimage","url":"https:\/\/newblogs.correiobraziliense.com.br\/blog-da-rosana-hessel\/wp-content\/uploads\/sites\/5\/2024\/12\/FernandoHonorato.jpg","contentUrl":"https:\/\/newblogs.correiobraziliense.com.br\/blog-da-rosana-hessel\/wp-content\/uploads\/sites\/5\/2024\/12\/FernandoHonorato.jpg","width":400,"height":400},{"@type":"BreadcrumbList","@id":"https:\/\/newblogs.correiobraziliense.com.br\/blog-da-rosana-hessel\/bradesco-reve-projecoes-e-preve-juros-de-1525-ate-junho-de-2025\/#breadcrumb","itemListElement":[{"@type":"ListItem","position":1,"name":"In\u00edcio","item":"https:\/\/newblogs.correiobraziliense.com.br\/blog-da-rosana-hessel\/"},{"@type":"ListItem","position":2,"name":"Bradesco rev\u00ea proje\u00e7\u00f5es e prev\u00ea juros de 15,25% at\u00e9 junho de 2025"}]},{"@type":"WebSite","@id":"https:\/\/newblogs.correiobraziliense.com.br\/blog-da-rosana-hessel\/#website","url":"https:\/\/newblogs.correiobraziliense.com.br\/blog-da-rosana-hessel\/","name":"Blog da Rosana Hessel","description":"Not\u00edcias atualizadas e an\u00e1lises sobre economia. Acompanhe-nos para entender as tend\u00eancias e os impactos econ\u00f4micos que influenciam o seu dia a dia, tanto no Brasil quanto no exterior.","potentialAction":[{"@type":"SearchAction","target":{"@type":"EntryPoint","urlTemplate":"https:\/\/newblogs.correiobraziliense.com.br\/blog-da-rosana-hessel\/?s={search_term_string}"},"query-input":{"@type":"PropertyValueSpecification","valueRequired":true,"valueName":"search_term_string"}}],"inLanguage":"pt-BR"},{"@type":"Person","@id":"https:\/\/newblogs.correiobraziliense.com.br\/blog-da-rosana-hessel\/#\/schema\/person\/824cb3c631cf0d4056f75ca02599a930","name":"Rosana Hessel","image":{"@type":"ImageObject","inLanguage":"pt-BR","@id":"https:\/\/secure.gravatar.com\/avatar\/fe780cf1839cf10cd6d682fb080611e0d2a459b64be8a8781778109777fbcfd3?s=96&d=mm&r=g","url":"https:\/\/secure.gravatar.com\/avatar\/fe780cf1839cf10cd6d682fb080611e0d2a459b64be8a8781778109777fbcfd3?s=96&d=mm&r=g","contentUrl":"https:\/\/secure.gravatar.com\/avatar\/fe780cf1839cf10cd6d682fb080611e0d2a459b64be8a8781778109777fbcfd3?s=96&d=mm&r=g","caption":"Rosana Hessel"},"description":"Formada pela Pontif\u00edcia Universidade Cat\u00f3lica de S\u00e3o Paulo (PUC-SP), \u00e9 jornalista de economia desde 1995, quando passou a integrar o time da Gazeta Mercantil. Est\u00e1 sempre atr\u00e1s da boa informa\u00e7\u00e3o. Possui especializa\u00e7\u00e3o em economia pela FGV e MBA em Finan\u00e7as pela FIA-USP. Trabalha no Correio Braziliense desde 2010. Ganhou o Pr\u00eamio Esso de Jornalismo Econ\u00f4mico em 2014 e em 2015 com a equipe do Correio. Foi finalista entre os 50 jornalistas +Admirados da Imprensa de Economia, Neg\u00f3cios e Finan\u00e7as 2024, promovido pela Jornalistas&amp;Cia.","url":"https:\/\/newblogs.correiobraziliense.com.br\/blog-da-rosana-hessel\/author\/rosanahessel\/"}]}},"_links":{"self":[{"href":"https:\/\/newblogs.correiobraziliense.com.br\/blog-da-rosana-hessel\/wp-json\/wp\/v2\/posts\/32173","targetHints":{"allow":["GET"]}}],"collection":[{"href":"https:\/\/newblogs.correiobraziliense.com.br\/blog-da-rosana-hessel\/wp-json\/wp\/v2\/posts"}],"about":[{"href":"https:\/\/newblogs.correiobraziliense.com.br\/blog-da-rosana-hessel\/wp-json\/wp\/v2\/types\/post"}],"author":[{"embeddable":true,"href":"https:\/\/newblogs.correiobraziliense.com.br\/blog-da-rosana-hessel\/wp-json\/wp\/v2\/users\/10"}],"replies":[{"embeddable":true,"href":"https:\/\/newblogs.correiobraziliense.com.br\/blog-da-rosana-hessel\/wp-json\/wp\/v2\/comments?post=32173"}],"version-history":[{"count":6,"href":"https:\/\/newblogs.correiobraziliense.com.br\/blog-da-rosana-hessel\/wp-json\/wp\/v2\/posts\/32173\/revisions"}],"predecessor-version":[{"id":32180,"href":"https:\/\/newblogs.correiobraziliense.com.br\/blog-da-rosana-hessel\/wp-json\/wp\/v2\/posts\/32173\/revisions\/32180"}],"wp:featuredmedia":[{"embeddable":true,"href":"https:\/\/newblogs.correiobraziliense.com.br\/blog-da-rosana-hessel\/wp-json\/wp\/v2\/media\/32179"}],"wp:attachment":[{"href":"https:\/\/newblogs.correiobraziliense.com.br\/blog-da-rosana-hessel\/wp-json\/wp\/v2\/media?parent=32173"}],"wp:term":[{"taxonomy":"category","embeddable":true,"href":"https:\/\/newblogs.correiobraziliense.com.br\/blog-da-rosana-hessel\/wp-json\/wp\/v2\/categories?post=32173"},{"taxonomy":"post_tag","embeddable":true,"href":"https:\/\/newblogs.correiobraziliense.com.br\/blog-da-rosana-hessel\/wp-json\/wp\/v2\/tags?post=32173"}],"curies":[{"name":"wp","href":"https:\/\/api.w.org\/{rel}","templated":true}]}}