{"id":32142,"date":"2024-12-16T17:22:54","date_gmt":"2024-12-16T20:22:54","guid":{"rendered":"https:\/\/newblogs.correiobraziliense.com.br\/blog-da-rosana-hessel\/?p=32142"},"modified":"2024-12-16T17:22:55","modified_gmt":"2024-12-16T20:22:55","slug":"tesouro-nacional-preve-rombo-fiscal-nas-contas-publicas-ate-2026","status":"publish","type":"post","link":"https:\/\/newblogs.correiobraziliense.com.br\/blog-da-rosana-hessel\/tesouro-nacional-preve-rombo-fiscal-nas-contas-publicas-ate-2026\/","title":{"rendered":"Tesouro Nacional prev\u00ea rombo fiscal nas contas p\u00fablicas at\u00e9 2026"},"content":{"rendered":"\n<p>O mercado financeiro deixou de acreditar que o governo do presidente Luiz In\u00e1cio Lula da Silva consegue ser respons\u00e1vel fiscalmente h\u00e1 algum tempo e, por conta disso, j\u00e1 prev\u00ea rombo nas contas p\u00fablicas, pelo menos, at\u00e9 2027, conforme dados do boletim Focus, do Banco Central, que coleta as proje\u00e7\u00f5es dos analistas. Mas, agora, at\u00e9 o Tesouro Nacional estima deficit prim\u00e1rio at\u00e9 2026, \u00faltimo ano do terceiro mandato do petista.<\/p>\n\n\n\n<p>Conforme dados do &#8220;Relat\u00f3rio de Proje\u00e7\u00f5es Fiscais&#8221; do \u00f3rg\u00e3o ligado ao Minist\u00e9rio da Fazenda, apenas em 2027, o governo conseguir\u00e1 registrar superavit prim\u00e1rio. O novo arcabou\u00e7o fiscal busca limitar o crescimento das despesas at\u00e9 2,5% acima da infla\u00e7\u00e3o, ou seja, aumento real. Mas, ao que tudo indica, no relat\u00f3rio, o Tesouro informa que os gastos obrigat\u00f3rios sujeitos ao limite de despesa &#8220;apresentam crescimento real m\u00e9dio de 3% entre 2024 e 2034&#8221;, com destaque para a evolu\u00e7\u00e3o crescente das despesas com benef\u00edcios previdenci\u00e1rios do Regime Geral de Previd\u00eancia Social (RGPS), Benef\u00edcio de Presta\u00e7\u00e3o Continuada (BPC), senten\u00e7as de custeio e capital e despesas associadas aos m\u00ednimos de sa\u00fade e de educa\u00e7\u00e3o. <\/p>\n\n\n\n<p>Pelas estimativas do Tesouro contidas no relat\u00f3rio, depois de registra deficit prim\u00e1rio de 0,6% do Produto Interno Bruto (PIB) neste ano, as contas do governo central (que inclui Tesouro Nacional, Banco Central e Previd\u00eancia Social) e do setor p\u00fablico consolidado (que inclui os governos federal e regionais e as estatais federais) seguem no vermelho em 2025, com deficit prim\u00e1rio de 0,4% do PIB. Em 2026, o saldo negativo passa para, respectivamente, 0,2% e 0,1% do PIB. E, a partir de 2027, o governo volta a registrar superavit prim\u00e1rio (economia para o pagamento dos juros da d\u00edvida p\u00fablica). <\/p>\n\n\n\n<p>No boletim Focus, a mediana das estimativas do mercado prev\u00ea deficit prim\u00e1rio de 0,5% do PIB, neste ano, passando para saldos negativos de 0,64%, de 0,50%, e de 0,30% do PIB, em 2025, em 2026 e em 2027, respectivamente.  E, pelas estimativas do Tesouro, os governos regionais devem registrar superavit prim\u00e1rio de 0,1% do PIB, neste ano, e, partir de 2025 at\u00e9 2034, o \u00f3rg\u00e3o prev\u00ea deficit zero para estados e munic\u00edpios.<\/p>\n\n\n\n<p>Curiosamente, o Tesouro segue otimista em rela\u00e7\u00e3o \u00e0 d\u00edvida p\u00fablica bruta, pois prev\u00ea que ela vai fechar o ano em 77,7% do PIB. Entretanto, em outubro, o endividamento j\u00e1 chegou a 78,6% do PIB, atingindo o recorde de R$ 9 trilh\u00f5es, conforme dados do Banco Central divulgados no m\u00eas passado. <\/p>\n\n\n\n<p>As proje\u00e7\u00f5es do relat\u00f3rio ainda preveem que d\u00edvida p\u00fablica bruta vai crescer at\u00e9 2027, quando atingir\u00e1 um pico de 81,8% do PIB. E, para estabilizar o endividamento nesse patamar, em 2028, e iniciar uma trajet\u00f3ria descendente, ser\u00e1 preciso atingir um resultado prim\u00e1rio de 0,7% do PIB, dado abaixo da meta fiscal estimulada no Projeto de Lei Or\u00e7ament\u00e1ria Anual (PLOA) de 2025 para esses dois anos, de 1% do PIB. <\/p>\n\n\n\n<p>Ap\u00f3s estabilizar a d\u00edvida, por\u00e9m, para reduzir o percentual da d\u00edvida p\u00fablica bruta em rela\u00e7\u00e3o ao PIB para 74,4%, mesmo patamar de dezembro de 2023, ser\u00e1 preciso um resultado prim\u00e1rio m\u00e9dio de 1,3% do PIB entre 2025 e 2034, &#8220;exigindo um esfor\u00e7o fiscal ainda maior do que o previsto no cen\u00e1rio de refer\u00eancia&#8221;, segundo o relat\u00f3rio.<\/p>\n\n\n\n\n\n\n\n\n\n\n\n\n","protected":false},"excerpt":{"rendered":"<p>Em relat\u00f3rio sobre proje\u00e7\u00f5es de longo prazo, ainda otimistas, Tesouro Nacional estima rombo fiscal nas contas p\u00fablicas at\u00e9 2026 enquanto mercado prev\u00ea deficit prim\u00e1rio, pelo menos, at\u00e9 2027<\/p>\n","protected":false},"author":10,"featured_media":30906,"comment_status":"closed","ping_status":"open","sticky":false,"template":"","format":"standard","meta":{"_acf_changed":false,"inline_featured_image":false,"footnotes":""},"categories":[1869],"tags":[1246],"class_list":["post-32142","post","type-post","status-publish","format-standard","has-post-thumbnail","hentry","category-contas-publicas","tag-tesouro-nacional"],"acf":[],"yoast_head":"<!-- This site is optimized with the Yoast SEO plugin v27.3 - https:\/\/yoast.com\/product\/yoast-seo-wordpress\/ -->\n<title>Tesouro Nacional prev\u00ea rombo fiscal nas contas p\u00fablicas at\u00e9 2026 - Blog da Rosana Hessel<\/title>\n<meta name=\"description\" content=\"Em relat\u00f3rio sobre proje\u00e7\u00f5es de longo prazo, ainda otimistas, Tesouro Nacional estima rombo fiscal nas contas p\u00fablicas at\u00e9 2026 enquanto mercado prev\u00ea deficit prim\u00e1rio, pelo menos, at\u00e9 2027\" \/>\n<meta name=\"robots\" content=\"index, follow, max-snippet:-1, max-image-preview:large, max-video-preview:-1\" \/>\n<link rel=\"canonical\" href=\"https:\/\/newblogs.correiobraziliense.com.br\/blog-da-rosana-hessel\/tesouro-nacional-preve-rombo-fiscal-nas-contas-publicas-ate-2026\/\" \/>\n<meta property=\"og:locale\" content=\"pt_BR\" \/>\n<meta property=\"og:type\" content=\"article\" \/>\n<meta property=\"og:title\" content=\"Tesouro Nacional prev\u00ea rombo fiscal nas contas p\u00fablicas at\u00e9 2026 - Blog da Rosana Hessel\" \/>\n<meta property=\"og:description\" content=\"Em relat\u00f3rio sobre proje\u00e7\u00f5es de longo prazo, ainda otimistas, Tesouro Nacional estima rombo fiscal nas contas p\u00fablicas at\u00e9 2026 enquanto mercado prev\u00ea deficit prim\u00e1rio, pelo menos, at\u00e9 2027\" \/>\n<meta property=\"og:url\" content=\"https:\/\/newblogs.correiobraziliense.com.br\/blog-da-rosana-hessel\/tesouro-nacional-preve-rombo-fiscal-nas-contas-publicas-ate-2026\/\" \/>\n<meta property=\"og:site_name\" content=\"Blog da Rosana Hessel\" \/>\n<meta property=\"article:published_time\" content=\"2024-12-16T20:22:54+00:00\" \/>\n<meta property=\"article:modified_time\" content=\"2024-12-16T20:22:55+00:00\" \/>\n<meta property=\"og:image\" content=\"http:\/\/newblogs.correiobraziliense.com.br\/blog-da-rosana-hessel\/wp-content\/uploads\/sites\/5\/2024\/06\/Tesouro.jpg\" \/>\n\t<meta property=\"og:image:width\" content=\"800\" \/>\n\t<meta property=\"og:image:height\" content=\"577\" \/>\n\t<meta property=\"og:image:type\" content=\"image\/jpeg\" \/>\n<meta name=\"author\" content=\"Rosana Hessel\" \/>\n<!-- \/ Yoast SEO plugin. -->","yoast_head_json":{"title":"Tesouro Nacional prev\u00ea rombo fiscal nas contas p\u00fablicas at\u00e9 2026 - Blog da Rosana Hessel","description":"Em relat\u00f3rio sobre proje\u00e7\u00f5es de longo prazo, ainda otimistas, Tesouro Nacional estima rombo fiscal nas contas p\u00fablicas at\u00e9 2026 enquanto mercado prev\u00ea deficit prim\u00e1rio, pelo menos, at\u00e9 2027","robots":{"index":"index","follow":"follow","max-snippet":"max-snippet:-1","max-image-preview":"max-image-preview:large","max-video-preview":"max-video-preview:-1"},"canonical":"https:\/\/newblogs.correiobraziliense.com.br\/blog-da-rosana-hessel\/tesouro-nacional-preve-rombo-fiscal-nas-contas-publicas-ate-2026\/","og_locale":"pt_BR","og_type":"article","og_title":"Tesouro Nacional prev\u00ea rombo fiscal nas contas p\u00fablicas at\u00e9 2026 - Blog da Rosana Hessel","og_description":"Em relat\u00f3rio sobre proje\u00e7\u00f5es de longo prazo, ainda otimistas, Tesouro Nacional estima rombo fiscal nas contas p\u00fablicas at\u00e9 2026 enquanto mercado prev\u00ea deficit prim\u00e1rio, pelo menos, at\u00e9 2027","og_url":"https:\/\/newblogs.correiobraziliense.com.br\/blog-da-rosana-hessel\/tesouro-nacional-preve-rombo-fiscal-nas-contas-publicas-ate-2026\/","og_site_name":"Blog da Rosana Hessel","article_published_time":"2024-12-16T20:22:54+00:00","article_modified_time":"2024-12-16T20:22:55+00:00","og_image":[{"width":800,"height":577,"url":"http:\/\/newblogs.correiobraziliense.com.br\/blog-da-rosana-hessel\/wp-content\/uploads\/sites\/5\/2024\/06\/Tesouro.jpg","type":"image\/jpeg"}],"author":"Rosana Hessel","schema":{"@context":"https:\/\/schema.org","@graph":[{"@type":"Article","@id":"https:\/\/newblogs.correiobraziliense.com.br\/blog-da-rosana-hessel\/tesouro-nacional-preve-rombo-fiscal-nas-contas-publicas-ate-2026\/#article","isPartOf":{"@id":"https:\/\/newblogs.correiobraziliense.com.br\/blog-da-rosana-hessel\/tesouro-nacional-preve-rombo-fiscal-nas-contas-publicas-ate-2026\/"},"author":{"name":"Rosana Hessel","@id":"https:\/\/newblogs.correiobraziliense.com.br\/blog-da-rosana-hessel\/#\/schema\/person\/824cb3c631cf0d4056f75ca02599a930"},"headline":"Tesouro Nacional prev\u00ea rombo fiscal nas contas p\u00fablicas at\u00e9 2026","datePublished":"2024-12-16T20:22:54+00:00","dateModified":"2024-12-16T20:22:55+00:00","mainEntityOfPage":{"@id":"https:\/\/newblogs.correiobraziliense.com.br\/blog-da-rosana-hessel\/tesouro-nacional-preve-rombo-fiscal-nas-contas-publicas-ate-2026\/"},"wordCount":555,"image":{"@id":"https:\/\/newblogs.correiobraziliense.com.br\/blog-da-rosana-hessel\/tesouro-nacional-preve-rombo-fiscal-nas-contas-publicas-ate-2026\/#primaryimage"},"thumbnailUrl":"https:\/\/newblogs.correiobraziliense.com.br\/blog-da-rosana-hessel\/wp-content\/uploads\/sites\/5\/2024\/06\/Tesouro.jpg","keywords":["Tesouro Nacional"],"articleSection":["Contas p\u00fablicas"],"inLanguage":"pt-BR"},{"@type":"WebPage","@id":"https:\/\/newblogs.correiobraziliense.com.br\/blog-da-rosana-hessel\/tesouro-nacional-preve-rombo-fiscal-nas-contas-publicas-ate-2026\/","url":"https:\/\/newblogs.correiobraziliense.com.br\/blog-da-rosana-hessel\/tesouro-nacional-preve-rombo-fiscal-nas-contas-publicas-ate-2026\/","name":"Tesouro Nacional prev\u00ea rombo fiscal nas contas p\u00fablicas at\u00e9 2026 - Blog da Rosana Hessel","isPartOf":{"@id":"https:\/\/newblogs.correiobraziliense.com.br\/blog-da-rosana-hessel\/#website"},"primaryImageOfPage":{"@id":"https:\/\/newblogs.correiobraziliense.com.br\/blog-da-rosana-hessel\/tesouro-nacional-preve-rombo-fiscal-nas-contas-publicas-ate-2026\/#primaryimage"},"image":{"@id":"https:\/\/newblogs.correiobraziliense.com.br\/blog-da-rosana-hessel\/tesouro-nacional-preve-rombo-fiscal-nas-contas-publicas-ate-2026\/#primaryimage"},"thumbnailUrl":"https:\/\/newblogs.correiobraziliense.com.br\/blog-da-rosana-hessel\/wp-content\/uploads\/sites\/5\/2024\/06\/Tesouro.jpg","datePublished":"2024-12-16T20:22:54+00:00","dateModified":"2024-12-16T20:22:55+00:00","author":{"@id":"https:\/\/newblogs.correiobraziliense.com.br\/blog-da-rosana-hessel\/#\/schema\/person\/824cb3c631cf0d4056f75ca02599a930"},"description":"Em relat\u00f3rio sobre proje\u00e7\u00f5es de longo prazo, ainda otimistas, Tesouro Nacional estima rombo fiscal nas contas p\u00fablicas at\u00e9 2026 enquanto mercado prev\u00ea deficit prim\u00e1rio, pelo menos, at\u00e9 2027","breadcrumb":{"@id":"https:\/\/newblogs.correiobraziliense.com.br\/blog-da-rosana-hessel\/tesouro-nacional-preve-rombo-fiscal-nas-contas-publicas-ate-2026\/#breadcrumb"},"inLanguage":"pt-BR","potentialAction":[{"@type":"ReadAction","target":["https:\/\/newblogs.correiobraziliense.com.br\/blog-da-rosana-hessel\/tesouro-nacional-preve-rombo-fiscal-nas-contas-publicas-ate-2026\/"]}]},{"@type":"ImageObject","inLanguage":"pt-BR","@id":"https:\/\/newblogs.correiobraziliense.com.br\/blog-da-rosana-hessel\/tesouro-nacional-preve-rombo-fiscal-nas-contas-publicas-ate-2026\/#primaryimage","url":"https:\/\/newblogs.correiobraziliense.com.br\/blog-da-rosana-hessel\/wp-content\/uploads\/sites\/5\/2024\/06\/Tesouro.jpg","contentUrl":"https:\/\/newblogs.correiobraziliense.com.br\/blog-da-rosana-hessel\/wp-content\/uploads\/sites\/5\/2024\/06\/Tesouro.jpg","width":800,"height":577,"caption":"Cr\u00e9dito: Maurenilson Freire\/CB\/D.A Press. M\u00e3o sobre caixa com s\u00edmbolo de cifr\u00e3o."},{"@type":"BreadcrumbList","@id":"https:\/\/newblogs.correiobraziliense.com.br\/blog-da-rosana-hessel\/tesouro-nacional-preve-rombo-fiscal-nas-contas-publicas-ate-2026\/#breadcrumb","itemListElement":[{"@type":"ListItem","position":1,"name":"In\u00edcio","item":"https:\/\/newblogs.correiobraziliense.com.br\/blog-da-rosana-hessel\/"},{"@type":"ListItem","position":2,"name":"Tesouro Nacional prev\u00ea rombo fiscal nas contas p\u00fablicas at\u00e9 2026"}]},{"@type":"WebSite","@id":"https:\/\/newblogs.correiobraziliense.com.br\/blog-da-rosana-hessel\/#website","url":"https:\/\/newblogs.correiobraziliense.com.br\/blog-da-rosana-hessel\/","name":"Blog da Rosana Hessel","description":"Not\u00edcias atualizadas e an\u00e1lises sobre economia. Acompanhe-nos para entender as tend\u00eancias e os impactos econ\u00f4micos que influenciam o seu dia a dia, tanto no Brasil quanto no exterior.","potentialAction":[{"@type":"SearchAction","target":{"@type":"EntryPoint","urlTemplate":"https:\/\/newblogs.correiobraziliense.com.br\/blog-da-rosana-hessel\/?s={search_term_string}"},"query-input":{"@type":"PropertyValueSpecification","valueRequired":true,"valueName":"search_term_string"}}],"inLanguage":"pt-BR"},{"@type":"Person","@id":"https:\/\/newblogs.correiobraziliense.com.br\/blog-da-rosana-hessel\/#\/schema\/person\/824cb3c631cf0d4056f75ca02599a930","name":"Rosana Hessel","image":{"@type":"ImageObject","inLanguage":"pt-BR","@id":"https:\/\/secure.gravatar.com\/avatar\/fe780cf1839cf10cd6d682fb080611e0d2a459b64be8a8781778109777fbcfd3?s=96&d=mm&r=g","url":"https:\/\/secure.gravatar.com\/avatar\/fe780cf1839cf10cd6d682fb080611e0d2a459b64be8a8781778109777fbcfd3?s=96&d=mm&r=g","contentUrl":"https:\/\/secure.gravatar.com\/avatar\/fe780cf1839cf10cd6d682fb080611e0d2a459b64be8a8781778109777fbcfd3?s=96&d=mm&r=g","caption":"Rosana Hessel"},"description":"Formada pela Pontif\u00edcia Universidade Cat\u00f3lica de S\u00e3o Paulo (PUC-SP), \u00e9 jornalista de economia desde 1995, quando passou a integrar o time da Gazeta Mercantil. Est\u00e1 sempre atr\u00e1s da boa informa\u00e7\u00e3o. Possui especializa\u00e7\u00e3o em economia pela FGV e MBA em Finan\u00e7as pela FIA-USP. Trabalha no Correio Braziliense desde 2010. Ganhou o Pr\u00eamio Esso de Jornalismo Econ\u00f4mico em 2014 e em 2015 com a equipe do Correio. Foi finalista entre os 50 jornalistas +Admirados da Imprensa de Economia, Neg\u00f3cios e Finan\u00e7as 2024, promovido pela Jornalistas&amp;Cia.","url":"https:\/\/newblogs.correiobraziliense.com.br\/blog-da-rosana-hessel\/author\/rosanahessel\/"}]}},"_links":{"self":[{"href":"https:\/\/newblogs.correiobraziliense.com.br\/blog-da-rosana-hessel\/wp-json\/wp\/v2\/posts\/32142","targetHints":{"allow":["GET"]}}],"collection":[{"href":"https:\/\/newblogs.correiobraziliense.com.br\/blog-da-rosana-hessel\/wp-json\/wp\/v2\/posts"}],"about":[{"href":"https:\/\/newblogs.correiobraziliense.com.br\/blog-da-rosana-hessel\/wp-json\/wp\/v2\/types\/post"}],"author":[{"embeddable":true,"href":"https:\/\/newblogs.correiobraziliense.com.br\/blog-da-rosana-hessel\/wp-json\/wp\/v2\/users\/10"}],"replies":[{"embeddable":true,"href":"https:\/\/newblogs.correiobraziliense.com.br\/blog-da-rosana-hessel\/wp-json\/wp\/v2\/comments?post=32142"}],"version-history":[{"count":5,"href":"https:\/\/newblogs.correiobraziliense.com.br\/blog-da-rosana-hessel\/wp-json\/wp\/v2\/posts\/32142\/revisions"}],"predecessor-version":[{"id":32147,"href":"https:\/\/newblogs.correiobraziliense.com.br\/blog-da-rosana-hessel\/wp-json\/wp\/v2\/posts\/32142\/revisions\/32147"}],"wp:featuredmedia":[{"embeddable":true,"href":"https:\/\/newblogs.correiobraziliense.com.br\/blog-da-rosana-hessel\/wp-json\/wp\/v2\/media\/30906"}],"wp:attachment":[{"href":"https:\/\/newblogs.correiobraziliense.com.br\/blog-da-rosana-hessel\/wp-json\/wp\/v2\/media?parent=32142"}],"wp:term":[{"taxonomy":"category","embeddable":true,"href":"https:\/\/newblogs.correiobraziliense.com.br\/blog-da-rosana-hessel\/wp-json\/wp\/v2\/categories?post=32142"},{"taxonomy":"post_tag","embeddable":true,"href":"https:\/\/newblogs.correiobraziliense.com.br\/blog-da-rosana-hessel\/wp-json\/wp\/v2\/tags?post=32142"}],"curies":[{"name":"wp","href":"https:\/\/api.w.org\/{rel}","templated":true}]}}