{"id":32113,"date":"2024-12-15T09:00:00","date_gmt":"2024-12-15T12:00:00","guid":{"rendered":"https:\/\/newblogs.correiobraziliense.com.br\/blog-da-rosana-hessel\/?p=32113"},"modified":"2024-12-14T09:41:22","modified_gmt":"2024-12-14T12:41:22","slug":"artigo-notre-dame-milagres-e-conflitos","status":"publish","type":"post","link":"https:\/\/newblogs.correiobraziliense.com.br\/blog-da-rosana-hessel\/artigo-notre-dame-milagres-e-conflitos\/","title":{"rendered":"ARTIGO: Notre Dame: Milagres e Conflitos\u00a0"},"content":{"rendered":"\n<p><em>Por\u00a0Luiz Recena Grassi*<\/em><\/p>\n\n\n\n<p>A catedral de Notre Dame de Paris n\u00e3o faz milagres. H\u00e1 quem insista que, vez por outra, cometa alguns feitos. Os principais s\u00e3o os epis\u00f3dios de suas destrui\u00e7\u00f5es por m\u00e3o alheia e as reconstru\u00e7\u00f5es por m\u00e3os pr\u00f3prias e de amigos. O mais recente foi festejado no domingo 8 de dezembro, e marcou a recupera\u00e7\u00e3o, em tempo recorde, dos estragos causados por um inc\u00eandio devastador. Antes do evento, encontros pol\u00edticos entre Emmanuel Macron, Volodymyr Zelensky e Donald Trump, ousaram ser chamados de milagres pela m\u00eddia favor\u00e1vel. Pode at\u00e9 acontecer depois mas, agora, n\u00e3o \u00e9 bem assim. O ucraniano finalmente admitiu e Trump avisou logo que s\u00e3o 400 mil as v\u00edtimas de Kiev no conflito. Mais 12 mil mortos s\u00f3 na \u00faltima semana. H\u00e1 separa\u00e7\u00e3o entre mortos e feridos, mas especialistas do ramo informam que a Ucr\u00e2nia estaria a contar s\u00f3 os seus nativos. Estrangeiros incorporados em grupos mercen\u00e1rios ou brigadas pagas por pa\u00edses da Uni\u00e3o Europeia, estariam em outra contabilidade, mais do que secreta.<\/p>\n\n\n\n<p>O americano tamb\u00e9m disse que verba nova ser\u00e1 dif\u00edcil e que vai revisar a autoriza\u00e7\u00e3o de Biden para que Kiev use m\u00edsseis dos Estados Unidos para atacar territ\u00f3rio russo. Ocorreu de novo: Foram lan\u00e7ados no meio da semana seis m\u00edsseis ATACSMS contra o sul da R\u00fassia. Respostas n\u00e3o demoram: os russos apagaram as fontes de eletricidade nas principais cidades ucranianas antes do s\u00e1bado. Quase cem m\u00edsseis e mais de 200 drones foram usados. Podem ser movimentos finais antes de algum acordo. As temperaturas chegaram a seis graus negativos em Kiev e nas linhas de frente. A R\u00fassia continua atacando, conquistando e gastando, gastando muito. Foram US$ 43 bilh\u00f5es no terceiro trimestre do ano. Vladimir Putin aposta no enfraquecimento da defesa do advers\u00e1rio. A Ucr\u00e2nia voltou a demitir generais de opera\u00e7\u00f5es importantes. Os demitidos dizem que n\u00e3o d\u00e1 mais para segurar, pois falta tudo. Zelensky implora por sistemas antia\u00e9reos que n\u00e3o chegam. Jos\u00e9 Biden tenta conseguir mais verbas, que quando aparecem pingam a conta-gotas. A Fran\u00e7a mandou brigadas que n\u00e3o resolvem. A Alemanha repetiu seu mantra: todo apoio aos ucranianos, mas n\u00e3o haver\u00e1 verbas ou m\u00edsseis novos para fortalecer Kiev. Antigos assessores do Pent\u00e1gono recomendam ter chegado a hora de tirar Zelensky da sala quando os mais velhos chegarem para conversar. O padrinho Biden ter\u00e1 ainda um m\u00eas para tentar ajudar. H\u00e1 festas natalinas e de fim de ano a encurtar os prazos. Notre Dame teria visto, na madrugada fria, uma figurinha encurvada a vagar por suas g\u00e1rgulas, a falar sozinho em l\u00edngua eslava. As negocia\u00e7\u00f5es de paz continuam a acontecer. Na sombra e nos segredos das principais salas dos poderosos do mundo.&nbsp;&nbsp;&nbsp;&nbsp;&nbsp;&nbsp;&nbsp;&nbsp;&nbsp;<\/p>\n\n\n\n<p>O CORREIO SABE PORQUE VIU.&nbsp;<\/p>\n\n\n\n<p>Estava l\u00e1. A diplomacia russa come\u00e7ou nova campanha junto a seus cidad\u00e3os: \u00e9 melhor n\u00e3o ir aos Estados Unidos, Canad\u00e1 e alguns pa\u00edses europeus neste momento. Os russos poder\u00e3o ser ca\u00e7ados, avisa e assusta o discurso oficial. E acrescenta que este \u00e9 o pior n\u00edvel das rela\u00e7\u00f5es entre R\u00fassia e EUA na hist\u00f3ria moderna, principalmente no p\u00f3s Guerra Fria. Parece estar mesmo sepultado o tempo de amor e paix\u00e3o vivido pelos dois blocos no in\u00edcio da Perestroika.<\/p>\n\n\n\n<p>Foi tempo de id\u00edlio e romance, com americanos tratados a p\u00e3o de l\u00f3 nas principais cidades e lugares da R\u00fassia. E os russos sendo incentivados e auxiliados por todos a deixar os Urais e fazer a Am\u00e9rica. O sempre inacess\u00edvel consulado norte-americano abriu portas e facilitou vistos. E o temido Minist\u00e9rio do Interior dos bolcheviques tornou mais simples a burocracia para permiss\u00f5es de viagem aos EUA.<\/p>\n\n\n\n<p>Todos queriam ajudar, diplomatas e correspondentes tamb\u00e9m. Mais ricos e entusiastas, italianos e espanhois eram destaque. Afinal, esse aux\u00edlio poderia ajudar nos caminhos de relacionamentos mais f\u00e1ceis entre as partes. Nem tudo eram flores e caso do colega espanhol ganhou fama, atravessou tempos. Interessado em uma bela moscovita que queria partir, fez o que pode para ajud\u00e1-la a viajar. Finalmente, no dia da entrega da permiss\u00e3o, fez de tudo: buscou a moscovita em casa, bairro distante, levou-a ao Minist\u00e9rio do Interior, esperou algumas horas at\u00e9 a viajante sair alegre, com seu papel na m\u00e3o. Don Juan Feliz preparou-se para a festa. Mas o destino n\u00e3o quis: a mo\u00e7a tinha outros planos e desceu da carona na primeira grande esta\u00e7\u00e3o do metr\u00f4. Disse ter problemas em casa, beijou-lhe a face e sumiu na multid\u00e3o. Sobrou a raiva com que contava a hist\u00f3ria e pedia briga com quem risse. \u201cN\u00e3o se faz mais mulheres comunistas como antes\u201d, dizia. Errava o alvo, encerrava o assunto.<\/p>\n\n\n\n<p>*<em>O jornalista foi, por muitos anos, correspondente do&nbsp;<\/em><strong><em>Correio Braziliense<\/em><\/strong><em>&nbsp;em Moscou<\/em><\/p>\n","protected":false},"excerpt":{"rendered":"<p>Antes do evento de reinaugura\u00e7\u00e3o da Catedral, encontros pol\u00edticos entre Emmanuel Macron, Volodymyr Zelensky e Donald Trump, ousaram ser chamados de milagres pela m\u00eddia favor\u00e1vel. Pode at\u00e9 acontecer depois mas, agora, n\u00e3o \u00e9 bem assim<\/p>\n","protected":false},"author":10,"featured_media":32116,"comment_status":"closed","ping_status":"open","sticky":false,"template":"","format":"standard","meta":{"_acf_changed":false,"inline_featured_image":false,"footnotes":""},"categories":[1953],"tags":[657,128,2017,2018,132,134,937],"class_list":["post-32113","post","type-post","status-publish","format-standard","has-post-thumbnail","hentry","category-opiniao","tag-franca","tag-guerra","tag-notre-dame","tag-paris","tag-russia","tag-ucrania","tag-vitimas"],"acf":[],"yoast_head":"<!-- This site is optimized with the Yoast SEO plugin v27.3 - https:\/\/yoast.com\/product\/yoast-seo-wordpress\/ -->\n<title>ARTIGO: Notre Dame: Milagres e Conflitos\u00a0 - Blog da Rosana Hessel<\/title>\n<meta name=\"description\" content=\"Antes do evento de reinaugura\u00e7\u00e3o da Catedral, encontros pol\u00edticos entre Emmanuel Macron, Volodymyr Zelensky e Donald Trump, ousaram ser chamados de milagres pela m\u00eddia favor\u00e1vel. Pode at\u00e9 acontecer depois mas, agora, n\u00e3o \u00e9 bem assim\" \/>\n<meta name=\"robots\" content=\"index, follow, max-snippet:-1, max-image-preview:large, max-video-preview:-1\" \/>\n<link rel=\"canonical\" href=\"https:\/\/newblogs.correiobraziliense.com.br\/blog-da-rosana-hessel\/artigo-notre-dame-milagres-e-conflitos\/\" \/>\n<meta property=\"og:locale\" content=\"pt_BR\" \/>\n<meta property=\"og:type\" content=\"article\" \/>\n<meta property=\"og:title\" content=\"ARTIGO: Notre Dame: Milagres e Conflitos\u00a0 - Blog da Rosana Hessel\" \/>\n<meta property=\"og:description\" content=\"Antes do evento de reinaugura\u00e7\u00e3o da Catedral, encontros pol\u00edticos entre Emmanuel Macron, Volodymyr Zelensky e Donald Trump, ousaram ser chamados de milagres pela m\u00eddia favor\u00e1vel. Pode at\u00e9 acontecer depois mas, agora, n\u00e3o \u00e9 bem assim\" \/>\n<meta property=\"og:url\" content=\"https:\/\/newblogs.correiobraziliense.com.br\/blog-da-rosana-hessel\/artigo-notre-dame-milagres-e-conflitos\/\" \/>\n<meta property=\"og:site_name\" content=\"Blog da Rosana Hessel\" \/>\n<meta property=\"article:published_time\" content=\"2024-12-15T12:00:00+00:00\" \/>\n<meta property=\"og:image\" content=\"https:\/\/newblogs.correiobraziliense.com.br\/blog-da-rosana-hessel\/wp-content\/uploads\/sites\/5\/2024\/12\/notredamereconstrucao.jpg\" \/>\n\t<meta property=\"og:image:width\" content=\"675\" \/>\n\t<meta property=\"og:image:height\" content=\"450\" \/>\n\t<meta property=\"og:image:type\" content=\"image\/jpeg\" \/>\n<meta name=\"author\" content=\"Rosana Hessel\" \/>\n<!-- \/ Yoast SEO plugin. -->","yoast_head_json":{"title":"ARTIGO: Notre Dame: Milagres e Conflitos\u00a0 - Blog da Rosana Hessel","description":"Antes do evento de reinaugura\u00e7\u00e3o da Catedral, encontros pol\u00edticos entre Emmanuel Macron, Volodymyr Zelensky e Donald Trump, ousaram ser chamados de milagres pela m\u00eddia favor\u00e1vel. Pode at\u00e9 acontecer depois mas, agora, n\u00e3o \u00e9 bem assim","robots":{"index":"index","follow":"follow","max-snippet":"max-snippet:-1","max-image-preview":"max-image-preview:large","max-video-preview":"max-video-preview:-1"},"canonical":"https:\/\/newblogs.correiobraziliense.com.br\/blog-da-rosana-hessel\/artigo-notre-dame-milagres-e-conflitos\/","og_locale":"pt_BR","og_type":"article","og_title":"ARTIGO: Notre Dame: Milagres e Conflitos\u00a0 - Blog da Rosana Hessel","og_description":"Antes do evento de reinaugura\u00e7\u00e3o da Catedral, encontros pol\u00edticos entre Emmanuel Macron, Volodymyr Zelensky e Donald Trump, ousaram ser chamados de milagres pela m\u00eddia favor\u00e1vel. Pode at\u00e9 acontecer depois mas, agora, n\u00e3o \u00e9 bem assim","og_url":"https:\/\/newblogs.correiobraziliense.com.br\/blog-da-rosana-hessel\/artigo-notre-dame-milagres-e-conflitos\/","og_site_name":"Blog da Rosana Hessel","article_published_time":"2024-12-15T12:00:00+00:00","og_image":[{"width":675,"height":450,"url":"https:\/\/newblogs.correiobraziliense.com.br\/blog-da-rosana-hessel\/wp-content\/uploads\/sites\/5\/2024\/12\/notredamereconstrucao.jpg","type":"image\/jpeg"}],"author":"Rosana Hessel","schema":{"@context":"https:\/\/schema.org","@graph":[{"@type":"Article","@id":"https:\/\/newblogs.correiobraziliense.com.br\/blog-da-rosana-hessel\/artigo-notre-dame-milagres-e-conflitos\/#article","isPartOf":{"@id":"https:\/\/newblogs.correiobraziliense.com.br\/blog-da-rosana-hessel\/artigo-notre-dame-milagres-e-conflitos\/"},"author":{"name":"Rosana Hessel","@id":"https:\/\/newblogs.correiobraziliense.com.br\/blog-da-rosana-hessel\/#\/schema\/person\/824cb3c631cf0d4056f75ca02599a930"},"headline":"ARTIGO: Notre Dame: Milagres e Conflitos\u00a0","datePublished":"2024-12-15T12:00:00+00:00","mainEntityOfPage":{"@id":"https:\/\/newblogs.correiobraziliense.com.br\/blog-da-rosana-hessel\/artigo-notre-dame-milagres-e-conflitos\/"},"wordCount":853,"image":{"@id":"https:\/\/newblogs.correiobraziliense.com.br\/blog-da-rosana-hessel\/artigo-notre-dame-milagres-e-conflitos\/#primaryimage"},"thumbnailUrl":"https:\/\/newblogs.correiobraziliense.com.br\/blog-da-rosana-hessel\/wp-content\/uploads\/sites\/5\/2024\/12\/notredamereconstrucao.jpg","keywords":["Fran\u00e7a","guerra","Notre Dame","Paris","R\u00fassia","Ucr\u00e2nia","v\u00edtimas"],"articleSection":["OPINI\u00c3O"],"inLanguage":"pt-BR"},{"@type":"WebPage","@id":"https:\/\/newblogs.correiobraziliense.com.br\/blog-da-rosana-hessel\/artigo-notre-dame-milagres-e-conflitos\/","url":"https:\/\/newblogs.correiobraziliense.com.br\/blog-da-rosana-hessel\/artigo-notre-dame-milagres-e-conflitos\/","name":"ARTIGO: Notre Dame: Milagres e Conflitos\u00a0 - Blog da Rosana Hessel","isPartOf":{"@id":"https:\/\/newblogs.correiobraziliense.com.br\/blog-da-rosana-hessel\/#website"},"primaryImageOfPage":{"@id":"https:\/\/newblogs.correiobraziliense.com.br\/blog-da-rosana-hessel\/artigo-notre-dame-milagres-e-conflitos\/#primaryimage"},"image":{"@id":"https:\/\/newblogs.correiobraziliense.com.br\/blog-da-rosana-hessel\/artigo-notre-dame-milagres-e-conflitos\/#primaryimage"},"thumbnailUrl":"https:\/\/newblogs.correiobraziliense.com.br\/blog-da-rosana-hessel\/wp-content\/uploads\/sites\/5\/2024\/12\/notredamereconstrucao.jpg","datePublished":"2024-12-15T12:00:00+00:00","author":{"@id":"https:\/\/newblogs.correiobraziliense.com.br\/blog-da-rosana-hessel\/#\/schema\/person\/824cb3c631cf0d4056f75ca02599a930"},"description":"Antes do evento de reinaugura\u00e7\u00e3o da Catedral, encontros pol\u00edticos entre Emmanuel Macron, Volodymyr Zelensky e Donald Trump, ousaram ser chamados de milagres pela m\u00eddia favor\u00e1vel. Pode at\u00e9 acontecer depois mas, agora, n\u00e3o \u00e9 bem assim","breadcrumb":{"@id":"https:\/\/newblogs.correiobraziliense.com.br\/blog-da-rosana-hessel\/artigo-notre-dame-milagres-e-conflitos\/#breadcrumb"},"inLanguage":"pt-BR","potentialAction":[{"@type":"ReadAction","target":["https:\/\/newblogs.correiobraziliense.com.br\/blog-da-rosana-hessel\/artigo-notre-dame-milagres-e-conflitos\/"]}]},{"@type":"ImageObject","inLanguage":"pt-BR","@id":"https:\/\/newblogs.correiobraziliense.com.br\/blog-da-rosana-hessel\/artigo-notre-dame-milagres-e-conflitos\/#primaryimage","url":"https:\/\/newblogs.correiobraziliense.com.br\/blog-da-rosana-hessel\/wp-content\/uploads\/sites\/5\/2024\/12\/notredamereconstrucao.jpg","contentUrl":"https:\/\/newblogs.correiobraziliense.com.br\/blog-da-rosana-hessel\/wp-content\/uploads\/sites\/5\/2024\/12\/notredamereconstrucao.jpg","width":675,"height":450,"caption":"Notredame cr\u00e9dito: Christophe PETIT TESSON \/ POOL \/ AFP)"},{"@type":"BreadcrumbList","@id":"https:\/\/newblogs.correiobraziliense.com.br\/blog-da-rosana-hessel\/artigo-notre-dame-milagres-e-conflitos\/#breadcrumb","itemListElement":[{"@type":"ListItem","position":1,"name":"In\u00edcio","item":"https:\/\/newblogs.correiobraziliense.com.br\/blog-da-rosana-hessel\/"},{"@type":"ListItem","position":2,"name":"ARTIGO: Notre Dame: Milagres e Conflitos\u00a0"}]},{"@type":"WebSite","@id":"https:\/\/newblogs.correiobraziliense.com.br\/blog-da-rosana-hessel\/#website","url":"https:\/\/newblogs.correiobraziliense.com.br\/blog-da-rosana-hessel\/","name":"Blog da Rosana Hessel","description":"Not\u00edcias atualizadas e an\u00e1lises sobre economia. Acompanhe-nos para entender as tend\u00eancias e os impactos econ\u00f4micos que influenciam o seu dia a dia, tanto no Brasil quanto no exterior.","potentialAction":[{"@type":"SearchAction","target":{"@type":"EntryPoint","urlTemplate":"https:\/\/newblogs.correiobraziliense.com.br\/blog-da-rosana-hessel\/?s={search_term_string}"},"query-input":{"@type":"PropertyValueSpecification","valueRequired":true,"valueName":"search_term_string"}}],"inLanguage":"pt-BR"},{"@type":"Person","@id":"https:\/\/newblogs.correiobraziliense.com.br\/blog-da-rosana-hessel\/#\/schema\/person\/824cb3c631cf0d4056f75ca02599a930","name":"Rosana Hessel","image":{"@type":"ImageObject","inLanguage":"pt-BR","@id":"https:\/\/secure.gravatar.com\/avatar\/fe780cf1839cf10cd6d682fb080611e0d2a459b64be8a8781778109777fbcfd3?s=96&d=mm&r=g","url":"https:\/\/secure.gravatar.com\/avatar\/fe780cf1839cf10cd6d682fb080611e0d2a459b64be8a8781778109777fbcfd3?s=96&d=mm&r=g","contentUrl":"https:\/\/secure.gravatar.com\/avatar\/fe780cf1839cf10cd6d682fb080611e0d2a459b64be8a8781778109777fbcfd3?s=96&d=mm&r=g","caption":"Rosana Hessel"},"description":"Formada pela Pontif\u00edcia Universidade Cat\u00f3lica de S\u00e3o Paulo (PUC-SP), \u00e9 jornalista de economia desde 1995, quando passou a integrar o time da Gazeta Mercantil. Est\u00e1 sempre atr\u00e1s da boa informa\u00e7\u00e3o. Possui especializa\u00e7\u00e3o em economia pela FGV e MBA em Finan\u00e7as pela FIA-USP. Trabalha no Correio Braziliense desde 2010. Ganhou o Pr\u00eamio Esso de Jornalismo Econ\u00f4mico em 2014 e em 2015 com a equipe do Correio. Foi finalista entre os 50 jornalistas +Admirados da Imprensa de Economia, Neg\u00f3cios e Finan\u00e7as 2024, promovido pela Jornalistas&amp;Cia.","url":"https:\/\/newblogs.correiobraziliense.com.br\/blog-da-rosana-hessel\/author\/rosanahessel\/"}]}},"_links":{"self":[{"href":"https:\/\/newblogs.correiobraziliense.com.br\/blog-da-rosana-hessel\/wp-json\/wp\/v2\/posts\/32113","targetHints":{"allow":["GET"]}}],"collection":[{"href":"https:\/\/newblogs.correiobraziliense.com.br\/blog-da-rosana-hessel\/wp-json\/wp\/v2\/posts"}],"about":[{"href":"https:\/\/newblogs.correiobraziliense.com.br\/blog-da-rosana-hessel\/wp-json\/wp\/v2\/types\/post"}],"author":[{"embeddable":true,"href":"https:\/\/newblogs.correiobraziliense.com.br\/blog-da-rosana-hessel\/wp-json\/wp\/v2\/users\/10"}],"replies":[{"embeddable":true,"href":"https:\/\/newblogs.correiobraziliense.com.br\/blog-da-rosana-hessel\/wp-json\/wp\/v2\/comments?post=32113"}],"version-history":[{"count":4,"href":"https:\/\/newblogs.correiobraziliense.com.br\/blog-da-rosana-hessel\/wp-json\/wp\/v2\/posts\/32113\/revisions"}],"predecessor-version":[{"id":32118,"href":"https:\/\/newblogs.correiobraziliense.com.br\/blog-da-rosana-hessel\/wp-json\/wp\/v2\/posts\/32113\/revisions\/32118"}],"wp:featuredmedia":[{"embeddable":true,"href":"https:\/\/newblogs.correiobraziliense.com.br\/blog-da-rosana-hessel\/wp-json\/wp\/v2\/media\/32116"}],"wp:attachment":[{"href":"https:\/\/newblogs.correiobraziliense.com.br\/blog-da-rosana-hessel\/wp-json\/wp\/v2\/media?parent=32113"}],"wp:term":[{"taxonomy":"category","embeddable":true,"href":"https:\/\/newblogs.correiobraziliense.com.br\/blog-da-rosana-hessel\/wp-json\/wp\/v2\/categories?post=32113"},{"taxonomy":"post_tag","embeddable":true,"href":"https:\/\/newblogs.correiobraziliense.com.br\/blog-da-rosana-hessel\/wp-json\/wp\/v2\/tags?post=32113"}],"curies":[{"name":"wp","href":"https:\/\/api.w.org\/{rel}","templated":true}]}}